
{"id":19450,"date":"2026-04-30T20:59:52","date_gmt":"2026-04-30T23:59:52","guid":{"rendered":"https:\/\/cuartetoenlaweb.com.ar\/sitio\/ministerio-de-salud-de-mendoza-ya-denuncio-a-28-padres-que-se-negaban-a-vacunar-a-sus-hijos\/"},"modified":"2026-04-30T20:59:52","modified_gmt":"2026-04-30T23:59:52","slug":"ministerio-de-salud-de-mendoza-ya-denuncio-a-28-padres-que-se-negaban-a-vacunar-a-sus-hijos","status":"publish","type":"post","link":"https:\/\/cuartetoenlaweb.com.ar\/sitio\/ministerio-de-salud-de-mendoza-ya-denuncio-a-28-padres-que-se-negaban-a-vacunar-a-sus-hijos\/","title":{"rendered":"Ministerio de Salud de Mendoza ya denunci\u00f3 a 28 padres que se negaban a vacunar a sus hijos"},"content":{"rendered":"<p>Buenos Aires, 30 abril (NA) &#8212; El Ministerio de Salud de Mendoza ya denunci\u00f3 a 28 padres que se negaban a aplicar las vacunas del calendario a sus hijos, que son de car\u00e1cter obligatorio, aunque una decena de ellos finalmente cambi\u00f3 de parecer y autorizaron las inoculaciones.<\/p>\n<p>A fines del a\u00f1o pasado, el gobierno provincial inici\u00f3 una serie de denuncias en juzgados contravencionales contra aquellas personas que se opon\u00edan a la vacuncaci\u00f3n de los menores, lo que est\u00e1 avalado por la Resoluci\u00f3n 2572, emitida en agosto de 2025.<\/p>\n<p>El operativo consiste en la citaci\u00f3n oficial a los padres que hayan expresado su negativa a una audiencia con el equipo sanitario, cuyo personal les informa sobre los riesgos de esa postura; por lo tanto, se les otorga un plazo de 30 d\u00edas para aplicar la vacuna, y de persistir la negativa, los encargados de la inmunizaci\u00f3n informan al Equipo T\u00e9cnico Interdisciplinario (ETI) y a la autoridad contravencional correspondiente.<\/p>\n<p>De esta manera, Mendoza se convirti\u00f3 en la primera provincia en iniciar una causa contra los progenitores que se oponen a seguir el calendario de vacunas, seg\u00fan supo la Agencia Noticias Argentinas.<\/p>\n<p>El objetivo de la cartera sanitaria local es mejorar las tasas coberturas de dicho calendario, habida cuenta que hubo un incremento de casos de enfermedades que ya se cre\u00edan extintas, como el sarampi\u00f3n y la tos convulsa.<\/p>\n<p>ANTIVACUNAS  EN SAN RAFAEL<\/p>\n<p>En las \u00faltimas horas se descubri\u00f3 una maniobra fraudulenta en un centro sanitario de El Pastal, en la ciudad de Las Heras, donde un enfermero ofrec\u00eda carnets de vacunaci\u00f3n falsos, a cambio de una suma de dinero.<\/p>\n<p>La operaci\u00f3n fue descubierta tras la denuncia de un m\u00e9dico pediatra de San Rafael, quien detect\u00f3 inconsistencias en los registros de vacunaci\u00f3n de un grupo de chicos en el Sistema Integrado de Informaci\u00f3n Sanitaria (SISA), todos supuestamente inoculados en Las Heras, a 300 kil\u00f3metros de su lugar de origen.<\/p>\n<p>El Ministerio de Salud de la provincia, por su parte, inici\u00f3 una investigaci\u00f3n administrativa contra el funcionario, quien ser\u00eda cesanteado si se comprueba la maniobra, mientras avanza la causa penal en la fiscal\u00eda local.<\/p>\n<p>#AgenciaNA<\/p>\n","protected":false},"excerpt":{"rendered":"<p>Buenos Aires, 30 abril (NA) &#8212; El Ministerio de Salud<\/p>\n","protected":false},"author":0,"featured_media":19451,"comment_status":"","ping_status":"","sticky":false,"template":"","format":"standard","meta":{"footnotes":""},"categories":[65],"tags":[],"class_list":["post-19450","post","type-post","status-publish","format-standard","has-post-thumbnail","hentry","category-pais"],"yoast_head":"<!-- This site is optimized with the Yoast SEO plugin v27.5 - https:\/\/yoast.com\/product\/yoast-seo-wordpress\/ -->\n<title>Ministerio de Salud de Mendoza ya denunci\u00f3 a 28 padres que se negaban a vacunar a sus hijos - Cuarteto en la Web<\/title>\n<meta name=\"robots\" content=\"index, follow, max-snippet:-1, max-image-preview:large, max-video-preview:-1\" \/>\n<link rel=\"canonical\" href=\"https:\/\/cuartetoenlaweb.com.ar\/sitio\/ministerio-de-salud-de-mendoza-ya-denuncio-a-28-padres-que-se-negaban-a-vacunar-a-sus-hijos\/\" \/>\n<meta property=\"og:locale\" content=\"es_ES\" \/>\n<meta property=\"og:type\" content=\"article\" \/>\n<meta property=\"og:title\" content=\"Ministerio de Salud de Mendoza ya denunci\u00f3 a 28 padres que se negaban a vacunar a sus hijos - Cuarteto en la Web\" \/>\n<meta property=\"og:description\" content=\"Buenos Aires, 30 abril (NA) &#8212; El Ministerio de Salud\" \/>\n<meta property=\"og:url\" content=\"https:\/\/cuartetoenlaweb.com.ar\/sitio\/ministerio-de-salud-de-mendoza-ya-denuncio-a-28-padres-que-se-negaban-a-vacunar-a-sus-hijos\/\" \/>\n<meta property=\"og:site_name\" content=\"Cuarteto en la Web\" \/>\n<meta property=\"article:published_time\" content=\"2026-04-30T23:59:52+00:00\" \/>\n<meta name=\"twitter:card\" content=\"summary_large_image\" \/>\n<meta name=\"twitter:label1\" content=\"Tiempo de lectura\" \/>\n\t<meta name=\"twitter:data1\" content=\"2 minutos\" \/>\n<script type=\"application\/ld+json\" class=\"yoast-schema-graph\">{\"@context\":\"https:\\\/\\\/schema.org\",\"@graph\":[{\"@type\":\"Article\",\"@id\":\"https:\\\/\\\/cuartetoenlaweb.com.ar\\\/sitio\\\/ministerio-de-salud-de-mendoza-ya-denuncio-a-28-padres-que-se-negaban-a-vacunar-a-sus-hijos\\\/#article\",\"isPartOf\":{\"@id\":\"https:\\\/\\\/cuartetoenlaweb.com.ar\\\/sitio\\\/ministerio-de-salud-de-mendoza-ya-denuncio-a-28-padres-que-se-negaban-a-vacunar-a-sus-hijos\\\/\"},\"author\":{\"name\":\"\",\"@id\":\"\"},\"headline\":\"Ministerio de Salud de Mendoza ya denunci\u00f3 a 28 padres que se negaban a vacunar a sus hijos\",\"datePublished\":\"2026-04-30T23:59:52+00:00\",\"mainEntityOfPage\":{\"@id\":\"https:\\\/\\\/cuartetoenlaweb.com.ar\\\/sitio\\\/ministerio-de-salud-de-mendoza-ya-denuncio-a-28-padres-que-se-negaban-a-vacunar-a-sus-hijos\\\/\"},\"wordCount\":384,\"publisher\":{\"@id\":\"http:\\\/\\\/cuartetoenlaweb.com.ar\\\/sitio\\\/#organization\"},\"image\":{\"@id\":\"https:\\\/\\\/cuartetoenlaweb.com.ar\\\/sitio\\\/ministerio-de-salud-de-mendoza-ya-denuncio-a-28-padres-que-se-negaban-a-vacunar-a-sus-hijos\\\/#primaryimage\"},\"thumbnailUrl\":\"https:\\\/\\\/cuartetoenlaweb.com.ar\\\/sitio\\\/wp-content\\\/uploads\\\/2026\\\/04\\\/720-730.jpeg\",\"articleSection\":[\"PAIS\"],\"inLanguage\":\"es\"},{\"@type\":\"WebPage\",\"@id\":\"https:\\\/\\\/cuartetoenlaweb.com.ar\\\/sitio\\\/ministerio-de-salud-de-mendoza-ya-denuncio-a-28-padres-que-se-negaban-a-vacunar-a-sus-hijos\\\/\",\"url\":\"https:\\\/\\\/cuartetoenlaweb.com.ar\\\/sitio\\\/ministerio-de-salud-de-mendoza-ya-denuncio-a-28-padres-que-se-negaban-a-vacunar-a-sus-hijos\\\/\",\"name\":\"Ministerio de Salud de Mendoza ya denunci\u00f3 a 28 padres que se negaban a vacunar a sus hijos - Cuarteto en la Web\",\"isPartOf\":{\"@id\":\"http:\\\/\\\/cuartetoenlaweb.com.ar\\\/sitio\\\/#website\"},\"primaryImageOfPage\":{\"@id\":\"https:\\\/\\\/cuartetoenlaweb.com.ar\\\/sitio\\\/ministerio-de-salud-de-mendoza-ya-denuncio-a-28-padres-que-se-negaban-a-vacunar-a-sus-hijos\\\/#primaryimage\"},\"image\":{\"@id\":\"https:\\\/\\\/cuartetoenlaweb.com.ar\\\/sitio\\\/ministerio-de-salud-de-mendoza-ya-denuncio-a-28-padres-que-se-negaban-a-vacunar-a-sus-hijos\\\/#primaryimage\"},\"thumbnailUrl\":\"https:\\\/\\\/cuartetoenlaweb.com.ar\\\/sitio\\\/wp-content\\\/uploads\\\/2026\\\/04\\\/720-730.jpeg\",\"datePublished\":\"2026-04-30T23:59:52+00:00\",\"breadcrumb\":{\"@id\":\"https:\\\/\\\/cuartetoenlaweb.com.ar\\\/sitio\\\/ministerio-de-salud-de-mendoza-ya-denuncio-a-28-padres-que-se-negaban-a-vacunar-a-sus-hijos\\\/#breadcrumb\"},\"inLanguage\":\"es\",\"potentialAction\":[{\"@type\":\"ReadAction\",\"target\":[\"https:\\\/\\\/cuartetoenlaweb.com.ar\\\/sitio\\\/ministerio-de-salud-de-mendoza-ya-denuncio-a-28-padres-que-se-negaban-a-vacunar-a-sus-hijos\\\/\"]}]},{\"@type\":\"ImageObject\",\"inLanguage\":\"es\",\"@id\":\"https:\\\/\\\/cuartetoenlaweb.com.ar\\\/sitio\\\/ministerio-de-salud-de-mendoza-ya-denuncio-a-28-padres-que-se-negaban-a-vacunar-a-sus-hijos\\\/#primaryimage\",\"url\":\"https:\\\/\\\/cuartetoenlaweb.com.ar\\\/sitio\\\/wp-content\\\/uploads\\\/2026\\\/04\\\/720-730.jpeg\",\"contentUrl\":\"https:\\\/\\\/cuartetoenlaweb.com.ar\\\/sitio\\\/wp-content\\\/uploads\\\/2026\\\/04\\\/720-730.jpeg\",\"width\":1280,\"height\":654},{\"@type\":\"BreadcrumbList\",\"@id\":\"https:\\\/\\\/cuartetoenlaweb.com.ar\\\/sitio\\\/ministerio-de-salud-de-mendoza-ya-denuncio-a-28-padres-que-se-negaban-a-vacunar-a-sus-hijos\\\/#breadcrumb\",\"itemListElement\":[{\"@type\":\"ListItem\",\"position\":1,\"name\":\"Portada\",\"item\":\"http:\\\/\\\/cuartetoenlaweb.com.ar\\\/sitio\\\/\"},{\"@type\":\"ListItem\",\"position\":2,\"name\":\"Ministerio de Salud de Mendoza ya denunci\u00f3 a 28 padres que se negaban a vacunar a sus hijos\"}]},{\"@type\":\"WebSite\",\"@id\":\"http:\\\/\\\/cuartetoenlaweb.com.ar\\\/sitio\\\/#website\",\"url\":\"http:\\\/\\\/cuartetoenlaweb.com.ar\\\/sitio\\\/\",\"name\":\"Cuarteto en la Web\",\"description\":\"\",\"publisher\":{\"@id\":\"http:\\\/\\\/cuartetoenlaweb.com.ar\\\/sitio\\\/#organization\"},\"potentialAction\":[{\"@type\":\"SearchAction\",\"target\":{\"@type\":\"EntryPoint\",\"urlTemplate\":\"http:\\\/\\\/cuartetoenlaweb.com.ar\\\/sitio\\\/?s={search_term_string}\"},\"query-input\":{\"@type\":\"PropertyValueSpecification\",\"valueRequired\":true,\"valueName\":\"search_term_string\"}}],\"inLanguage\":\"es\"},{\"@type\":\"Organization\",\"@id\":\"http:\\\/\\\/cuartetoenlaweb.com.ar\\\/sitio\\\/#organization\",\"name\":\"Cuarteto en la Web\",\"url\":\"http:\\\/\\\/cuartetoenlaweb.com.ar\\\/sitio\\\/\",\"logo\":{\"@type\":\"ImageObject\",\"inLanguage\":\"es\",\"@id\":\"http:\\\/\\\/cuartetoenlaweb.com.ar\\\/sitio\\\/#\\\/schema\\\/logo\\\/image\\\/\",\"url\":\"https:\\\/\\\/cuartetoenlaweb.com.ar\\\/sitio\\\/wp-content\\\/uploads\\\/2025\\\/07\\\/cropped-cropped-logitoweb21.png\",\"contentUrl\":\"https:\\\/\\\/cuartetoenlaweb.com.ar\\\/sitio\\\/wp-content\\\/uploads\\\/2025\\\/07\\\/cropped-cropped-logitoweb21.png\",\"width\":199,\"height\":199,\"caption\":\"Cuarteto en la Web\"},\"image\":{\"@id\":\"http:\\\/\\\/cuartetoenlaweb.com.ar\\\/sitio\\\/#\\\/schema\\\/logo\\\/image\\\/\"}}]}<\/script>\n<!-- \/ Yoast SEO plugin. -->","yoast_head_json":{"title":"Ministerio de Salud de Mendoza ya denunci\u00f3 a 28 padres que se negaban a vacunar a sus hijos - Cuarteto en la Web","robots":{"index":"index","follow":"follow","max-snippet":"max-snippet:-1","max-image-preview":"max-image-preview:large","max-video-preview":"max-video-preview:-1"},"canonical":"https:\/\/cuartetoenlaweb.com.ar\/sitio\/ministerio-de-salud-de-mendoza-ya-denuncio-a-28-padres-que-se-negaban-a-vacunar-a-sus-hijos\/","og_locale":"es_ES","og_type":"article","og_title":"Ministerio de Salud de Mendoza ya denunci\u00f3 a 28 padres que se negaban a vacunar a sus hijos - Cuarteto en la Web","og_description":"Buenos Aires, 30 abril (NA) &#8212; El Ministerio de Salud","og_url":"https:\/\/cuartetoenlaweb.com.ar\/sitio\/ministerio-de-salud-de-mendoza-ya-denuncio-a-28-padres-que-se-negaban-a-vacunar-a-sus-hijos\/","og_site_name":"Cuarteto en la Web","article_published_time":"2026-04-30T23:59:52+00:00","twitter_card":"summary_large_image","twitter_misc":{"Tiempo de lectura":"2 minutos"},"schema":{"@context":"https:\/\/schema.org","@graph":[{"@type":"Article","@id":"https:\/\/cuartetoenlaweb.com.ar\/sitio\/ministerio-de-salud-de-mendoza-ya-denuncio-a-28-padres-que-se-negaban-a-vacunar-a-sus-hijos\/#article","isPartOf":{"@id":"https:\/\/cuartetoenlaweb.com.ar\/sitio\/ministerio-de-salud-de-mendoza-ya-denuncio-a-28-padres-que-se-negaban-a-vacunar-a-sus-hijos\/"},"author":{"name":"","@id":""},"headline":"Ministerio de Salud de Mendoza ya denunci\u00f3 a 28 padres que se negaban a vacunar a sus hijos","datePublished":"2026-04-30T23:59:52+00:00","mainEntityOfPage":{"@id":"https:\/\/cuartetoenlaweb.com.ar\/sitio\/ministerio-de-salud-de-mendoza-ya-denuncio-a-28-padres-que-se-negaban-a-vacunar-a-sus-hijos\/"},"wordCount":384,"publisher":{"@id":"http:\/\/cuartetoenlaweb.com.ar\/sitio\/#organization"},"image":{"@id":"https:\/\/cuartetoenlaweb.com.ar\/sitio\/ministerio-de-salud-de-mendoza-ya-denuncio-a-28-padres-que-se-negaban-a-vacunar-a-sus-hijos\/#primaryimage"},"thumbnailUrl":"https:\/\/cuartetoenlaweb.com.ar\/sitio\/wp-content\/uploads\/2026\/04\/720-730.jpeg","articleSection":["PAIS"],"inLanguage":"es"},{"@type":"WebPage","@id":"https:\/\/cuartetoenlaweb.com.ar\/sitio\/ministerio-de-salud-de-mendoza-ya-denuncio-a-28-padres-que-se-negaban-a-vacunar-a-sus-hijos\/","url":"https:\/\/cuartetoenlaweb.com.ar\/sitio\/ministerio-de-salud-de-mendoza-ya-denuncio-a-28-padres-que-se-negaban-a-vacunar-a-sus-hijos\/","name":"Ministerio de Salud de Mendoza ya denunci\u00f3 a 28 padres que se negaban a vacunar a sus hijos - Cuarteto en la Web","isPartOf":{"@id":"http:\/\/cuartetoenlaweb.com.ar\/sitio\/#website"},"primaryImageOfPage":{"@id":"https:\/\/cuartetoenlaweb.com.ar\/sitio\/ministerio-de-salud-de-mendoza-ya-denuncio-a-28-padres-que-se-negaban-a-vacunar-a-sus-hijos\/#primaryimage"},"image":{"@id":"https:\/\/cuartetoenlaweb.com.ar\/sitio\/ministerio-de-salud-de-mendoza-ya-denuncio-a-28-padres-que-se-negaban-a-vacunar-a-sus-hijos\/#primaryimage"},"thumbnailUrl":"https:\/\/cuartetoenlaweb.com.ar\/sitio\/wp-content\/uploads\/2026\/04\/720-730.jpeg","datePublished":"2026-04-30T23:59:52+00:00","breadcrumb":{"@id":"https:\/\/cuartetoenlaweb.com.ar\/sitio\/ministerio-de-salud-de-mendoza-ya-denuncio-a-28-padres-que-se-negaban-a-vacunar-a-sus-hijos\/#breadcrumb"},"inLanguage":"es","potentialAction":[{"@type":"ReadAction","target":["https:\/\/cuartetoenlaweb.com.ar\/sitio\/ministerio-de-salud-de-mendoza-ya-denuncio-a-28-padres-que-se-negaban-a-vacunar-a-sus-hijos\/"]}]},{"@type":"ImageObject","inLanguage":"es","@id":"https:\/\/cuartetoenlaweb.com.ar\/sitio\/ministerio-de-salud-de-mendoza-ya-denuncio-a-28-padres-que-se-negaban-a-vacunar-a-sus-hijos\/#primaryimage","url":"https:\/\/cuartetoenlaweb.com.ar\/sitio\/wp-content\/uploads\/2026\/04\/720-730.jpeg","contentUrl":"https:\/\/cuartetoenlaweb.com.ar\/sitio\/wp-content\/uploads\/2026\/04\/720-730.jpeg","width":1280,"height":654},{"@type":"BreadcrumbList","@id":"https:\/\/cuartetoenlaweb.com.ar\/sitio\/ministerio-de-salud-de-mendoza-ya-denuncio-a-28-padres-que-se-negaban-a-vacunar-a-sus-hijos\/#breadcrumb","itemListElement":[{"@type":"ListItem","position":1,"name":"Portada","item":"http:\/\/cuartetoenlaweb.com.ar\/sitio\/"},{"@type":"ListItem","position":2,"name":"Ministerio de Salud de Mendoza ya denunci\u00f3 a 28 padres que se negaban a vacunar a sus hijos"}]},{"@type":"WebSite","@id":"http:\/\/cuartetoenlaweb.com.ar\/sitio\/#website","url":"http:\/\/cuartetoenlaweb.com.ar\/sitio\/","name":"Cuarteto en la Web","description":"","publisher":{"@id":"http:\/\/cuartetoenlaweb.com.ar\/sitio\/#organization"},"potentialAction":[{"@type":"SearchAction","target":{"@type":"EntryPoint","urlTemplate":"http:\/\/cuartetoenlaweb.com.ar\/sitio\/?s={search_term_string}"},"query-input":{"@type":"PropertyValueSpecification","valueRequired":true,"valueName":"search_term_string"}}],"inLanguage":"es"},{"@type":"Organization","@id":"http:\/\/cuartetoenlaweb.com.ar\/sitio\/#organization","name":"Cuarteto en la Web","url":"http:\/\/cuartetoenlaweb.com.ar\/sitio\/","logo":{"@type":"ImageObject","inLanguage":"es","@id":"http:\/\/cuartetoenlaweb.com.ar\/sitio\/#\/schema\/logo\/image\/","url":"https:\/\/cuartetoenlaweb.com.ar\/sitio\/wp-content\/uploads\/2025\/07\/cropped-cropped-logitoweb21.png","contentUrl":"https:\/\/cuartetoenlaweb.com.ar\/sitio\/wp-content\/uploads\/2025\/07\/cropped-cropped-logitoweb21.png","width":199,"height":199,"caption":"Cuarteto en la Web"},"image":{"@id":"http:\/\/cuartetoenlaweb.com.ar\/sitio\/#\/schema\/logo\/image\/"}}]}},"_links":{"self":[{"href":"https:\/\/cuartetoenlaweb.com.ar\/sitio\/wp-json\/wp\/v2\/posts\/19450","targetHints":{"allow":["GET"]}}],"collection":[{"href":"https:\/\/cuartetoenlaweb.com.ar\/sitio\/wp-json\/wp\/v2\/posts"}],"about":[{"href":"https:\/\/cuartetoenlaweb.com.ar\/sitio\/wp-json\/wp\/v2\/types\/post"}],"replies":[{"embeddable":true,"href":"https:\/\/cuartetoenlaweb.com.ar\/sitio\/wp-json\/wp\/v2\/comments?post=19450"}],"version-history":[{"count":0,"href":"https:\/\/cuartetoenlaweb.com.ar\/sitio\/wp-json\/wp\/v2\/posts\/19450\/revisions"}],"wp:featuredmedia":[{"embeddable":true,"href":"https:\/\/cuartetoenlaweb.com.ar\/sitio\/wp-json\/wp\/v2\/media\/19451"}],"wp:attachment":[{"href":"https:\/\/cuartetoenlaweb.com.ar\/sitio\/wp-json\/wp\/v2\/media?parent=19450"}],"wp:term":[{"taxonomy":"category","embeddable":true,"href":"https:\/\/cuartetoenlaweb.com.ar\/sitio\/wp-json\/wp\/v2\/categories?post=19450"},{"taxonomy":"post_tag","embeddable":true,"href":"https:\/\/cuartetoenlaweb.com.ar\/sitio\/wp-json\/wp\/v2\/tags?post=19450"}],"curies":[{"name":"wp","href":"https:\/\/api.w.org\/{rel}","templated":true}]}}