
{"id":19448,"date":"2026-04-30T17:00:55","date_gmt":"2026-04-30T20:00:55","guid":{"rendered":"https:\/\/cuartetoenlaweb.com.ar\/sitio\/el-mac-inaugura-tres-nuevas-muestras\/"},"modified":"2026-04-30T17:00:55","modified_gmt":"2026-04-30T20:00:55","slug":"el-mac-inaugura-tres-nuevas-muestras","status":"publish","type":"post","link":"https:\/\/cuartetoenlaweb.com.ar\/sitio\/el-mac-inaugura-tres-nuevas-muestras\/","title":{"rendered":"El MAC inaugura tres nuevas muestras"},"content":{"rendered":"<p>El Museo de Arte Contempor\u00e1neo de Salta (MAC) inaugurar\u00e1 hoy, 30 de abril, a las 20, una nueva propuesta expositiva que re\u00fane tres muestras con artistas de Argentina, Brasil y Chile. La programaci\u00f3n incluye Inmanencia latente, de la brasile\u00f1a Karina Amadori; Sue\u00f1o de agua, una exposici\u00f3n colectiva e itinerante; y Habitar lo modificado, con obras de la colecci\u00f3n del museo.<\/p>\n<p>La apertura propone un recorrido por distintas miradas del arte contempor\u00e1neo, con eje en la relaci\u00f3n entre naturaleza, territorio y experiencia sensible. Las exhibiciones podr\u00e1n visitarse en las salas del MAC y forman parte de la agenda cultural de mayo en la ciudad.<\/p>\n<p>Una de las propuestas centrales es Inmanencia latente, con curadur\u00eda de Gustavo Insaurralde. La artista Karina Amadori presenta un abordaje po\u00e9tico del paisaje del sur de Brasil, a partir de su serie Florestania. A trav\u00e9s del dibujo, el textil y la imagen en blanco y negro, la muestra recupera la vitalidad del bosque de araucarias y plantea una reflexi\u00f3n sobre el v\u00ednculo entre naturaleza, cuerpo y percepci\u00f3n. Su trabajo incorpora materiales org\u00e1nicos y ef\u00edmeros, con una fuerte impronta en torno a la memoria, la feminidad y el ambiente.<\/p>\n<p>Por su parte, Sue\u00f1o de agua, con curadur\u00eda de Lucas Mar\u00edn, re\u00fane a ocho artistas de Argentina y Chile en una propuesta multidisciplinaria que articula pintura, escultura, instalaci\u00f3n, video y performance. La muestra, presentada por Umbral Cultura, fue declarada de Inter\u00e9s Cultural por la Provincia. Entre sus ejes, se destaca la figura femenina como s\u00edmbolo de los ciclos naturales y las memorias m\u00edticas.<\/p>\n<p>La exhibici\u00f3n incluye adem\u00e1s intervenciones en el espacio p\u00fablico, con la realizaci\u00f3n de murales en la ciudad, y una performance colectiva titulada \u00abLa medusa, el hilo, el espiral y la ara\u00f1a\u00bb, a cargo de Valeria Conte junto a Horacio Villa y Antonella Dest\u00e9fano.<\/p>\n<p>En paralelo, el MAC presenta Habitar lo modificado, una selecci\u00f3n de su colecci\u00f3n que indaga en las tensiones entre sociedad y naturaleza. A trav\u00e9s de distintos lenguajes contempor\u00e1neos, las obras reflexionan sobre problem\u00e1ticas como la urbanizaci\u00f3n, la explotaci\u00f3n de recursos y las transformaciones ambientales. La propuesta no se plantea desde la denuncia directa, sino como un espacio de observaci\u00f3n e interrogaci\u00f3n sobre las huellas de la intervenci\u00f3n humana.<\/p>\n<p><img decoding=\"async\" src=\"https:\/\/uscdn.eltribuno.com\/042026\/1777556279221.jpg\" \/><\/p>\n<p>Murales y m\u00e1s<\/p>\n<p>Adem\u00e1s de las muestras en sala, la nueva programaci\u00f3n del Museo de Arte Contempor\u00e1neo de Salta suma intervenciones fuera del edificio. En el marco de Sue\u00f1o de agua, se realizar\u00e1n dos murales en la ciudad: uno en la sede de Sullair Argentina y otro en el espacio p\u00fablico, en articulaci\u00f3n con la Municipalidad de Salta dentro del Plan de Muralismo. La propuesta tambi\u00e9n incluir\u00e1 una performance colectiva.<\/p>\n","protected":false},"excerpt":{"rendered":"<p>El Museo de Arte Contempor\u00e1neo de Salta (MAC) inaugurar\u00e1 hoy,<\/p>\n","protected":false},"author":0,"featured_media":19449,"comment_status":"","ping_status":"","sticky":false,"template":"","format":"standard","meta":{"footnotes":""},"categories":[65],"tags":[],"class_list":["post-19448","post","type-post","status-publish","format-standard","has-post-thumbnail","hentry","category-pais"],"yoast_head":"<!-- This site is optimized with the Yoast SEO plugin v27.5 - https:\/\/yoast.com\/product\/yoast-seo-wordpress\/ -->\n<title>El MAC inaugura tres nuevas muestras - Cuarteto en la Web<\/title>\n<meta name=\"robots\" content=\"index, follow, max-snippet:-1, max-image-preview:large, max-video-preview:-1\" \/>\n<link rel=\"canonical\" href=\"https:\/\/cuartetoenlaweb.com.ar\/sitio\/el-mac-inaugura-tres-nuevas-muestras\/\" \/>\n<meta property=\"og:locale\" content=\"es_ES\" \/>\n<meta property=\"og:type\" content=\"article\" \/>\n<meta property=\"og:title\" content=\"El MAC inaugura tres nuevas muestras - Cuarteto en la Web\" \/>\n<meta property=\"og:description\" content=\"El Museo de Arte Contempor\u00e1neo de Salta (MAC) inaugurar\u00e1 hoy,\" \/>\n<meta property=\"og:url\" content=\"https:\/\/cuartetoenlaweb.com.ar\/sitio\/el-mac-inaugura-tres-nuevas-muestras\/\" \/>\n<meta property=\"og:site_name\" content=\"Cuarteto en la Web\" \/>\n<meta property=\"article:published_time\" content=\"2026-04-30T20:00:55+00:00\" \/>\n<meta property=\"og:image\" content=\"https:\/\/uscdn.eltribuno.com\/042026\/1777556279221.jpg\" \/>\n<meta name=\"twitter:card\" content=\"summary_large_image\" \/>\n<meta name=\"twitter:label1\" content=\"Tiempo de lectura\" \/>\n\t<meta name=\"twitter:data1\" content=\"2 minutos\" \/>\n<script type=\"application\/ld+json\" class=\"yoast-schema-graph\">{\"@context\":\"https:\\\/\\\/schema.org\",\"@graph\":[{\"@type\":\"Article\",\"@id\":\"https:\\\/\\\/cuartetoenlaweb.com.ar\\\/sitio\\\/el-mac-inaugura-tres-nuevas-muestras\\\/#article\",\"isPartOf\":{\"@id\":\"https:\\\/\\\/cuartetoenlaweb.com.ar\\\/sitio\\\/el-mac-inaugura-tres-nuevas-muestras\\\/\"},\"author\":{\"name\":\"\",\"@id\":\"\"},\"headline\":\"El MAC inaugura tres nuevas muestras\",\"datePublished\":\"2026-04-30T20:00:55+00:00\",\"mainEntityOfPage\":{\"@id\":\"https:\\\/\\\/cuartetoenlaweb.com.ar\\\/sitio\\\/el-mac-inaugura-tres-nuevas-muestras\\\/\"},\"wordCount\":489,\"publisher\":{\"@id\":\"http:\\\/\\\/cuartetoenlaweb.com.ar\\\/sitio\\\/#organization\"},\"image\":{\"@id\":\"https:\\\/\\\/cuartetoenlaweb.com.ar\\\/sitio\\\/el-mac-inaugura-tres-nuevas-muestras\\\/#primaryimage\"},\"thumbnailUrl\":\"https:\\\/\\\/cuartetoenlaweb.com.ar\\\/sitio\\\/wp-content\\\/uploads\\\/2026\\\/04\\\/1777556279221.jpg\",\"articleSection\":[\"PAIS\"],\"inLanguage\":\"es\"},{\"@type\":\"WebPage\",\"@id\":\"https:\\\/\\\/cuartetoenlaweb.com.ar\\\/sitio\\\/el-mac-inaugura-tres-nuevas-muestras\\\/\",\"url\":\"https:\\\/\\\/cuartetoenlaweb.com.ar\\\/sitio\\\/el-mac-inaugura-tres-nuevas-muestras\\\/\",\"name\":\"El MAC inaugura tres nuevas muestras - Cuarteto en la Web\",\"isPartOf\":{\"@id\":\"http:\\\/\\\/cuartetoenlaweb.com.ar\\\/sitio\\\/#website\"},\"primaryImageOfPage\":{\"@id\":\"https:\\\/\\\/cuartetoenlaweb.com.ar\\\/sitio\\\/el-mac-inaugura-tres-nuevas-muestras\\\/#primaryimage\"},\"image\":{\"@id\":\"https:\\\/\\\/cuartetoenlaweb.com.ar\\\/sitio\\\/el-mac-inaugura-tres-nuevas-muestras\\\/#primaryimage\"},\"thumbnailUrl\":\"https:\\\/\\\/cuartetoenlaweb.com.ar\\\/sitio\\\/wp-content\\\/uploads\\\/2026\\\/04\\\/1777556279221.jpg\",\"datePublished\":\"2026-04-30T20:00:55+00:00\",\"breadcrumb\":{\"@id\":\"https:\\\/\\\/cuartetoenlaweb.com.ar\\\/sitio\\\/el-mac-inaugura-tres-nuevas-muestras\\\/#breadcrumb\"},\"inLanguage\":\"es\",\"potentialAction\":[{\"@type\":\"ReadAction\",\"target\":[\"https:\\\/\\\/cuartetoenlaweb.com.ar\\\/sitio\\\/el-mac-inaugura-tres-nuevas-muestras\\\/\"]}]},{\"@type\":\"ImageObject\",\"inLanguage\":\"es\",\"@id\":\"https:\\\/\\\/cuartetoenlaweb.com.ar\\\/sitio\\\/el-mac-inaugura-tres-nuevas-muestras\\\/#primaryimage\",\"url\":\"https:\\\/\\\/cuartetoenlaweb.com.ar\\\/sitio\\\/wp-content\\\/uploads\\\/2026\\\/04\\\/1777556279221.jpg\",\"contentUrl\":\"https:\\\/\\\/cuartetoenlaweb.com.ar\\\/sitio\\\/wp-content\\\/uploads\\\/2026\\\/04\\\/1777556279221.jpg\",\"width\":1500,\"height\":1500},{\"@type\":\"BreadcrumbList\",\"@id\":\"https:\\\/\\\/cuartetoenlaweb.com.ar\\\/sitio\\\/el-mac-inaugura-tres-nuevas-muestras\\\/#breadcrumb\",\"itemListElement\":[{\"@type\":\"ListItem\",\"position\":1,\"name\":\"Portada\",\"item\":\"http:\\\/\\\/cuartetoenlaweb.com.ar\\\/sitio\\\/\"},{\"@type\":\"ListItem\",\"position\":2,\"name\":\"El MAC inaugura tres nuevas muestras\"}]},{\"@type\":\"WebSite\",\"@id\":\"http:\\\/\\\/cuartetoenlaweb.com.ar\\\/sitio\\\/#website\",\"url\":\"http:\\\/\\\/cuartetoenlaweb.com.ar\\\/sitio\\\/\",\"name\":\"Cuarteto en la Web\",\"description\":\"\",\"publisher\":{\"@id\":\"http:\\\/\\\/cuartetoenlaweb.com.ar\\\/sitio\\\/#organization\"},\"potentialAction\":[{\"@type\":\"SearchAction\",\"target\":{\"@type\":\"EntryPoint\",\"urlTemplate\":\"http:\\\/\\\/cuartetoenlaweb.com.ar\\\/sitio\\\/?s={search_term_string}\"},\"query-input\":{\"@type\":\"PropertyValueSpecification\",\"valueRequired\":true,\"valueName\":\"search_term_string\"}}],\"inLanguage\":\"es\"},{\"@type\":\"Organization\",\"@id\":\"http:\\\/\\\/cuartetoenlaweb.com.ar\\\/sitio\\\/#organization\",\"name\":\"Cuarteto en la Web\",\"url\":\"http:\\\/\\\/cuartetoenlaweb.com.ar\\\/sitio\\\/\",\"logo\":{\"@type\":\"ImageObject\",\"inLanguage\":\"es\",\"@id\":\"http:\\\/\\\/cuartetoenlaweb.com.ar\\\/sitio\\\/#\\\/schema\\\/logo\\\/image\\\/\",\"url\":\"https:\\\/\\\/cuartetoenlaweb.com.ar\\\/sitio\\\/wp-content\\\/uploads\\\/2025\\\/07\\\/cropped-cropped-logitoweb21.png\",\"contentUrl\":\"https:\\\/\\\/cuartetoenlaweb.com.ar\\\/sitio\\\/wp-content\\\/uploads\\\/2025\\\/07\\\/cropped-cropped-logitoweb21.png\",\"width\":199,\"height\":199,\"caption\":\"Cuarteto en la Web\"},\"image\":{\"@id\":\"http:\\\/\\\/cuartetoenlaweb.com.ar\\\/sitio\\\/#\\\/schema\\\/logo\\\/image\\\/\"}}]}<\/script>\n<!-- \/ Yoast SEO plugin. -->","yoast_head_json":{"title":"El MAC inaugura tres nuevas muestras - Cuarteto en la Web","robots":{"index":"index","follow":"follow","max-snippet":"max-snippet:-1","max-image-preview":"max-image-preview:large","max-video-preview":"max-video-preview:-1"},"canonical":"https:\/\/cuartetoenlaweb.com.ar\/sitio\/el-mac-inaugura-tres-nuevas-muestras\/","og_locale":"es_ES","og_type":"article","og_title":"El MAC inaugura tres nuevas muestras - Cuarteto en la Web","og_description":"El Museo de Arte Contempor\u00e1neo de Salta (MAC) inaugurar\u00e1 hoy,","og_url":"https:\/\/cuartetoenlaweb.com.ar\/sitio\/el-mac-inaugura-tres-nuevas-muestras\/","og_site_name":"Cuarteto en la Web","article_published_time":"2026-04-30T20:00:55+00:00","og_image":[{"url":"https:\/\/uscdn.eltribuno.com\/042026\/1777556279221.jpg","type":"","width":"","height":""}],"twitter_card":"summary_large_image","twitter_misc":{"Tiempo de lectura":"2 minutos"},"schema":{"@context":"https:\/\/schema.org","@graph":[{"@type":"Article","@id":"https:\/\/cuartetoenlaweb.com.ar\/sitio\/el-mac-inaugura-tres-nuevas-muestras\/#article","isPartOf":{"@id":"https:\/\/cuartetoenlaweb.com.ar\/sitio\/el-mac-inaugura-tres-nuevas-muestras\/"},"author":{"name":"","@id":""},"headline":"El MAC inaugura tres nuevas muestras","datePublished":"2026-04-30T20:00:55+00:00","mainEntityOfPage":{"@id":"https:\/\/cuartetoenlaweb.com.ar\/sitio\/el-mac-inaugura-tres-nuevas-muestras\/"},"wordCount":489,"publisher":{"@id":"http:\/\/cuartetoenlaweb.com.ar\/sitio\/#organization"},"image":{"@id":"https:\/\/cuartetoenlaweb.com.ar\/sitio\/el-mac-inaugura-tres-nuevas-muestras\/#primaryimage"},"thumbnailUrl":"https:\/\/cuartetoenlaweb.com.ar\/sitio\/wp-content\/uploads\/2026\/04\/1777556279221.jpg","articleSection":["PAIS"],"inLanguage":"es"},{"@type":"WebPage","@id":"https:\/\/cuartetoenlaweb.com.ar\/sitio\/el-mac-inaugura-tres-nuevas-muestras\/","url":"https:\/\/cuartetoenlaweb.com.ar\/sitio\/el-mac-inaugura-tres-nuevas-muestras\/","name":"El MAC inaugura tres nuevas muestras - Cuarteto en la Web","isPartOf":{"@id":"http:\/\/cuartetoenlaweb.com.ar\/sitio\/#website"},"primaryImageOfPage":{"@id":"https:\/\/cuartetoenlaweb.com.ar\/sitio\/el-mac-inaugura-tres-nuevas-muestras\/#primaryimage"},"image":{"@id":"https:\/\/cuartetoenlaweb.com.ar\/sitio\/el-mac-inaugura-tres-nuevas-muestras\/#primaryimage"},"thumbnailUrl":"https:\/\/cuartetoenlaweb.com.ar\/sitio\/wp-content\/uploads\/2026\/04\/1777556279221.jpg","datePublished":"2026-04-30T20:00:55+00:00","breadcrumb":{"@id":"https:\/\/cuartetoenlaweb.com.ar\/sitio\/el-mac-inaugura-tres-nuevas-muestras\/#breadcrumb"},"inLanguage":"es","potentialAction":[{"@type":"ReadAction","target":["https:\/\/cuartetoenlaweb.com.ar\/sitio\/el-mac-inaugura-tres-nuevas-muestras\/"]}]},{"@type":"ImageObject","inLanguage":"es","@id":"https:\/\/cuartetoenlaweb.com.ar\/sitio\/el-mac-inaugura-tres-nuevas-muestras\/#primaryimage","url":"https:\/\/cuartetoenlaweb.com.ar\/sitio\/wp-content\/uploads\/2026\/04\/1777556279221.jpg","contentUrl":"https:\/\/cuartetoenlaweb.com.ar\/sitio\/wp-content\/uploads\/2026\/04\/1777556279221.jpg","width":1500,"height":1500},{"@type":"BreadcrumbList","@id":"https:\/\/cuartetoenlaweb.com.ar\/sitio\/el-mac-inaugura-tres-nuevas-muestras\/#breadcrumb","itemListElement":[{"@type":"ListItem","position":1,"name":"Portada","item":"http:\/\/cuartetoenlaweb.com.ar\/sitio\/"},{"@type":"ListItem","position":2,"name":"El MAC inaugura tres nuevas muestras"}]},{"@type":"WebSite","@id":"http:\/\/cuartetoenlaweb.com.ar\/sitio\/#website","url":"http:\/\/cuartetoenlaweb.com.ar\/sitio\/","name":"Cuarteto en la Web","description":"","publisher":{"@id":"http:\/\/cuartetoenlaweb.com.ar\/sitio\/#organization"},"potentialAction":[{"@type":"SearchAction","target":{"@type":"EntryPoint","urlTemplate":"http:\/\/cuartetoenlaweb.com.ar\/sitio\/?s={search_term_string}"},"query-input":{"@type":"PropertyValueSpecification","valueRequired":true,"valueName":"search_term_string"}}],"inLanguage":"es"},{"@type":"Organization","@id":"http:\/\/cuartetoenlaweb.com.ar\/sitio\/#organization","name":"Cuarteto en la Web","url":"http:\/\/cuartetoenlaweb.com.ar\/sitio\/","logo":{"@type":"ImageObject","inLanguage":"es","@id":"http:\/\/cuartetoenlaweb.com.ar\/sitio\/#\/schema\/logo\/image\/","url":"https:\/\/cuartetoenlaweb.com.ar\/sitio\/wp-content\/uploads\/2025\/07\/cropped-cropped-logitoweb21.png","contentUrl":"https:\/\/cuartetoenlaweb.com.ar\/sitio\/wp-content\/uploads\/2025\/07\/cropped-cropped-logitoweb21.png","width":199,"height":199,"caption":"Cuarteto en la Web"},"image":{"@id":"http:\/\/cuartetoenlaweb.com.ar\/sitio\/#\/schema\/logo\/image\/"}}]}},"_links":{"self":[{"href":"https:\/\/cuartetoenlaweb.com.ar\/sitio\/wp-json\/wp\/v2\/posts\/19448","targetHints":{"allow":["GET"]}}],"collection":[{"href":"https:\/\/cuartetoenlaweb.com.ar\/sitio\/wp-json\/wp\/v2\/posts"}],"about":[{"href":"https:\/\/cuartetoenlaweb.com.ar\/sitio\/wp-json\/wp\/v2\/types\/post"}],"replies":[{"embeddable":true,"href":"https:\/\/cuartetoenlaweb.com.ar\/sitio\/wp-json\/wp\/v2\/comments?post=19448"}],"version-history":[{"count":0,"href":"https:\/\/cuartetoenlaweb.com.ar\/sitio\/wp-json\/wp\/v2\/posts\/19448\/revisions"}],"wp:featuredmedia":[{"embeddable":true,"href":"https:\/\/cuartetoenlaweb.com.ar\/sitio\/wp-json\/wp\/v2\/media\/19449"}],"wp:attachment":[{"href":"https:\/\/cuartetoenlaweb.com.ar\/sitio\/wp-json\/wp\/v2\/media?parent=19448"}],"wp:term":[{"taxonomy":"category","embeddable":true,"href":"https:\/\/cuartetoenlaweb.com.ar\/sitio\/wp-json\/wp\/v2\/categories?post=19448"},{"taxonomy":"post_tag","embeddable":true,"href":"https:\/\/cuartetoenlaweb.com.ar\/sitio\/wp-json\/wp\/v2\/tags?post=19448"}],"curies":[{"name":"wp","href":"https:\/\/api.w.org\/{rel}","templated":true}]}}