
{"id":19444,"date":"2026-04-30T17:00:48","date_gmt":"2026-04-30T20:00:48","guid":{"rendered":"https:\/\/cuartetoenlaweb.com.ar\/sitio\/caso-maradona-ojeda-aseguro-que-dias-antes-de-su-muerte-estaba-desfigurado-inflamado-y-enojado\/"},"modified":"2026-04-30T17:00:48","modified_gmt":"2026-04-30T20:00:48","slug":"caso-maradona-ojeda-aseguro-que-dias-antes-de-su-muerte-estaba-desfigurado-inflamado-y-enojado","status":"publish","type":"post","link":"https:\/\/cuartetoenlaweb.com.ar\/sitio\/caso-maradona-ojeda-aseguro-que-dias-antes-de-su-muerte-estaba-desfigurado-inflamado-y-enojado\/","title":{"rendered":"Caso Maradona: Ojeda asegur\u00f3 que d\u00edas antes de su muerte estaba \u201cdesfigurado, inflamado y enojado\u201d"},"content":{"rendered":"<p>Fotograf\u00eda: Agencia NA (Juan Vargas)<\/p>\n<p>12:14<\/p>\n<p>Cuarto intermedio<\/p>\n<p>12:13<\/p>\n<p>La fuerte declaraci\u00f3n de Ojeda: \u00abMataron al padre de mi hijo\u00bb<\/p>\n<p>Buenos Aires, 30 abril (NA) &#8212; Ver\u00f3nica Ojeda consider\u00f3 entre l\u00e1grimas que los siete acusados por la muerte de Diego Armando Maradona \u00abmataron al padre de su hijo\u00bb.<\/p>\n<p>A Dieguito \u00able sacaron lo m\u00e1s preciado que era su pap\u00e1\u00bb, agreg\u00f3 y se\u00f1al\u00f3 que su hijo \u00abtiene una conexi\u00f3n con su padre\u00bb porque \u00abhablan todas las noches\u00bb. <\/p>\n<p>12:07<\/p>\n<p>Ojeda: \u00abLa heladera estaba llena de vinos, cervezas y Speed, nunca un agua mineral\u00bb<\/p>\n<p>Buenos Aires, 30 abril (NA) &#8212; Ver\u00f3nica Ojeda consign\u00f3 que en la \u00abheladera\u00bb hab\u00eda cervezas de marca Corona, vino y bebidas energizantes Speed, que consum\u00eda Diego Armando Maradona.<\/p>\n<p>\u00abNunca vi un agua mineral\u00bb, recrimin\u00f3 Ojeda, quien afirm\u00f3 que quer\u00eda trasladar al paciente a la Cl\u00ednica Abril para brindarle atenci\u00f3n: \u00abTen\u00eda que estar c\u00f3modo\u00bb.<\/p>\n<p>\u00abEl 18\/11\/2020 estaba totalmente desfigurado, inflamado, enojado, insultaba todo el mundo y no quer\u00eda ver a nadie\u00bb, sostuvo, y responsabiliz\u00f3 a Maximiliano Pomargo y la enfermera Dahiana Madrid ante la pregunta del abogado Fernando Burlando.<\/p>\n<p>\u00abTigre no era el lugar adecuado porque no hab\u00eda aparatolog\u00eda de nadani para tomar la presi\u00f3n. Eso no era una internaci\u00f3n domiciliaria\u00bb, resalt\u00f3.<\/p>\n<p>Vanesa Morla le habr\u00eda comentado que charlar\u00eda con el neurocirujano Leopoldo Luque la posibilidad de derivar a Diego al sanatorio Abril.<\/p>\n<p>\u00abCon Luque ten\u00eda una relaci\u00f3n excelente, lo defend\u00eda, era un m\u00e9dico de diez. Cre\u00eda absolutamente en \u00e9l y me decepcion\u00f3 totalmente\u00bb, agreg\u00f3. <\/p>\n<p>11:54<\/p>\n<p>Ojeda: \u00abLo llam\u00e9 a Morla porque era el apoderado de estos secuaces\u00bb<\/p>\n<p>Buenos Aires, 30 abril (NA) &#8212; Ver\u00f3nica Ojeda reconoci\u00f3 que llam\u00f3 al abogado Mat\u00edas Morla el d\u00eda que encontr\u00f3 marihuana en la habitaci\u00f3n de Diego Armando Maradona porque era el \u00abapoderado\u00bb de \u00abtodos estos secuaces\u00bb.<\/p>\n<p>La madre de Dieguito Fernando record\u00f3 que el paciente estaba \u00abido, borracho y no pod\u00eda hablar\u00bb durante las ocasiones que lo visit\u00f3 en Bella Vista y La Plata.<\/p>\n<p>11:52<\/p>\n<p>Se reanuda la audiencia luego de haber sido pausada por la angustia de Ojeda<\/p>\n<p>11:25<\/p>\n<p>Ojeda: \u00abEl 23 de noviembre de 2020 lo vi por \u00faltima vez, era una pelota y ten\u00eda olor en el cuerpo\u00bb<\/p>\n<p>Buenos Aires, 30 abril (NA) &#8212; Ver\u00f3nica Ojeda indic\u00f3 que el 23 de noviembre de 2020 fue el \u00faltimo d\u00eda que vio con vida a Diego Armando Maradona y describi\u00f3 que \u00abten\u00eda olor en el cuerpo, estaba barbudo y era una pelota\u00bb.<\/p>\n<p>\u00abTen\u00eda olor a ba\u00f1o, le dije que se ba\u00f1e\u00bb, sostuvo.<\/p>\n<p>11:20<\/p>\n<p>Audio de Cosachov: \u00abLuque, vos (D\u00edaz) y yo vamos en la misma l\u00ednea\u00bb<\/p>\n<p>Buenos Aires, 30 abril (NA) &#8212; La psiquiatra Agustina Cosachov remarc\u00f3 en una charla con el psic\u00f3logo Carlos D\u00edaz que \u00abLuque, vos y yo estamos en la misma l\u00ednea\u00bb.<\/p>\n<p>En otro mensaje de voz exhibido por el fiscal Cosme Iribarren se escucha a D\u00edaz afirmar: \u00ab\u00bfQui\u00e9n es Ver\u00f3nica Ojeda?\u00bb.<\/p>\n<p>Ver\u00f3nica Ojeda se quebr\u00f3 y consign\u00f3 que hab\u00eda \u00abmanipulaci\u00f3n\u00bb en noviembre de 2020: \u00abSon como una secta, eran personas que quer\u00edan sacarle cosas a Diego \u00bfC\u00f3mo un m\u00e9dico puede hacer esto?\u00bb.<\/p>\n<p>\u00abDiego lo quer\u00eda mucho a Luque. Hasta le regal\u00f3 una moto. Luque vino con la moto a Olivos. Quiero justicia\u00bb, reclam\u00f3 la madre de Dieguito Fernando.<\/p>\n<p>11:11<\/p>\n<p>Exhiben una conversaci\u00f3n entre Cosachov y D\u00edaz del 18 de noviembre de 2020<\/p>\n<p>Buenos Aires, 30 abril (NA) &#8212; El fiscal Cosme Iribarren exhibe una conversaci\u00f3n entre la psiquiatra Agustina Cosachov y el psic\u00f3logo Carlos D\u00edaz del 18 de noviembre de 2020.<\/p>\n<p>\u00abYo le dije a Vanesa (Morla) &#8216;consideremos que es un tipo (Diego) post quir\u00fargico&#8217;. Que no nos pidan que hagamos magia\u00bb, sostuvo Cosachov en un audio.<\/p>\n<p>11:06<\/p>\n<p>Ojeda acus\u00f3 a D\u00edaz de decirle \u00abque me la chupe\u00bb<\/p>\n<p>Buenos Aires, 30 abril (NA) &#8212; Ver\u00f3nica Ojeda acus\u00f3 al psic\u00f3logo Carlos D\u00edaz de referirse a ella al pronunciar \u00abque me la chupe\u00bb.<\/p>\n<p>Asimismo, la madre de Dieguito Fernando se\u00f1al\u00f3 que su intenci\u00f3n era que el m\u00e9dico Alfredo Cahe atienda a su ex pareja, pero Leopoldo Luque \u00abno lo dej\u00f3\u00bb.<\/p>\n<p>11:01<\/p>\n<p>Ojeda: \u00abEn la Cl\u00ednica Olivos Agust\u00edn dijo que se iba a encargar de las pastillas\u00bb<\/p>\n<p>Buenos Aires, 30 abril (NA) &#8212; Ver\u00f3nica Ojeda record\u00f3 que en la Cl\u00ednica Olivos la psiquiatra Agustina Cosachov afirm\u00f3 \u00abencargarse\u00bb de suministrarle las \u00abpastillas\u00bb a Maradona.<\/p>\n<p>10:44<\/p>\n<p>Ver\u00f3nica Ojeda retom\u00f3 su declaraci\u00f3n<\/p>\n<p>Buenos Aires, 30 abril (NA) &#8212; Ver\u00f3nica Ojeda retom\u00f3 su declaraci\u00f3n y se\u00f1ala partes de la casa de Tigre en la maqueta presentada por el abogado Fernando Burlando. <\/p>\n<p>10:27<\/p>\n<p>Comenz\u00f3 la sexta audiencia del juicio por la muerte de Maradona<\/p>\n<p>10:22<\/p>\n<p>Defensor de Perroni: \u00abLa declaraci\u00f3n de Ojeda es importante\u00bb<\/p>\n<p>Buenos Aires, 30 abril (NA) &#8212; Mart\u00edn Montalto, defensor del jefe de enfermeros de Medidom, Mariano Perroni, calific\u00f3 de \u00abimportante\u00bb la declaraci\u00f3n de Ver\u00f3nica Ojeda en el juicio por la muerte de Diego Armando Maradona.<\/p>\n<p>En di\u00e1logo con la Agencia Noticias Argentinas, el abogado sostuvo que la ex mujer del astro argentino \u00abmencionar\u00e1\u00bb a su cliente, pero se\u00f1alar\u00e1 que \u00abno lo conoce\u00bb.<\/p>\n<p>En tanto, el testimonio del m\u00e9dico vecino Collin Campbell no lo consider\u00f3 relevante en su \u00abteor\u00eda del caso\u00bb. <\/p>\n<p>10:01<\/p>\n<p>Carlos D\u00edaz declarar\u00e1 a las 15hs<\/p>\n<p>El psic\u00f3logo Carlos D\u00edaz, uno de los siete acusados, declarar\u00e1 a partir de las 15, seg\u00fan confirm\u00f3 su defensor Diego Olmedo en di\u00e1logo con la Agencia Noticias Argentinas.<\/p>\n<p>\u00abSeguramente preste testimonio despu\u00e9s de Ver\u00f3nica Ojeda y Collin Campbell\u00bb, sostuvo el letrado.<\/p>\n<p> <strong>Ver\u00f3nica Ojeda retoma este jueves su testimonio <\/strong>en el juicio por la muerte de <strong>Diego Armando Maradona<\/strong> y<strong> exhibir\u00eda un nuevo audio de la reuni\u00f3n realizada en la Cl\u00ednica Olivos. <\/strong>A su vez, se espera que el psic\u00f3logo Carlos D\u00edaz comparezca por primera vez.<\/p>\n<p>Fuentes judiciales informaron a la <i><strong>Agencia Noticias Argentinas<\/strong><\/i> que la madre de Dieguito Fernando, el hijo menor del astro argentino, continuar\u00e1 con su declaraci\u00f3n luego de que la \u00faltima audiencia se suspendiera por problemas t\u00e9cnicos en los micr\u00f3fonos.<\/p>\n<p>Ojeda propuso a los jueces <strong>Alberto Gaig, Alberto Ortolani<\/strong> y <strong>Pablo Rol\u00f3n<\/strong> incorporar al expediente material del encuentro llevado a cabo en el sanatorio de Vicente L\u00f3pez, donde se determin\u00f3 la internaci\u00f3n domiciliaria del paciente en el barrio cerrado San Andr\u00e9s, partido de Tigre.<\/p>\n<p>Los magistrados aceptaron la prueba y <strong>analizar\u00e1n si se reproduce en la pr\u00f3xima jornada<\/strong> para compararla con el primer audio que grab\u00f3 y present\u00f3<strong> Rodolfo Benvenuti<\/strong>, m\u00e9dico allegado al abogado <strong>V\u00edctor Stinfale.<\/strong><\/p>\n<p>El otro testigo que concurrir\u00e1 a los Tribunales de San Isidro es <strong>Collin Campbell<\/strong>, el m\u00e9dico vecino que fue<strong> la primera persona en asistir a Diego cuando se descompens\u00f3 <\/strong>el 25 de noviembre de 2020 en la localidad de Benav\u00eddez.<\/p>\n<p>Por otra parte, el psic\u00f3logo <strong>Carlos D\u00edaz<\/strong>, uno de los siete acusados por el supuesto <strong>homicidio simple con dolo eventual <\/strong>de Diego, pedir\u00eda la palabra luego de no poder comparecer este martes.<\/p>\n<p>Los otros seis imputados son el neurocirujano y ex m\u00e9dico personal de Maradona, <strong>Leopoldo Luque<\/strong>; la psiquiatra <strong>Agustina Cosachov<\/strong>; el m\u00e9dico cl\u00ednico <strong>Pedro Di Spagna<\/strong>; la jefa de cuidados domiciliarios de Swiss Medical, <strong>Nancy Forlini<\/strong>; el enfermero <strong>Ricardo Almir\u00f3n<\/strong>; y el coordinador <strong>Mariano Perroni<\/strong>.__IP__<\/p>\n<p>La enfermera <strong>Dahiana Madrid<\/strong> es la \u00fanica sindica<\/p>\n","protected":false},"excerpt":{"rendered":"<p>Fotograf\u00eda: Agencia NA (Juan Vargas) 12:14 Cuarto intermedio 12:13 La<\/p>\n","protected":false},"author":0,"featured_media":19445,"comment_status":"","ping_status":"","sticky":false,"template":"","format":"standard","meta":{"footnotes":""},"categories":[65],"tags":[],"class_list":["post-19444","post","type-post","status-publish","format-standard","has-post-thumbnail","hentry","category-pais"],"yoast_head":"<!-- This site is optimized with the Yoast SEO plugin v27.5 - https:\/\/yoast.com\/product\/yoast-seo-wordpress\/ -->\n<title>Caso Maradona: Ojeda asegur\u00f3 que d\u00edas antes de su muerte estaba \u201cdesfigurado, inflamado y enojado\u201d - Cuarteto en la Web<\/title>\n<meta name=\"robots\" content=\"index, follow, max-snippet:-1, max-image-preview:large, max-video-preview:-1\" \/>\n<link rel=\"canonical\" href=\"https:\/\/cuartetoenlaweb.com.ar\/sitio\/caso-maradona-ojeda-aseguro-que-dias-antes-de-su-muerte-estaba-desfigurado-inflamado-y-enojado\/\" \/>\n<meta property=\"og:locale\" content=\"es_ES\" \/>\n<meta property=\"og:type\" content=\"article\" \/>\n<meta property=\"og:title\" content=\"Caso Maradona: Ojeda asegur\u00f3 que d\u00edas antes de su muerte estaba \u201cdesfigurado, inflamado y enojado\u201d - Cuarteto en la Web\" \/>\n<meta property=\"og:description\" content=\"Fotograf\u00eda: Agencia NA (Juan Vargas) 12:14 Cuarto intermedio 12:13 La\" \/>\n<meta property=\"og:url\" content=\"https:\/\/cuartetoenlaweb.com.ar\/sitio\/caso-maradona-ojeda-aseguro-que-dias-antes-de-su-muerte-estaba-desfigurado-inflamado-y-enojado\/\" \/>\n<meta property=\"og:site_name\" content=\"Cuarteto en la Web\" \/>\n<meta property=\"article:published_time\" content=\"2026-04-30T20:00:48+00:00\" \/>\n<meta name=\"twitter:card\" content=\"summary_large_image\" \/>\n<meta name=\"twitter:label1\" content=\"Tiempo de lectura\" \/>\n\t<meta name=\"twitter:data1\" content=\"6 minutos\" \/>\n<script type=\"application\/ld+json\" class=\"yoast-schema-graph\">{\"@context\":\"https:\\\/\\\/schema.org\",\"@graph\":[{\"@type\":\"Article\",\"@id\":\"https:\\\/\\\/cuartetoenlaweb.com.ar\\\/sitio\\\/caso-maradona-ojeda-aseguro-que-dias-antes-de-su-muerte-estaba-desfigurado-inflamado-y-enojado\\\/#article\",\"isPartOf\":{\"@id\":\"https:\\\/\\\/cuartetoenlaweb.com.ar\\\/sitio\\\/caso-maradona-ojeda-aseguro-que-dias-antes-de-su-muerte-estaba-desfigurado-inflamado-y-enojado\\\/\"},\"author\":{\"name\":\"\",\"@id\":\"\"},\"headline\":\"Caso Maradona: Ojeda asegur\u00f3 que d\u00edas antes de su muerte estaba \u201cdesfigurado, inflamado y enojado\u201d\",\"datePublished\":\"2026-04-30T20:00:48+00:00\",\"mainEntityOfPage\":{\"@id\":\"https:\\\/\\\/cuartetoenlaweb.com.ar\\\/sitio\\\/caso-maradona-ojeda-aseguro-que-dias-antes-de-su-muerte-estaba-desfigurado-inflamado-y-enojado\\\/\"},\"wordCount\":1263,\"publisher\":{\"@id\":\"http:\\\/\\\/cuartetoenlaweb.com.ar\\\/sitio\\\/#organization\"},\"image\":{\"@id\":\"https:\\\/\\\/cuartetoenlaweb.com.ar\\\/sitio\\\/caso-maradona-ojeda-aseguro-que-dias-antes-de-su-muerte-estaba-desfigurado-inflamado-y-enojado\\\/#primaryimage\"},\"thumbnailUrl\":\"https:\\\/\\\/cuartetoenlaweb.com.ar\\\/sitio\\\/wp-content\\\/uploads\\\/2026\\\/04\\\/portadax-220.png\",\"articleSection\":[\"PAIS\"],\"inLanguage\":\"es\"},{\"@type\":\"WebPage\",\"@id\":\"https:\\\/\\\/cuartetoenlaweb.com.ar\\\/sitio\\\/caso-maradona-ojeda-aseguro-que-dias-antes-de-su-muerte-estaba-desfigurado-inflamado-y-enojado\\\/\",\"url\":\"https:\\\/\\\/cuartetoenlaweb.com.ar\\\/sitio\\\/caso-maradona-ojeda-aseguro-que-dias-antes-de-su-muerte-estaba-desfigurado-inflamado-y-enojado\\\/\",\"name\":\"Caso Maradona: Ojeda asegur\u00f3 que d\u00edas antes de su muerte estaba \u201cdesfigurado, inflamado y enojado\u201d - Cuarteto en la Web\",\"isPartOf\":{\"@id\":\"http:\\\/\\\/cuartetoenlaweb.com.ar\\\/sitio\\\/#website\"},\"primaryImageOfPage\":{\"@id\":\"https:\\\/\\\/cuartetoenlaweb.com.ar\\\/sitio\\\/caso-maradona-ojeda-aseguro-que-dias-antes-de-su-muerte-estaba-desfigurado-inflamado-y-enojado\\\/#primaryimage\"},\"image\":{\"@id\":\"https:\\\/\\\/cuartetoenlaweb.com.ar\\\/sitio\\\/caso-maradona-ojeda-aseguro-que-dias-antes-de-su-muerte-estaba-desfigurado-inflamado-y-enojado\\\/#primaryimage\"},\"thumbnailUrl\":\"https:\\\/\\\/cuartetoenlaweb.com.ar\\\/sitio\\\/wp-content\\\/uploads\\\/2026\\\/04\\\/portadax-220.png\",\"datePublished\":\"2026-04-30T20:00:48+00:00\",\"breadcrumb\":{\"@id\":\"https:\\\/\\\/cuartetoenlaweb.com.ar\\\/sitio\\\/caso-maradona-ojeda-aseguro-que-dias-antes-de-su-muerte-estaba-desfigurado-inflamado-y-enojado\\\/#breadcrumb\"},\"inLanguage\":\"es\",\"potentialAction\":[{\"@type\":\"ReadAction\",\"target\":[\"https:\\\/\\\/cuartetoenlaweb.com.ar\\\/sitio\\\/caso-maradona-ojeda-aseguro-que-dias-antes-de-su-muerte-estaba-desfigurado-inflamado-y-enojado\\\/\"]}]},{\"@type\":\"ImageObject\",\"inLanguage\":\"es\",\"@id\":\"https:\\\/\\\/cuartetoenlaweb.com.ar\\\/sitio\\\/caso-maradona-ojeda-aseguro-que-dias-antes-de-su-muerte-estaba-desfigurado-inflamado-y-enojado\\\/#primaryimage\",\"url\":\"https:\\\/\\\/cuartetoenlaweb.com.ar\\\/sitio\\\/wp-content\\\/uploads\\\/2026\\\/04\\\/portadax-220.png\",\"contentUrl\":\"https:\\\/\\\/cuartetoenlaweb.com.ar\\\/sitio\\\/wp-content\\\/uploads\\\/2026\\\/04\\\/portadax-220.png\",\"width\":1366,\"height\":768},{\"@type\":\"BreadcrumbList\",\"@id\":\"https:\\\/\\\/cuartetoenlaweb.com.ar\\\/sitio\\\/caso-maradona-ojeda-aseguro-que-dias-antes-de-su-muerte-estaba-desfigurado-inflamado-y-enojado\\\/#breadcrumb\",\"itemListElement\":[{\"@type\":\"ListItem\",\"position\":1,\"name\":\"Portada\",\"item\":\"http:\\\/\\\/cuartetoenlaweb.com.ar\\\/sitio\\\/\"},{\"@type\":\"ListItem\",\"position\":2,\"name\":\"Caso Maradona: Ojeda asegur\u00f3 que d\u00edas antes de su muerte estaba \u201cdesfigurado, inflamado y enojado\u201d\"}]},{\"@type\":\"WebSite\",\"@id\":\"http:\\\/\\\/cuartetoenlaweb.com.ar\\\/sitio\\\/#website\",\"url\":\"http:\\\/\\\/cuartetoenlaweb.com.ar\\\/sitio\\\/\",\"name\":\"Cuarteto en la Web\",\"description\":\"\",\"publisher\":{\"@id\":\"http:\\\/\\\/cuartetoenlaweb.com.ar\\\/sitio\\\/#organization\"},\"potentialAction\":[{\"@type\":\"SearchAction\",\"target\":{\"@type\":\"EntryPoint\",\"urlTemplate\":\"http:\\\/\\\/cuartetoenlaweb.com.ar\\\/sitio\\\/?s={search_term_string}\"},\"query-input\":{\"@type\":\"PropertyValueSpecification\",\"valueRequired\":true,\"valueName\":\"search_term_string\"}}],\"inLanguage\":\"es\"},{\"@type\":\"Organization\",\"@id\":\"http:\\\/\\\/cuartetoenlaweb.com.ar\\\/sitio\\\/#organization\",\"name\":\"Cuarteto en la Web\",\"url\":\"http:\\\/\\\/cuartetoenlaweb.com.ar\\\/sitio\\\/\",\"logo\":{\"@type\":\"ImageObject\",\"inLanguage\":\"es\",\"@id\":\"http:\\\/\\\/cuartetoenlaweb.com.ar\\\/sitio\\\/#\\\/schema\\\/logo\\\/image\\\/\",\"url\":\"https:\\\/\\\/cuartetoenlaweb.com.ar\\\/sitio\\\/wp-content\\\/uploads\\\/2025\\\/07\\\/cropped-cropped-logitoweb21.png\",\"contentUrl\":\"https:\\\/\\\/cuartetoenlaweb.com.ar\\\/sitio\\\/wp-content\\\/uploads\\\/2025\\\/07\\\/cropped-cropped-logitoweb21.png\",\"width\":199,\"height\":199,\"caption\":\"Cuarteto en la Web\"},\"image\":{\"@id\":\"http:\\\/\\\/cuartetoenlaweb.com.ar\\\/sitio\\\/#\\\/schema\\\/logo\\\/image\\\/\"}}]}<\/script>\n<!-- \/ Yoast SEO plugin. -->","yoast_head_json":{"title":"Caso Maradona: Ojeda asegur\u00f3 que d\u00edas antes de su muerte estaba \u201cdesfigurado, inflamado y enojado\u201d - Cuarteto en la Web","robots":{"index":"index","follow":"follow","max-snippet":"max-snippet:-1","max-image-preview":"max-image-preview:large","max-video-preview":"max-video-preview:-1"},"canonical":"https:\/\/cuartetoenlaweb.com.ar\/sitio\/caso-maradona-ojeda-aseguro-que-dias-antes-de-su-muerte-estaba-desfigurado-inflamado-y-enojado\/","og_locale":"es_ES","og_type":"article","og_title":"Caso Maradona: Ojeda asegur\u00f3 que d\u00edas antes de su muerte estaba \u201cdesfigurado, inflamado y enojado\u201d - Cuarteto en la Web","og_description":"Fotograf\u00eda: Agencia NA (Juan Vargas) 12:14 Cuarto intermedio 12:13 La","og_url":"https:\/\/cuartetoenlaweb.com.ar\/sitio\/caso-maradona-ojeda-aseguro-que-dias-antes-de-su-muerte-estaba-desfigurado-inflamado-y-enojado\/","og_site_name":"Cuarteto en la Web","article_published_time":"2026-04-30T20:00:48+00:00","twitter_card":"summary_large_image","twitter_misc":{"Tiempo de lectura":"6 minutos"},"schema":{"@context":"https:\/\/schema.org","@graph":[{"@type":"Article","@id":"https:\/\/cuartetoenlaweb.com.ar\/sitio\/caso-maradona-ojeda-aseguro-que-dias-antes-de-su-muerte-estaba-desfigurado-inflamado-y-enojado\/#article","isPartOf":{"@id":"https:\/\/cuartetoenlaweb.com.ar\/sitio\/caso-maradona-ojeda-aseguro-que-dias-antes-de-su-muerte-estaba-desfigurado-inflamado-y-enojado\/"},"author":{"name":"","@id":""},"headline":"Caso Maradona: Ojeda asegur\u00f3 que d\u00edas antes de su muerte estaba \u201cdesfigurado, inflamado y enojado\u201d","datePublished":"2026-04-30T20:00:48+00:00","mainEntityOfPage":{"@id":"https:\/\/cuartetoenlaweb.com.ar\/sitio\/caso-maradona-ojeda-aseguro-que-dias-antes-de-su-muerte-estaba-desfigurado-inflamado-y-enojado\/"},"wordCount":1263,"publisher":{"@id":"http:\/\/cuartetoenlaweb.com.ar\/sitio\/#organization"},"image":{"@id":"https:\/\/cuartetoenlaweb.com.ar\/sitio\/caso-maradona-ojeda-aseguro-que-dias-antes-de-su-muerte-estaba-desfigurado-inflamado-y-enojado\/#primaryimage"},"thumbnailUrl":"https:\/\/cuartetoenlaweb.com.ar\/sitio\/wp-content\/uploads\/2026\/04\/portadax-220.png","articleSection":["PAIS"],"inLanguage":"es"},{"@type":"WebPage","@id":"https:\/\/cuartetoenlaweb.com.ar\/sitio\/caso-maradona-ojeda-aseguro-que-dias-antes-de-su-muerte-estaba-desfigurado-inflamado-y-enojado\/","url":"https:\/\/cuartetoenlaweb.com.ar\/sitio\/caso-maradona-ojeda-aseguro-que-dias-antes-de-su-muerte-estaba-desfigurado-inflamado-y-enojado\/","name":"Caso Maradona: Ojeda asegur\u00f3 que d\u00edas antes de su muerte estaba \u201cdesfigurado, inflamado y enojado\u201d - Cuarteto en la Web","isPartOf":{"@id":"http:\/\/cuartetoenlaweb.com.ar\/sitio\/#website"},"primaryImageOfPage":{"@id":"https:\/\/cuartetoenlaweb.com.ar\/sitio\/caso-maradona-ojeda-aseguro-que-dias-antes-de-su-muerte-estaba-desfigurado-inflamado-y-enojado\/#primaryimage"},"image":{"@id":"https:\/\/cuartetoenlaweb.com.ar\/sitio\/caso-maradona-ojeda-aseguro-que-dias-antes-de-su-muerte-estaba-desfigurado-inflamado-y-enojado\/#primaryimage"},"thumbnailUrl":"https:\/\/cuartetoenlaweb.com.ar\/sitio\/wp-content\/uploads\/2026\/04\/portadax-220.png","datePublished":"2026-04-30T20:00:48+00:00","breadcrumb":{"@id":"https:\/\/cuartetoenlaweb.com.ar\/sitio\/caso-maradona-ojeda-aseguro-que-dias-antes-de-su-muerte-estaba-desfigurado-inflamado-y-enojado\/#breadcrumb"},"inLanguage":"es","potentialAction":[{"@type":"ReadAction","target":["https:\/\/cuartetoenlaweb.com.ar\/sitio\/caso-maradona-ojeda-aseguro-que-dias-antes-de-su-muerte-estaba-desfigurado-inflamado-y-enojado\/"]}]},{"@type":"ImageObject","inLanguage":"es","@id":"https:\/\/cuartetoenlaweb.com.ar\/sitio\/caso-maradona-ojeda-aseguro-que-dias-antes-de-su-muerte-estaba-desfigurado-inflamado-y-enojado\/#primaryimage","url":"https:\/\/cuartetoenlaweb.com.ar\/sitio\/wp-content\/uploads\/2026\/04\/portadax-220.png","contentUrl":"https:\/\/cuartetoenlaweb.com.ar\/sitio\/wp-content\/uploads\/2026\/04\/portadax-220.png","width":1366,"height":768},{"@type":"BreadcrumbList","@id":"https:\/\/cuartetoenlaweb.com.ar\/sitio\/caso-maradona-ojeda-aseguro-que-dias-antes-de-su-muerte-estaba-desfigurado-inflamado-y-enojado\/#breadcrumb","itemListElement":[{"@type":"ListItem","position":1,"name":"Portada","item":"http:\/\/cuartetoenlaweb.com.ar\/sitio\/"},{"@type":"ListItem","position":2,"name":"Caso Maradona: Ojeda asegur\u00f3 que d\u00edas antes de su muerte estaba \u201cdesfigurado, inflamado y enojado\u201d"}]},{"@type":"WebSite","@id":"http:\/\/cuartetoenlaweb.com.ar\/sitio\/#website","url":"http:\/\/cuartetoenlaweb.com.ar\/sitio\/","name":"Cuarteto en la Web","description":"","publisher":{"@id":"http:\/\/cuartetoenlaweb.com.ar\/sitio\/#organization"},"potentialAction":[{"@type":"SearchAction","target":{"@type":"EntryPoint","urlTemplate":"http:\/\/cuartetoenlaweb.com.ar\/sitio\/?s={search_term_string}"},"query-input":{"@type":"PropertyValueSpecification","valueRequired":true,"valueName":"search_term_string"}}],"inLanguage":"es"},{"@type":"Organization","@id":"http:\/\/cuartetoenlaweb.com.ar\/sitio\/#organization","name":"Cuarteto en la Web","url":"http:\/\/cuartetoenlaweb.com.ar\/sitio\/","logo":{"@type":"ImageObject","inLanguage":"es","@id":"http:\/\/cuartetoenlaweb.com.ar\/sitio\/#\/schema\/logo\/image\/","url":"https:\/\/cuartetoenlaweb.com.ar\/sitio\/wp-content\/uploads\/2025\/07\/cropped-cropped-logitoweb21.png","contentUrl":"https:\/\/cuartetoenlaweb.com.ar\/sitio\/wp-content\/uploads\/2025\/07\/cropped-cropped-logitoweb21.png","width":199,"height":199,"caption":"Cuarteto en la Web"},"image":{"@id":"http:\/\/cuartetoenlaweb.com.ar\/sitio\/#\/schema\/logo\/image\/"}}]}},"_links":{"self":[{"href":"https:\/\/cuartetoenlaweb.com.ar\/sitio\/wp-json\/wp\/v2\/posts\/19444","targetHints":{"allow":["GET"]}}],"collection":[{"href":"https:\/\/cuartetoenlaweb.com.ar\/sitio\/wp-json\/wp\/v2\/posts"}],"about":[{"href":"https:\/\/cuartetoenlaweb.com.ar\/sitio\/wp-json\/wp\/v2\/types\/post"}],"replies":[{"embeddable":true,"href":"https:\/\/cuartetoenlaweb.com.ar\/sitio\/wp-json\/wp\/v2\/comments?post=19444"}],"version-history":[{"count":0,"href":"https:\/\/cuartetoenlaweb.com.ar\/sitio\/wp-json\/wp\/v2\/posts\/19444\/revisions"}],"wp:featuredmedia":[{"embeddable":true,"href":"https:\/\/cuartetoenlaweb.com.ar\/sitio\/wp-json\/wp\/v2\/media\/19445"}],"wp:attachment":[{"href":"https:\/\/cuartetoenlaweb.com.ar\/sitio\/wp-json\/wp\/v2\/media?parent=19444"}],"wp:term":[{"taxonomy":"category","embeddable":true,"href":"https:\/\/cuartetoenlaweb.com.ar\/sitio\/wp-json\/wp\/v2\/categories?post=19444"},{"taxonomy":"post_tag","embeddable":true,"href":"https:\/\/cuartetoenlaweb.com.ar\/sitio\/wp-json\/wp\/v2\/tags?post=19444"}],"curies":[{"name":"wp","href":"https:\/\/api.w.org\/{rel}","templated":true}]}}