
{"id":19442,"date":"2026-04-30T17:00:44","date_gmt":"2026-04-30T20:00:44","guid":{"rendered":"https:\/\/cuartetoenlaweb.com.ar\/sitio\/femicidio-en-el-tipal-punto-por-punto-lo-que-dice-el-fallo-que-condeno-a-prision-perpetua-a-jose-figueroa-por-el-asesinato-de-mercedes-kvedaras\/"},"modified":"2026-04-30T17:00:44","modified_gmt":"2026-04-30T20:00:44","slug":"femicidio-en-el-tipal-punto-por-punto-lo-que-dice-el-fallo-que-condeno-a-prision-perpetua-a-jose-figueroa-por-el-asesinato-de-mercedes-kvedaras","status":"publish","type":"post","link":"https:\/\/cuartetoenlaweb.com.ar\/sitio\/femicidio-en-el-tipal-punto-por-punto-lo-que-dice-el-fallo-que-condeno-a-prision-perpetua-a-jose-figueroa-por-el-asesinato-de-mercedes-kvedaras\/","title":{"rendered":"Femicidio en El Tipal: punto por punto, lo que dice el fallo que conden\u00f3 a prisi\u00f3n perpetua a Jos\u00e9 Figueroa por el asesinato de Mercedes Kvedaras"},"content":{"rendered":"<p>El tribunal integrado por la jueza Cecilia Flores Toranzo y los jueces Eduardo Sangar y Leonardo Feaz, por unanimidad, dict\u00f3 sentencia en el juicio por el <a href=\"https:\/\/www.eltribuno.com\/ttag\/femicidio-en-el-tipal\" target=\"_blank\">femicidio de Mercedes Kvedaras<\/a>, ocurrido en agosto de 2023. El fallo fue dado a conocer este 30 de abril del 2026 y establece las siguientes resoluciones: <\/p>\n<div><\/div>\n<\/p>\n<p>Salta 30 de abril del 2026, veredicto en causa caratulada, expediente juicio 185-649-24.<\/p>\n<p>La se\u00f1ora jueza Cecilia Flores Toranzo y los se\u00f1ores jueces Eduardo Sangar y Leonardo Feaz, por unanimidad, fallan.<\/p>\n<p><strong><a href=\"https:\/\/www.eltribuno.com\/salta\/2026-4-30-8-20-0-femicidio-en-el-tipal-la-justicia-condeno-a-jose-figueroa-a-prision-perpetua\" target=\"_blank\">Condenan a Jos\u00e9 Eduardo Figueroa <\/a>de las condiciones personales obrantes en autos a la pena de prisi\u00f3n perpetua, accesorios legales y costas, por resultar autor material y penalmente responsable del delito de homicidio doblemente calificado por el v\u00ednculo y por mediar violencia de g\u00e9nero, previsto y reprimido por el art\u00edculo 80, inciso 1 y 11 del C\u00f3digo Penal. <\/strong>Todo ello en funci\u00f3n de los art\u00edculos 12, 29, inciso 3, 40, 41 y 45 del C\u00f3digo Penal.<\/p>\n<p>Punto 2. Disponer la continuidad de la prisi\u00f3n preventiva impuesta oportunamente a Jos\u00e9 Eduardo Figueroa quien deber\u00e1 permanecer privado de la libertad en unidad carcelaria n\u00famero 1, ello en el marco de lo dispuesto por los art\u00edculos 386 y 574 del C\u00f3digo Procesal Penal.<\/p>\n<p>Punto 3. Librar oficio al director de la unidad carcelaria n\u00famero 1 del Servicio Penitenciario de la Provincia de Salta haciendo conocer que Jos\u00e9 Eduardo Figueroa deber\u00e1 continuar alojado en dicha instituci\u00f3n en los t\u00e9rminos se\u00f1alados en el punto precedente, como as\u00ed tambi\u00e9n a los fines de que arbitran los medios necesarios  para la continuidad del tratamiento psicol\u00f3gico y psiqui\u00e1trico con sus profesionales tratantes y o quien corresponda. <\/p>\n<p>Punto 4. Ordenar que oportunamente se practique examen m\u00e9dico a Jos\u00e9 Eduardo Figueroa  por el Servicio M\u00e9dico del Poder Judicial y se les extraigan los datos gen\u00e9ticos por el Servicio de Biolog\u00eda Molecular del CIF y su posterior inscripci\u00f3n en los bancos de datos gen\u00e9ticos conforme a lo establecido en la Ley Nacional 26.879, modificada por Ley 27.759 y en las leyes provinciales n\u00fameros 7.775 y 8.493, as\u00ed como en el art\u00edculo 9 del decreto reglamentario 734\/16  y en el protocolo de actuaci\u00f3n judicial aprobado por acordada 12.641.  Asimismo, remitir copia de la presente sentencia condenatoria junto con los datos personales y fotograf\u00eda del condenado a la Secretar\u00eda de Derechos Humanos de la Corte de Justicia de Salta en cumplimiento de las acordadas 12.481 y 14.434.<\/p>\n<p>Punto 5. Ordenar que oportunamente se practique por la Oficina Judicial del Juicio del Poder Judicial el correspondiente c\u00f3mputo de pena de conformidad con el art\u00edculo 573 del C\u00f3digo Procesal Penal remiti\u00e9ndose copia de las piezas procesales pertinentes a juzgado de ejecuci\u00f3n de sentencia y detenidos que correspondan  a trav\u00e9s de la Oficina Judicial de Ejecuci\u00f3n en aplicaci\u00f3n de la Ley 24.660 y modificatorias quedando el condenado a su disposici\u00f3n.<\/p>\n<p>Punto 6. No hacer lugar a la solicitud de indemnizaci\u00f3n del da\u00f1o patrimonial  y de las consecuencias no patrimoniales respecto de las v\u00edctimas indirectas del hecho peticionado  por la se\u00f1ora Fiscal Penal UFEM y la se\u00f1ora Asesora de Incapaces n\u00famero 9 en el marco del art\u00edculo 29 inciso II del C\u00f3digo Procesal Penal sin perjuicio de las acciones que pudieran interponerse en sede civil.<\/p>\n<p>Punto 7. Atento a lo peticionado por la se\u00f1ora Asesora de Incapaces n\u00famero 9  remitir copia del presente decisorio al Juzgado en lo Civil de Personas y Familias de Primera Instancia sexta  nominaci\u00f3n en el expediente 847274\/24  donde en fecha 6 de marzo del 2024 se dispuso suspender todo tipo de r\u00e9gimen de comunicaci\u00f3n sea personal, por cualquier medio y\/o por interp\u00f3sita persona  del se\u00f1or Jos\u00e9 Eduardo Figueroa con sus hijos menores de edad  y lo sea hasta tanto recaiga sentencia definitiva en sede penal. Ello bajo apercibimiento de desobediencia judicial a los fines que hubiera lugar toda vez que la presente decisi\u00f3n a\u00fan no se encuentra firme.<\/p>\n<p>Octava.En raz\u00f3n de lo peticionado por las partes acusadoras ordenar que una vez firme el presente fallo  la remisi\u00f3n de copias del informe de autopsia de fecha 10 de agosto del 23 fojas 287-292 y vuelta del legajo fiscal  y del acta de debate del d\u00eda 13 de abril del 26  a la fiscal\u00eda que corresponda respecto de la conducta asumida  por el doctor Daniel Eduardo Dib  a sus efectos y ante la posible comisi\u00f3n del delito previsto por el art\u00edculo 275 del C\u00f3digo Penal  u otro que pudiera corresponder conforme la ley penal de fondo. <\/p>\n<p>Noveno. En raz\u00f3n de lo peticionado por las partes acusadoras  ordenar que una vez firme el presente fallo la remisi\u00f3n de copias del informe de autopsia de fecha 10 de agosto del 23  fojas 287-292 y vuelta del legajo fiscal  y del acta de debate del d\u00eda 13 de abril del 26  al Tribunal de \u00c9tica del Colegio de M\u00e9dicos de la Provincia de Salta a los fines que hubiera lugar.<\/p>\n<p> D\u00e9cimo. En funci\u00f3n de lo peticionado por las partes acusadoras ordenar una vez firme el presente fallo la remisi\u00f3n de copias del informe de autopsia de fecha 10 de agosto del 23  fojas 287-292 y vuelta del legajo fiscal  y del acta de debate del d\u00eda 13 de abril del 26  a la Defensor\u00eda Federal de Salta, Unidad de Defensa Acusatoria Salta a los fines que hubiera lugar. <\/p>\n<p>Once. En raz\u00f3n de lo peticionado por las partes acusadoras  ordenar una vez firme el presente fallo  la remisi\u00f3n de copias del acta de fecha 6 de mayo del 25 de fojas 1196  del informe de reconstrucci\u00f3n virtual de fecha 22 de septiembre del 25 de fojas 1499-1523  del acta de reconstrucci\u00f3n de fecha 8 de abril del 26 de fojas 2138-2139  del acta de debate del d\u00eda 13 de abril del 26 y del informe revetido por el Colegio de Profesionales de Criminal\u00edstica y Criminolog\u00eda de la Provincia de Salta  de fojas 2274  a la Fiscal\u00eda Penal que por zona corresponda respecto de la conducta asumida por el licenciado Enrique Prueger a sus efectos y ante la posible comisi\u00f3n de los delitos previstos por los art\u00edculos 275 y 247 del C\u00f3digo Penal  y u otro que pudiera corresponder conforme la ley de fondo. <\/p>\n<p>Doce. No hacer lugar a la solicitud efectuada por las partes cquerellantes y  de remisi\u00f3n de copias a la Fiscal\u00eda Penal respecto de la conducta asumida por el doctor Rub\u00e9n Osvaldo Navarro  conforme lo valorado en los considerados.<\/p>\n<p>Trece. Hacer conocer a Mar\u00eda del Valle Jim\u00e9nez de los R\u00edos, Sergio Kvedaras  y Francisco Manuel y Mar\u00eda del Rosario  todos ellos de apellido Kvedaras Jim\u00e9nez a  las previsiones del art\u00edculo 11bis de la ley 24.660 y modificatorias. <\/p>\n<p>Catorce. Firma que se encuentra en la presente condena  remitir copia de la sentencia debidamente certificada  al Registro del Estado Civil y Capacidad de las Personas para su toma de raz\u00f3n  atento a lo solicitado por la se\u00f1ora asesora de incapaces  al producirse de pleno derecho la privaci\u00f3n de la responsabilidad parental como consecuencia de la condena firme conforme lo establecido por los art\u00edculos 700bis inciso a del C\u00f3digo Civil y Comercial de la Naci\u00f3n  modificada por ley 27.363.  Asimismo, remitir copia de la presente sentencia a sus efectos  al Juzgado en lo Civil de Personas y Familias de Primera Instancia de sexta nominaci\u00f3n  en el expediente 82-2230\/23<\/p>\n<p> Quince. Firme que se encuentra el presente pronunciamiento  poner a disposici\u00f3n de la se\u00f1ora asesora de incapaces n\u00famero 9  y o de los tutores de los ni\u00f1os B.J.F.K., T.F.K. y V.F.K. copia del mismo a los fines de lo solicitado en el marco de lo dispuesto por la ley 27.452 y normas reglamentarias.<\/p>\n<p>Diecis\u00e9is. Diferir la entrega, descomiso y o destrucci\u00f3n de los objetos secuestrados en autos para el momento en que quede firme la presente sentencia art\u00edculos 23 del C\u00f3digo Penal, 609 concordantes del C\u00f3digo Procesal Penal y ley 7.838. <\/p>\n<p>Diecisiete. Librar oficio a la Direcci\u00f3n de Tecnolog\u00eda e Innovaci\u00f3n del Poder Judicial de Salta a los fines de que recuerde la totalidad de las videograbaciones correspondientes a las audiencias realizadas en la presente causa.<\/p>\n<p>Dieciocho. Diferir la regulaci\u00f3n de los honorarios de los profesionales intervinientes para la oportunidad en que sean requeridos previa acreditaci\u00f3n de que no existe convenio con sus representantes.<\/p>\n<p>Diecinueve.Tener presente la entrega de legajos fiscal.<\/p>\n<p>Veinte. Oficiar a la Jefatura de Polic\u00eda y al Registro Nacional de Reincidencia una vez firme.<\/p>\n<p>Veintiuno. Diferir para el quinto d\u00eda h\u00e1bil posterior a esta audiencia y a horas trece la lectura de los fundamentos que con este veredicto integra en la sentencia. Librando oficio a la Unidad Carcelaria n\u00famero uno a los fines de que realice el traslado del imputado  Jos\u00e9 Eduardo Figueroa para la fecha y hora se\u00f1alada.<\/p>\n<p>Veintid\u00f3s. Quedan las partes legalmente notificadas.<\/p>\n<p>Veintitr\u00e9s.Protocol\u00edcese, notif\u00edquese, of\u00edciese y c\u00famplase para lo cual rem\u00edtase la presente causa al oficio jur\u00eddico.<\/p><\/p>\n","protected":false},"excerpt":{"rendered":"<p>El tribunal integrado por la jueza Cecilia Flores Toranzo y<\/p>\n","protected":false},"author":0,"featured_media":19443,"comment_status":"","ping_status":"","sticky":false,"template":"","format":"standard","meta":{"footnotes":""},"categories":[65],"tags":[],"class_list":["post-19442","post","type-post","status-publish","format-standard","has-post-thumbnail","hentry","category-pais"],"yoast_head":"<!-- This site is optimized with the Yoast SEO plugin v27.5 - https:\/\/yoast.com\/product\/yoast-seo-wordpress\/ -->\n<title>Femicidio en El Tipal: punto por punto, lo que dice el fallo que conden\u00f3 a prisi\u00f3n perpetua a Jos\u00e9 Figueroa por el asesinato de Mercedes Kvedaras - Cuarteto en la Web<\/title>\n<meta name=\"robots\" content=\"index, follow, max-snippet:-1, max-image-preview:large, max-video-preview:-1\" \/>\n<link rel=\"canonical\" href=\"https:\/\/cuartetoenlaweb.com.ar\/sitio\/femicidio-en-el-tipal-punto-por-punto-lo-que-dice-el-fallo-que-condeno-a-prision-perpetua-a-jose-figueroa-por-el-asesinato-de-mercedes-kvedaras\/\" \/>\n<meta property=\"og:locale\" content=\"es_ES\" \/>\n<meta property=\"og:type\" content=\"article\" \/>\n<meta property=\"og:title\" content=\"Femicidio en El Tipal: punto por punto, lo que dice el fallo que conden\u00f3 a prisi\u00f3n perpetua a Jos\u00e9 Figueroa por el asesinato de Mercedes Kvedaras - Cuarteto en la Web\" \/>\n<meta property=\"og:description\" content=\"El tribunal integrado por la jueza Cecilia Flores Toranzo y\" \/>\n<meta property=\"og:url\" content=\"https:\/\/cuartetoenlaweb.com.ar\/sitio\/femicidio-en-el-tipal-punto-por-punto-lo-que-dice-el-fallo-que-condeno-a-prision-perpetua-a-jose-figueroa-por-el-asesinato-de-mercedes-kvedaras\/\" \/>\n<meta property=\"og:site_name\" content=\"Cuarteto en la Web\" \/>\n<meta property=\"article:published_time\" content=\"2026-04-30T20:00:44+00:00\" \/>\n<meta name=\"twitter:card\" content=\"summary_large_image\" \/>\n<meta name=\"twitter:label1\" content=\"Tiempo de lectura\" \/>\n\t<meta name=\"twitter:data1\" content=\"8 minutos\" \/>\n<script type=\"application\/ld+json\" class=\"yoast-schema-graph\">{\"@context\":\"https:\\\/\\\/schema.org\",\"@graph\":[{\"@type\":\"Article\",\"@id\":\"https:\\\/\\\/cuartetoenlaweb.com.ar\\\/sitio\\\/femicidio-en-el-tipal-punto-por-punto-lo-que-dice-el-fallo-que-condeno-a-prision-perpetua-a-jose-figueroa-por-el-asesinato-de-mercedes-kvedaras\\\/#article\",\"isPartOf\":{\"@id\":\"https:\\\/\\\/cuartetoenlaweb.com.ar\\\/sitio\\\/femicidio-en-el-tipal-punto-por-punto-lo-que-dice-el-fallo-que-condeno-a-prision-perpetua-a-jose-figueroa-por-el-asesinato-de-mercedes-kvedaras\\\/\"},\"author\":{\"name\":\"\",\"@id\":\"\"},\"headline\":\"Femicidio en El Tipal: punto por punto, lo que dice el fallo que conden\u00f3 a prisi\u00f3n perpetua a Jos\u00e9 Figueroa por el asesinato de Mercedes Kvedaras\",\"datePublished\":\"2026-04-30T20:00:44+00:00\",\"mainEntityOfPage\":{\"@id\":\"https:\\\/\\\/cuartetoenlaweb.com.ar\\\/sitio\\\/femicidio-en-el-tipal-punto-por-punto-lo-que-dice-el-fallo-que-condeno-a-prision-perpetua-a-jose-figueroa-por-el-asesinato-de-mercedes-kvedaras\\\/\"},\"wordCount\":1549,\"publisher\":{\"@id\":\"http:\\\/\\\/cuartetoenlaweb.com.ar\\\/sitio\\\/#organization\"},\"image\":{\"@id\":\"https:\\\/\\\/cuartetoenlaweb.com.ar\\\/sitio\\\/femicidio-en-el-tipal-punto-por-punto-lo-que-dice-el-fallo-que-condeno-a-prision-perpetua-a-jose-figueroa-por-el-asesinato-de-mercedes-kvedaras\\\/#primaryimage\"},\"thumbnailUrl\":\"https:\\\/\\\/cuartetoenlaweb.com.ar\\\/sitio\\\/wp-content\\\/uploads\\\/2026\\\/04\\\/portadax-219.png\",\"articleSection\":[\"PAIS\"],\"inLanguage\":\"es\"},{\"@type\":\"WebPage\",\"@id\":\"https:\\\/\\\/cuartetoenlaweb.com.ar\\\/sitio\\\/femicidio-en-el-tipal-punto-por-punto-lo-que-dice-el-fallo-que-condeno-a-prision-perpetua-a-jose-figueroa-por-el-asesinato-de-mercedes-kvedaras\\\/\",\"url\":\"https:\\\/\\\/cuartetoenlaweb.com.ar\\\/sitio\\\/femicidio-en-el-tipal-punto-por-punto-lo-que-dice-el-fallo-que-condeno-a-prision-perpetua-a-jose-figueroa-por-el-asesinato-de-mercedes-kvedaras\\\/\",\"name\":\"Femicidio en El Tipal: punto por punto, lo que dice el fallo que conden\u00f3 a prisi\u00f3n perpetua a Jos\u00e9 Figueroa por el asesinato de Mercedes Kvedaras - Cuarteto en la Web\",\"isPartOf\":{\"@id\":\"http:\\\/\\\/cuartetoenlaweb.com.ar\\\/sitio\\\/#website\"},\"primaryImageOfPage\":{\"@id\":\"https:\\\/\\\/cuartetoenlaweb.com.ar\\\/sitio\\\/femicidio-en-el-tipal-punto-por-punto-lo-que-dice-el-fallo-que-condeno-a-prision-perpetua-a-jose-figueroa-por-el-asesinato-de-mercedes-kvedaras\\\/#primaryimage\"},\"image\":{\"@id\":\"https:\\\/\\\/cuartetoenlaweb.com.ar\\\/sitio\\\/femicidio-en-el-tipal-punto-por-punto-lo-que-dice-el-fallo-que-condeno-a-prision-perpetua-a-jose-figueroa-por-el-asesinato-de-mercedes-kvedaras\\\/#primaryimage\"},\"thumbnailUrl\":\"https:\\\/\\\/cuartetoenlaweb.com.ar\\\/sitio\\\/wp-content\\\/uploads\\\/2026\\\/04\\\/portadax-219.png\",\"datePublished\":\"2026-04-30T20:00:44+00:00\",\"breadcrumb\":{\"@id\":\"https:\\\/\\\/cuartetoenlaweb.com.ar\\\/sitio\\\/femicidio-en-el-tipal-punto-por-punto-lo-que-dice-el-fallo-que-condeno-a-prision-perpetua-a-jose-figueroa-por-el-asesinato-de-mercedes-kvedaras\\\/#breadcrumb\"},\"inLanguage\":\"es\",\"potentialAction\":[{\"@type\":\"ReadAction\",\"target\":[\"https:\\\/\\\/cuartetoenlaweb.com.ar\\\/sitio\\\/femicidio-en-el-tipal-punto-por-punto-lo-que-dice-el-fallo-que-condeno-a-prision-perpetua-a-jose-figueroa-por-el-asesinato-de-mercedes-kvedaras\\\/\"]}]},{\"@type\":\"ImageObject\",\"inLanguage\":\"es\",\"@id\":\"https:\\\/\\\/cuartetoenlaweb.com.ar\\\/sitio\\\/femicidio-en-el-tipal-punto-por-punto-lo-que-dice-el-fallo-que-condeno-a-prision-perpetua-a-jose-figueroa-por-el-asesinato-de-mercedes-kvedaras\\\/#primaryimage\",\"url\":\"https:\\\/\\\/cuartetoenlaweb.com.ar\\\/sitio\\\/wp-content\\\/uploads\\\/2026\\\/04\\\/portadax-219.png\",\"contentUrl\":\"https:\\\/\\\/cuartetoenlaweb.com.ar\\\/sitio\\\/wp-content\\\/uploads\\\/2026\\\/04\\\/portadax-219.png\",\"width\":1366,\"height\":768},{\"@type\":\"BreadcrumbList\",\"@id\":\"https:\\\/\\\/cuartetoenlaweb.com.ar\\\/sitio\\\/femicidio-en-el-tipal-punto-por-punto-lo-que-dice-el-fallo-que-condeno-a-prision-perpetua-a-jose-figueroa-por-el-asesinato-de-mercedes-kvedaras\\\/#breadcrumb\",\"itemListElement\":[{\"@type\":\"ListItem\",\"position\":1,\"name\":\"Portada\",\"item\":\"http:\\\/\\\/cuartetoenlaweb.com.ar\\\/sitio\\\/\"},{\"@type\":\"ListItem\",\"position\":2,\"name\":\"Femicidio en El Tipal: punto por punto, lo que dice el fallo que conden\u00f3 a prisi\u00f3n perpetua a Jos\u00e9 Figueroa por el asesinato de Mercedes Kvedaras\"}]},{\"@type\":\"WebSite\",\"@id\":\"http:\\\/\\\/cuartetoenlaweb.com.ar\\\/sitio\\\/#website\",\"url\":\"http:\\\/\\\/cuartetoenlaweb.com.ar\\\/sitio\\\/\",\"name\":\"Cuarteto en la Web\",\"description\":\"\",\"publisher\":{\"@id\":\"http:\\\/\\\/cuartetoenlaweb.com.ar\\\/sitio\\\/#organization\"},\"potentialAction\":[{\"@type\":\"SearchAction\",\"target\":{\"@type\":\"EntryPoint\",\"urlTemplate\":\"http:\\\/\\\/cuartetoenlaweb.com.ar\\\/sitio\\\/?s={search_term_string}\"},\"query-input\":{\"@type\":\"PropertyValueSpecification\",\"valueRequired\":true,\"valueName\":\"search_term_string\"}}],\"inLanguage\":\"es\"},{\"@type\":\"Organization\",\"@id\":\"http:\\\/\\\/cuartetoenlaweb.com.ar\\\/sitio\\\/#organization\",\"name\":\"Cuarteto en la Web\",\"url\":\"http:\\\/\\\/cuartetoenlaweb.com.ar\\\/sitio\\\/\",\"logo\":{\"@type\":\"ImageObject\",\"inLanguage\":\"es\",\"@id\":\"http:\\\/\\\/cuartetoenlaweb.com.ar\\\/sitio\\\/#\\\/schema\\\/logo\\\/image\\\/\",\"url\":\"https:\\\/\\\/cuartetoenlaweb.com.ar\\\/sitio\\\/wp-content\\\/uploads\\\/2025\\\/07\\\/cropped-cropped-logitoweb21.png\",\"contentUrl\":\"https:\\\/\\\/cuartetoenlaweb.com.ar\\\/sitio\\\/wp-content\\\/uploads\\\/2025\\\/07\\\/cropped-cropped-logitoweb21.png\",\"width\":199,\"height\":199,\"caption\":\"Cuarteto en la Web\"},\"image\":{\"@id\":\"http:\\\/\\\/cuartetoenlaweb.com.ar\\\/sitio\\\/#\\\/schema\\\/logo\\\/image\\\/\"}}]}<\/script>\n<!-- \/ Yoast SEO plugin. -->","yoast_head_json":{"title":"Femicidio en El Tipal: punto por punto, lo que dice el fallo que conden\u00f3 a prisi\u00f3n perpetua a Jos\u00e9 Figueroa por el asesinato de Mercedes Kvedaras - Cuarteto en la Web","robots":{"index":"index","follow":"follow","max-snippet":"max-snippet:-1","max-image-preview":"max-image-preview:large","max-video-preview":"max-video-preview:-1"},"canonical":"https:\/\/cuartetoenlaweb.com.ar\/sitio\/femicidio-en-el-tipal-punto-por-punto-lo-que-dice-el-fallo-que-condeno-a-prision-perpetua-a-jose-figueroa-por-el-asesinato-de-mercedes-kvedaras\/","og_locale":"es_ES","og_type":"article","og_title":"Femicidio en El Tipal: punto por punto, lo que dice el fallo que conden\u00f3 a prisi\u00f3n perpetua a Jos\u00e9 Figueroa por el asesinato de Mercedes Kvedaras - Cuarteto en la Web","og_description":"El tribunal integrado por la jueza Cecilia Flores Toranzo y","og_url":"https:\/\/cuartetoenlaweb.com.ar\/sitio\/femicidio-en-el-tipal-punto-por-punto-lo-que-dice-el-fallo-que-condeno-a-prision-perpetua-a-jose-figueroa-por-el-asesinato-de-mercedes-kvedaras\/","og_site_name":"Cuarteto en la Web","article_published_time":"2026-04-30T20:00:44+00:00","twitter_card":"summary_large_image","twitter_misc":{"Tiempo de lectura":"8 minutos"},"schema":{"@context":"https:\/\/schema.org","@graph":[{"@type":"Article","@id":"https:\/\/cuartetoenlaweb.com.ar\/sitio\/femicidio-en-el-tipal-punto-por-punto-lo-que-dice-el-fallo-que-condeno-a-prision-perpetua-a-jose-figueroa-por-el-asesinato-de-mercedes-kvedaras\/#article","isPartOf":{"@id":"https:\/\/cuartetoenlaweb.com.ar\/sitio\/femicidio-en-el-tipal-punto-por-punto-lo-que-dice-el-fallo-que-condeno-a-prision-perpetua-a-jose-figueroa-por-el-asesinato-de-mercedes-kvedaras\/"},"author":{"name":"","@id":""},"headline":"Femicidio en El Tipal: punto por punto, lo que dice el fallo que conden\u00f3 a prisi\u00f3n perpetua a Jos\u00e9 Figueroa por el asesinato de Mercedes Kvedaras","datePublished":"2026-04-30T20:00:44+00:00","mainEntityOfPage":{"@id":"https:\/\/cuartetoenlaweb.com.ar\/sitio\/femicidio-en-el-tipal-punto-por-punto-lo-que-dice-el-fallo-que-condeno-a-prision-perpetua-a-jose-figueroa-por-el-asesinato-de-mercedes-kvedaras\/"},"wordCount":1549,"publisher":{"@id":"http:\/\/cuartetoenlaweb.com.ar\/sitio\/#organization"},"image":{"@id":"https:\/\/cuartetoenlaweb.com.ar\/sitio\/femicidio-en-el-tipal-punto-por-punto-lo-que-dice-el-fallo-que-condeno-a-prision-perpetua-a-jose-figueroa-por-el-asesinato-de-mercedes-kvedaras\/#primaryimage"},"thumbnailUrl":"https:\/\/cuartetoenlaweb.com.ar\/sitio\/wp-content\/uploads\/2026\/04\/portadax-219.png","articleSection":["PAIS"],"inLanguage":"es"},{"@type":"WebPage","@id":"https:\/\/cuartetoenlaweb.com.ar\/sitio\/femicidio-en-el-tipal-punto-por-punto-lo-que-dice-el-fallo-que-condeno-a-prision-perpetua-a-jose-figueroa-por-el-asesinato-de-mercedes-kvedaras\/","url":"https:\/\/cuartetoenlaweb.com.ar\/sitio\/femicidio-en-el-tipal-punto-por-punto-lo-que-dice-el-fallo-que-condeno-a-prision-perpetua-a-jose-figueroa-por-el-asesinato-de-mercedes-kvedaras\/","name":"Femicidio en El Tipal: punto por punto, lo que dice el fallo que conden\u00f3 a prisi\u00f3n perpetua a Jos\u00e9 Figueroa por el asesinato de Mercedes Kvedaras - Cuarteto en la Web","isPartOf":{"@id":"http:\/\/cuartetoenlaweb.com.ar\/sitio\/#website"},"primaryImageOfPage":{"@id":"https:\/\/cuartetoenlaweb.com.ar\/sitio\/femicidio-en-el-tipal-punto-por-punto-lo-que-dice-el-fallo-que-condeno-a-prision-perpetua-a-jose-figueroa-por-el-asesinato-de-mercedes-kvedaras\/#primaryimage"},"image":{"@id":"https:\/\/cuartetoenlaweb.com.ar\/sitio\/femicidio-en-el-tipal-punto-por-punto-lo-que-dice-el-fallo-que-condeno-a-prision-perpetua-a-jose-figueroa-por-el-asesinato-de-mercedes-kvedaras\/#primaryimage"},"thumbnailUrl":"https:\/\/cuartetoenlaweb.com.ar\/sitio\/wp-content\/uploads\/2026\/04\/portadax-219.png","datePublished":"2026-04-30T20:00:44+00:00","breadcrumb":{"@id":"https:\/\/cuartetoenlaweb.com.ar\/sitio\/femicidio-en-el-tipal-punto-por-punto-lo-que-dice-el-fallo-que-condeno-a-prision-perpetua-a-jose-figueroa-por-el-asesinato-de-mercedes-kvedaras\/#breadcrumb"},"inLanguage":"es","potentialAction":[{"@type":"ReadAction","target":["https:\/\/cuartetoenlaweb.com.ar\/sitio\/femicidio-en-el-tipal-punto-por-punto-lo-que-dice-el-fallo-que-condeno-a-prision-perpetua-a-jose-figueroa-por-el-asesinato-de-mercedes-kvedaras\/"]}]},{"@type":"ImageObject","inLanguage":"es","@id":"https:\/\/cuartetoenlaweb.com.ar\/sitio\/femicidio-en-el-tipal-punto-por-punto-lo-que-dice-el-fallo-que-condeno-a-prision-perpetua-a-jose-figueroa-por-el-asesinato-de-mercedes-kvedaras\/#primaryimage","url":"https:\/\/cuartetoenlaweb.com.ar\/sitio\/wp-content\/uploads\/2026\/04\/portadax-219.png","contentUrl":"https:\/\/cuartetoenlaweb.com.ar\/sitio\/wp-content\/uploads\/2026\/04\/portadax-219.png","width":1366,"height":768},{"@type":"BreadcrumbList","@id":"https:\/\/cuartetoenlaweb.com.ar\/sitio\/femicidio-en-el-tipal-punto-por-punto-lo-que-dice-el-fallo-que-condeno-a-prision-perpetua-a-jose-figueroa-por-el-asesinato-de-mercedes-kvedaras\/#breadcrumb","itemListElement":[{"@type":"ListItem","position":1,"name":"Portada","item":"http:\/\/cuartetoenlaweb.com.ar\/sitio\/"},{"@type":"ListItem","position":2,"name":"Femicidio en El Tipal: punto por punto, lo que dice el fallo que conden\u00f3 a prisi\u00f3n perpetua a Jos\u00e9 Figueroa por el asesinato de Mercedes Kvedaras"}]},{"@type":"WebSite","@id":"http:\/\/cuartetoenlaweb.com.ar\/sitio\/#website","url":"http:\/\/cuartetoenlaweb.com.ar\/sitio\/","name":"Cuarteto en la Web","description":"","publisher":{"@id":"http:\/\/cuartetoenlaweb.com.ar\/sitio\/#organization"},"potentialAction":[{"@type":"SearchAction","target":{"@type":"EntryPoint","urlTemplate":"http:\/\/cuartetoenlaweb.com.ar\/sitio\/?s={search_term_string}"},"query-input":{"@type":"PropertyValueSpecification","valueRequired":true,"valueName":"search_term_string"}}],"inLanguage":"es"},{"@type":"Organization","@id":"http:\/\/cuartetoenlaweb.com.ar\/sitio\/#organization","name":"Cuarteto en la Web","url":"http:\/\/cuartetoenlaweb.com.ar\/sitio\/","logo":{"@type":"ImageObject","inLanguage":"es","@id":"http:\/\/cuartetoenlaweb.com.ar\/sitio\/#\/schema\/logo\/image\/","url":"https:\/\/cuartetoenlaweb.com.ar\/sitio\/wp-content\/uploads\/2025\/07\/cropped-cropped-logitoweb21.png","contentUrl":"https:\/\/cuartetoenlaweb.com.ar\/sitio\/wp-content\/uploads\/2025\/07\/cropped-cropped-logitoweb21.png","width":199,"height":199,"caption":"Cuarteto en la Web"},"image":{"@id":"http:\/\/cuartetoenlaweb.com.ar\/sitio\/#\/schema\/logo\/image\/"}}]}},"_links":{"self":[{"href":"https:\/\/cuartetoenlaweb.com.ar\/sitio\/wp-json\/wp\/v2\/posts\/19442","targetHints":{"allow":["GET"]}}],"collection":[{"href":"https:\/\/cuartetoenlaweb.com.ar\/sitio\/wp-json\/wp\/v2\/posts"}],"about":[{"href":"https:\/\/cuartetoenlaweb.com.ar\/sitio\/wp-json\/wp\/v2\/types\/post"}],"replies":[{"embeddable":true,"href":"https:\/\/cuartetoenlaweb.com.ar\/sitio\/wp-json\/wp\/v2\/comments?post=19442"}],"version-history":[{"count":0,"href":"https:\/\/cuartetoenlaweb.com.ar\/sitio\/wp-json\/wp\/v2\/posts\/19442\/revisions"}],"wp:featuredmedia":[{"embeddable":true,"href":"https:\/\/cuartetoenlaweb.com.ar\/sitio\/wp-json\/wp\/v2\/media\/19443"}],"wp:attachment":[{"href":"https:\/\/cuartetoenlaweb.com.ar\/sitio\/wp-json\/wp\/v2\/media?parent=19442"}],"wp:term":[{"taxonomy":"category","embeddable":true,"href":"https:\/\/cuartetoenlaweb.com.ar\/sitio\/wp-json\/wp\/v2\/categories?post=19442"},{"taxonomy":"post_tag","embeddable":true,"href":"https:\/\/cuartetoenlaweb.com.ar\/sitio\/wp-json\/wp\/v2\/tags?post=19442"}],"curies":[{"name":"wp","href":"https:\/\/api.w.org\/{rel}","templated":true}]}}