
{"id":19434,"date":"2026-04-30T17:00:31","date_gmt":"2026-04-30T20:00:31","guid":{"rendered":"https:\/\/cuartetoenlaweb.com.ar\/sitio\/no-como-carne-el-desgarrador-testimonio-de-un-jubilado-de-82-anos-que-se-volvio-viral\/"},"modified":"2026-04-30T17:00:31","modified_gmt":"2026-04-30T20:00:31","slug":"no-como-carne-el-desgarrador-testimonio-de-un-jubilado-de-82-anos-que-se-volvio-viral","status":"publish","type":"post","link":"https:\/\/cuartetoenlaweb.com.ar\/sitio\/no-como-carne-el-desgarrador-testimonio-de-un-jubilado-de-82-anos-que-se-volvio-viral\/","title":{"rendered":"\u201cNo como carne\u201d: el desgarrador testimonio de un jubilado de 82 a\u00f1os que se volvi\u00f3 viral"},"content":{"rendered":"<p>Un jubilado de 82 a\u00f1os se volvi\u00f3 viral en las \u00faltimas horas tras dar un crudo testimonio sobre su situaci\u00f3n econ\u00f3mica, que refleja la realidad de muchos adultos mayores en la Argentina.<\/p>\n<p>\u201cNo me corto el pelo porque es caro. Tengo coche y no lo uso\u201d, relat\u00f3, visiblemente afectado por la imposibilidad de sostener gastos b\u00e1sicos con su jubilaci\u00f3n.<\/p>\n<p>El hombre asegur\u00f3 que percibe alrededor de $400.000 mensuales, un ingreso que, seg\u00fan explic\u00f3, no le alcanza para vivir con dignidad: \u201cLabur\u00e9 toda mi vida como un perro y tengo que vivir as\u00ed. No como carne\u201d.<\/p>\n<p>\u201cTengo un Duna, pero no lo puedo usar. Solo hago seis cuadras para hacer las compras porque mi mujer no puede caminar bien y volver\u201d, expres\u00f3 el hombre.<\/p>\n<p>A pesar de la bronca, el se\u00f1or se contuvo: \u201cNo me desahogo porque voy en cana y aparte no soy maleducado\u201d, expres\u00f3, en un mensaje dirigido al Gobierno y al presidente.<\/p>\n","protected":false},"excerpt":{"rendered":"<p>Un jubilado de 82 a\u00f1os se volvi\u00f3 viral en las<\/p>\n","protected":false},"author":0,"featured_media":19435,"comment_status":"","ping_status":"","sticky":false,"template":"","format":"standard","meta":{"footnotes":""},"categories":[65],"tags":[],"class_list":["post-19434","post","type-post","status-publish","format-standard","has-post-thumbnail","hentry","category-pais"],"yoast_head":"<!-- This site is optimized with the Yoast SEO plugin v27.5 - https:\/\/yoast.com\/product\/yoast-seo-wordpress\/ -->\n<title>\u201cNo como carne\u201d: el desgarrador testimonio de un jubilado de 82 a\u00f1os que se volvi\u00f3 viral - Cuarteto en la Web<\/title>\n<meta name=\"robots\" content=\"index, follow, max-snippet:-1, max-image-preview:large, max-video-preview:-1\" \/>\n<link rel=\"canonical\" href=\"https:\/\/cuartetoenlaweb.com.ar\/sitio\/no-como-carne-el-desgarrador-testimonio-de-un-jubilado-de-82-anos-que-se-volvio-viral\/\" \/>\n<meta property=\"og:locale\" content=\"es_ES\" \/>\n<meta property=\"og:type\" content=\"article\" \/>\n<meta property=\"og:title\" content=\"\u201cNo como carne\u201d: el desgarrador testimonio de un jubilado de 82 a\u00f1os que se volvi\u00f3 viral - Cuarteto en la Web\" \/>\n<meta property=\"og:description\" content=\"Un jubilado de 82 a\u00f1os se volvi\u00f3 viral en las\" \/>\n<meta property=\"og:url\" content=\"https:\/\/cuartetoenlaweb.com.ar\/sitio\/no-como-carne-el-desgarrador-testimonio-de-un-jubilado-de-82-anos-que-se-volvio-viral\/\" \/>\n<meta property=\"og:site_name\" content=\"Cuarteto en la Web\" \/>\n<meta property=\"article:published_time\" content=\"2026-04-30T20:00:31+00:00\" \/>\n<meta name=\"twitter:card\" content=\"summary_large_image\" \/>\n<meta name=\"twitter:label1\" content=\"Tiempo de lectura\" \/>\n\t<meta name=\"twitter:data1\" content=\"1 minuto\" \/>\n<script type=\"application\/ld+json\" class=\"yoast-schema-graph\">{\"@context\":\"https:\\\/\\\/schema.org\",\"@graph\":[{\"@type\":\"Article\",\"@id\":\"https:\\\/\\\/cuartetoenlaweb.com.ar\\\/sitio\\\/no-como-carne-el-desgarrador-testimonio-de-un-jubilado-de-82-anos-que-se-volvio-viral\\\/#article\",\"isPartOf\":{\"@id\":\"https:\\\/\\\/cuartetoenlaweb.com.ar\\\/sitio\\\/no-como-carne-el-desgarrador-testimonio-de-un-jubilado-de-82-anos-que-se-volvio-viral\\\/\"},\"author\":{\"name\":\"\",\"@id\":\"\"},\"headline\":\"\u201cNo como carne\u201d: el desgarrador testimonio de un jubilado de 82 a\u00f1os que se volvi\u00f3 viral\",\"datePublished\":\"2026-04-30T20:00:31+00:00\",\"mainEntityOfPage\":{\"@id\":\"https:\\\/\\\/cuartetoenlaweb.com.ar\\\/sitio\\\/no-como-carne-el-desgarrador-testimonio-de-un-jubilado-de-82-anos-que-se-volvio-viral\\\/\"},\"wordCount\":175,\"publisher\":{\"@id\":\"http:\\\/\\\/cuartetoenlaweb.com.ar\\\/sitio\\\/#organization\"},\"image\":{\"@id\":\"https:\\\/\\\/cuartetoenlaweb.com.ar\\\/sitio\\\/no-como-carne-el-desgarrador-testimonio-de-un-jubilado-de-82-anos-que-se-volvio-viral\\\/#primaryimage\"},\"thumbnailUrl\":\"https:\\\/\\\/cuartetoenlaweb.com.ar\\\/sitio\\\/wp-content\\\/uploads\\\/2026\\\/04\\\/720-727.jpeg\",\"articleSection\":[\"PAIS\"],\"inLanguage\":\"es\"},{\"@type\":\"WebPage\",\"@id\":\"https:\\\/\\\/cuartetoenlaweb.com.ar\\\/sitio\\\/no-como-carne-el-desgarrador-testimonio-de-un-jubilado-de-82-anos-que-se-volvio-viral\\\/\",\"url\":\"https:\\\/\\\/cuartetoenlaweb.com.ar\\\/sitio\\\/no-como-carne-el-desgarrador-testimonio-de-un-jubilado-de-82-anos-que-se-volvio-viral\\\/\",\"name\":\"\u201cNo como carne\u201d: el desgarrador testimonio de un jubilado de 82 a\u00f1os que se volvi\u00f3 viral - Cuarteto en la Web\",\"isPartOf\":{\"@id\":\"http:\\\/\\\/cuartetoenlaweb.com.ar\\\/sitio\\\/#website\"},\"primaryImageOfPage\":{\"@id\":\"https:\\\/\\\/cuartetoenlaweb.com.ar\\\/sitio\\\/no-como-carne-el-desgarrador-testimonio-de-un-jubilado-de-82-anos-que-se-volvio-viral\\\/#primaryimage\"},\"image\":{\"@id\":\"https:\\\/\\\/cuartetoenlaweb.com.ar\\\/sitio\\\/no-como-carne-el-desgarrador-testimonio-de-un-jubilado-de-82-anos-que-se-volvio-viral\\\/#primaryimage\"},\"thumbnailUrl\":\"https:\\\/\\\/cuartetoenlaweb.com.ar\\\/sitio\\\/wp-content\\\/uploads\\\/2026\\\/04\\\/720-727.jpeg\",\"datePublished\":\"2026-04-30T20:00:31+00:00\",\"breadcrumb\":{\"@id\":\"https:\\\/\\\/cuartetoenlaweb.com.ar\\\/sitio\\\/no-como-carne-el-desgarrador-testimonio-de-un-jubilado-de-82-anos-que-se-volvio-viral\\\/#breadcrumb\"},\"inLanguage\":\"es\",\"potentialAction\":[{\"@type\":\"ReadAction\",\"target\":[\"https:\\\/\\\/cuartetoenlaweb.com.ar\\\/sitio\\\/no-como-carne-el-desgarrador-testimonio-de-un-jubilado-de-82-anos-que-se-volvio-viral\\\/\"]}]},{\"@type\":\"ImageObject\",\"inLanguage\":\"es\",\"@id\":\"https:\\\/\\\/cuartetoenlaweb.com.ar\\\/sitio\\\/no-como-carne-el-desgarrador-testimonio-de-un-jubilado-de-82-anos-que-se-volvio-viral\\\/#primaryimage\",\"url\":\"https:\\\/\\\/cuartetoenlaweb.com.ar\\\/sitio\\\/wp-content\\\/uploads\\\/2026\\\/04\\\/720-727.jpeg\",\"contentUrl\":\"https:\\\/\\\/cuartetoenlaweb.com.ar\\\/sitio\\\/wp-content\\\/uploads\\\/2026\\\/04\\\/720-727.jpeg\",\"width\":1280,\"height\":716},{\"@type\":\"BreadcrumbList\",\"@id\":\"https:\\\/\\\/cuartetoenlaweb.com.ar\\\/sitio\\\/no-como-carne-el-desgarrador-testimonio-de-un-jubilado-de-82-anos-que-se-volvio-viral\\\/#breadcrumb\",\"itemListElement\":[{\"@type\":\"ListItem\",\"position\":1,\"name\":\"Portada\",\"item\":\"http:\\\/\\\/cuartetoenlaweb.com.ar\\\/sitio\\\/\"},{\"@type\":\"ListItem\",\"position\":2,\"name\":\"\u201cNo como carne\u201d: el desgarrador testimonio de un jubilado de 82 a\u00f1os que se volvi\u00f3 viral\"}]},{\"@type\":\"WebSite\",\"@id\":\"http:\\\/\\\/cuartetoenlaweb.com.ar\\\/sitio\\\/#website\",\"url\":\"http:\\\/\\\/cuartetoenlaweb.com.ar\\\/sitio\\\/\",\"name\":\"Cuarteto en la Web\",\"description\":\"\",\"publisher\":{\"@id\":\"http:\\\/\\\/cuartetoenlaweb.com.ar\\\/sitio\\\/#organization\"},\"potentialAction\":[{\"@type\":\"SearchAction\",\"target\":{\"@type\":\"EntryPoint\",\"urlTemplate\":\"http:\\\/\\\/cuartetoenlaweb.com.ar\\\/sitio\\\/?s={search_term_string}\"},\"query-input\":{\"@type\":\"PropertyValueSpecification\",\"valueRequired\":true,\"valueName\":\"search_term_string\"}}],\"inLanguage\":\"es\"},{\"@type\":\"Organization\",\"@id\":\"http:\\\/\\\/cuartetoenlaweb.com.ar\\\/sitio\\\/#organization\",\"name\":\"Cuarteto en la Web\",\"url\":\"http:\\\/\\\/cuartetoenlaweb.com.ar\\\/sitio\\\/\",\"logo\":{\"@type\":\"ImageObject\",\"inLanguage\":\"es\",\"@id\":\"http:\\\/\\\/cuartetoenlaweb.com.ar\\\/sitio\\\/#\\\/schema\\\/logo\\\/image\\\/\",\"url\":\"https:\\\/\\\/cuartetoenlaweb.com.ar\\\/sitio\\\/wp-content\\\/uploads\\\/2025\\\/07\\\/cropped-cropped-logitoweb21.png\",\"contentUrl\":\"https:\\\/\\\/cuartetoenlaweb.com.ar\\\/sitio\\\/wp-content\\\/uploads\\\/2025\\\/07\\\/cropped-cropped-logitoweb21.png\",\"width\":199,\"height\":199,\"caption\":\"Cuarteto en la Web\"},\"image\":{\"@id\":\"http:\\\/\\\/cuartetoenlaweb.com.ar\\\/sitio\\\/#\\\/schema\\\/logo\\\/image\\\/\"}}]}<\/script>\n<!-- \/ Yoast SEO plugin. -->","yoast_head_json":{"title":"\u201cNo como carne\u201d: el desgarrador testimonio de un jubilado de 82 a\u00f1os que se volvi\u00f3 viral - Cuarteto en la Web","robots":{"index":"index","follow":"follow","max-snippet":"max-snippet:-1","max-image-preview":"max-image-preview:large","max-video-preview":"max-video-preview:-1"},"canonical":"https:\/\/cuartetoenlaweb.com.ar\/sitio\/no-como-carne-el-desgarrador-testimonio-de-un-jubilado-de-82-anos-que-se-volvio-viral\/","og_locale":"es_ES","og_type":"article","og_title":"\u201cNo como carne\u201d: el desgarrador testimonio de un jubilado de 82 a\u00f1os que se volvi\u00f3 viral - Cuarteto en la Web","og_description":"Un jubilado de 82 a\u00f1os se volvi\u00f3 viral en las","og_url":"https:\/\/cuartetoenlaweb.com.ar\/sitio\/no-como-carne-el-desgarrador-testimonio-de-un-jubilado-de-82-anos-que-se-volvio-viral\/","og_site_name":"Cuarteto en la Web","article_published_time":"2026-04-30T20:00:31+00:00","twitter_card":"summary_large_image","twitter_misc":{"Tiempo de lectura":"1 minuto"},"schema":{"@context":"https:\/\/schema.org","@graph":[{"@type":"Article","@id":"https:\/\/cuartetoenlaweb.com.ar\/sitio\/no-como-carne-el-desgarrador-testimonio-de-un-jubilado-de-82-anos-que-se-volvio-viral\/#article","isPartOf":{"@id":"https:\/\/cuartetoenlaweb.com.ar\/sitio\/no-como-carne-el-desgarrador-testimonio-de-un-jubilado-de-82-anos-que-se-volvio-viral\/"},"author":{"name":"","@id":""},"headline":"\u201cNo como carne\u201d: el desgarrador testimonio de un jubilado de 82 a\u00f1os que se volvi\u00f3 viral","datePublished":"2026-04-30T20:00:31+00:00","mainEntityOfPage":{"@id":"https:\/\/cuartetoenlaweb.com.ar\/sitio\/no-como-carne-el-desgarrador-testimonio-de-un-jubilado-de-82-anos-que-se-volvio-viral\/"},"wordCount":175,"publisher":{"@id":"http:\/\/cuartetoenlaweb.com.ar\/sitio\/#organization"},"image":{"@id":"https:\/\/cuartetoenlaweb.com.ar\/sitio\/no-como-carne-el-desgarrador-testimonio-de-un-jubilado-de-82-anos-que-se-volvio-viral\/#primaryimage"},"thumbnailUrl":"https:\/\/cuartetoenlaweb.com.ar\/sitio\/wp-content\/uploads\/2026\/04\/720-727.jpeg","articleSection":["PAIS"],"inLanguage":"es"},{"@type":"WebPage","@id":"https:\/\/cuartetoenlaweb.com.ar\/sitio\/no-como-carne-el-desgarrador-testimonio-de-un-jubilado-de-82-anos-que-se-volvio-viral\/","url":"https:\/\/cuartetoenlaweb.com.ar\/sitio\/no-como-carne-el-desgarrador-testimonio-de-un-jubilado-de-82-anos-que-se-volvio-viral\/","name":"\u201cNo como carne\u201d: el desgarrador testimonio de un jubilado de 82 a\u00f1os que se volvi\u00f3 viral - Cuarteto en la Web","isPartOf":{"@id":"http:\/\/cuartetoenlaweb.com.ar\/sitio\/#website"},"primaryImageOfPage":{"@id":"https:\/\/cuartetoenlaweb.com.ar\/sitio\/no-como-carne-el-desgarrador-testimonio-de-un-jubilado-de-82-anos-que-se-volvio-viral\/#primaryimage"},"image":{"@id":"https:\/\/cuartetoenlaweb.com.ar\/sitio\/no-como-carne-el-desgarrador-testimonio-de-un-jubilado-de-82-anos-que-se-volvio-viral\/#primaryimage"},"thumbnailUrl":"https:\/\/cuartetoenlaweb.com.ar\/sitio\/wp-content\/uploads\/2026\/04\/720-727.jpeg","datePublished":"2026-04-30T20:00:31+00:00","breadcrumb":{"@id":"https:\/\/cuartetoenlaweb.com.ar\/sitio\/no-como-carne-el-desgarrador-testimonio-de-un-jubilado-de-82-anos-que-se-volvio-viral\/#breadcrumb"},"inLanguage":"es","potentialAction":[{"@type":"ReadAction","target":["https:\/\/cuartetoenlaweb.com.ar\/sitio\/no-como-carne-el-desgarrador-testimonio-de-un-jubilado-de-82-anos-que-se-volvio-viral\/"]}]},{"@type":"ImageObject","inLanguage":"es","@id":"https:\/\/cuartetoenlaweb.com.ar\/sitio\/no-como-carne-el-desgarrador-testimonio-de-un-jubilado-de-82-anos-que-se-volvio-viral\/#primaryimage","url":"https:\/\/cuartetoenlaweb.com.ar\/sitio\/wp-content\/uploads\/2026\/04\/720-727.jpeg","contentUrl":"https:\/\/cuartetoenlaweb.com.ar\/sitio\/wp-content\/uploads\/2026\/04\/720-727.jpeg","width":1280,"height":716},{"@type":"BreadcrumbList","@id":"https:\/\/cuartetoenlaweb.com.ar\/sitio\/no-como-carne-el-desgarrador-testimonio-de-un-jubilado-de-82-anos-que-se-volvio-viral\/#breadcrumb","itemListElement":[{"@type":"ListItem","position":1,"name":"Portada","item":"http:\/\/cuartetoenlaweb.com.ar\/sitio\/"},{"@type":"ListItem","position":2,"name":"\u201cNo como carne\u201d: el desgarrador testimonio de un jubilado de 82 a\u00f1os que se volvi\u00f3 viral"}]},{"@type":"WebSite","@id":"http:\/\/cuartetoenlaweb.com.ar\/sitio\/#website","url":"http:\/\/cuartetoenlaweb.com.ar\/sitio\/","name":"Cuarteto en la Web","description":"","publisher":{"@id":"http:\/\/cuartetoenlaweb.com.ar\/sitio\/#organization"},"potentialAction":[{"@type":"SearchAction","target":{"@type":"EntryPoint","urlTemplate":"http:\/\/cuartetoenlaweb.com.ar\/sitio\/?s={search_term_string}"},"query-input":{"@type":"PropertyValueSpecification","valueRequired":true,"valueName":"search_term_string"}}],"inLanguage":"es"},{"@type":"Organization","@id":"http:\/\/cuartetoenlaweb.com.ar\/sitio\/#organization","name":"Cuarteto en la Web","url":"http:\/\/cuartetoenlaweb.com.ar\/sitio\/","logo":{"@type":"ImageObject","inLanguage":"es","@id":"http:\/\/cuartetoenlaweb.com.ar\/sitio\/#\/schema\/logo\/image\/","url":"https:\/\/cuartetoenlaweb.com.ar\/sitio\/wp-content\/uploads\/2025\/07\/cropped-cropped-logitoweb21.png","contentUrl":"https:\/\/cuartetoenlaweb.com.ar\/sitio\/wp-content\/uploads\/2025\/07\/cropped-cropped-logitoweb21.png","width":199,"height":199,"caption":"Cuarteto en la Web"},"image":{"@id":"http:\/\/cuartetoenlaweb.com.ar\/sitio\/#\/schema\/logo\/image\/"}}]}},"_links":{"self":[{"href":"https:\/\/cuartetoenlaweb.com.ar\/sitio\/wp-json\/wp\/v2\/posts\/19434","targetHints":{"allow":["GET"]}}],"collection":[{"href":"https:\/\/cuartetoenlaweb.com.ar\/sitio\/wp-json\/wp\/v2\/posts"}],"about":[{"href":"https:\/\/cuartetoenlaweb.com.ar\/sitio\/wp-json\/wp\/v2\/types\/post"}],"replies":[{"embeddable":true,"href":"https:\/\/cuartetoenlaweb.com.ar\/sitio\/wp-json\/wp\/v2\/comments?post=19434"}],"version-history":[{"count":0,"href":"https:\/\/cuartetoenlaweb.com.ar\/sitio\/wp-json\/wp\/v2\/posts\/19434\/revisions"}],"wp:featuredmedia":[{"embeddable":true,"href":"https:\/\/cuartetoenlaweb.com.ar\/sitio\/wp-json\/wp\/v2\/media\/19435"}],"wp:attachment":[{"href":"https:\/\/cuartetoenlaweb.com.ar\/sitio\/wp-json\/wp\/v2\/media?parent=19434"}],"wp:term":[{"taxonomy":"category","embeddable":true,"href":"https:\/\/cuartetoenlaweb.com.ar\/sitio\/wp-json\/wp\/v2\/categories?post=19434"},{"taxonomy":"post_tag","embeddable":true,"href":"https:\/\/cuartetoenlaweb.com.ar\/sitio\/wp-json\/wp\/v2\/tags?post=19434"}],"curies":[{"name":"wp","href":"https:\/\/api.w.org\/{rel}","templated":true}]}}