
{"id":19432,"date":"2026-04-30T17:00:28","date_gmt":"2026-04-30T20:00:28","guid":{"rendered":"https:\/\/cuartetoenlaweb.com.ar\/sitio\/la-notable-respuesta-de-jon-heguier-a-milei-en-la-comision-de-libertad-de-expresion-en-diputados\/"},"modified":"2026-04-30T17:00:28","modified_gmt":"2026-04-30T20:00:28","slug":"la-notable-respuesta-de-jon-heguier-a-milei-en-la-comision-de-libertad-de-expresion-en-diputados","status":"publish","type":"post","link":"https:\/\/cuartetoenlaweb.com.ar\/sitio\/la-notable-respuesta-de-jon-heguier-a-milei-en-la-comision-de-libertad-de-expresion-en-diputados\/","title":{"rendered":"La notable respuesta de Jon Heguier a Milei en la Comisi\u00f3n de Libertad de Expresi\u00f3n en Diputados"},"content":{"rendered":"<p>Con datos, el periodista Jon Heguier se present\u00f3 ante la Comisi\u00f3n de Libertad de Expresi\u00f3n de la C\u00e1mara de Diputados con motivo del cierre de la Sala de Prensa de Casa Rosada hace una semana, en un hecho in\u00e9dito en la democracia del pa\u00eds.<\/p>\n<p>All\u00ed, le respondi\u00f3 de manera impecable a las agresiones del presidente Javier Milei y a los ataques de su Gobierno a la prensa. <\/p>\n<p>\u201cHace 24 horas lo escuchamos a Javier Milei gritarnos \u2018chorros, corruptos\u2019. Yo quiero dar algunos datos sobre que los periodistas somos eso y millonarios, y que tenemos una vida espectacular\u201d, dijo Heguier, trabajador de El Destape y La Charlita. <\/p>\n<p>As\u00ed, advirti\u00f3: \u201cEl 70.5 por ciento de los periodistas cobr\u00f3 por debajo de la l\u00ednea de la pobreza, el 43 por debajo incluyendo la suma de todos sus empleos. Y a solo un 4.8 le alcanza para vivir. Estos es para terminar con el mito ese\u201d. <\/p>\n<p>Y concluy\u00f3: \u201cEstoy acreditado en Casa Rosada hace varios, lo que vi a partir de esta gesti\u00f3n, es un plan que fue creciendo d\u00eda a d\u00eda\u201d. <\/p>\n<p>Son ocho minutos de una altura notable.<\/p>\n","protected":false},"excerpt":{"rendered":"<p>Con datos, el periodista Jon Heguier se present\u00f3 ante la<\/p>\n","protected":false},"author":0,"featured_media":19433,"comment_status":"","ping_status":"","sticky":false,"template":"","format":"standard","meta":{"footnotes":""},"categories":[65],"tags":[],"class_list":["post-19432","post","type-post","status-publish","format-standard","has-post-thumbnail","hentry","category-pais"],"yoast_head":"<!-- This site is optimized with the Yoast SEO plugin v27.5 - https:\/\/yoast.com\/product\/yoast-seo-wordpress\/ -->\n<title>La notable respuesta de Jon Heguier a Milei en la Comisi\u00f3n de Libertad de Expresi\u00f3n en Diputados - Cuarteto en la Web<\/title>\n<meta name=\"robots\" content=\"index, follow, max-snippet:-1, max-image-preview:large, max-video-preview:-1\" \/>\n<link rel=\"canonical\" href=\"https:\/\/cuartetoenlaweb.com.ar\/sitio\/la-notable-respuesta-de-jon-heguier-a-milei-en-la-comision-de-libertad-de-expresion-en-diputados\/\" \/>\n<meta property=\"og:locale\" content=\"es_ES\" \/>\n<meta property=\"og:type\" content=\"article\" \/>\n<meta property=\"og:title\" content=\"La notable respuesta de Jon Heguier a Milei en la Comisi\u00f3n de Libertad de Expresi\u00f3n en Diputados - Cuarteto en la Web\" \/>\n<meta property=\"og:description\" content=\"Con datos, el periodista Jon Heguier se present\u00f3 ante la\" \/>\n<meta property=\"og:url\" content=\"https:\/\/cuartetoenlaweb.com.ar\/sitio\/la-notable-respuesta-de-jon-heguier-a-milei-en-la-comision-de-libertad-de-expresion-en-diputados\/\" \/>\n<meta property=\"og:site_name\" content=\"Cuarteto en la Web\" \/>\n<meta property=\"article:published_time\" content=\"2026-04-30T20:00:28+00:00\" \/>\n<meta name=\"twitter:card\" content=\"summary_large_image\" \/>\n<meta name=\"twitter:label1\" content=\"Tiempo de lectura\" \/>\n\t<meta name=\"twitter:data1\" content=\"1 minuto\" \/>\n<script type=\"application\/ld+json\" class=\"yoast-schema-graph\">{\"@context\":\"https:\\\/\\\/schema.org\",\"@graph\":[{\"@type\":\"Article\",\"@id\":\"https:\\\/\\\/cuartetoenlaweb.com.ar\\\/sitio\\\/la-notable-respuesta-de-jon-heguier-a-milei-en-la-comision-de-libertad-de-expresion-en-diputados\\\/#article\",\"isPartOf\":{\"@id\":\"https:\\\/\\\/cuartetoenlaweb.com.ar\\\/sitio\\\/la-notable-respuesta-de-jon-heguier-a-milei-en-la-comision-de-libertad-de-expresion-en-diputados\\\/\"},\"author\":{\"name\":\"\",\"@id\":\"\"},\"headline\":\"La notable respuesta de Jon Heguier a Milei en la Comisi\u00f3n de Libertad de Expresi\u00f3n en Diputados\",\"datePublished\":\"2026-04-30T20:00:28+00:00\",\"mainEntityOfPage\":{\"@id\":\"https:\\\/\\\/cuartetoenlaweb.com.ar\\\/sitio\\\/la-notable-respuesta-de-jon-heguier-a-milei-en-la-comision-de-libertad-de-expresion-en-diputados\\\/\"},\"wordCount\":209,\"publisher\":{\"@id\":\"http:\\\/\\\/cuartetoenlaweb.com.ar\\\/sitio\\\/#organization\"},\"image\":{\"@id\":\"https:\\\/\\\/cuartetoenlaweb.com.ar\\\/sitio\\\/la-notable-respuesta-de-jon-heguier-a-milei-en-la-comision-de-libertad-de-expresion-en-diputados\\\/#primaryimage\"},\"thumbnailUrl\":\"https:\\\/\\\/cuartetoenlaweb.com.ar\\\/sitio\\\/wp-content\\\/uploads\\\/2026\\\/04\\\/720-726.jpeg\",\"articleSection\":[\"PAIS\"],\"inLanguage\":\"es\"},{\"@type\":\"WebPage\",\"@id\":\"https:\\\/\\\/cuartetoenlaweb.com.ar\\\/sitio\\\/la-notable-respuesta-de-jon-heguier-a-milei-en-la-comision-de-libertad-de-expresion-en-diputados\\\/\",\"url\":\"https:\\\/\\\/cuartetoenlaweb.com.ar\\\/sitio\\\/la-notable-respuesta-de-jon-heguier-a-milei-en-la-comision-de-libertad-de-expresion-en-diputados\\\/\",\"name\":\"La notable respuesta de Jon Heguier a Milei en la Comisi\u00f3n de Libertad de Expresi\u00f3n en Diputados - Cuarteto en la Web\",\"isPartOf\":{\"@id\":\"http:\\\/\\\/cuartetoenlaweb.com.ar\\\/sitio\\\/#website\"},\"primaryImageOfPage\":{\"@id\":\"https:\\\/\\\/cuartetoenlaweb.com.ar\\\/sitio\\\/la-notable-respuesta-de-jon-heguier-a-milei-en-la-comision-de-libertad-de-expresion-en-diputados\\\/#primaryimage\"},\"image\":{\"@id\":\"https:\\\/\\\/cuartetoenlaweb.com.ar\\\/sitio\\\/la-notable-respuesta-de-jon-heguier-a-milei-en-la-comision-de-libertad-de-expresion-en-diputados\\\/#primaryimage\"},\"thumbnailUrl\":\"https:\\\/\\\/cuartetoenlaweb.com.ar\\\/sitio\\\/wp-content\\\/uploads\\\/2026\\\/04\\\/720-726.jpeg\",\"datePublished\":\"2026-04-30T20:00:28+00:00\",\"breadcrumb\":{\"@id\":\"https:\\\/\\\/cuartetoenlaweb.com.ar\\\/sitio\\\/la-notable-respuesta-de-jon-heguier-a-milei-en-la-comision-de-libertad-de-expresion-en-diputados\\\/#breadcrumb\"},\"inLanguage\":\"es\",\"potentialAction\":[{\"@type\":\"ReadAction\",\"target\":[\"https:\\\/\\\/cuartetoenlaweb.com.ar\\\/sitio\\\/la-notable-respuesta-de-jon-heguier-a-milei-en-la-comision-de-libertad-de-expresion-en-diputados\\\/\"]}]},{\"@type\":\"ImageObject\",\"inLanguage\":\"es\",\"@id\":\"https:\\\/\\\/cuartetoenlaweb.com.ar\\\/sitio\\\/la-notable-respuesta-de-jon-heguier-a-milei-en-la-comision-de-libertad-de-expresion-en-diputados\\\/#primaryimage\",\"url\":\"https:\\\/\\\/cuartetoenlaweb.com.ar\\\/sitio\\\/wp-content\\\/uploads\\\/2026\\\/04\\\/720-726.jpeg\",\"contentUrl\":\"https:\\\/\\\/cuartetoenlaweb.com.ar\\\/sitio\\\/wp-content\\\/uploads\\\/2026\\\/04\\\/720-726.jpeg\",\"width\":1280,\"height\":574},{\"@type\":\"BreadcrumbList\",\"@id\":\"https:\\\/\\\/cuartetoenlaweb.com.ar\\\/sitio\\\/la-notable-respuesta-de-jon-heguier-a-milei-en-la-comision-de-libertad-de-expresion-en-diputados\\\/#breadcrumb\",\"itemListElement\":[{\"@type\":\"ListItem\",\"position\":1,\"name\":\"Portada\",\"item\":\"http:\\\/\\\/cuartetoenlaweb.com.ar\\\/sitio\\\/\"},{\"@type\":\"ListItem\",\"position\":2,\"name\":\"La notable respuesta de Jon Heguier a Milei en la Comisi\u00f3n de Libertad de Expresi\u00f3n en Diputados\"}]},{\"@type\":\"WebSite\",\"@id\":\"http:\\\/\\\/cuartetoenlaweb.com.ar\\\/sitio\\\/#website\",\"url\":\"http:\\\/\\\/cuartetoenlaweb.com.ar\\\/sitio\\\/\",\"name\":\"Cuarteto en la Web\",\"description\":\"\",\"publisher\":{\"@id\":\"http:\\\/\\\/cuartetoenlaweb.com.ar\\\/sitio\\\/#organization\"},\"potentialAction\":[{\"@type\":\"SearchAction\",\"target\":{\"@type\":\"EntryPoint\",\"urlTemplate\":\"http:\\\/\\\/cuartetoenlaweb.com.ar\\\/sitio\\\/?s={search_term_string}\"},\"query-input\":{\"@type\":\"PropertyValueSpecification\",\"valueRequired\":true,\"valueName\":\"search_term_string\"}}],\"inLanguage\":\"es\"},{\"@type\":\"Organization\",\"@id\":\"http:\\\/\\\/cuartetoenlaweb.com.ar\\\/sitio\\\/#organization\",\"name\":\"Cuarteto en la Web\",\"url\":\"http:\\\/\\\/cuartetoenlaweb.com.ar\\\/sitio\\\/\",\"logo\":{\"@type\":\"ImageObject\",\"inLanguage\":\"es\",\"@id\":\"http:\\\/\\\/cuartetoenlaweb.com.ar\\\/sitio\\\/#\\\/schema\\\/logo\\\/image\\\/\",\"url\":\"https:\\\/\\\/cuartetoenlaweb.com.ar\\\/sitio\\\/wp-content\\\/uploads\\\/2025\\\/07\\\/cropped-cropped-logitoweb21.png\",\"contentUrl\":\"https:\\\/\\\/cuartetoenlaweb.com.ar\\\/sitio\\\/wp-content\\\/uploads\\\/2025\\\/07\\\/cropped-cropped-logitoweb21.png\",\"width\":199,\"height\":199,\"caption\":\"Cuarteto en la Web\"},\"image\":{\"@id\":\"http:\\\/\\\/cuartetoenlaweb.com.ar\\\/sitio\\\/#\\\/schema\\\/logo\\\/image\\\/\"}}]}<\/script>\n<!-- \/ Yoast SEO plugin. -->","yoast_head_json":{"title":"La notable respuesta de Jon Heguier a Milei en la Comisi\u00f3n de Libertad de Expresi\u00f3n en Diputados - Cuarteto en la Web","robots":{"index":"index","follow":"follow","max-snippet":"max-snippet:-1","max-image-preview":"max-image-preview:large","max-video-preview":"max-video-preview:-1"},"canonical":"https:\/\/cuartetoenlaweb.com.ar\/sitio\/la-notable-respuesta-de-jon-heguier-a-milei-en-la-comision-de-libertad-de-expresion-en-diputados\/","og_locale":"es_ES","og_type":"article","og_title":"La notable respuesta de Jon Heguier a Milei en la Comisi\u00f3n de Libertad de Expresi\u00f3n en Diputados - Cuarteto en la Web","og_description":"Con datos, el periodista Jon Heguier se present\u00f3 ante la","og_url":"https:\/\/cuartetoenlaweb.com.ar\/sitio\/la-notable-respuesta-de-jon-heguier-a-milei-en-la-comision-de-libertad-de-expresion-en-diputados\/","og_site_name":"Cuarteto en la Web","article_published_time":"2026-04-30T20:00:28+00:00","twitter_card":"summary_large_image","twitter_misc":{"Tiempo de lectura":"1 minuto"},"schema":{"@context":"https:\/\/schema.org","@graph":[{"@type":"Article","@id":"https:\/\/cuartetoenlaweb.com.ar\/sitio\/la-notable-respuesta-de-jon-heguier-a-milei-en-la-comision-de-libertad-de-expresion-en-diputados\/#article","isPartOf":{"@id":"https:\/\/cuartetoenlaweb.com.ar\/sitio\/la-notable-respuesta-de-jon-heguier-a-milei-en-la-comision-de-libertad-de-expresion-en-diputados\/"},"author":{"name":"","@id":""},"headline":"La notable respuesta de Jon Heguier a Milei en la Comisi\u00f3n de Libertad de Expresi\u00f3n en Diputados","datePublished":"2026-04-30T20:00:28+00:00","mainEntityOfPage":{"@id":"https:\/\/cuartetoenlaweb.com.ar\/sitio\/la-notable-respuesta-de-jon-heguier-a-milei-en-la-comision-de-libertad-de-expresion-en-diputados\/"},"wordCount":209,"publisher":{"@id":"http:\/\/cuartetoenlaweb.com.ar\/sitio\/#organization"},"image":{"@id":"https:\/\/cuartetoenlaweb.com.ar\/sitio\/la-notable-respuesta-de-jon-heguier-a-milei-en-la-comision-de-libertad-de-expresion-en-diputados\/#primaryimage"},"thumbnailUrl":"https:\/\/cuartetoenlaweb.com.ar\/sitio\/wp-content\/uploads\/2026\/04\/720-726.jpeg","articleSection":["PAIS"],"inLanguage":"es"},{"@type":"WebPage","@id":"https:\/\/cuartetoenlaweb.com.ar\/sitio\/la-notable-respuesta-de-jon-heguier-a-milei-en-la-comision-de-libertad-de-expresion-en-diputados\/","url":"https:\/\/cuartetoenlaweb.com.ar\/sitio\/la-notable-respuesta-de-jon-heguier-a-milei-en-la-comision-de-libertad-de-expresion-en-diputados\/","name":"La notable respuesta de Jon Heguier a Milei en la Comisi\u00f3n de Libertad de Expresi\u00f3n en Diputados - Cuarteto en la Web","isPartOf":{"@id":"http:\/\/cuartetoenlaweb.com.ar\/sitio\/#website"},"primaryImageOfPage":{"@id":"https:\/\/cuartetoenlaweb.com.ar\/sitio\/la-notable-respuesta-de-jon-heguier-a-milei-en-la-comision-de-libertad-de-expresion-en-diputados\/#primaryimage"},"image":{"@id":"https:\/\/cuartetoenlaweb.com.ar\/sitio\/la-notable-respuesta-de-jon-heguier-a-milei-en-la-comision-de-libertad-de-expresion-en-diputados\/#primaryimage"},"thumbnailUrl":"https:\/\/cuartetoenlaweb.com.ar\/sitio\/wp-content\/uploads\/2026\/04\/720-726.jpeg","datePublished":"2026-04-30T20:00:28+00:00","breadcrumb":{"@id":"https:\/\/cuartetoenlaweb.com.ar\/sitio\/la-notable-respuesta-de-jon-heguier-a-milei-en-la-comision-de-libertad-de-expresion-en-diputados\/#breadcrumb"},"inLanguage":"es","potentialAction":[{"@type":"ReadAction","target":["https:\/\/cuartetoenlaweb.com.ar\/sitio\/la-notable-respuesta-de-jon-heguier-a-milei-en-la-comision-de-libertad-de-expresion-en-diputados\/"]}]},{"@type":"ImageObject","inLanguage":"es","@id":"https:\/\/cuartetoenlaweb.com.ar\/sitio\/la-notable-respuesta-de-jon-heguier-a-milei-en-la-comision-de-libertad-de-expresion-en-diputados\/#primaryimage","url":"https:\/\/cuartetoenlaweb.com.ar\/sitio\/wp-content\/uploads\/2026\/04\/720-726.jpeg","contentUrl":"https:\/\/cuartetoenlaweb.com.ar\/sitio\/wp-content\/uploads\/2026\/04\/720-726.jpeg","width":1280,"height":574},{"@type":"BreadcrumbList","@id":"https:\/\/cuartetoenlaweb.com.ar\/sitio\/la-notable-respuesta-de-jon-heguier-a-milei-en-la-comision-de-libertad-de-expresion-en-diputados\/#breadcrumb","itemListElement":[{"@type":"ListItem","position":1,"name":"Portada","item":"http:\/\/cuartetoenlaweb.com.ar\/sitio\/"},{"@type":"ListItem","position":2,"name":"La notable respuesta de Jon Heguier a Milei en la Comisi\u00f3n de Libertad de Expresi\u00f3n en Diputados"}]},{"@type":"WebSite","@id":"http:\/\/cuartetoenlaweb.com.ar\/sitio\/#website","url":"http:\/\/cuartetoenlaweb.com.ar\/sitio\/","name":"Cuarteto en la Web","description":"","publisher":{"@id":"http:\/\/cuartetoenlaweb.com.ar\/sitio\/#organization"},"potentialAction":[{"@type":"SearchAction","target":{"@type":"EntryPoint","urlTemplate":"http:\/\/cuartetoenlaweb.com.ar\/sitio\/?s={search_term_string}"},"query-input":{"@type":"PropertyValueSpecification","valueRequired":true,"valueName":"search_term_string"}}],"inLanguage":"es"},{"@type":"Organization","@id":"http:\/\/cuartetoenlaweb.com.ar\/sitio\/#organization","name":"Cuarteto en la Web","url":"http:\/\/cuartetoenlaweb.com.ar\/sitio\/","logo":{"@type":"ImageObject","inLanguage":"es","@id":"http:\/\/cuartetoenlaweb.com.ar\/sitio\/#\/schema\/logo\/image\/","url":"https:\/\/cuartetoenlaweb.com.ar\/sitio\/wp-content\/uploads\/2025\/07\/cropped-cropped-logitoweb21.png","contentUrl":"https:\/\/cuartetoenlaweb.com.ar\/sitio\/wp-content\/uploads\/2025\/07\/cropped-cropped-logitoweb21.png","width":199,"height":199,"caption":"Cuarteto en la Web"},"image":{"@id":"http:\/\/cuartetoenlaweb.com.ar\/sitio\/#\/schema\/logo\/image\/"}}]}},"_links":{"self":[{"href":"https:\/\/cuartetoenlaweb.com.ar\/sitio\/wp-json\/wp\/v2\/posts\/19432","targetHints":{"allow":["GET"]}}],"collection":[{"href":"https:\/\/cuartetoenlaweb.com.ar\/sitio\/wp-json\/wp\/v2\/posts"}],"about":[{"href":"https:\/\/cuartetoenlaweb.com.ar\/sitio\/wp-json\/wp\/v2\/types\/post"}],"replies":[{"embeddable":true,"href":"https:\/\/cuartetoenlaweb.com.ar\/sitio\/wp-json\/wp\/v2\/comments?post=19432"}],"version-history":[{"count":0,"href":"https:\/\/cuartetoenlaweb.com.ar\/sitio\/wp-json\/wp\/v2\/posts\/19432\/revisions"}],"wp:featuredmedia":[{"embeddable":true,"href":"https:\/\/cuartetoenlaweb.com.ar\/sitio\/wp-json\/wp\/v2\/media\/19433"}],"wp:attachment":[{"href":"https:\/\/cuartetoenlaweb.com.ar\/sitio\/wp-json\/wp\/v2\/media?parent=19432"}],"wp:term":[{"taxonomy":"category","embeddable":true,"href":"https:\/\/cuartetoenlaweb.com.ar\/sitio\/wp-json\/wp\/v2\/categories?post=19432"},{"taxonomy":"post_tag","embeddable":true,"href":"https:\/\/cuartetoenlaweb.com.ar\/sitio\/wp-json\/wp\/v2\/tags?post=19432"}],"curies":[{"name":"wp","href":"https:\/\/api.w.org\/{rel}","templated":true}]}}