
{"id":19428,"date":"2026-04-30T17:00:19","date_gmt":"2026-04-30T20:00:19","guid":{"rendered":"https:\/\/cuartetoenlaweb.com.ar\/sitio\/asi-es-la-escapada-a-las-termas-que-estan-en-neuquen-y-son-perfectas-para-pasar-el-frio\/"},"modified":"2026-04-30T17:00:19","modified_gmt":"2026-04-30T20:00:19","slug":"asi-es-la-escapada-a-las-termas-que-estan-en-neuquen-y-son-perfectas-para-pasar-el-frio","status":"publish","type":"post","link":"https:\/\/cuartetoenlaweb.com.ar\/sitio\/asi-es-la-escapada-a-las-termas-que-estan-en-neuquen-y-son-perfectas-para-pasar-el-frio\/","title":{"rendered":"As\u00ed es la escapada a las termas que est\u00e1n en Neuqu\u00e9n y son perfectas para pasar el fr\u00edo"},"content":{"rendered":"<p>Con la llegada de los primeros fr\u00edos de este oto\u00f1o, Neuqu\u00e9n se posiciona como el refugio ideal para quienes buscan combinar paisajes de alta monta\u00f1a con el placer terap\u00e9utico del agua caliente. En un rinc\u00f3n privilegiado de la cordillera, existe un complejo termal que parece dise\u00f1ado para contrastar con las bajas temperaturas de la temporada, ideal para Escapadas relajantes.<\/p>\n<p>Los visitantes pueden disfrutar de circuitos que aprovechan las propiedades minerales del suelo andino, en un entorno donde el vapor de las piletas se funde con la neblina de la monta\u00f1a. A continuaci\u00f3n, te invitamos a descubrir los detalles de este para\u00edso termal.<\/p>\n<p>C\u00d3MO ES LA ESCAPADA MENDOCINA QUE TODOS DESTACAN PARA PASAR EL FR\u00cdO<\/p>\n<p>En este oto\u00f1o, las Termas de Copahue se consolidan como el destino definitivo para quienes buscan combatir los primeros fr\u00edos con una experiencia de sanaci\u00f3n profunda.<\/p>\n<p>Ubicadas al noroeste de Neuqu\u00e9n, a unos 380 kil\u00f3metros de la capital provincial y en plena cordillera, estas termas son \u00fanicas en el mundo por la variedad y calidad de sus recursos naturales, como barros, aguas y vapores de origen volc\u00e1nico.<\/p>\n<p>Al ser un complejo administrado por el Estado provincial (EPROTEN), ofrece una propuesta que equilibra la excelencia m\u00e9dica con la accesibilidad, destac\u00e1ndose por sus tarifas competitivas y descuentos especiales de hasta el 50% para jubilados y pensionados.<\/p>\n<p>La temporada en Copahue es limitada y se extiende de noviembre a mayo, por lo que estas semanas representan la \u00faltima oportunidad del a\u00f1o para disfrutar de sus beneficios antes del cierre invernal.<\/p>\n<p>M\u00e1s all\u00e1 de los tratamientos de rehabilitaci\u00f3n y est\u00e9tica, la escapada se complementa con el entorno m\u00edstico de Caviahue-Copahue, donde el aire puro de la monta\u00f1a y la gastronom\u00eda regional, con el chivito criollo como protagonista, invitan a una desconexi\u00f3n total del estr\u00e9s urbano.<\/p>\n","protected":false},"excerpt":{"rendered":"<p>Con la llegada de los primeros fr\u00edos de este oto\u00f1o,<\/p>\n","protected":false},"author":0,"featured_media":19429,"comment_status":"","ping_status":"","sticky":false,"template":"","format":"standard","meta":{"footnotes":""},"categories":[65],"tags":[],"class_list":["post-19428","post","type-post","status-publish","format-standard","has-post-thumbnail","hentry","category-pais"],"yoast_head":"<!-- This site is optimized with the Yoast SEO plugin v27.5 - https:\/\/yoast.com\/product\/yoast-seo-wordpress\/ -->\n<title>As\u00ed es la escapada a las termas que est\u00e1n en Neuqu\u00e9n y son perfectas para pasar el fr\u00edo - Cuarteto en la Web<\/title>\n<meta name=\"robots\" content=\"index, follow, max-snippet:-1, max-image-preview:large, max-video-preview:-1\" \/>\n<link rel=\"canonical\" href=\"https:\/\/cuartetoenlaweb.com.ar\/sitio\/asi-es-la-escapada-a-las-termas-que-estan-en-neuquen-y-son-perfectas-para-pasar-el-frio\/\" \/>\n<meta property=\"og:locale\" content=\"es_ES\" \/>\n<meta property=\"og:type\" content=\"article\" \/>\n<meta property=\"og:title\" content=\"As\u00ed es la escapada a las termas que est\u00e1n en Neuqu\u00e9n y son perfectas para pasar el fr\u00edo - Cuarteto en la Web\" \/>\n<meta property=\"og:description\" content=\"Con la llegada de los primeros fr\u00edos de este oto\u00f1o,\" \/>\n<meta property=\"og:url\" content=\"https:\/\/cuartetoenlaweb.com.ar\/sitio\/asi-es-la-escapada-a-las-termas-que-estan-en-neuquen-y-son-perfectas-para-pasar-el-frio\/\" \/>\n<meta property=\"og:site_name\" content=\"Cuarteto en la Web\" \/>\n<meta property=\"article:published_time\" content=\"2026-04-30T20:00:19+00:00\" \/>\n<meta name=\"twitter:card\" content=\"summary_large_image\" \/>\n<meta name=\"twitter:label1\" content=\"Tiempo de lectura\" \/>\n\t<meta name=\"twitter:data1\" content=\"2 minutos\" \/>\n<script type=\"application\/ld+json\" class=\"yoast-schema-graph\">{\"@context\":\"https:\\\/\\\/schema.org\",\"@graph\":[{\"@type\":\"Article\",\"@id\":\"https:\\\/\\\/cuartetoenlaweb.com.ar\\\/sitio\\\/asi-es-la-escapada-a-las-termas-que-estan-en-neuquen-y-son-perfectas-para-pasar-el-frio\\\/#article\",\"isPartOf\":{\"@id\":\"https:\\\/\\\/cuartetoenlaweb.com.ar\\\/sitio\\\/asi-es-la-escapada-a-las-termas-que-estan-en-neuquen-y-son-perfectas-para-pasar-el-frio\\\/\"},\"author\":{\"name\":\"\",\"@id\":\"\"},\"headline\":\"As\u00ed es la escapada a las termas que est\u00e1n en Neuqu\u00e9n y son perfectas para pasar el fr\u00edo\",\"datePublished\":\"2026-04-30T20:00:19+00:00\",\"mainEntityOfPage\":{\"@id\":\"https:\\\/\\\/cuartetoenlaweb.com.ar\\\/sitio\\\/asi-es-la-escapada-a-las-termas-que-estan-en-neuquen-y-son-perfectas-para-pasar-el-frio\\\/\"},\"wordCount\":343,\"publisher\":{\"@id\":\"http:\\\/\\\/cuartetoenlaweb.com.ar\\\/sitio\\\/#organization\"},\"image\":{\"@id\":\"https:\\\/\\\/cuartetoenlaweb.com.ar\\\/sitio\\\/asi-es-la-escapada-a-las-termas-que-estan-en-neuquen-y-son-perfectas-para-pasar-el-frio\\\/#primaryimage\"},\"thumbnailUrl\":\"https:\\\/\\\/cuartetoenlaweb.com.ar\\\/sitio\\\/wp-content\\\/uploads\\\/2026\\\/04\\\/720-724.jpeg\",\"articleSection\":[\"PAIS\"],\"inLanguage\":\"es\"},{\"@type\":\"WebPage\",\"@id\":\"https:\\\/\\\/cuartetoenlaweb.com.ar\\\/sitio\\\/asi-es-la-escapada-a-las-termas-que-estan-en-neuquen-y-son-perfectas-para-pasar-el-frio\\\/\",\"url\":\"https:\\\/\\\/cuartetoenlaweb.com.ar\\\/sitio\\\/asi-es-la-escapada-a-las-termas-que-estan-en-neuquen-y-son-perfectas-para-pasar-el-frio\\\/\",\"name\":\"As\u00ed es la escapada a las termas que est\u00e1n en Neuqu\u00e9n y son perfectas para pasar el fr\u00edo - Cuarteto en la Web\",\"isPartOf\":{\"@id\":\"http:\\\/\\\/cuartetoenlaweb.com.ar\\\/sitio\\\/#website\"},\"primaryImageOfPage\":{\"@id\":\"https:\\\/\\\/cuartetoenlaweb.com.ar\\\/sitio\\\/asi-es-la-escapada-a-las-termas-que-estan-en-neuquen-y-son-perfectas-para-pasar-el-frio\\\/#primaryimage\"},\"image\":{\"@id\":\"https:\\\/\\\/cuartetoenlaweb.com.ar\\\/sitio\\\/asi-es-la-escapada-a-las-termas-que-estan-en-neuquen-y-son-perfectas-para-pasar-el-frio\\\/#primaryimage\"},\"thumbnailUrl\":\"https:\\\/\\\/cuartetoenlaweb.com.ar\\\/sitio\\\/wp-content\\\/uploads\\\/2026\\\/04\\\/720-724.jpeg\",\"datePublished\":\"2026-04-30T20:00:19+00:00\",\"breadcrumb\":{\"@id\":\"https:\\\/\\\/cuartetoenlaweb.com.ar\\\/sitio\\\/asi-es-la-escapada-a-las-termas-que-estan-en-neuquen-y-son-perfectas-para-pasar-el-frio\\\/#breadcrumb\"},\"inLanguage\":\"es\",\"potentialAction\":[{\"@type\":\"ReadAction\",\"target\":[\"https:\\\/\\\/cuartetoenlaweb.com.ar\\\/sitio\\\/asi-es-la-escapada-a-las-termas-que-estan-en-neuquen-y-son-perfectas-para-pasar-el-frio\\\/\"]}]},{\"@type\":\"ImageObject\",\"inLanguage\":\"es\",\"@id\":\"https:\\\/\\\/cuartetoenlaweb.com.ar\\\/sitio\\\/asi-es-la-escapada-a-las-termas-que-estan-en-neuquen-y-son-perfectas-para-pasar-el-frio\\\/#primaryimage\",\"url\":\"https:\\\/\\\/cuartetoenlaweb.com.ar\\\/sitio\\\/wp-content\\\/uploads\\\/2026\\\/04\\\/720-724.jpeg\",\"contentUrl\":\"https:\\\/\\\/cuartetoenlaweb.com.ar\\\/sitio\\\/wp-content\\\/uploads\\\/2026\\\/04\\\/720-724.jpeg\",\"width\":1280,\"height\":720},{\"@type\":\"BreadcrumbList\",\"@id\":\"https:\\\/\\\/cuartetoenlaweb.com.ar\\\/sitio\\\/asi-es-la-escapada-a-las-termas-que-estan-en-neuquen-y-son-perfectas-para-pasar-el-frio\\\/#breadcrumb\",\"itemListElement\":[{\"@type\":\"ListItem\",\"position\":1,\"name\":\"Portada\",\"item\":\"http:\\\/\\\/cuartetoenlaweb.com.ar\\\/sitio\\\/\"},{\"@type\":\"ListItem\",\"position\":2,\"name\":\"As\u00ed es la escapada a las termas que est\u00e1n en Neuqu\u00e9n y son perfectas para pasar el fr\u00edo\"}]},{\"@type\":\"WebSite\",\"@id\":\"http:\\\/\\\/cuartetoenlaweb.com.ar\\\/sitio\\\/#website\",\"url\":\"http:\\\/\\\/cuartetoenlaweb.com.ar\\\/sitio\\\/\",\"name\":\"Cuarteto en la Web\",\"description\":\"\",\"publisher\":{\"@id\":\"http:\\\/\\\/cuartetoenlaweb.com.ar\\\/sitio\\\/#organization\"},\"potentialAction\":[{\"@type\":\"SearchAction\",\"target\":{\"@type\":\"EntryPoint\",\"urlTemplate\":\"http:\\\/\\\/cuartetoenlaweb.com.ar\\\/sitio\\\/?s={search_term_string}\"},\"query-input\":{\"@type\":\"PropertyValueSpecification\",\"valueRequired\":true,\"valueName\":\"search_term_string\"}}],\"inLanguage\":\"es\"},{\"@type\":\"Organization\",\"@id\":\"http:\\\/\\\/cuartetoenlaweb.com.ar\\\/sitio\\\/#organization\",\"name\":\"Cuarteto en la Web\",\"url\":\"http:\\\/\\\/cuartetoenlaweb.com.ar\\\/sitio\\\/\",\"logo\":{\"@type\":\"ImageObject\",\"inLanguage\":\"es\",\"@id\":\"http:\\\/\\\/cuartetoenlaweb.com.ar\\\/sitio\\\/#\\\/schema\\\/logo\\\/image\\\/\",\"url\":\"https:\\\/\\\/cuartetoenlaweb.com.ar\\\/sitio\\\/wp-content\\\/uploads\\\/2025\\\/07\\\/cropped-cropped-logitoweb21.png\",\"contentUrl\":\"https:\\\/\\\/cuartetoenlaweb.com.ar\\\/sitio\\\/wp-content\\\/uploads\\\/2025\\\/07\\\/cropped-cropped-logitoweb21.png\",\"width\":199,\"height\":199,\"caption\":\"Cuarteto en la Web\"},\"image\":{\"@id\":\"http:\\\/\\\/cuartetoenlaweb.com.ar\\\/sitio\\\/#\\\/schema\\\/logo\\\/image\\\/\"}}]}<\/script>\n<!-- \/ Yoast SEO plugin. -->","yoast_head_json":{"title":"As\u00ed es la escapada a las termas que est\u00e1n en Neuqu\u00e9n y son perfectas para pasar el fr\u00edo - Cuarteto en la Web","robots":{"index":"index","follow":"follow","max-snippet":"max-snippet:-1","max-image-preview":"max-image-preview:large","max-video-preview":"max-video-preview:-1"},"canonical":"https:\/\/cuartetoenlaweb.com.ar\/sitio\/asi-es-la-escapada-a-las-termas-que-estan-en-neuquen-y-son-perfectas-para-pasar-el-frio\/","og_locale":"es_ES","og_type":"article","og_title":"As\u00ed es la escapada a las termas que est\u00e1n en Neuqu\u00e9n y son perfectas para pasar el fr\u00edo - Cuarteto en la Web","og_description":"Con la llegada de los primeros fr\u00edos de este oto\u00f1o,","og_url":"https:\/\/cuartetoenlaweb.com.ar\/sitio\/asi-es-la-escapada-a-las-termas-que-estan-en-neuquen-y-son-perfectas-para-pasar-el-frio\/","og_site_name":"Cuarteto en la Web","article_published_time":"2026-04-30T20:00:19+00:00","twitter_card":"summary_large_image","twitter_misc":{"Tiempo de lectura":"2 minutos"},"schema":{"@context":"https:\/\/schema.org","@graph":[{"@type":"Article","@id":"https:\/\/cuartetoenlaweb.com.ar\/sitio\/asi-es-la-escapada-a-las-termas-que-estan-en-neuquen-y-son-perfectas-para-pasar-el-frio\/#article","isPartOf":{"@id":"https:\/\/cuartetoenlaweb.com.ar\/sitio\/asi-es-la-escapada-a-las-termas-que-estan-en-neuquen-y-son-perfectas-para-pasar-el-frio\/"},"author":{"name":"","@id":""},"headline":"As\u00ed es la escapada a las termas que est\u00e1n en Neuqu\u00e9n y son perfectas para pasar el fr\u00edo","datePublished":"2026-04-30T20:00:19+00:00","mainEntityOfPage":{"@id":"https:\/\/cuartetoenlaweb.com.ar\/sitio\/asi-es-la-escapada-a-las-termas-que-estan-en-neuquen-y-son-perfectas-para-pasar-el-frio\/"},"wordCount":343,"publisher":{"@id":"http:\/\/cuartetoenlaweb.com.ar\/sitio\/#organization"},"image":{"@id":"https:\/\/cuartetoenlaweb.com.ar\/sitio\/asi-es-la-escapada-a-las-termas-que-estan-en-neuquen-y-son-perfectas-para-pasar-el-frio\/#primaryimage"},"thumbnailUrl":"https:\/\/cuartetoenlaweb.com.ar\/sitio\/wp-content\/uploads\/2026\/04\/720-724.jpeg","articleSection":["PAIS"],"inLanguage":"es"},{"@type":"WebPage","@id":"https:\/\/cuartetoenlaweb.com.ar\/sitio\/asi-es-la-escapada-a-las-termas-que-estan-en-neuquen-y-son-perfectas-para-pasar-el-frio\/","url":"https:\/\/cuartetoenlaweb.com.ar\/sitio\/asi-es-la-escapada-a-las-termas-que-estan-en-neuquen-y-son-perfectas-para-pasar-el-frio\/","name":"As\u00ed es la escapada a las termas que est\u00e1n en Neuqu\u00e9n y son perfectas para pasar el fr\u00edo - Cuarteto en la Web","isPartOf":{"@id":"http:\/\/cuartetoenlaweb.com.ar\/sitio\/#website"},"primaryImageOfPage":{"@id":"https:\/\/cuartetoenlaweb.com.ar\/sitio\/asi-es-la-escapada-a-las-termas-que-estan-en-neuquen-y-son-perfectas-para-pasar-el-frio\/#primaryimage"},"image":{"@id":"https:\/\/cuartetoenlaweb.com.ar\/sitio\/asi-es-la-escapada-a-las-termas-que-estan-en-neuquen-y-son-perfectas-para-pasar-el-frio\/#primaryimage"},"thumbnailUrl":"https:\/\/cuartetoenlaweb.com.ar\/sitio\/wp-content\/uploads\/2026\/04\/720-724.jpeg","datePublished":"2026-04-30T20:00:19+00:00","breadcrumb":{"@id":"https:\/\/cuartetoenlaweb.com.ar\/sitio\/asi-es-la-escapada-a-las-termas-que-estan-en-neuquen-y-son-perfectas-para-pasar-el-frio\/#breadcrumb"},"inLanguage":"es","potentialAction":[{"@type":"ReadAction","target":["https:\/\/cuartetoenlaweb.com.ar\/sitio\/asi-es-la-escapada-a-las-termas-que-estan-en-neuquen-y-son-perfectas-para-pasar-el-frio\/"]}]},{"@type":"ImageObject","inLanguage":"es","@id":"https:\/\/cuartetoenlaweb.com.ar\/sitio\/asi-es-la-escapada-a-las-termas-que-estan-en-neuquen-y-son-perfectas-para-pasar-el-frio\/#primaryimage","url":"https:\/\/cuartetoenlaweb.com.ar\/sitio\/wp-content\/uploads\/2026\/04\/720-724.jpeg","contentUrl":"https:\/\/cuartetoenlaweb.com.ar\/sitio\/wp-content\/uploads\/2026\/04\/720-724.jpeg","width":1280,"height":720},{"@type":"BreadcrumbList","@id":"https:\/\/cuartetoenlaweb.com.ar\/sitio\/asi-es-la-escapada-a-las-termas-que-estan-en-neuquen-y-son-perfectas-para-pasar-el-frio\/#breadcrumb","itemListElement":[{"@type":"ListItem","position":1,"name":"Portada","item":"http:\/\/cuartetoenlaweb.com.ar\/sitio\/"},{"@type":"ListItem","position":2,"name":"As\u00ed es la escapada a las termas que est\u00e1n en Neuqu\u00e9n y son perfectas para pasar el fr\u00edo"}]},{"@type":"WebSite","@id":"http:\/\/cuartetoenlaweb.com.ar\/sitio\/#website","url":"http:\/\/cuartetoenlaweb.com.ar\/sitio\/","name":"Cuarteto en la Web","description":"","publisher":{"@id":"http:\/\/cuartetoenlaweb.com.ar\/sitio\/#organization"},"potentialAction":[{"@type":"SearchAction","target":{"@type":"EntryPoint","urlTemplate":"http:\/\/cuartetoenlaweb.com.ar\/sitio\/?s={search_term_string}"},"query-input":{"@type":"PropertyValueSpecification","valueRequired":true,"valueName":"search_term_string"}}],"inLanguage":"es"},{"@type":"Organization","@id":"http:\/\/cuartetoenlaweb.com.ar\/sitio\/#organization","name":"Cuarteto en la Web","url":"http:\/\/cuartetoenlaweb.com.ar\/sitio\/","logo":{"@type":"ImageObject","inLanguage":"es","@id":"http:\/\/cuartetoenlaweb.com.ar\/sitio\/#\/schema\/logo\/image\/","url":"https:\/\/cuartetoenlaweb.com.ar\/sitio\/wp-content\/uploads\/2025\/07\/cropped-cropped-logitoweb21.png","contentUrl":"https:\/\/cuartetoenlaweb.com.ar\/sitio\/wp-content\/uploads\/2025\/07\/cropped-cropped-logitoweb21.png","width":199,"height":199,"caption":"Cuarteto en la Web"},"image":{"@id":"http:\/\/cuartetoenlaweb.com.ar\/sitio\/#\/schema\/logo\/image\/"}}]}},"_links":{"self":[{"href":"https:\/\/cuartetoenlaweb.com.ar\/sitio\/wp-json\/wp\/v2\/posts\/19428","targetHints":{"allow":["GET"]}}],"collection":[{"href":"https:\/\/cuartetoenlaweb.com.ar\/sitio\/wp-json\/wp\/v2\/posts"}],"about":[{"href":"https:\/\/cuartetoenlaweb.com.ar\/sitio\/wp-json\/wp\/v2\/types\/post"}],"replies":[{"embeddable":true,"href":"https:\/\/cuartetoenlaweb.com.ar\/sitio\/wp-json\/wp\/v2\/comments?post=19428"}],"version-history":[{"count":0,"href":"https:\/\/cuartetoenlaweb.com.ar\/sitio\/wp-json\/wp\/v2\/posts\/19428\/revisions"}],"wp:featuredmedia":[{"embeddable":true,"href":"https:\/\/cuartetoenlaweb.com.ar\/sitio\/wp-json\/wp\/v2\/media\/19429"}],"wp:attachment":[{"href":"https:\/\/cuartetoenlaweb.com.ar\/sitio\/wp-json\/wp\/v2\/media?parent=19428"}],"wp:term":[{"taxonomy":"category","embeddable":true,"href":"https:\/\/cuartetoenlaweb.com.ar\/sitio\/wp-json\/wp\/v2\/categories?post=19428"},{"taxonomy":"post_tag","embeddable":true,"href":"https:\/\/cuartetoenlaweb.com.ar\/sitio\/wp-json\/wp\/v2\/tags?post=19428"}],"curies":[{"name":"wp","href":"https:\/\/api.w.org\/{rel}","templated":true}]}}