
{"id":19422,"date":"2026-04-30T15:59:47","date_gmt":"2026-04-30T18:59:47","guid":{"rendered":"https:\/\/cuartetoenlaweb.com.ar\/sitio\/benito-fernandez-se-transformo-en-el-primer-famoso-arrepentido-de-votar-a-milei-decir-que-estoy-defraudado-es-poco\/"},"modified":"2026-04-30T15:59:47","modified_gmt":"2026-04-30T18:59:47","slug":"benito-fernandez-se-transformo-en-el-primer-famoso-arrepentido-de-votar-a-milei-decir-que-estoy-defraudado-es-poco","status":"publish","type":"post","link":"https:\/\/cuartetoenlaweb.com.ar\/sitio\/benito-fernandez-se-transformo-en-el-primer-famoso-arrepentido-de-votar-a-milei-decir-que-estoy-defraudado-es-poco\/","title":{"rendered":"Benito Fern\u00e1ndez se transform\u00f3 en el primer famoso arrepentido de votar a Milei: &quot;Decir que estoy defraudado es poco&quot;"},"content":{"rendered":"<p>La reciente entrega de los Mart\u00edn Fierro gener\u00f3 una encendida defensa \u00abde la industria textil nacional\u00bb de algunos participantes que ganaron sus premios y lo mencionaron en su discurso, incluso con alguna pol\u00e9mica: Pampita, por ejemplo, expres\u00f3 ese sentimiento enfundada en un mega lujoso dise\u00f1o de la venezolana radicada en Nueva York Carolina Herrera. \u00abTiene que ser coherente, que use algo de ac\u00e1 si va a decir eso\u00bb le gritaron. El modisto Benito Fern\u00e1ndez se sum\u00f3 al pedido con una aclaraci\u00f3n especial: vot\u00f3 a Milei y, con el diario del lunes, se arrepinti\u00f3.<\/p>\n<p>La industria en general pero la textil en particular (por la ropa a costo muy bajo que viene desde China y otros pa\u00edses del sudeste asi\u00e1tico) atraviesan un per\u00edodo de retracci\u00f3n como pocos en la historia. La \u00abmotosierra\u00bb -que ha golpeado el bolsillo de un enorme porcentaje de trabajadores- y los productos que llegan desde el extranjero la pusieron contra las cuerdas y sus exponentes est\u00e1n saliendo a hablar. Algunos, como Benito, al borde de la desesperaci\u00f3n o de un ataque de nervios. <\/p>\n<p>El lunes, para hablar de los \u00abmejores y peores vestidos\u00bb de la gala organizada por APTRA, el programa de Moria Cas\u00e1n convoc\u00f3 a Benito y a la pareja Puchetta-Paz. Pero lo que pasa con ellos no pudo evadirse y en menor o mayor medida los tres pidieron \u00abno beneficios, pero tampoco que nos aniquilen como est\u00e1 pasando ahora\u00bb. El m\u00e1s fervoroso fue Benito, quien pr\u00e1cticamente la emprendi\u00f3 a gritos contra la \u00abpol\u00edtica industrial\u00bb del gobierno. <\/p>\n<div class=\"mt-box \">\n<h4 class=\"mt-heading\">Mir\u00e1 Tambi\u00e9n<\/h4>\n<p><a href=\"https:\/\/www.paparazzi.com.ar\/romances\/urgente-aparecio-gonzalo-heredia-y-confirmo-todo-lo-que-pasa-con-brenda-gandini-hasta-mi-papa\/\"><\/p>\n<div class=\"mt-content\">\n<div class=\"mt-image-container\"><img decoding=\"async\" src=\"https:\/\/www.paparazzi.com.ar\/wp-content\/uploads\/2026\/04\/HEREDIA-1-359x226.jpg\" alt=\"\u00a1Urgente! Apareci\u00f3 Gonzalo Heredia y confirm\u00f3 todo lo que pasa con Brenda Gandini: &quot;Hasta mi pap\u00e1...&quot;\" class=\"mt-image\" loading=\"lazy\" \/><\/div>\n<h5 class=\"mt-title\">\u00a1Urgente! Apareci\u00f3 Gonzalo Heredia y confirm\u00f3 todo lo que pasa con Brenda Gandini: \u00abHasta mi pap\u00e1&#8230;\u00bb<\/h5>\n<\/div>\n<p><\/a><\/div>\n<p> Alrededor de lo que dijo Benito se arm\u00f3 controversia, por supuesto. Unos estuvieron a favor y otros en contra. La famosa grieta, presente una vez m\u00e1s. Hubo tanto ruido alrededor de eso que el dise\u00f1ador fue invitado por Infobae para dar un reportaje. Y all\u00ed sentado fue que anunci\u00f3 que le solt\u00f3 la mano a Milei, un \u00abfen\u00f3meno\u00bb que est\u00e1n empezando a advertir algunos sondeos o relevamientos de opini\u00f3n.<\/p>\n<h2 class=\"wp-block-heading\">AGOBIADO POR LA FENOMENAL CRISIS DE LA INDUSTRIA TEXTIL, BENITO FERNANDEZ SE ARREPINTIO DE VOTAR A MILEI<\/h2>\n<p>\u00abSe me puso en un lugar de enfrentamiento con el gobierno y esa no era la idea\u00bb aclar\u00f3 Fern\u00e1ndez, quien est\u00e1 pr\u00f3ximo a sacar una l\u00ednea de vinos en un nuevo intento por generar ingresos y sortear a la abundante malaria que agobia a la econom\u00eda. Fue entonces que solt\u00f3 la afirmaci\u00f3n que retumb\u00f3 m\u00e1s que cualquier otra. \u00abYo vot\u00e9 este gobierno, pero obviamente no lo volver\u00eda a hacer\u00bb. \u00bfEl primer arrepentido? Probablemente.<\/p>\n<p>\u00abVan a tener que buscar mi voto en otra persona. No s\u00e9, ac\u00e1, yo me ofrec\u00ed para ayudarlos\u00bb agreg\u00f3. Cuando el periodista le pregunt\u00f3 si era \u00abun desencantado\u00bb, Benito fue cotundente. \u00abTe qued\u00e1s corto porque hirieron una industria que es la que yo amo hace 40 a\u00f1os. Yo me fund\u00ed tres veces, en 2011, en 2020 y en 2024, con lo cual yo estoy sentado aqu\u00ed por mi industria, no por mi\u00bb respondi\u00f3.<\/p>\n<div class=\"mt-box \">\n<h4 class=\"mt-heading\">Mir\u00e1 Tambi\u00e9n<\/h4>\n<p><a href=\"https:\/\/www.paparazzi.com.ar\/romances\/lo-queria-mas-wanda-o-lo-quiere-mas-la-china-el-video-y-la-foto-que-abrieron-una-gran-discusion-en-torno-a-mauro-icardi\/\"><\/p>\n<div class=\"mt-content\">\n<div class=\"mt-image-container\"><img decoding=\"async\" src=\"https:\/\/www.paparazzi.com.ar\/wp-content\/uploads\/2026\/04\/Icardi-China-Wanda-1-359x226.jpg\" alt=\"\u00bfLo quer\u00eda m\u00e1s Wanda o lo quiere m\u00e1s la China? El video y la foto que abrieron una gran discusi\u00f3n en torno a Mauro Icardi\" class=\"mt-image\" loading=\"lazy\" \/><\/div>\n<h5 class=\"mt-title\">\u00bfLo quer\u00eda m\u00e1s Wanda o lo quiere m\u00e1s la China? El video y la foto que abrieron una gran discusi\u00f3n en torno a Mauro Icardi<\/h5>\n<\/div>\n<p><\/a><\/div>\n<div class=\"mt-box \">\n<h4 class=\"mt-heading\">Mir\u00e1 Tambi\u00e9n<\/h4>\n<p><a href=\"https:\/\/www.paparazzi.com.ar\/romances\/la-separacion-de-guido-kaczka-y-flor-bertotti-la-infidelidad-mas-dolorosa-de-la-historia-y-la-novela-maldita-que-marco-el-final\/\"><\/p>\n<div class=\"mt-content\">\n<div class=\"mt-image-container\"><img decoding=\"async\" src=\"https:\/\/www.paparazzi.com.ar\/wp-content\/uploads\/2026\/04\/Flor-Bertotti-Guido-Kaczka-y-Federico-Amador-portada-Archivo-359x226.jpg\" alt=\"La separaci\u00f3n de Guido Kaczka y Flor Bertotti: la infidelidad m\u00e1s dolorosa de la historia y la novela maldita que marc\u00f3 el final\" class=\"mt-image\" loading=\"lazy\" \/><\/div>\n<h5 class=\"mt-title\">La separaci\u00f3n de Guido Kaczka y Flor Bertotti: la infidelidad m\u00e1s dolorosa de la historia y la novela maldita que marc\u00f3 el final<\/h5>\n<\/div>\n<p><\/a><\/div>\n<\/p>\n<p>The post <a href=\"https:\/\/www.paparazzi.com.ar\/teve\/benito-fernandez-se-arrepintio-de-votar-a-javier-milei\/\">Benito Fern\u00e1ndez se transform\u00f3 en el primer famoso arrepentido de votar a Milei: &quot;Decir que estoy defraudado es poco&quot;<\/a> appeared first on <a href=\"https:\/\/www.paparazzi.com.ar\">Revista Paparazzi<\/a>.<\/p>\n","protected":false},"excerpt":{"rendered":"<p>La reciente entrega de los Mart\u00edn Fierro gener\u00f3 una encendida<\/p>\n","protected":false},"author":0,"featured_media":19423,"comment_status":"","ping_status":"","sticky":false,"template":"","format":"standard","meta":{"footnotes":""},"categories":[12],"tags":[],"class_list":["post-19422","post","type-post","status-publish","format-standard","has-post-thumbnail","hentry","category-espectaculo"],"yoast_head":"<!-- This site is optimized with the Yoast SEO plugin v27.5 - https:\/\/yoast.com\/product\/yoast-seo-wordpress\/ -->\n<title>Benito Fern\u00e1ndez se transform\u00f3 en el primer famoso arrepentido de votar a Milei: &quot;Decir que estoy defraudado es poco&quot; - Cuarteto en la Web<\/title>\n<meta name=\"robots\" content=\"index, follow, max-snippet:-1, max-image-preview:large, max-video-preview:-1\" \/>\n<link rel=\"canonical\" href=\"https:\/\/cuartetoenlaweb.com.ar\/sitio\/benito-fernandez-se-transformo-en-el-primer-famoso-arrepentido-de-votar-a-milei-decir-que-estoy-defraudado-es-poco\/\" \/>\n<meta property=\"og:locale\" content=\"es_ES\" \/>\n<meta property=\"og:type\" content=\"article\" \/>\n<meta property=\"og:title\" content=\"Benito Fern\u00e1ndez se transform\u00f3 en el primer famoso arrepentido de votar a Milei: &quot;Decir que estoy defraudado es poco&quot; - Cuarteto en la Web\" \/>\n<meta property=\"og:description\" content=\"La reciente entrega de los Mart\u00edn Fierro gener\u00f3 una encendida\" \/>\n<meta property=\"og:url\" content=\"https:\/\/cuartetoenlaweb.com.ar\/sitio\/benito-fernandez-se-transformo-en-el-primer-famoso-arrepentido-de-votar-a-milei-decir-que-estoy-defraudado-es-poco\/\" \/>\n<meta property=\"og:site_name\" content=\"Cuarteto en la Web\" \/>\n<meta property=\"article:published_time\" content=\"2026-04-30T18:59:47+00:00\" \/>\n<meta property=\"og:image\" content=\"https:\/\/www.paparazzi.com.ar\/wp-content\/uploads\/2026\/04\/HEREDIA-1-359x226.jpg\" \/>\n<meta name=\"twitter:card\" content=\"summary_large_image\" \/>\n<meta name=\"twitter:label1\" content=\"Tiempo de lectura\" \/>\n\t<meta name=\"twitter:data1\" content=\"3 minutos\" \/>\n<script type=\"application\/ld+json\" class=\"yoast-schema-graph\">{\"@context\":\"https:\\\/\\\/schema.org\",\"@graph\":[{\"@type\":\"Article\",\"@id\":\"https:\\\/\\\/cuartetoenlaweb.com.ar\\\/sitio\\\/benito-fernandez-se-transformo-en-el-primer-famoso-arrepentido-de-votar-a-milei-decir-que-estoy-defraudado-es-poco\\\/#article\",\"isPartOf\":{\"@id\":\"https:\\\/\\\/cuartetoenlaweb.com.ar\\\/sitio\\\/benito-fernandez-se-transformo-en-el-primer-famoso-arrepentido-de-votar-a-milei-decir-que-estoy-defraudado-es-poco\\\/\"},\"author\":{\"name\":\"\",\"@id\":\"\"},\"headline\":\"Benito Fern\u00e1ndez se transform\u00f3 en el primer famoso arrepentido de votar a Milei: &quot;Decir que estoy defraudado es poco&quot;\",\"datePublished\":\"2026-04-30T18:59:47+00:00\",\"mainEntityOfPage\":{\"@id\":\"https:\\\/\\\/cuartetoenlaweb.com.ar\\\/sitio\\\/benito-fernandez-se-transformo-en-el-primer-famoso-arrepentido-de-votar-a-milei-decir-que-estoy-defraudado-es-poco\\\/\"},\"wordCount\":638,\"publisher\":{\"@id\":\"http:\\\/\\\/cuartetoenlaweb.com.ar\\\/sitio\\\/#organization\"},\"image\":{\"@id\":\"https:\\\/\\\/cuartetoenlaweb.com.ar\\\/sitio\\\/benito-fernandez-se-transformo-en-el-primer-famoso-arrepentido-de-votar-a-milei-decir-que-estoy-defraudado-es-poco\\\/#primaryimage\"},\"thumbnailUrl\":\"https:\\\/\\\/cuartetoenlaweb.com.ar\\\/sitio\\\/wp-content\\\/uploads\\\/2026\\\/04\\\/HEREDIA-1-359x226-2.jpg\",\"articleSection\":[\"ESPECT\u00c1CULO\"],\"inLanguage\":\"es\"},{\"@type\":\"WebPage\",\"@id\":\"https:\\\/\\\/cuartetoenlaweb.com.ar\\\/sitio\\\/benito-fernandez-se-transformo-en-el-primer-famoso-arrepentido-de-votar-a-milei-decir-que-estoy-defraudado-es-poco\\\/\",\"url\":\"https:\\\/\\\/cuartetoenlaweb.com.ar\\\/sitio\\\/benito-fernandez-se-transformo-en-el-primer-famoso-arrepentido-de-votar-a-milei-decir-que-estoy-defraudado-es-poco\\\/\",\"name\":\"Benito Fern\u00e1ndez se transform\u00f3 en el primer famoso arrepentido de votar a Milei: &quot;Decir que estoy defraudado es poco&quot; - Cuarteto en la Web\",\"isPartOf\":{\"@id\":\"http:\\\/\\\/cuartetoenlaweb.com.ar\\\/sitio\\\/#website\"},\"primaryImageOfPage\":{\"@id\":\"https:\\\/\\\/cuartetoenlaweb.com.ar\\\/sitio\\\/benito-fernandez-se-transformo-en-el-primer-famoso-arrepentido-de-votar-a-milei-decir-que-estoy-defraudado-es-poco\\\/#primaryimage\"},\"image\":{\"@id\":\"https:\\\/\\\/cuartetoenlaweb.com.ar\\\/sitio\\\/benito-fernandez-se-transformo-en-el-primer-famoso-arrepentido-de-votar-a-milei-decir-que-estoy-defraudado-es-poco\\\/#primaryimage\"},\"thumbnailUrl\":\"https:\\\/\\\/cuartetoenlaweb.com.ar\\\/sitio\\\/wp-content\\\/uploads\\\/2026\\\/04\\\/HEREDIA-1-359x226-2.jpg\",\"datePublished\":\"2026-04-30T18:59:47+00:00\",\"breadcrumb\":{\"@id\":\"https:\\\/\\\/cuartetoenlaweb.com.ar\\\/sitio\\\/benito-fernandez-se-transformo-en-el-primer-famoso-arrepentido-de-votar-a-milei-decir-que-estoy-defraudado-es-poco\\\/#breadcrumb\"},\"inLanguage\":\"es\",\"potentialAction\":[{\"@type\":\"ReadAction\",\"target\":[\"https:\\\/\\\/cuartetoenlaweb.com.ar\\\/sitio\\\/benito-fernandez-se-transformo-en-el-primer-famoso-arrepentido-de-votar-a-milei-decir-que-estoy-defraudado-es-poco\\\/\"]}]},{\"@type\":\"ImageObject\",\"inLanguage\":\"es\",\"@id\":\"https:\\\/\\\/cuartetoenlaweb.com.ar\\\/sitio\\\/benito-fernandez-se-transformo-en-el-primer-famoso-arrepentido-de-votar-a-milei-decir-que-estoy-defraudado-es-poco\\\/#primaryimage\",\"url\":\"https:\\\/\\\/cuartetoenlaweb.com.ar\\\/sitio\\\/wp-content\\\/uploads\\\/2026\\\/04\\\/HEREDIA-1-359x226-2.jpg\",\"contentUrl\":\"https:\\\/\\\/cuartetoenlaweb.com.ar\\\/sitio\\\/wp-content\\\/uploads\\\/2026\\\/04\\\/HEREDIA-1-359x226-2.jpg\",\"width\":359,\"height\":226},{\"@type\":\"BreadcrumbList\",\"@id\":\"https:\\\/\\\/cuartetoenlaweb.com.ar\\\/sitio\\\/benito-fernandez-se-transformo-en-el-primer-famoso-arrepentido-de-votar-a-milei-decir-que-estoy-defraudado-es-poco\\\/#breadcrumb\",\"itemListElement\":[{\"@type\":\"ListItem\",\"position\":1,\"name\":\"Portada\",\"item\":\"http:\\\/\\\/cuartetoenlaweb.com.ar\\\/sitio\\\/\"},{\"@type\":\"ListItem\",\"position\":2,\"name\":\"Benito Fern\u00e1ndez se transform\u00f3 en el primer famoso arrepentido de votar a Milei: &quot;Decir que estoy defraudado es poco&quot;\"}]},{\"@type\":\"WebSite\",\"@id\":\"http:\\\/\\\/cuartetoenlaweb.com.ar\\\/sitio\\\/#website\",\"url\":\"http:\\\/\\\/cuartetoenlaweb.com.ar\\\/sitio\\\/\",\"name\":\"Cuarteto en la Web\",\"description\":\"\",\"publisher\":{\"@id\":\"http:\\\/\\\/cuartetoenlaweb.com.ar\\\/sitio\\\/#organization\"},\"potentialAction\":[{\"@type\":\"SearchAction\",\"target\":{\"@type\":\"EntryPoint\",\"urlTemplate\":\"http:\\\/\\\/cuartetoenlaweb.com.ar\\\/sitio\\\/?s={search_term_string}\"},\"query-input\":{\"@type\":\"PropertyValueSpecification\",\"valueRequired\":true,\"valueName\":\"search_term_string\"}}],\"inLanguage\":\"es\"},{\"@type\":\"Organization\",\"@id\":\"http:\\\/\\\/cuartetoenlaweb.com.ar\\\/sitio\\\/#organization\",\"name\":\"Cuarteto en la Web\",\"url\":\"http:\\\/\\\/cuartetoenlaweb.com.ar\\\/sitio\\\/\",\"logo\":{\"@type\":\"ImageObject\",\"inLanguage\":\"es\",\"@id\":\"http:\\\/\\\/cuartetoenlaweb.com.ar\\\/sitio\\\/#\\\/schema\\\/logo\\\/image\\\/\",\"url\":\"https:\\\/\\\/cuartetoenlaweb.com.ar\\\/sitio\\\/wp-content\\\/uploads\\\/2025\\\/07\\\/cropped-cropped-logitoweb21.png\",\"contentUrl\":\"https:\\\/\\\/cuartetoenlaweb.com.ar\\\/sitio\\\/wp-content\\\/uploads\\\/2025\\\/07\\\/cropped-cropped-logitoweb21.png\",\"width\":199,\"height\":199,\"caption\":\"Cuarteto en la Web\"},\"image\":{\"@id\":\"http:\\\/\\\/cuartetoenlaweb.com.ar\\\/sitio\\\/#\\\/schema\\\/logo\\\/image\\\/\"}}]}<\/script>\n<!-- \/ Yoast SEO plugin. -->","yoast_head_json":{"title":"Benito Fern\u00e1ndez se transform\u00f3 en el primer famoso arrepentido de votar a Milei: &quot;Decir que estoy defraudado es poco&quot; - Cuarteto en la Web","robots":{"index":"index","follow":"follow","max-snippet":"max-snippet:-1","max-image-preview":"max-image-preview:large","max-video-preview":"max-video-preview:-1"},"canonical":"https:\/\/cuartetoenlaweb.com.ar\/sitio\/benito-fernandez-se-transformo-en-el-primer-famoso-arrepentido-de-votar-a-milei-decir-que-estoy-defraudado-es-poco\/","og_locale":"es_ES","og_type":"article","og_title":"Benito Fern\u00e1ndez se transform\u00f3 en el primer famoso arrepentido de votar a Milei: &quot;Decir que estoy defraudado es poco&quot; - Cuarteto en la Web","og_description":"La reciente entrega de los Mart\u00edn Fierro gener\u00f3 una encendida","og_url":"https:\/\/cuartetoenlaweb.com.ar\/sitio\/benito-fernandez-se-transformo-en-el-primer-famoso-arrepentido-de-votar-a-milei-decir-que-estoy-defraudado-es-poco\/","og_site_name":"Cuarteto en la Web","article_published_time":"2026-04-30T18:59:47+00:00","og_image":[{"url":"https:\/\/www.paparazzi.com.ar\/wp-content\/uploads\/2026\/04\/HEREDIA-1-359x226.jpg","type":"","width":"","height":""}],"twitter_card":"summary_large_image","twitter_misc":{"Tiempo de lectura":"3 minutos"},"schema":{"@context":"https:\/\/schema.org","@graph":[{"@type":"Article","@id":"https:\/\/cuartetoenlaweb.com.ar\/sitio\/benito-fernandez-se-transformo-en-el-primer-famoso-arrepentido-de-votar-a-milei-decir-que-estoy-defraudado-es-poco\/#article","isPartOf":{"@id":"https:\/\/cuartetoenlaweb.com.ar\/sitio\/benito-fernandez-se-transformo-en-el-primer-famoso-arrepentido-de-votar-a-milei-decir-que-estoy-defraudado-es-poco\/"},"author":{"name":"","@id":""},"headline":"Benito Fern\u00e1ndez se transform\u00f3 en el primer famoso arrepentido de votar a Milei: &quot;Decir que estoy defraudado es poco&quot;","datePublished":"2026-04-30T18:59:47+00:00","mainEntityOfPage":{"@id":"https:\/\/cuartetoenlaweb.com.ar\/sitio\/benito-fernandez-se-transformo-en-el-primer-famoso-arrepentido-de-votar-a-milei-decir-que-estoy-defraudado-es-poco\/"},"wordCount":638,"publisher":{"@id":"http:\/\/cuartetoenlaweb.com.ar\/sitio\/#organization"},"image":{"@id":"https:\/\/cuartetoenlaweb.com.ar\/sitio\/benito-fernandez-se-transformo-en-el-primer-famoso-arrepentido-de-votar-a-milei-decir-que-estoy-defraudado-es-poco\/#primaryimage"},"thumbnailUrl":"https:\/\/cuartetoenlaweb.com.ar\/sitio\/wp-content\/uploads\/2026\/04\/HEREDIA-1-359x226-2.jpg","articleSection":["ESPECT\u00c1CULO"],"inLanguage":"es"},{"@type":"WebPage","@id":"https:\/\/cuartetoenlaweb.com.ar\/sitio\/benito-fernandez-se-transformo-en-el-primer-famoso-arrepentido-de-votar-a-milei-decir-que-estoy-defraudado-es-poco\/","url":"https:\/\/cuartetoenlaweb.com.ar\/sitio\/benito-fernandez-se-transformo-en-el-primer-famoso-arrepentido-de-votar-a-milei-decir-que-estoy-defraudado-es-poco\/","name":"Benito Fern\u00e1ndez se transform\u00f3 en el primer famoso arrepentido de votar a Milei: &quot;Decir que estoy defraudado es poco&quot; - Cuarteto en la Web","isPartOf":{"@id":"http:\/\/cuartetoenlaweb.com.ar\/sitio\/#website"},"primaryImageOfPage":{"@id":"https:\/\/cuartetoenlaweb.com.ar\/sitio\/benito-fernandez-se-transformo-en-el-primer-famoso-arrepentido-de-votar-a-milei-decir-que-estoy-defraudado-es-poco\/#primaryimage"},"image":{"@id":"https:\/\/cuartetoenlaweb.com.ar\/sitio\/benito-fernandez-se-transformo-en-el-primer-famoso-arrepentido-de-votar-a-milei-decir-que-estoy-defraudado-es-poco\/#primaryimage"},"thumbnailUrl":"https:\/\/cuartetoenlaweb.com.ar\/sitio\/wp-content\/uploads\/2026\/04\/HEREDIA-1-359x226-2.jpg","datePublished":"2026-04-30T18:59:47+00:00","breadcrumb":{"@id":"https:\/\/cuartetoenlaweb.com.ar\/sitio\/benito-fernandez-se-transformo-en-el-primer-famoso-arrepentido-de-votar-a-milei-decir-que-estoy-defraudado-es-poco\/#breadcrumb"},"inLanguage":"es","potentialAction":[{"@type":"ReadAction","target":["https:\/\/cuartetoenlaweb.com.ar\/sitio\/benito-fernandez-se-transformo-en-el-primer-famoso-arrepentido-de-votar-a-milei-decir-que-estoy-defraudado-es-poco\/"]}]},{"@type":"ImageObject","inLanguage":"es","@id":"https:\/\/cuartetoenlaweb.com.ar\/sitio\/benito-fernandez-se-transformo-en-el-primer-famoso-arrepentido-de-votar-a-milei-decir-que-estoy-defraudado-es-poco\/#primaryimage","url":"https:\/\/cuartetoenlaweb.com.ar\/sitio\/wp-content\/uploads\/2026\/04\/HEREDIA-1-359x226-2.jpg","contentUrl":"https:\/\/cuartetoenlaweb.com.ar\/sitio\/wp-content\/uploads\/2026\/04\/HEREDIA-1-359x226-2.jpg","width":359,"height":226},{"@type":"BreadcrumbList","@id":"https:\/\/cuartetoenlaweb.com.ar\/sitio\/benito-fernandez-se-transformo-en-el-primer-famoso-arrepentido-de-votar-a-milei-decir-que-estoy-defraudado-es-poco\/#breadcrumb","itemListElement":[{"@type":"ListItem","position":1,"name":"Portada","item":"http:\/\/cuartetoenlaweb.com.ar\/sitio\/"},{"@type":"ListItem","position":2,"name":"Benito Fern\u00e1ndez se transform\u00f3 en el primer famoso arrepentido de votar a Milei: &quot;Decir que estoy defraudado es poco&quot;"}]},{"@type":"WebSite","@id":"http:\/\/cuartetoenlaweb.com.ar\/sitio\/#website","url":"http:\/\/cuartetoenlaweb.com.ar\/sitio\/","name":"Cuarteto en la Web","description":"","publisher":{"@id":"http:\/\/cuartetoenlaweb.com.ar\/sitio\/#organization"},"potentialAction":[{"@type":"SearchAction","target":{"@type":"EntryPoint","urlTemplate":"http:\/\/cuartetoenlaweb.com.ar\/sitio\/?s={search_term_string}"},"query-input":{"@type":"PropertyValueSpecification","valueRequired":true,"valueName":"search_term_string"}}],"inLanguage":"es"},{"@type":"Organization","@id":"http:\/\/cuartetoenlaweb.com.ar\/sitio\/#organization","name":"Cuarteto en la Web","url":"http:\/\/cuartetoenlaweb.com.ar\/sitio\/","logo":{"@type":"ImageObject","inLanguage":"es","@id":"http:\/\/cuartetoenlaweb.com.ar\/sitio\/#\/schema\/logo\/image\/","url":"https:\/\/cuartetoenlaweb.com.ar\/sitio\/wp-content\/uploads\/2025\/07\/cropped-cropped-logitoweb21.png","contentUrl":"https:\/\/cuartetoenlaweb.com.ar\/sitio\/wp-content\/uploads\/2025\/07\/cropped-cropped-logitoweb21.png","width":199,"height":199,"caption":"Cuarteto en la Web"},"image":{"@id":"http:\/\/cuartetoenlaweb.com.ar\/sitio\/#\/schema\/logo\/image\/"}}]}},"_links":{"self":[{"href":"https:\/\/cuartetoenlaweb.com.ar\/sitio\/wp-json\/wp\/v2\/posts\/19422","targetHints":{"allow":["GET"]}}],"collection":[{"href":"https:\/\/cuartetoenlaweb.com.ar\/sitio\/wp-json\/wp\/v2\/posts"}],"about":[{"href":"https:\/\/cuartetoenlaweb.com.ar\/sitio\/wp-json\/wp\/v2\/types\/post"}],"replies":[{"embeddable":true,"href":"https:\/\/cuartetoenlaweb.com.ar\/sitio\/wp-json\/wp\/v2\/comments?post=19422"}],"version-history":[{"count":0,"href":"https:\/\/cuartetoenlaweb.com.ar\/sitio\/wp-json\/wp\/v2\/posts\/19422\/revisions"}],"wp:featuredmedia":[{"embeddable":true,"href":"https:\/\/cuartetoenlaweb.com.ar\/sitio\/wp-json\/wp\/v2\/media\/19423"}],"wp:attachment":[{"href":"https:\/\/cuartetoenlaweb.com.ar\/sitio\/wp-json\/wp\/v2\/media?parent=19422"}],"wp:term":[{"taxonomy":"category","embeddable":true,"href":"https:\/\/cuartetoenlaweb.com.ar\/sitio\/wp-json\/wp\/v2\/categories?post=19422"},{"taxonomy":"post_tag","embeddable":true,"href":"https:\/\/cuartetoenlaweb.com.ar\/sitio\/wp-json\/wp\/v2\/tags?post=19422"}],"curies":[{"name":"wp","href":"https:\/\/api.w.org\/{rel}","templated":true}]}}