
{"id":19418,"date":"2026-04-30T15:59:44","date_gmt":"2026-04-30T18:59:44","guid":{"rendered":"https:\/\/cuartetoenlaweb.com.ar\/sitio\/preocupacion-por-la-salud-de-diego-peretti-esta-internado-le-colocaron-un-stent\/"},"modified":"2026-04-30T15:59:44","modified_gmt":"2026-04-30T18:59:44","slug":"preocupacion-por-la-salud-de-diego-peretti-esta-internado-le-colocaron-un-stent","status":"publish","type":"post","link":"https:\/\/cuartetoenlaweb.com.ar\/sitio\/preocupacion-por-la-salud-de-diego-peretti-esta-internado-le-colocaron-un-stent\/","title":{"rendered":"Preocupaci\u00f3n por la salud de Diego Peretti: \u201cEst\u00e1 internado, le colocaron un stent\u201d"},"content":{"rendered":"<p>Esta tarde, <strong>Diego Peretti<\/strong> encendi\u00f3 las alarmas en el espect\u00e1culo al salir a la luz que debi\u00f3 ser operado tras realizarse unos estudios m\u00e9dicos de control. Luego de ver los resultados, los m\u00e9dicos decidieron dejarlo hospitalizado y realizarle una intervenci\u00f3n: le colocaron un stent.&nbsp;<\/p>\n<p>\u00abSali\u00f3 todo bien, llevamos tranquilidad\u00bb, inform\u00f3 la periodista\u00a0 <strong>Maru Leone<\/strong> en <em>El Observado<\/em>r, al contar la situaci\u00f3n de <a href=\"https:\/\/www.paparazzi.com.ar\/tag\/diego-peretti\/\" id=\"https:\/\/www.paparazzi.com.ar\/tag\/diego-peretti\/\">Peretti<\/a>, que fue sometido a una angioplastia. \u201cEl se fue a hacer un estudio de chequeo del coraz\u00f3n y en el d\u00eda de ayer fue internado, le colocaron un stent\u201d.<\/p>\n<div class=\"mt-box \">\n<h4 class=\"mt-heading\">Mir\u00e1 Tambi\u00e9n<\/h4>\n<p><a href=\"https:\/\/www.paparazzi.com.ar\/romances\/urgente-aparecio-gonzalo-heredia-y-confirmo-todo-lo-que-pasa-con-brenda-gandini-hasta-mi-papa\/\"><\/p>\n<div class=\"mt-content\">\n<div class=\"mt-image-container\"><img decoding=\"async\" src=\"https:\/\/www.paparazzi.com.ar\/wp-content\/uploads\/2026\/04\/HEREDIA-1-359x226.jpg\" alt=\"\u00a1Urgente! Apareci\u00f3 Gonzalo Heredia y confirm\u00f3 todo lo que pasa con Brenda Gandini: &quot;Hasta mi pap\u00e1...&quot;\" class=\"mt-image\" loading=\"lazy\" \/><\/div>\n<h5 class=\"mt-title\">\u00a1Urgente! Apareci\u00f3 Gonzalo Heredia y confirm\u00f3 todo lo que pasa con Brenda Gandini: \u00abHasta mi pap\u00e1&#8230;\u00bb<\/h5>\n<\/div>\n<p><\/a><\/div>\n<p>\u201cMe cuentan que el diagn\u00f3stico es una cardiopat\u00eda isqu\u00e9mica. Est\u00e1 internado en el ICBA, muy bueno y muy conocido. Va a tener que guardar reposo unos d\u00edas, tengamos en cuenta que est\u00e1 haciendo El jefe del jefe y tuvieron que suspender por esta semana\u201d, agreg\u00f3. <\/p>\n<p>Leone aclar\u00f3 que en el <em>Paseo La Plaza<\/em> prev\u00e9n retomar con las funciones de <em>El jefe del jefe<\/em> la semana pr\u00f3xima. \u00abVuelve a subirse a las tablas, uno se asusta pero para los m\u00e9dicos una angioplast\u00eda es bastante simple\u00bb, sum\u00f3, sobre el panorama del actor de <em>Los Simuladores<\/em>, que a los 63 a\u00f1os est\u00e1 impecable. \u00abYa el 8 tiene funciones, les va s\u00faper con Federico D\u00b4El\u00eda\u00bb, a\u00f1adi\u00f3. <\/p>\n<p>En desarrollo&#8230;<\/p>\n<p>The post <a href=\"https:\/\/www.paparazzi.com.ar\/teve\/preocupacion-por-la-salud-de-diego-peretti-esta-internado-le-colocaron-un-stent\/\">Preocupaci\u00f3n por la salud de Diego Peretti: \u201cEst\u00e1 internado, le colocaron un stent\u201d<\/a> appeared first on <a href=\"https:\/\/www.paparazzi.com.ar\">Revista Paparazzi<\/a>.<\/p>\n","protected":false},"excerpt":{"rendered":"<p>Esta tarde, Diego Peretti encendi\u00f3 las alarmas en el espect\u00e1culo<\/p>\n","protected":false},"author":0,"featured_media":19419,"comment_status":"","ping_status":"","sticky":false,"template":"","format":"standard","meta":{"footnotes":""},"categories":[12],"tags":[],"class_list":["post-19418","post","type-post","status-publish","format-standard","has-post-thumbnail","hentry","category-espectaculo"],"yoast_head":"<!-- This site is optimized with the Yoast SEO plugin v27.5 - https:\/\/yoast.com\/product\/yoast-seo-wordpress\/ -->\n<title>Preocupaci\u00f3n por la salud de Diego Peretti: \u201cEst\u00e1 internado, le colocaron un stent\u201d - Cuarteto en la Web<\/title>\n<meta name=\"robots\" content=\"index, follow, max-snippet:-1, max-image-preview:large, max-video-preview:-1\" \/>\n<link rel=\"canonical\" href=\"https:\/\/cuartetoenlaweb.com.ar\/sitio\/preocupacion-por-la-salud-de-diego-peretti-esta-internado-le-colocaron-un-stent\/\" \/>\n<meta property=\"og:locale\" content=\"es_ES\" \/>\n<meta property=\"og:type\" content=\"article\" \/>\n<meta property=\"og:title\" content=\"Preocupaci\u00f3n por la salud de Diego Peretti: \u201cEst\u00e1 internado, le colocaron un stent\u201d - Cuarteto en la Web\" \/>\n<meta property=\"og:description\" content=\"Esta tarde, Diego Peretti encendi\u00f3 las alarmas en el espect\u00e1culo\" \/>\n<meta property=\"og:url\" content=\"https:\/\/cuartetoenlaweb.com.ar\/sitio\/preocupacion-por-la-salud-de-diego-peretti-esta-internado-le-colocaron-un-stent\/\" \/>\n<meta property=\"og:site_name\" content=\"Cuarteto en la Web\" \/>\n<meta property=\"article:published_time\" content=\"2026-04-30T18:59:44+00:00\" \/>\n<meta property=\"og:image\" content=\"https:\/\/www.paparazzi.com.ar\/wp-content\/uploads\/2026\/04\/HEREDIA-1-359x226.jpg\" \/>\n<meta name=\"twitter:card\" content=\"summary_large_image\" \/>\n<meta name=\"twitter:label1\" content=\"Tiempo de lectura\" \/>\n\t<meta name=\"twitter:data1\" content=\"1 minuto\" \/>\n<script type=\"application\/ld+json\" class=\"yoast-schema-graph\">{\"@context\":\"https:\\\/\\\/schema.org\",\"@graph\":[{\"@type\":\"Article\",\"@id\":\"https:\\\/\\\/cuartetoenlaweb.com.ar\\\/sitio\\\/preocupacion-por-la-salud-de-diego-peretti-esta-internado-le-colocaron-un-stent\\\/#article\",\"isPartOf\":{\"@id\":\"https:\\\/\\\/cuartetoenlaweb.com.ar\\\/sitio\\\/preocupacion-por-la-salud-de-diego-peretti-esta-internado-le-colocaron-un-stent\\\/\"},\"author\":{\"name\":\"\",\"@id\":\"\"},\"headline\":\"Preocupaci\u00f3n por la salud de Diego Peretti: \u201cEst\u00e1 internado, le colocaron un stent\u201d\",\"datePublished\":\"2026-04-30T18:59:44+00:00\",\"mainEntityOfPage\":{\"@id\":\"https:\\\/\\\/cuartetoenlaweb.com.ar\\\/sitio\\\/preocupacion-por-la-salud-de-diego-peretti-esta-internado-le-colocaron-un-stent\\\/\"},\"wordCount\":279,\"publisher\":{\"@id\":\"http:\\\/\\\/cuartetoenlaweb.com.ar\\\/sitio\\\/#organization\"},\"image\":{\"@id\":\"https:\\\/\\\/cuartetoenlaweb.com.ar\\\/sitio\\\/preocupacion-por-la-salud-de-diego-peretti-esta-internado-le-colocaron-un-stent\\\/#primaryimage\"},\"thumbnailUrl\":\"https:\\\/\\\/cuartetoenlaweb.com.ar\\\/sitio\\\/wp-content\\\/uploads\\\/2026\\\/04\\\/HEREDIA-1-359x226-1.jpg\",\"articleSection\":[\"ESPECT\u00c1CULO\"],\"inLanguage\":\"es\"},{\"@type\":\"WebPage\",\"@id\":\"https:\\\/\\\/cuartetoenlaweb.com.ar\\\/sitio\\\/preocupacion-por-la-salud-de-diego-peretti-esta-internado-le-colocaron-un-stent\\\/\",\"url\":\"https:\\\/\\\/cuartetoenlaweb.com.ar\\\/sitio\\\/preocupacion-por-la-salud-de-diego-peretti-esta-internado-le-colocaron-un-stent\\\/\",\"name\":\"Preocupaci\u00f3n por la salud de Diego Peretti: \u201cEst\u00e1 internado, le colocaron un stent\u201d - Cuarteto en la Web\",\"isPartOf\":{\"@id\":\"http:\\\/\\\/cuartetoenlaweb.com.ar\\\/sitio\\\/#website\"},\"primaryImageOfPage\":{\"@id\":\"https:\\\/\\\/cuartetoenlaweb.com.ar\\\/sitio\\\/preocupacion-por-la-salud-de-diego-peretti-esta-internado-le-colocaron-un-stent\\\/#primaryimage\"},\"image\":{\"@id\":\"https:\\\/\\\/cuartetoenlaweb.com.ar\\\/sitio\\\/preocupacion-por-la-salud-de-diego-peretti-esta-internado-le-colocaron-un-stent\\\/#primaryimage\"},\"thumbnailUrl\":\"https:\\\/\\\/cuartetoenlaweb.com.ar\\\/sitio\\\/wp-content\\\/uploads\\\/2026\\\/04\\\/HEREDIA-1-359x226-1.jpg\",\"datePublished\":\"2026-04-30T18:59:44+00:00\",\"breadcrumb\":{\"@id\":\"https:\\\/\\\/cuartetoenlaweb.com.ar\\\/sitio\\\/preocupacion-por-la-salud-de-diego-peretti-esta-internado-le-colocaron-un-stent\\\/#breadcrumb\"},\"inLanguage\":\"es\",\"potentialAction\":[{\"@type\":\"ReadAction\",\"target\":[\"https:\\\/\\\/cuartetoenlaweb.com.ar\\\/sitio\\\/preocupacion-por-la-salud-de-diego-peretti-esta-internado-le-colocaron-un-stent\\\/\"]}]},{\"@type\":\"ImageObject\",\"inLanguage\":\"es\",\"@id\":\"https:\\\/\\\/cuartetoenlaweb.com.ar\\\/sitio\\\/preocupacion-por-la-salud-de-diego-peretti-esta-internado-le-colocaron-un-stent\\\/#primaryimage\",\"url\":\"https:\\\/\\\/cuartetoenlaweb.com.ar\\\/sitio\\\/wp-content\\\/uploads\\\/2026\\\/04\\\/HEREDIA-1-359x226-1.jpg\",\"contentUrl\":\"https:\\\/\\\/cuartetoenlaweb.com.ar\\\/sitio\\\/wp-content\\\/uploads\\\/2026\\\/04\\\/HEREDIA-1-359x226-1.jpg\",\"width\":359,\"height\":226},{\"@type\":\"BreadcrumbList\",\"@id\":\"https:\\\/\\\/cuartetoenlaweb.com.ar\\\/sitio\\\/preocupacion-por-la-salud-de-diego-peretti-esta-internado-le-colocaron-un-stent\\\/#breadcrumb\",\"itemListElement\":[{\"@type\":\"ListItem\",\"position\":1,\"name\":\"Portada\",\"item\":\"http:\\\/\\\/cuartetoenlaweb.com.ar\\\/sitio\\\/\"},{\"@type\":\"ListItem\",\"position\":2,\"name\":\"Preocupaci\u00f3n por la salud de Diego Peretti: \u201cEst\u00e1 internado, le colocaron un stent\u201d\"}]},{\"@type\":\"WebSite\",\"@id\":\"http:\\\/\\\/cuartetoenlaweb.com.ar\\\/sitio\\\/#website\",\"url\":\"http:\\\/\\\/cuartetoenlaweb.com.ar\\\/sitio\\\/\",\"name\":\"Cuarteto en la Web\",\"description\":\"\",\"publisher\":{\"@id\":\"http:\\\/\\\/cuartetoenlaweb.com.ar\\\/sitio\\\/#organization\"},\"potentialAction\":[{\"@type\":\"SearchAction\",\"target\":{\"@type\":\"EntryPoint\",\"urlTemplate\":\"http:\\\/\\\/cuartetoenlaweb.com.ar\\\/sitio\\\/?s={search_term_string}\"},\"query-input\":{\"@type\":\"PropertyValueSpecification\",\"valueRequired\":true,\"valueName\":\"search_term_string\"}}],\"inLanguage\":\"es\"},{\"@type\":\"Organization\",\"@id\":\"http:\\\/\\\/cuartetoenlaweb.com.ar\\\/sitio\\\/#organization\",\"name\":\"Cuarteto en la Web\",\"url\":\"http:\\\/\\\/cuartetoenlaweb.com.ar\\\/sitio\\\/\",\"logo\":{\"@type\":\"ImageObject\",\"inLanguage\":\"es\",\"@id\":\"http:\\\/\\\/cuartetoenlaweb.com.ar\\\/sitio\\\/#\\\/schema\\\/logo\\\/image\\\/\",\"url\":\"https:\\\/\\\/cuartetoenlaweb.com.ar\\\/sitio\\\/wp-content\\\/uploads\\\/2025\\\/07\\\/cropped-cropped-logitoweb21.png\",\"contentUrl\":\"https:\\\/\\\/cuartetoenlaweb.com.ar\\\/sitio\\\/wp-content\\\/uploads\\\/2025\\\/07\\\/cropped-cropped-logitoweb21.png\",\"width\":199,\"height\":199,\"caption\":\"Cuarteto en la Web\"},\"image\":{\"@id\":\"http:\\\/\\\/cuartetoenlaweb.com.ar\\\/sitio\\\/#\\\/schema\\\/logo\\\/image\\\/\"}}]}<\/script>\n<!-- \/ Yoast SEO plugin. -->","yoast_head_json":{"title":"Preocupaci\u00f3n por la salud de Diego Peretti: \u201cEst\u00e1 internado, le colocaron un stent\u201d - Cuarteto en la Web","robots":{"index":"index","follow":"follow","max-snippet":"max-snippet:-1","max-image-preview":"max-image-preview:large","max-video-preview":"max-video-preview:-1"},"canonical":"https:\/\/cuartetoenlaweb.com.ar\/sitio\/preocupacion-por-la-salud-de-diego-peretti-esta-internado-le-colocaron-un-stent\/","og_locale":"es_ES","og_type":"article","og_title":"Preocupaci\u00f3n por la salud de Diego Peretti: \u201cEst\u00e1 internado, le colocaron un stent\u201d - Cuarteto en la Web","og_description":"Esta tarde, Diego Peretti encendi\u00f3 las alarmas en el espect\u00e1culo","og_url":"https:\/\/cuartetoenlaweb.com.ar\/sitio\/preocupacion-por-la-salud-de-diego-peretti-esta-internado-le-colocaron-un-stent\/","og_site_name":"Cuarteto en la Web","article_published_time":"2026-04-30T18:59:44+00:00","og_image":[{"url":"https:\/\/www.paparazzi.com.ar\/wp-content\/uploads\/2026\/04\/HEREDIA-1-359x226.jpg","type":"","width":"","height":""}],"twitter_card":"summary_large_image","twitter_misc":{"Tiempo de lectura":"1 minuto"},"schema":{"@context":"https:\/\/schema.org","@graph":[{"@type":"Article","@id":"https:\/\/cuartetoenlaweb.com.ar\/sitio\/preocupacion-por-la-salud-de-diego-peretti-esta-internado-le-colocaron-un-stent\/#article","isPartOf":{"@id":"https:\/\/cuartetoenlaweb.com.ar\/sitio\/preocupacion-por-la-salud-de-diego-peretti-esta-internado-le-colocaron-un-stent\/"},"author":{"name":"","@id":""},"headline":"Preocupaci\u00f3n por la salud de Diego Peretti: \u201cEst\u00e1 internado, le colocaron un stent\u201d","datePublished":"2026-04-30T18:59:44+00:00","mainEntityOfPage":{"@id":"https:\/\/cuartetoenlaweb.com.ar\/sitio\/preocupacion-por-la-salud-de-diego-peretti-esta-internado-le-colocaron-un-stent\/"},"wordCount":279,"publisher":{"@id":"http:\/\/cuartetoenlaweb.com.ar\/sitio\/#organization"},"image":{"@id":"https:\/\/cuartetoenlaweb.com.ar\/sitio\/preocupacion-por-la-salud-de-diego-peretti-esta-internado-le-colocaron-un-stent\/#primaryimage"},"thumbnailUrl":"https:\/\/cuartetoenlaweb.com.ar\/sitio\/wp-content\/uploads\/2026\/04\/HEREDIA-1-359x226-1.jpg","articleSection":["ESPECT\u00c1CULO"],"inLanguage":"es"},{"@type":"WebPage","@id":"https:\/\/cuartetoenlaweb.com.ar\/sitio\/preocupacion-por-la-salud-de-diego-peretti-esta-internado-le-colocaron-un-stent\/","url":"https:\/\/cuartetoenlaweb.com.ar\/sitio\/preocupacion-por-la-salud-de-diego-peretti-esta-internado-le-colocaron-un-stent\/","name":"Preocupaci\u00f3n por la salud de Diego Peretti: \u201cEst\u00e1 internado, le colocaron un stent\u201d - Cuarteto en la Web","isPartOf":{"@id":"http:\/\/cuartetoenlaweb.com.ar\/sitio\/#website"},"primaryImageOfPage":{"@id":"https:\/\/cuartetoenlaweb.com.ar\/sitio\/preocupacion-por-la-salud-de-diego-peretti-esta-internado-le-colocaron-un-stent\/#primaryimage"},"image":{"@id":"https:\/\/cuartetoenlaweb.com.ar\/sitio\/preocupacion-por-la-salud-de-diego-peretti-esta-internado-le-colocaron-un-stent\/#primaryimage"},"thumbnailUrl":"https:\/\/cuartetoenlaweb.com.ar\/sitio\/wp-content\/uploads\/2026\/04\/HEREDIA-1-359x226-1.jpg","datePublished":"2026-04-30T18:59:44+00:00","breadcrumb":{"@id":"https:\/\/cuartetoenlaweb.com.ar\/sitio\/preocupacion-por-la-salud-de-diego-peretti-esta-internado-le-colocaron-un-stent\/#breadcrumb"},"inLanguage":"es","potentialAction":[{"@type":"ReadAction","target":["https:\/\/cuartetoenlaweb.com.ar\/sitio\/preocupacion-por-la-salud-de-diego-peretti-esta-internado-le-colocaron-un-stent\/"]}]},{"@type":"ImageObject","inLanguage":"es","@id":"https:\/\/cuartetoenlaweb.com.ar\/sitio\/preocupacion-por-la-salud-de-diego-peretti-esta-internado-le-colocaron-un-stent\/#primaryimage","url":"https:\/\/cuartetoenlaweb.com.ar\/sitio\/wp-content\/uploads\/2026\/04\/HEREDIA-1-359x226-1.jpg","contentUrl":"https:\/\/cuartetoenlaweb.com.ar\/sitio\/wp-content\/uploads\/2026\/04\/HEREDIA-1-359x226-1.jpg","width":359,"height":226},{"@type":"BreadcrumbList","@id":"https:\/\/cuartetoenlaweb.com.ar\/sitio\/preocupacion-por-la-salud-de-diego-peretti-esta-internado-le-colocaron-un-stent\/#breadcrumb","itemListElement":[{"@type":"ListItem","position":1,"name":"Portada","item":"http:\/\/cuartetoenlaweb.com.ar\/sitio\/"},{"@type":"ListItem","position":2,"name":"Preocupaci\u00f3n por la salud de Diego Peretti: \u201cEst\u00e1 internado, le colocaron un stent\u201d"}]},{"@type":"WebSite","@id":"http:\/\/cuartetoenlaweb.com.ar\/sitio\/#website","url":"http:\/\/cuartetoenlaweb.com.ar\/sitio\/","name":"Cuarteto en la Web","description":"","publisher":{"@id":"http:\/\/cuartetoenlaweb.com.ar\/sitio\/#organization"},"potentialAction":[{"@type":"SearchAction","target":{"@type":"EntryPoint","urlTemplate":"http:\/\/cuartetoenlaweb.com.ar\/sitio\/?s={search_term_string}"},"query-input":{"@type":"PropertyValueSpecification","valueRequired":true,"valueName":"search_term_string"}}],"inLanguage":"es"},{"@type":"Organization","@id":"http:\/\/cuartetoenlaweb.com.ar\/sitio\/#organization","name":"Cuarteto en la Web","url":"http:\/\/cuartetoenlaweb.com.ar\/sitio\/","logo":{"@type":"ImageObject","inLanguage":"es","@id":"http:\/\/cuartetoenlaweb.com.ar\/sitio\/#\/schema\/logo\/image\/","url":"https:\/\/cuartetoenlaweb.com.ar\/sitio\/wp-content\/uploads\/2025\/07\/cropped-cropped-logitoweb21.png","contentUrl":"https:\/\/cuartetoenlaweb.com.ar\/sitio\/wp-content\/uploads\/2025\/07\/cropped-cropped-logitoweb21.png","width":199,"height":199,"caption":"Cuarteto en la Web"},"image":{"@id":"http:\/\/cuartetoenlaweb.com.ar\/sitio\/#\/schema\/logo\/image\/"}}]}},"_links":{"self":[{"href":"https:\/\/cuartetoenlaweb.com.ar\/sitio\/wp-json\/wp\/v2\/posts\/19418","targetHints":{"allow":["GET"]}}],"collection":[{"href":"https:\/\/cuartetoenlaweb.com.ar\/sitio\/wp-json\/wp\/v2\/posts"}],"about":[{"href":"https:\/\/cuartetoenlaweb.com.ar\/sitio\/wp-json\/wp\/v2\/types\/post"}],"replies":[{"embeddable":true,"href":"https:\/\/cuartetoenlaweb.com.ar\/sitio\/wp-json\/wp\/v2\/comments?post=19418"}],"version-history":[{"count":0,"href":"https:\/\/cuartetoenlaweb.com.ar\/sitio\/wp-json\/wp\/v2\/posts\/19418\/revisions"}],"wp:featuredmedia":[{"embeddable":true,"href":"https:\/\/cuartetoenlaweb.com.ar\/sitio\/wp-json\/wp\/v2\/media\/19419"}],"wp:attachment":[{"href":"https:\/\/cuartetoenlaweb.com.ar\/sitio\/wp-json\/wp\/v2\/media?parent=19418"}],"wp:term":[{"taxonomy":"category","embeddable":true,"href":"https:\/\/cuartetoenlaweb.com.ar\/sitio\/wp-json\/wp\/v2\/categories?post=19418"},{"taxonomy":"post_tag","embeddable":true,"href":"https:\/\/cuartetoenlaweb.com.ar\/sitio\/wp-json\/wp\/v2\/tags?post=19418"}],"curies":[{"name":"wp","href":"https:\/\/api.w.org\/{rel}","templated":true}]}}