
{"id":19399,"date":"2026-04-30T07:59:47","date_gmt":"2026-04-30T10:59:47","guid":{"rendered":"https:\/\/cuartetoenlaweb.com.ar\/sitio\/el-gobierno-oficializo-a-carmen-lucila-crexell-como-embajadora-de-canada\/"},"modified":"2026-04-30T07:59:47","modified_gmt":"2026-04-30T10:59:47","slug":"el-gobierno-oficializo-a-carmen-lucila-crexell-como-embajadora-de-canada","status":"publish","type":"post","link":"https:\/\/cuartetoenlaweb.com.ar\/sitio\/el-gobierno-oficializo-a-carmen-lucila-crexell-como-embajadora-de-canada\/","title":{"rendered":"El Gobierno oficializ\u00f3 a Carmen Lucila Crexell como embajadora de Canad\u00e1"},"content":{"rendered":"<p>Buenos Aires, 30 abril (NA) \u2013 La ex senadora neuquina Carmen Lucila Crexell fue oficializada este jueves como embajadora de Canad\u00e1, tras la aprobaci\u00f3n del pl\u00e1cet de estilo correspondiente, mientras que adem\u00e1s se inform\u00f3 que Carlos Mario Foradori ser\u00e1 el nuevo representante permanente de la Rep\u00fablica Argentina ante la Organizaci\u00f3n Mundial del Comercio (OMC).<\/p>\n<p>As\u00ed se indic\u00f3 en decretos publicados en el Bolet\u00edn Oficial a los que accedi\u00f3 la Agencia Noticias Argentinas, uno de los cuales, el 304\/2026 se\u00f1al\u00f3: \u201cN\u00f3mbrase en el Ministerio de Relaciones Exteriores, Comercio Internacional y Culto funcionaria de la Categor\u00eda \u201cA\u201d Embajador Extraordinario y Plenipotenciario a la se\u00f1ora Carmen Lucila Crexell\u201d.<\/p>\n<p>\u201cDes\u00edgnase Embajador Extraordinario y Plenipotenciario de la Rep\u00fablica en Canad\u00e1 a la se\u00f1ora Carmen Lucila Crexell\u201d, indic\u00f3 el mismo decreto, a la vez que agreg\u00f3 que el Gobierno del citado pa\u00eds le \u201cconcedi\u00f3 el pl\u00e1cet de estilo\u201d.<\/p>\n<p>En tanto, en el Decreto 303\/2026 se inform\u00f3 que Carlos Mario Foradori fue designado como nuevo representante permanente de la Rep\u00fablica Argentina ante la Organizaci\u00f3n Mundial del Comercio (OMC) y en el mismo informe se indic\u00f3 la finalizaci\u00f3n de funciones como representante permanente de Gustavo Nerio Lunazzi, quien se desempe\u00f1aba en ese cargo con rango de Embajador Extraordinario y Plenipotenciario.<\/p>\n<p>\u201cDanse por finalizadas las funciones como Representante Permanente de la Rep\u00fablica ante la Organizaci\u00f3n Mundial del Comercio del se\u00f1or Embajador Extraordinario y Plenipotenciario Gustavo Nerio Lunazzi\u00bb, se\u00f1al\u00f3 el citado decreto.<\/p>\n<p>En el mismo se inform\u00f3 adem\u00e1s: \u201cDes\u00edgnase Representante Permanente de la Rep\u00fablica ante la Organizaci\u00f3n Mundial del Comercio (OMC) al se\u00f1or Embajador Extraordinario y Plenipotenciario Carlos Mario Foradori\u201d.<\/p>\n<p>#AgenciaNA<\/p>\n","protected":false},"excerpt":{"rendered":"<p>Buenos Aires, 30 abril (NA) \u2013 La ex senadora neuquina<\/p>\n","protected":false},"author":0,"featured_media":19400,"comment_status":"","ping_status":"","sticky":false,"template":"","format":"standard","meta":{"footnotes":""},"categories":[65],"tags":[],"class_list":["post-19399","post","type-post","status-publish","format-standard","has-post-thumbnail","hentry","category-pais"],"yoast_head":"<!-- This site is optimized with the Yoast SEO plugin v27.5 - https:\/\/yoast.com\/product\/yoast-seo-wordpress\/ -->\n<title>El Gobierno oficializ\u00f3 a Carmen Lucila Crexell como embajadora de Canad\u00e1 - Cuarteto en la Web<\/title>\n<meta name=\"robots\" content=\"index, follow, max-snippet:-1, max-image-preview:large, max-video-preview:-1\" \/>\n<link rel=\"canonical\" href=\"https:\/\/cuartetoenlaweb.com.ar\/sitio\/el-gobierno-oficializo-a-carmen-lucila-crexell-como-embajadora-de-canada\/\" \/>\n<meta property=\"og:locale\" content=\"es_ES\" \/>\n<meta property=\"og:type\" content=\"article\" \/>\n<meta property=\"og:title\" content=\"El Gobierno oficializ\u00f3 a Carmen Lucila Crexell como embajadora de Canad\u00e1 - Cuarteto en la Web\" \/>\n<meta property=\"og:description\" content=\"Buenos Aires, 30 abril (NA) \u2013 La ex senadora neuquina\" \/>\n<meta property=\"og:url\" content=\"https:\/\/cuartetoenlaweb.com.ar\/sitio\/el-gobierno-oficializo-a-carmen-lucila-crexell-como-embajadora-de-canada\/\" \/>\n<meta property=\"og:site_name\" content=\"Cuarteto en la Web\" \/>\n<meta property=\"article:published_time\" content=\"2026-04-30T10:59:47+00:00\" \/>\n<meta name=\"twitter:card\" content=\"summary_large_image\" \/>\n<meta name=\"twitter:label1\" content=\"Tiempo de lectura\" \/>\n\t<meta name=\"twitter:data1\" content=\"1 minuto\" \/>\n<script type=\"application\/ld+json\" class=\"yoast-schema-graph\">{\"@context\":\"https:\\\/\\\/schema.org\",\"@graph\":[{\"@type\":\"Article\",\"@id\":\"https:\\\/\\\/cuartetoenlaweb.com.ar\\\/sitio\\\/el-gobierno-oficializo-a-carmen-lucila-crexell-como-embajadora-de-canada\\\/#article\",\"isPartOf\":{\"@id\":\"https:\\\/\\\/cuartetoenlaweb.com.ar\\\/sitio\\\/el-gobierno-oficializo-a-carmen-lucila-crexell-como-embajadora-de-canada\\\/\"},\"author\":{\"name\":\"\",\"@id\":\"\"},\"headline\":\"El Gobierno oficializ\u00f3 a Carmen Lucila Crexell como embajadora de Canad\u00e1\",\"datePublished\":\"2026-04-30T10:59:47+00:00\",\"mainEntityOfPage\":{\"@id\":\"https:\\\/\\\/cuartetoenlaweb.com.ar\\\/sitio\\\/el-gobierno-oficializo-a-carmen-lucila-crexell-como-embajadora-de-canada\\\/\"},\"wordCount\":296,\"publisher\":{\"@id\":\"http:\\\/\\\/cuartetoenlaweb.com.ar\\\/sitio\\\/#organization\"},\"image\":{\"@id\":\"https:\\\/\\\/cuartetoenlaweb.com.ar\\\/sitio\\\/el-gobierno-oficializo-a-carmen-lucila-crexell-como-embajadora-de-canada\\\/#primaryimage\"},\"thumbnailUrl\":\"https:\\\/\\\/cuartetoenlaweb.com.ar\\\/sitio\\\/wp-content\\\/uploads\\\/2026\\\/04\\\/720-722.jpeg\",\"articleSection\":[\"PAIS\"],\"inLanguage\":\"es\"},{\"@type\":\"WebPage\",\"@id\":\"https:\\\/\\\/cuartetoenlaweb.com.ar\\\/sitio\\\/el-gobierno-oficializo-a-carmen-lucila-crexell-como-embajadora-de-canada\\\/\",\"url\":\"https:\\\/\\\/cuartetoenlaweb.com.ar\\\/sitio\\\/el-gobierno-oficializo-a-carmen-lucila-crexell-como-embajadora-de-canada\\\/\",\"name\":\"El Gobierno oficializ\u00f3 a Carmen Lucila Crexell como embajadora de Canad\u00e1 - Cuarteto en la Web\",\"isPartOf\":{\"@id\":\"http:\\\/\\\/cuartetoenlaweb.com.ar\\\/sitio\\\/#website\"},\"primaryImageOfPage\":{\"@id\":\"https:\\\/\\\/cuartetoenlaweb.com.ar\\\/sitio\\\/el-gobierno-oficializo-a-carmen-lucila-crexell-como-embajadora-de-canada\\\/#primaryimage\"},\"image\":{\"@id\":\"https:\\\/\\\/cuartetoenlaweb.com.ar\\\/sitio\\\/el-gobierno-oficializo-a-carmen-lucila-crexell-como-embajadora-de-canada\\\/#primaryimage\"},\"thumbnailUrl\":\"https:\\\/\\\/cuartetoenlaweb.com.ar\\\/sitio\\\/wp-content\\\/uploads\\\/2026\\\/04\\\/720-722.jpeg\",\"datePublished\":\"2026-04-30T10:59:47+00:00\",\"breadcrumb\":{\"@id\":\"https:\\\/\\\/cuartetoenlaweb.com.ar\\\/sitio\\\/el-gobierno-oficializo-a-carmen-lucila-crexell-como-embajadora-de-canada\\\/#breadcrumb\"},\"inLanguage\":\"es\",\"potentialAction\":[{\"@type\":\"ReadAction\",\"target\":[\"https:\\\/\\\/cuartetoenlaweb.com.ar\\\/sitio\\\/el-gobierno-oficializo-a-carmen-lucila-crexell-como-embajadora-de-canada\\\/\"]}]},{\"@type\":\"ImageObject\",\"inLanguage\":\"es\",\"@id\":\"https:\\\/\\\/cuartetoenlaweb.com.ar\\\/sitio\\\/el-gobierno-oficializo-a-carmen-lucila-crexell-como-embajadora-de-canada\\\/#primaryimage\",\"url\":\"https:\\\/\\\/cuartetoenlaweb.com.ar\\\/sitio\\\/wp-content\\\/uploads\\\/2026\\\/04\\\/720-722.jpeg\",\"contentUrl\":\"https:\\\/\\\/cuartetoenlaweb.com.ar\\\/sitio\\\/wp-content\\\/uploads\\\/2026\\\/04\\\/720-722.jpeg\",\"width\":949,\"height\":720},{\"@type\":\"BreadcrumbList\",\"@id\":\"https:\\\/\\\/cuartetoenlaweb.com.ar\\\/sitio\\\/el-gobierno-oficializo-a-carmen-lucila-crexell-como-embajadora-de-canada\\\/#breadcrumb\",\"itemListElement\":[{\"@type\":\"ListItem\",\"position\":1,\"name\":\"Portada\",\"item\":\"http:\\\/\\\/cuartetoenlaweb.com.ar\\\/sitio\\\/\"},{\"@type\":\"ListItem\",\"position\":2,\"name\":\"El Gobierno oficializ\u00f3 a Carmen Lucila Crexell como embajadora de Canad\u00e1\"}]},{\"@type\":\"WebSite\",\"@id\":\"http:\\\/\\\/cuartetoenlaweb.com.ar\\\/sitio\\\/#website\",\"url\":\"http:\\\/\\\/cuartetoenlaweb.com.ar\\\/sitio\\\/\",\"name\":\"Cuarteto en la Web\",\"description\":\"\",\"publisher\":{\"@id\":\"http:\\\/\\\/cuartetoenlaweb.com.ar\\\/sitio\\\/#organization\"},\"potentialAction\":[{\"@type\":\"SearchAction\",\"target\":{\"@type\":\"EntryPoint\",\"urlTemplate\":\"http:\\\/\\\/cuartetoenlaweb.com.ar\\\/sitio\\\/?s={search_term_string}\"},\"query-input\":{\"@type\":\"PropertyValueSpecification\",\"valueRequired\":true,\"valueName\":\"search_term_string\"}}],\"inLanguage\":\"es\"},{\"@type\":\"Organization\",\"@id\":\"http:\\\/\\\/cuartetoenlaweb.com.ar\\\/sitio\\\/#organization\",\"name\":\"Cuarteto en la Web\",\"url\":\"http:\\\/\\\/cuartetoenlaweb.com.ar\\\/sitio\\\/\",\"logo\":{\"@type\":\"ImageObject\",\"inLanguage\":\"es\",\"@id\":\"http:\\\/\\\/cuartetoenlaweb.com.ar\\\/sitio\\\/#\\\/schema\\\/logo\\\/image\\\/\",\"url\":\"https:\\\/\\\/cuartetoenlaweb.com.ar\\\/sitio\\\/wp-content\\\/uploads\\\/2025\\\/07\\\/cropped-cropped-logitoweb21.png\",\"contentUrl\":\"https:\\\/\\\/cuartetoenlaweb.com.ar\\\/sitio\\\/wp-content\\\/uploads\\\/2025\\\/07\\\/cropped-cropped-logitoweb21.png\",\"width\":199,\"height\":199,\"caption\":\"Cuarteto en la Web\"},\"image\":{\"@id\":\"http:\\\/\\\/cuartetoenlaweb.com.ar\\\/sitio\\\/#\\\/schema\\\/logo\\\/image\\\/\"}}]}<\/script>\n<!-- \/ Yoast SEO plugin. -->","yoast_head_json":{"title":"El Gobierno oficializ\u00f3 a Carmen Lucila Crexell como embajadora de Canad\u00e1 - Cuarteto en la Web","robots":{"index":"index","follow":"follow","max-snippet":"max-snippet:-1","max-image-preview":"max-image-preview:large","max-video-preview":"max-video-preview:-1"},"canonical":"https:\/\/cuartetoenlaweb.com.ar\/sitio\/el-gobierno-oficializo-a-carmen-lucila-crexell-como-embajadora-de-canada\/","og_locale":"es_ES","og_type":"article","og_title":"El Gobierno oficializ\u00f3 a Carmen Lucila Crexell como embajadora de Canad\u00e1 - Cuarteto en la Web","og_description":"Buenos Aires, 30 abril (NA) \u2013 La ex senadora neuquina","og_url":"https:\/\/cuartetoenlaweb.com.ar\/sitio\/el-gobierno-oficializo-a-carmen-lucila-crexell-como-embajadora-de-canada\/","og_site_name":"Cuarteto en la Web","article_published_time":"2026-04-30T10:59:47+00:00","twitter_card":"summary_large_image","twitter_misc":{"Tiempo de lectura":"1 minuto"},"schema":{"@context":"https:\/\/schema.org","@graph":[{"@type":"Article","@id":"https:\/\/cuartetoenlaweb.com.ar\/sitio\/el-gobierno-oficializo-a-carmen-lucila-crexell-como-embajadora-de-canada\/#article","isPartOf":{"@id":"https:\/\/cuartetoenlaweb.com.ar\/sitio\/el-gobierno-oficializo-a-carmen-lucila-crexell-como-embajadora-de-canada\/"},"author":{"name":"","@id":""},"headline":"El Gobierno oficializ\u00f3 a Carmen Lucila Crexell como embajadora de Canad\u00e1","datePublished":"2026-04-30T10:59:47+00:00","mainEntityOfPage":{"@id":"https:\/\/cuartetoenlaweb.com.ar\/sitio\/el-gobierno-oficializo-a-carmen-lucila-crexell-como-embajadora-de-canada\/"},"wordCount":296,"publisher":{"@id":"http:\/\/cuartetoenlaweb.com.ar\/sitio\/#organization"},"image":{"@id":"https:\/\/cuartetoenlaweb.com.ar\/sitio\/el-gobierno-oficializo-a-carmen-lucila-crexell-como-embajadora-de-canada\/#primaryimage"},"thumbnailUrl":"https:\/\/cuartetoenlaweb.com.ar\/sitio\/wp-content\/uploads\/2026\/04\/720-722.jpeg","articleSection":["PAIS"],"inLanguage":"es"},{"@type":"WebPage","@id":"https:\/\/cuartetoenlaweb.com.ar\/sitio\/el-gobierno-oficializo-a-carmen-lucila-crexell-como-embajadora-de-canada\/","url":"https:\/\/cuartetoenlaweb.com.ar\/sitio\/el-gobierno-oficializo-a-carmen-lucila-crexell-como-embajadora-de-canada\/","name":"El Gobierno oficializ\u00f3 a Carmen Lucila Crexell como embajadora de Canad\u00e1 - Cuarteto en la Web","isPartOf":{"@id":"http:\/\/cuartetoenlaweb.com.ar\/sitio\/#website"},"primaryImageOfPage":{"@id":"https:\/\/cuartetoenlaweb.com.ar\/sitio\/el-gobierno-oficializo-a-carmen-lucila-crexell-como-embajadora-de-canada\/#primaryimage"},"image":{"@id":"https:\/\/cuartetoenlaweb.com.ar\/sitio\/el-gobierno-oficializo-a-carmen-lucila-crexell-como-embajadora-de-canada\/#primaryimage"},"thumbnailUrl":"https:\/\/cuartetoenlaweb.com.ar\/sitio\/wp-content\/uploads\/2026\/04\/720-722.jpeg","datePublished":"2026-04-30T10:59:47+00:00","breadcrumb":{"@id":"https:\/\/cuartetoenlaweb.com.ar\/sitio\/el-gobierno-oficializo-a-carmen-lucila-crexell-como-embajadora-de-canada\/#breadcrumb"},"inLanguage":"es","potentialAction":[{"@type":"ReadAction","target":["https:\/\/cuartetoenlaweb.com.ar\/sitio\/el-gobierno-oficializo-a-carmen-lucila-crexell-como-embajadora-de-canada\/"]}]},{"@type":"ImageObject","inLanguage":"es","@id":"https:\/\/cuartetoenlaweb.com.ar\/sitio\/el-gobierno-oficializo-a-carmen-lucila-crexell-como-embajadora-de-canada\/#primaryimage","url":"https:\/\/cuartetoenlaweb.com.ar\/sitio\/wp-content\/uploads\/2026\/04\/720-722.jpeg","contentUrl":"https:\/\/cuartetoenlaweb.com.ar\/sitio\/wp-content\/uploads\/2026\/04\/720-722.jpeg","width":949,"height":720},{"@type":"BreadcrumbList","@id":"https:\/\/cuartetoenlaweb.com.ar\/sitio\/el-gobierno-oficializo-a-carmen-lucila-crexell-como-embajadora-de-canada\/#breadcrumb","itemListElement":[{"@type":"ListItem","position":1,"name":"Portada","item":"http:\/\/cuartetoenlaweb.com.ar\/sitio\/"},{"@type":"ListItem","position":2,"name":"El Gobierno oficializ\u00f3 a Carmen Lucila Crexell como embajadora de Canad\u00e1"}]},{"@type":"WebSite","@id":"http:\/\/cuartetoenlaweb.com.ar\/sitio\/#website","url":"http:\/\/cuartetoenlaweb.com.ar\/sitio\/","name":"Cuarteto en la Web","description":"","publisher":{"@id":"http:\/\/cuartetoenlaweb.com.ar\/sitio\/#organization"},"potentialAction":[{"@type":"SearchAction","target":{"@type":"EntryPoint","urlTemplate":"http:\/\/cuartetoenlaweb.com.ar\/sitio\/?s={search_term_string}"},"query-input":{"@type":"PropertyValueSpecification","valueRequired":true,"valueName":"search_term_string"}}],"inLanguage":"es"},{"@type":"Organization","@id":"http:\/\/cuartetoenlaweb.com.ar\/sitio\/#organization","name":"Cuarteto en la Web","url":"http:\/\/cuartetoenlaweb.com.ar\/sitio\/","logo":{"@type":"ImageObject","inLanguage":"es","@id":"http:\/\/cuartetoenlaweb.com.ar\/sitio\/#\/schema\/logo\/image\/","url":"https:\/\/cuartetoenlaweb.com.ar\/sitio\/wp-content\/uploads\/2025\/07\/cropped-cropped-logitoweb21.png","contentUrl":"https:\/\/cuartetoenlaweb.com.ar\/sitio\/wp-content\/uploads\/2025\/07\/cropped-cropped-logitoweb21.png","width":199,"height":199,"caption":"Cuarteto en la Web"},"image":{"@id":"http:\/\/cuartetoenlaweb.com.ar\/sitio\/#\/schema\/logo\/image\/"}}]}},"_links":{"self":[{"href":"https:\/\/cuartetoenlaweb.com.ar\/sitio\/wp-json\/wp\/v2\/posts\/19399","targetHints":{"allow":["GET"]}}],"collection":[{"href":"https:\/\/cuartetoenlaweb.com.ar\/sitio\/wp-json\/wp\/v2\/posts"}],"about":[{"href":"https:\/\/cuartetoenlaweb.com.ar\/sitio\/wp-json\/wp\/v2\/types\/post"}],"replies":[{"embeddable":true,"href":"https:\/\/cuartetoenlaweb.com.ar\/sitio\/wp-json\/wp\/v2\/comments?post=19399"}],"version-history":[{"count":0,"href":"https:\/\/cuartetoenlaweb.com.ar\/sitio\/wp-json\/wp\/v2\/posts\/19399\/revisions"}],"wp:featuredmedia":[{"embeddable":true,"href":"https:\/\/cuartetoenlaweb.com.ar\/sitio\/wp-json\/wp\/v2\/media\/19400"}],"wp:attachment":[{"href":"https:\/\/cuartetoenlaweb.com.ar\/sitio\/wp-json\/wp\/v2\/media?parent=19399"}],"wp:term":[{"taxonomy":"category","embeddable":true,"href":"https:\/\/cuartetoenlaweb.com.ar\/sitio\/wp-json\/wp\/v2\/categories?post=19399"},{"taxonomy":"post_tag","embeddable":true,"href":"https:\/\/cuartetoenlaweb.com.ar\/sitio\/wp-json\/wp\/v2\/tags?post=19399"}],"curies":[{"name":"wp","href":"https:\/\/api.w.org\/{rel}","templated":true}]}}