
{"id":19369,"date":"2026-04-30T04:00:12","date_gmt":"2026-04-30T07:00:12","guid":{"rendered":"https:\/\/cuartetoenlaweb.com.ar\/sitio\/callen-a-los-therians-que-se-autoperciben-leones-hasta-martin-menem-se-tento-por-la-ironia-de-palazzo-a-milei-y-compania\/"},"modified":"2026-04-30T04:00:12","modified_gmt":"2026-04-30T07:00:12","slug":"callen-a-los-therians-que-se-autoperciben-leones-hasta-martin-menem-se-tento-por-la-ironia-de-palazzo-a-milei-y-compania","status":"publish","type":"post","link":"https:\/\/cuartetoenlaweb.com.ar\/sitio\/callen-a-los-therians-que-se-autoperciben-leones-hasta-martin-menem-se-tento-por-la-ironia-de-palazzo-a-milei-y-compania\/","title":{"rendered":"\u201cCallen a los therians que se autoperciben leones\u201d: hasta Mart\u00edn Menem se tent\u00f3 por la iron\u00eda de Palazzo a Milei y compa\u00f1\u00eda"},"content":{"rendered":"<p>La C\u00e1mara de Diputados vivi\u00f3 este mi\u00e9rcoles una jornada cargada de tensi\u00f3n pol\u00edtica durante la exposici\u00f3n del jefe de Gabinete, Manuel Adorni, quien se present\u00f3 con un inusual operativo de respaldo oficial.<\/p>\n<p>Desde los palcos siguieron la sesi\u00f3n Javier Milei, Karina Milei y gran parte del Gabinete nacional, en una puesta en escena pocas veces vista para un informe de gesti\u00f3n.<\/p>\n<p>En ese contexto, con aplausos, murmullos e interrupciones que bajaban desde las bandejas ocupadas por dirigentes y militantes de La Libertad Avanza, tom\u00f3 la palabra Sergio Palazzo. <\/p>\n<p>\u201c\u00bfLe puede decir a los therians que se autoperciben leones que se callen un poquito?\u201d, en clara alusi\u00f3n a la identificaci\u00f3n que el propio mile\u00edsmo hace con la figura del le\u00f3n.<\/p>\n<p>La ocurrencia desat\u00f3 carcajadas inmediatas en el recinto y hasta el presidente de la C\u00e1mara, Mart\u00edn Menem, no pudo ocultar la sonrisa.<\/p>\n","protected":false},"excerpt":{"rendered":"<p>La C\u00e1mara de Diputados vivi\u00f3 este mi\u00e9rcoles una jornada cargada<\/p>\n","protected":false},"author":0,"featured_media":19370,"comment_status":"","ping_status":"","sticky":false,"template":"","format":"standard","meta":{"footnotes":""},"categories":[65],"tags":[],"class_list":["post-19369","post","type-post","status-publish","format-standard","has-post-thumbnail","hentry","category-pais"],"yoast_head":"<!-- This site is optimized with the Yoast SEO plugin v27.5 - https:\/\/yoast.com\/product\/yoast-seo-wordpress\/ -->\n<title>\u201cCallen a los therians que se autoperciben leones\u201d: hasta Mart\u00edn Menem se tent\u00f3 por la iron\u00eda de Palazzo a Milei y compa\u00f1\u00eda - Cuarteto en la Web<\/title>\n<meta name=\"robots\" content=\"index, follow, max-snippet:-1, max-image-preview:large, max-video-preview:-1\" \/>\n<link rel=\"canonical\" href=\"https:\/\/cuartetoenlaweb.com.ar\/sitio\/callen-a-los-therians-que-se-autoperciben-leones-hasta-martin-menem-se-tento-por-la-ironia-de-palazzo-a-milei-y-compania\/\" \/>\n<meta property=\"og:locale\" content=\"es_ES\" \/>\n<meta property=\"og:type\" content=\"article\" \/>\n<meta property=\"og:title\" content=\"\u201cCallen a los therians que se autoperciben leones\u201d: hasta Mart\u00edn Menem se tent\u00f3 por la iron\u00eda de Palazzo a Milei y compa\u00f1\u00eda - Cuarteto en la Web\" \/>\n<meta property=\"og:description\" content=\"La C\u00e1mara de Diputados vivi\u00f3 este mi\u00e9rcoles una jornada cargada\" \/>\n<meta property=\"og:url\" content=\"https:\/\/cuartetoenlaweb.com.ar\/sitio\/callen-a-los-therians-que-se-autoperciben-leones-hasta-martin-menem-se-tento-por-la-ironia-de-palazzo-a-milei-y-compania\/\" \/>\n<meta property=\"og:site_name\" content=\"Cuarteto en la Web\" \/>\n<meta property=\"article:published_time\" content=\"2026-04-30T07:00:12+00:00\" \/>\n<meta name=\"twitter:card\" content=\"summary_large_image\" \/>\n<meta name=\"twitter:label1\" content=\"Tiempo de lectura\" \/>\n\t<meta name=\"twitter:data1\" content=\"1 minuto\" \/>\n<script type=\"application\/ld+json\" class=\"yoast-schema-graph\">{\"@context\":\"https:\\\/\\\/schema.org\",\"@graph\":[{\"@type\":\"Article\",\"@id\":\"https:\\\/\\\/cuartetoenlaweb.com.ar\\\/sitio\\\/callen-a-los-therians-que-se-autoperciben-leones-hasta-martin-menem-se-tento-por-la-ironia-de-palazzo-a-milei-y-compania\\\/#article\",\"isPartOf\":{\"@id\":\"https:\\\/\\\/cuartetoenlaweb.com.ar\\\/sitio\\\/callen-a-los-therians-que-se-autoperciben-leones-hasta-martin-menem-se-tento-por-la-ironia-de-palazzo-a-milei-y-compania\\\/\"},\"author\":{\"name\":\"\",\"@id\":\"\"},\"headline\":\"\u201cCallen a los therians que se autoperciben leones\u201d: hasta Mart\u00edn Menem se tent\u00f3 por la iron\u00eda de Palazzo a Milei y compa\u00f1\u00eda\",\"datePublished\":\"2026-04-30T07:00:12+00:00\",\"mainEntityOfPage\":{\"@id\":\"https:\\\/\\\/cuartetoenlaweb.com.ar\\\/sitio\\\/callen-a-los-therians-que-se-autoperciben-leones-hasta-martin-menem-se-tento-por-la-ironia-de-palazzo-a-milei-y-compania\\\/\"},\"wordCount\":179,\"publisher\":{\"@id\":\"http:\\\/\\\/cuartetoenlaweb.com.ar\\\/sitio\\\/#organization\"},\"image\":{\"@id\":\"https:\\\/\\\/cuartetoenlaweb.com.ar\\\/sitio\\\/callen-a-los-therians-que-se-autoperciben-leones-hasta-martin-menem-se-tento-por-la-ironia-de-palazzo-a-milei-y-compania\\\/#primaryimage\"},\"thumbnailUrl\":\"https:\\\/\\\/cuartetoenlaweb.com.ar\\\/sitio\\\/wp-content\\\/uploads\\\/2026\\\/04\\\/720-712.jpeg\",\"articleSection\":[\"PAIS\"],\"inLanguage\":\"es\"},{\"@type\":\"WebPage\",\"@id\":\"https:\\\/\\\/cuartetoenlaweb.com.ar\\\/sitio\\\/callen-a-los-therians-que-se-autoperciben-leones-hasta-martin-menem-se-tento-por-la-ironia-de-palazzo-a-milei-y-compania\\\/\",\"url\":\"https:\\\/\\\/cuartetoenlaweb.com.ar\\\/sitio\\\/callen-a-los-therians-que-se-autoperciben-leones-hasta-martin-menem-se-tento-por-la-ironia-de-palazzo-a-milei-y-compania\\\/\",\"name\":\"\u201cCallen a los therians que se autoperciben leones\u201d: hasta Mart\u00edn Menem se tent\u00f3 por la iron\u00eda de Palazzo a Milei y compa\u00f1\u00eda - Cuarteto en la Web\",\"isPartOf\":{\"@id\":\"http:\\\/\\\/cuartetoenlaweb.com.ar\\\/sitio\\\/#website\"},\"primaryImageOfPage\":{\"@id\":\"https:\\\/\\\/cuartetoenlaweb.com.ar\\\/sitio\\\/callen-a-los-therians-que-se-autoperciben-leones-hasta-martin-menem-se-tento-por-la-ironia-de-palazzo-a-milei-y-compania\\\/#primaryimage\"},\"image\":{\"@id\":\"https:\\\/\\\/cuartetoenlaweb.com.ar\\\/sitio\\\/callen-a-los-therians-que-se-autoperciben-leones-hasta-martin-menem-se-tento-por-la-ironia-de-palazzo-a-milei-y-compania\\\/#primaryimage\"},\"thumbnailUrl\":\"https:\\\/\\\/cuartetoenlaweb.com.ar\\\/sitio\\\/wp-content\\\/uploads\\\/2026\\\/04\\\/720-712.jpeg\",\"datePublished\":\"2026-04-30T07:00:12+00:00\",\"breadcrumb\":{\"@id\":\"https:\\\/\\\/cuartetoenlaweb.com.ar\\\/sitio\\\/callen-a-los-therians-que-se-autoperciben-leones-hasta-martin-menem-se-tento-por-la-ironia-de-palazzo-a-milei-y-compania\\\/#breadcrumb\"},\"inLanguage\":\"es\",\"potentialAction\":[{\"@type\":\"ReadAction\",\"target\":[\"https:\\\/\\\/cuartetoenlaweb.com.ar\\\/sitio\\\/callen-a-los-therians-que-se-autoperciben-leones-hasta-martin-menem-se-tento-por-la-ironia-de-palazzo-a-milei-y-compania\\\/\"]}]},{\"@type\":\"ImageObject\",\"inLanguage\":\"es\",\"@id\":\"https:\\\/\\\/cuartetoenlaweb.com.ar\\\/sitio\\\/callen-a-los-therians-que-se-autoperciben-leones-hasta-martin-menem-se-tento-por-la-ironia-de-palazzo-a-milei-y-compania\\\/#primaryimage\",\"url\":\"https:\\\/\\\/cuartetoenlaweb.com.ar\\\/sitio\\\/wp-content\\\/uploads\\\/2026\\\/04\\\/720-712.jpeg\",\"contentUrl\":\"https:\\\/\\\/cuartetoenlaweb.com.ar\\\/sitio\\\/wp-content\\\/uploads\\\/2026\\\/04\\\/720-712.jpeg\",\"width\":1158,\"height\":720},{\"@type\":\"BreadcrumbList\",\"@id\":\"https:\\\/\\\/cuartetoenlaweb.com.ar\\\/sitio\\\/callen-a-los-therians-que-se-autoperciben-leones-hasta-martin-menem-se-tento-por-la-ironia-de-palazzo-a-milei-y-compania\\\/#breadcrumb\",\"itemListElement\":[{\"@type\":\"ListItem\",\"position\":1,\"name\":\"Portada\",\"item\":\"http:\\\/\\\/cuartetoenlaweb.com.ar\\\/sitio\\\/\"},{\"@type\":\"ListItem\",\"position\":2,\"name\":\"\u201cCallen a los therians que se autoperciben leones\u201d: hasta Mart\u00edn Menem se tent\u00f3 por la iron\u00eda de Palazzo a Milei y compa\u00f1\u00eda\"}]},{\"@type\":\"WebSite\",\"@id\":\"http:\\\/\\\/cuartetoenlaweb.com.ar\\\/sitio\\\/#website\",\"url\":\"http:\\\/\\\/cuartetoenlaweb.com.ar\\\/sitio\\\/\",\"name\":\"Cuarteto en la Web\",\"description\":\"\",\"publisher\":{\"@id\":\"http:\\\/\\\/cuartetoenlaweb.com.ar\\\/sitio\\\/#organization\"},\"potentialAction\":[{\"@type\":\"SearchAction\",\"target\":{\"@type\":\"EntryPoint\",\"urlTemplate\":\"http:\\\/\\\/cuartetoenlaweb.com.ar\\\/sitio\\\/?s={search_term_string}\"},\"query-input\":{\"@type\":\"PropertyValueSpecification\",\"valueRequired\":true,\"valueName\":\"search_term_string\"}}],\"inLanguage\":\"es\"},{\"@type\":\"Organization\",\"@id\":\"http:\\\/\\\/cuartetoenlaweb.com.ar\\\/sitio\\\/#organization\",\"name\":\"Cuarteto en la Web\",\"url\":\"http:\\\/\\\/cuartetoenlaweb.com.ar\\\/sitio\\\/\",\"logo\":{\"@type\":\"ImageObject\",\"inLanguage\":\"es\",\"@id\":\"http:\\\/\\\/cuartetoenlaweb.com.ar\\\/sitio\\\/#\\\/schema\\\/logo\\\/image\\\/\",\"url\":\"https:\\\/\\\/cuartetoenlaweb.com.ar\\\/sitio\\\/wp-content\\\/uploads\\\/2025\\\/07\\\/cropped-cropped-logitoweb21.png\",\"contentUrl\":\"https:\\\/\\\/cuartetoenlaweb.com.ar\\\/sitio\\\/wp-content\\\/uploads\\\/2025\\\/07\\\/cropped-cropped-logitoweb21.png\",\"width\":199,\"height\":199,\"caption\":\"Cuarteto en la Web\"},\"image\":{\"@id\":\"http:\\\/\\\/cuartetoenlaweb.com.ar\\\/sitio\\\/#\\\/schema\\\/logo\\\/image\\\/\"}}]}<\/script>\n<!-- \/ Yoast SEO plugin. -->","yoast_head_json":{"title":"\u201cCallen a los therians que se autoperciben leones\u201d: hasta Mart\u00edn Menem se tent\u00f3 por la iron\u00eda de Palazzo a Milei y compa\u00f1\u00eda - Cuarteto en la Web","robots":{"index":"index","follow":"follow","max-snippet":"max-snippet:-1","max-image-preview":"max-image-preview:large","max-video-preview":"max-video-preview:-1"},"canonical":"https:\/\/cuartetoenlaweb.com.ar\/sitio\/callen-a-los-therians-que-se-autoperciben-leones-hasta-martin-menem-se-tento-por-la-ironia-de-palazzo-a-milei-y-compania\/","og_locale":"es_ES","og_type":"article","og_title":"\u201cCallen a los therians que se autoperciben leones\u201d: hasta Mart\u00edn Menem se tent\u00f3 por la iron\u00eda de Palazzo a Milei y compa\u00f1\u00eda - Cuarteto en la Web","og_description":"La C\u00e1mara de Diputados vivi\u00f3 este mi\u00e9rcoles una jornada cargada","og_url":"https:\/\/cuartetoenlaweb.com.ar\/sitio\/callen-a-los-therians-que-se-autoperciben-leones-hasta-martin-menem-se-tento-por-la-ironia-de-palazzo-a-milei-y-compania\/","og_site_name":"Cuarteto en la Web","article_published_time":"2026-04-30T07:00:12+00:00","twitter_card":"summary_large_image","twitter_misc":{"Tiempo de lectura":"1 minuto"},"schema":{"@context":"https:\/\/schema.org","@graph":[{"@type":"Article","@id":"https:\/\/cuartetoenlaweb.com.ar\/sitio\/callen-a-los-therians-que-se-autoperciben-leones-hasta-martin-menem-se-tento-por-la-ironia-de-palazzo-a-milei-y-compania\/#article","isPartOf":{"@id":"https:\/\/cuartetoenlaweb.com.ar\/sitio\/callen-a-los-therians-que-se-autoperciben-leones-hasta-martin-menem-se-tento-por-la-ironia-de-palazzo-a-milei-y-compania\/"},"author":{"name":"","@id":""},"headline":"\u201cCallen a los therians que se autoperciben leones\u201d: hasta Mart\u00edn Menem se tent\u00f3 por la iron\u00eda de Palazzo a Milei y compa\u00f1\u00eda","datePublished":"2026-04-30T07:00:12+00:00","mainEntityOfPage":{"@id":"https:\/\/cuartetoenlaweb.com.ar\/sitio\/callen-a-los-therians-que-se-autoperciben-leones-hasta-martin-menem-se-tento-por-la-ironia-de-palazzo-a-milei-y-compania\/"},"wordCount":179,"publisher":{"@id":"http:\/\/cuartetoenlaweb.com.ar\/sitio\/#organization"},"image":{"@id":"https:\/\/cuartetoenlaweb.com.ar\/sitio\/callen-a-los-therians-que-se-autoperciben-leones-hasta-martin-menem-se-tento-por-la-ironia-de-palazzo-a-milei-y-compania\/#primaryimage"},"thumbnailUrl":"https:\/\/cuartetoenlaweb.com.ar\/sitio\/wp-content\/uploads\/2026\/04\/720-712.jpeg","articleSection":["PAIS"],"inLanguage":"es"},{"@type":"WebPage","@id":"https:\/\/cuartetoenlaweb.com.ar\/sitio\/callen-a-los-therians-que-se-autoperciben-leones-hasta-martin-menem-se-tento-por-la-ironia-de-palazzo-a-milei-y-compania\/","url":"https:\/\/cuartetoenlaweb.com.ar\/sitio\/callen-a-los-therians-que-se-autoperciben-leones-hasta-martin-menem-se-tento-por-la-ironia-de-palazzo-a-milei-y-compania\/","name":"\u201cCallen a los therians que se autoperciben leones\u201d: hasta Mart\u00edn Menem se tent\u00f3 por la iron\u00eda de Palazzo a Milei y compa\u00f1\u00eda - Cuarteto en la Web","isPartOf":{"@id":"http:\/\/cuartetoenlaweb.com.ar\/sitio\/#website"},"primaryImageOfPage":{"@id":"https:\/\/cuartetoenlaweb.com.ar\/sitio\/callen-a-los-therians-que-se-autoperciben-leones-hasta-martin-menem-se-tento-por-la-ironia-de-palazzo-a-milei-y-compania\/#primaryimage"},"image":{"@id":"https:\/\/cuartetoenlaweb.com.ar\/sitio\/callen-a-los-therians-que-se-autoperciben-leones-hasta-martin-menem-se-tento-por-la-ironia-de-palazzo-a-milei-y-compania\/#primaryimage"},"thumbnailUrl":"https:\/\/cuartetoenlaweb.com.ar\/sitio\/wp-content\/uploads\/2026\/04\/720-712.jpeg","datePublished":"2026-04-30T07:00:12+00:00","breadcrumb":{"@id":"https:\/\/cuartetoenlaweb.com.ar\/sitio\/callen-a-los-therians-que-se-autoperciben-leones-hasta-martin-menem-se-tento-por-la-ironia-de-palazzo-a-milei-y-compania\/#breadcrumb"},"inLanguage":"es","potentialAction":[{"@type":"ReadAction","target":["https:\/\/cuartetoenlaweb.com.ar\/sitio\/callen-a-los-therians-que-se-autoperciben-leones-hasta-martin-menem-se-tento-por-la-ironia-de-palazzo-a-milei-y-compania\/"]}]},{"@type":"ImageObject","inLanguage":"es","@id":"https:\/\/cuartetoenlaweb.com.ar\/sitio\/callen-a-los-therians-que-se-autoperciben-leones-hasta-martin-menem-se-tento-por-la-ironia-de-palazzo-a-milei-y-compania\/#primaryimage","url":"https:\/\/cuartetoenlaweb.com.ar\/sitio\/wp-content\/uploads\/2026\/04\/720-712.jpeg","contentUrl":"https:\/\/cuartetoenlaweb.com.ar\/sitio\/wp-content\/uploads\/2026\/04\/720-712.jpeg","width":1158,"height":720},{"@type":"BreadcrumbList","@id":"https:\/\/cuartetoenlaweb.com.ar\/sitio\/callen-a-los-therians-que-se-autoperciben-leones-hasta-martin-menem-se-tento-por-la-ironia-de-palazzo-a-milei-y-compania\/#breadcrumb","itemListElement":[{"@type":"ListItem","position":1,"name":"Portada","item":"http:\/\/cuartetoenlaweb.com.ar\/sitio\/"},{"@type":"ListItem","position":2,"name":"\u201cCallen a los therians que se autoperciben leones\u201d: hasta Mart\u00edn Menem se tent\u00f3 por la iron\u00eda de Palazzo a Milei y compa\u00f1\u00eda"}]},{"@type":"WebSite","@id":"http:\/\/cuartetoenlaweb.com.ar\/sitio\/#website","url":"http:\/\/cuartetoenlaweb.com.ar\/sitio\/","name":"Cuarteto en la Web","description":"","publisher":{"@id":"http:\/\/cuartetoenlaweb.com.ar\/sitio\/#organization"},"potentialAction":[{"@type":"SearchAction","target":{"@type":"EntryPoint","urlTemplate":"http:\/\/cuartetoenlaweb.com.ar\/sitio\/?s={search_term_string}"},"query-input":{"@type":"PropertyValueSpecification","valueRequired":true,"valueName":"search_term_string"}}],"inLanguage":"es"},{"@type":"Organization","@id":"http:\/\/cuartetoenlaweb.com.ar\/sitio\/#organization","name":"Cuarteto en la Web","url":"http:\/\/cuartetoenlaweb.com.ar\/sitio\/","logo":{"@type":"ImageObject","inLanguage":"es","@id":"http:\/\/cuartetoenlaweb.com.ar\/sitio\/#\/schema\/logo\/image\/","url":"https:\/\/cuartetoenlaweb.com.ar\/sitio\/wp-content\/uploads\/2025\/07\/cropped-cropped-logitoweb21.png","contentUrl":"https:\/\/cuartetoenlaweb.com.ar\/sitio\/wp-content\/uploads\/2025\/07\/cropped-cropped-logitoweb21.png","width":199,"height":199,"caption":"Cuarteto en la Web"},"image":{"@id":"http:\/\/cuartetoenlaweb.com.ar\/sitio\/#\/schema\/logo\/image\/"}}]}},"_links":{"self":[{"href":"https:\/\/cuartetoenlaweb.com.ar\/sitio\/wp-json\/wp\/v2\/posts\/19369","targetHints":{"allow":["GET"]}}],"collection":[{"href":"https:\/\/cuartetoenlaweb.com.ar\/sitio\/wp-json\/wp\/v2\/posts"}],"about":[{"href":"https:\/\/cuartetoenlaweb.com.ar\/sitio\/wp-json\/wp\/v2\/types\/post"}],"replies":[{"embeddable":true,"href":"https:\/\/cuartetoenlaweb.com.ar\/sitio\/wp-json\/wp\/v2\/comments?post=19369"}],"version-history":[{"count":0,"href":"https:\/\/cuartetoenlaweb.com.ar\/sitio\/wp-json\/wp\/v2\/posts\/19369\/revisions"}],"wp:featuredmedia":[{"embeddable":true,"href":"https:\/\/cuartetoenlaweb.com.ar\/sitio\/wp-json\/wp\/v2\/media\/19370"}],"wp:attachment":[{"href":"https:\/\/cuartetoenlaweb.com.ar\/sitio\/wp-json\/wp\/v2\/media?parent=19369"}],"wp:term":[{"taxonomy":"category","embeddable":true,"href":"https:\/\/cuartetoenlaweb.com.ar\/sitio\/wp-json\/wp\/v2\/categories?post=19369"},{"taxonomy":"post_tag","embeddable":true,"href":"https:\/\/cuartetoenlaweb.com.ar\/sitio\/wp-json\/wp\/v2\/tags?post=19369"}],"curies":[{"name":"wp","href":"https:\/\/api.w.org\/{rel}","templated":true}]}}