
{"id":19323,"date":"2026-04-29T18:59:58","date_gmt":"2026-04-29T21:59:58","guid":{"rendered":"http:\/\/cuartetoenlaweb.com.ar\/sitio\/zarate-en-caida-comerciantes-advierten-un-centro-vaciado\/"},"modified":"2026-04-29T18:59:58","modified_gmt":"2026-04-29T21:59:58","slug":"zarate-en-caida-comerciantes-advierten-un-centro-vaciado","status":"publish","type":"post","link":"https:\/\/cuartetoenlaweb.com.ar\/sitio\/zarate-en-caida-comerciantes-advierten-un-centro-vaciado\/","title":{"rendered":"Z\u00e1rate en ca\u00edda: comerciantes advierten un centro vaciado"},"content":{"rendered":"<p>Buenos Aires, 29 abril (NA) &#8211; El term\u00f3metro comercial volvi\u00f3 a marcar rojo en Z\u00e1rate, donde referentes del sector advirtieron que el centro atraviesa un momento cr\u00edtico, con menos actividad, menos p\u00fablico y una creciente sensaci\u00f3n de desamparo institucional.<\/p>\n<p>Seg\u00fan supo la Agencia Noticias Argentinas, el planteo qued\u00f3 expuesto en la voz del comerciante Nelson Valle, quien alert\u00f3 sobre la incertidumbre que atraviesa el CCI y reclam\u00f3 volver a poner en pie una entidad que represente a un comercio golpeado por la falta de producci\u00f3n, trabajo y consumo.<\/p>\n<p>Valle describi\u00f3 que la instituci\u00f3n ubicada en Ituzaing\u00f3 651 vive un momento \u201cdifuso\u201d, sin informaci\u00f3n fehaciente sobre su comit\u00e9 normalizador, y dijo que entre comerciantes existe temor real a una eventual extinci\u00f3n de esa representaci\u00f3n sectorial.<\/p>\n<p>La frase m\u00e1s dura del diagn\u00f3stico fue tambi\u00e9n la m\u00e1s gr\u00e1fica: el referente asegur\u00f3 que el comercio local est\u00e1 metido en \u201cun pozo muy profundo\u201d, donde faltan empresas, falta trabajo en esas empresas y, en consecuencia, tambi\u00e9n falta p\u00fablico en el mostrador.<\/p>\n<p>Lejos de presentarse como una disputa interna, el reclamo busc\u00f3 instalar otra idea: que el problema ya no es solo qui\u00e9n conduce la instituci\u00f3n, sino la ausencia de una voz capaz de ordenar, defender y visibilizar un deterioro que se percibe a simple vista en la actividad del centro.<\/p>\n<p>En ese marco, Valle insisti\u00f3 en que hay comerciantes j\u00f3venes en condiciones de participar de una nueva etapa y recuperar una entidad que, seg\u00fan record\u00f3, supo tener otro peso en la ciudad. El trasfondo es m\u00e1s \u00e1spero: cuando el comercio empieza a hablar de inexistencia, incertidumbre y vac\u00edo de representaci\u00f3n, lo que queda en evidencia no es una discusi\u00f3n administrativa sino el desgaste del coraz\u00f3n econ\u00f3mico de Z\u00e1rate.<\/p>\n<p>#AgenciaNA<\/p>\n","protected":false},"excerpt":{"rendered":"<p>Buenos Aires, 29 abril (NA) &#8211; El term\u00f3metro comercial volvi\u00f3<\/p>\n","protected":false},"author":0,"featured_media":19324,"comment_status":"","ping_status":"","sticky":false,"template":"","format":"standard","meta":{"footnotes":""},"categories":[65],"tags":[],"class_list":["post-19323","post","type-post","status-publish","format-standard","has-post-thumbnail","hentry","category-pais"],"yoast_head":"<!-- This site is optimized with the Yoast SEO plugin v27.5 - https:\/\/yoast.com\/product\/yoast-seo-wordpress\/ -->\n<title>Z\u00e1rate en ca\u00edda: comerciantes advierten un centro vaciado - Cuarteto en la Web<\/title>\n<meta name=\"robots\" content=\"index, follow, max-snippet:-1, max-image-preview:large, max-video-preview:-1\" \/>\n<link rel=\"canonical\" href=\"http:\/\/cuartetoenlaweb.com.ar\/sitio\/zarate-en-caida-comerciantes-advierten-un-centro-vaciado\/\" \/>\n<meta property=\"og:locale\" content=\"es_ES\" \/>\n<meta property=\"og:type\" content=\"article\" \/>\n<meta property=\"og:title\" content=\"Z\u00e1rate en ca\u00edda: comerciantes advierten un centro vaciado - Cuarteto en la Web\" \/>\n<meta property=\"og:description\" content=\"Buenos Aires, 29 abril (NA) &#8211; El term\u00f3metro comercial volvi\u00f3\" \/>\n<meta property=\"og:url\" content=\"http:\/\/cuartetoenlaweb.com.ar\/sitio\/zarate-en-caida-comerciantes-advierten-un-centro-vaciado\/\" \/>\n<meta property=\"og:site_name\" content=\"Cuarteto en la Web\" \/>\n<meta property=\"article:published_time\" content=\"2026-04-29T21:59:58+00:00\" \/>\n<meta name=\"twitter:card\" content=\"summary_large_image\" \/>\n<meta name=\"twitter:label1\" content=\"Tiempo de lectura\" \/>\n\t<meta name=\"twitter:data1\" content=\"2 minutos\" \/>\n<script type=\"application\/ld+json\" class=\"yoast-schema-graph\">{\"@context\":\"https:\\\/\\\/schema.org\",\"@graph\":[{\"@type\":\"Article\",\"@id\":\"http:\\\/\\\/cuartetoenlaweb.com.ar\\\/sitio\\\/zarate-en-caida-comerciantes-advierten-un-centro-vaciado\\\/#article\",\"isPartOf\":{\"@id\":\"http:\\\/\\\/cuartetoenlaweb.com.ar\\\/sitio\\\/zarate-en-caida-comerciantes-advierten-un-centro-vaciado\\\/\"},\"author\":{\"name\":\"\",\"@id\":\"\"},\"headline\":\"Z\u00e1rate en ca\u00edda: comerciantes advierten un centro vaciado\",\"datePublished\":\"2026-04-29T21:59:58+00:00\",\"mainEntityOfPage\":{\"@id\":\"http:\\\/\\\/cuartetoenlaweb.com.ar\\\/sitio\\\/zarate-en-caida-comerciantes-advierten-un-centro-vaciado\\\/\"},\"wordCount\":321,\"publisher\":{\"@id\":\"http:\\\/\\\/cuartetoenlaweb.com.ar\\\/sitio\\\/#organization\"},\"image\":{\"@id\":\"http:\\\/\\\/cuartetoenlaweb.com.ar\\\/sitio\\\/zarate-en-caida-comerciantes-advierten-un-centro-vaciado\\\/#primaryimage\"},\"thumbnailUrl\":\"https:\\\/\\\/cuartetoenlaweb.com.ar\\\/sitio\\\/wp-content\\\/uploads\\\/2026\\\/04\\\/720-699.jpeg\",\"articleSection\":[\"PAIS\"],\"inLanguage\":\"es\"},{\"@type\":\"WebPage\",\"@id\":\"http:\\\/\\\/cuartetoenlaweb.com.ar\\\/sitio\\\/zarate-en-caida-comerciantes-advierten-un-centro-vaciado\\\/\",\"url\":\"http:\\\/\\\/cuartetoenlaweb.com.ar\\\/sitio\\\/zarate-en-caida-comerciantes-advierten-un-centro-vaciado\\\/\",\"name\":\"Z\u00e1rate en ca\u00edda: comerciantes advierten un centro vaciado - Cuarteto en la Web\",\"isPartOf\":{\"@id\":\"http:\\\/\\\/cuartetoenlaweb.com.ar\\\/sitio\\\/#website\"},\"primaryImageOfPage\":{\"@id\":\"http:\\\/\\\/cuartetoenlaweb.com.ar\\\/sitio\\\/zarate-en-caida-comerciantes-advierten-un-centro-vaciado\\\/#primaryimage\"},\"image\":{\"@id\":\"http:\\\/\\\/cuartetoenlaweb.com.ar\\\/sitio\\\/zarate-en-caida-comerciantes-advierten-un-centro-vaciado\\\/#primaryimage\"},\"thumbnailUrl\":\"https:\\\/\\\/cuartetoenlaweb.com.ar\\\/sitio\\\/wp-content\\\/uploads\\\/2026\\\/04\\\/720-699.jpeg\",\"datePublished\":\"2026-04-29T21:59:58+00:00\",\"breadcrumb\":{\"@id\":\"http:\\\/\\\/cuartetoenlaweb.com.ar\\\/sitio\\\/zarate-en-caida-comerciantes-advierten-un-centro-vaciado\\\/#breadcrumb\"},\"inLanguage\":\"es\",\"potentialAction\":[{\"@type\":\"ReadAction\",\"target\":[\"http:\\\/\\\/cuartetoenlaweb.com.ar\\\/sitio\\\/zarate-en-caida-comerciantes-advierten-un-centro-vaciado\\\/\"]}]},{\"@type\":\"ImageObject\",\"inLanguage\":\"es\",\"@id\":\"http:\\\/\\\/cuartetoenlaweb.com.ar\\\/sitio\\\/zarate-en-caida-comerciantes-advierten-un-centro-vaciado\\\/#primaryimage\",\"url\":\"https:\\\/\\\/cuartetoenlaweb.com.ar\\\/sitio\\\/wp-content\\\/uploads\\\/2026\\\/04\\\/720-699.jpeg\",\"contentUrl\":\"https:\\\/\\\/cuartetoenlaweb.com.ar\\\/sitio\\\/wp-content\\\/uploads\\\/2026\\\/04\\\/720-699.jpeg\",\"width\":1280,\"height\":656},{\"@type\":\"BreadcrumbList\",\"@id\":\"http:\\\/\\\/cuartetoenlaweb.com.ar\\\/sitio\\\/zarate-en-caida-comerciantes-advierten-un-centro-vaciado\\\/#breadcrumb\",\"itemListElement\":[{\"@type\":\"ListItem\",\"position\":1,\"name\":\"Portada\",\"item\":\"http:\\\/\\\/cuartetoenlaweb.com.ar\\\/sitio\\\/\"},{\"@type\":\"ListItem\",\"position\":2,\"name\":\"Z\u00e1rate en ca\u00edda: comerciantes advierten un centro vaciado\"}]},{\"@type\":\"WebSite\",\"@id\":\"http:\\\/\\\/cuartetoenlaweb.com.ar\\\/sitio\\\/#website\",\"url\":\"http:\\\/\\\/cuartetoenlaweb.com.ar\\\/sitio\\\/\",\"name\":\"Cuarteto en la Web\",\"description\":\"\",\"publisher\":{\"@id\":\"http:\\\/\\\/cuartetoenlaweb.com.ar\\\/sitio\\\/#organization\"},\"potentialAction\":[{\"@type\":\"SearchAction\",\"target\":{\"@type\":\"EntryPoint\",\"urlTemplate\":\"http:\\\/\\\/cuartetoenlaweb.com.ar\\\/sitio\\\/?s={search_term_string}\"},\"query-input\":{\"@type\":\"PropertyValueSpecification\",\"valueRequired\":true,\"valueName\":\"search_term_string\"}}],\"inLanguage\":\"es\"},{\"@type\":\"Organization\",\"@id\":\"http:\\\/\\\/cuartetoenlaweb.com.ar\\\/sitio\\\/#organization\",\"name\":\"Cuarteto en la Web\",\"url\":\"http:\\\/\\\/cuartetoenlaweb.com.ar\\\/sitio\\\/\",\"logo\":{\"@type\":\"ImageObject\",\"inLanguage\":\"es\",\"@id\":\"http:\\\/\\\/cuartetoenlaweb.com.ar\\\/sitio\\\/#\\\/schema\\\/logo\\\/image\\\/\",\"url\":\"https:\\\/\\\/cuartetoenlaweb.com.ar\\\/sitio\\\/wp-content\\\/uploads\\\/2025\\\/07\\\/cropped-cropped-logitoweb21.png\",\"contentUrl\":\"https:\\\/\\\/cuartetoenlaweb.com.ar\\\/sitio\\\/wp-content\\\/uploads\\\/2025\\\/07\\\/cropped-cropped-logitoweb21.png\",\"width\":199,\"height\":199,\"caption\":\"Cuarteto en la Web\"},\"image\":{\"@id\":\"http:\\\/\\\/cuartetoenlaweb.com.ar\\\/sitio\\\/#\\\/schema\\\/logo\\\/image\\\/\"}}]}<\/script>\n<!-- \/ Yoast SEO plugin. -->","yoast_head_json":{"title":"Z\u00e1rate en ca\u00edda: comerciantes advierten un centro vaciado - Cuarteto en la Web","robots":{"index":"index","follow":"follow","max-snippet":"max-snippet:-1","max-image-preview":"max-image-preview:large","max-video-preview":"max-video-preview:-1"},"canonical":"http:\/\/cuartetoenlaweb.com.ar\/sitio\/zarate-en-caida-comerciantes-advierten-un-centro-vaciado\/","og_locale":"es_ES","og_type":"article","og_title":"Z\u00e1rate en ca\u00edda: comerciantes advierten un centro vaciado - Cuarteto en la Web","og_description":"Buenos Aires, 29 abril (NA) &#8211; El term\u00f3metro comercial volvi\u00f3","og_url":"http:\/\/cuartetoenlaweb.com.ar\/sitio\/zarate-en-caida-comerciantes-advierten-un-centro-vaciado\/","og_site_name":"Cuarteto en la Web","article_published_time":"2026-04-29T21:59:58+00:00","twitter_card":"summary_large_image","twitter_misc":{"Tiempo de lectura":"2 minutos"},"schema":{"@context":"https:\/\/schema.org","@graph":[{"@type":"Article","@id":"http:\/\/cuartetoenlaweb.com.ar\/sitio\/zarate-en-caida-comerciantes-advierten-un-centro-vaciado\/#article","isPartOf":{"@id":"http:\/\/cuartetoenlaweb.com.ar\/sitio\/zarate-en-caida-comerciantes-advierten-un-centro-vaciado\/"},"author":{"name":"","@id":""},"headline":"Z\u00e1rate en ca\u00edda: comerciantes advierten un centro vaciado","datePublished":"2026-04-29T21:59:58+00:00","mainEntityOfPage":{"@id":"http:\/\/cuartetoenlaweb.com.ar\/sitio\/zarate-en-caida-comerciantes-advierten-un-centro-vaciado\/"},"wordCount":321,"publisher":{"@id":"http:\/\/cuartetoenlaweb.com.ar\/sitio\/#organization"},"image":{"@id":"http:\/\/cuartetoenlaweb.com.ar\/sitio\/zarate-en-caida-comerciantes-advierten-un-centro-vaciado\/#primaryimage"},"thumbnailUrl":"https:\/\/cuartetoenlaweb.com.ar\/sitio\/wp-content\/uploads\/2026\/04\/720-699.jpeg","articleSection":["PAIS"],"inLanguage":"es"},{"@type":"WebPage","@id":"http:\/\/cuartetoenlaweb.com.ar\/sitio\/zarate-en-caida-comerciantes-advierten-un-centro-vaciado\/","url":"http:\/\/cuartetoenlaweb.com.ar\/sitio\/zarate-en-caida-comerciantes-advierten-un-centro-vaciado\/","name":"Z\u00e1rate en ca\u00edda: comerciantes advierten un centro vaciado - Cuarteto en la Web","isPartOf":{"@id":"http:\/\/cuartetoenlaweb.com.ar\/sitio\/#website"},"primaryImageOfPage":{"@id":"http:\/\/cuartetoenlaweb.com.ar\/sitio\/zarate-en-caida-comerciantes-advierten-un-centro-vaciado\/#primaryimage"},"image":{"@id":"http:\/\/cuartetoenlaweb.com.ar\/sitio\/zarate-en-caida-comerciantes-advierten-un-centro-vaciado\/#primaryimage"},"thumbnailUrl":"https:\/\/cuartetoenlaweb.com.ar\/sitio\/wp-content\/uploads\/2026\/04\/720-699.jpeg","datePublished":"2026-04-29T21:59:58+00:00","breadcrumb":{"@id":"http:\/\/cuartetoenlaweb.com.ar\/sitio\/zarate-en-caida-comerciantes-advierten-un-centro-vaciado\/#breadcrumb"},"inLanguage":"es","potentialAction":[{"@type":"ReadAction","target":["http:\/\/cuartetoenlaweb.com.ar\/sitio\/zarate-en-caida-comerciantes-advierten-un-centro-vaciado\/"]}]},{"@type":"ImageObject","inLanguage":"es","@id":"http:\/\/cuartetoenlaweb.com.ar\/sitio\/zarate-en-caida-comerciantes-advierten-un-centro-vaciado\/#primaryimage","url":"https:\/\/cuartetoenlaweb.com.ar\/sitio\/wp-content\/uploads\/2026\/04\/720-699.jpeg","contentUrl":"https:\/\/cuartetoenlaweb.com.ar\/sitio\/wp-content\/uploads\/2026\/04\/720-699.jpeg","width":1280,"height":656},{"@type":"BreadcrumbList","@id":"http:\/\/cuartetoenlaweb.com.ar\/sitio\/zarate-en-caida-comerciantes-advierten-un-centro-vaciado\/#breadcrumb","itemListElement":[{"@type":"ListItem","position":1,"name":"Portada","item":"http:\/\/cuartetoenlaweb.com.ar\/sitio\/"},{"@type":"ListItem","position":2,"name":"Z\u00e1rate en ca\u00edda: comerciantes advierten un centro vaciado"}]},{"@type":"WebSite","@id":"http:\/\/cuartetoenlaweb.com.ar\/sitio\/#website","url":"http:\/\/cuartetoenlaweb.com.ar\/sitio\/","name":"Cuarteto en la Web","description":"","publisher":{"@id":"http:\/\/cuartetoenlaweb.com.ar\/sitio\/#organization"},"potentialAction":[{"@type":"SearchAction","target":{"@type":"EntryPoint","urlTemplate":"http:\/\/cuartetoenlaweb.com.ar\/sitio\/?s={search_term_string}"},"query-input":{"@type":"PropertyValueSpecification","valueRequired":true,"valueName":"search_term_string"}}],"inLanguage":"es"},{"@type":"Organization","@id":"http:\/\/cuartetoenlaweb.com.ar\/sitio\/#organization","name":"Cuarteto en la Web","url":"http:\/\/cuartetoenlaweb.com.ar\/sitio\/","logo":{"@type":"ImageObject","inLanguage":"es","@id":"http:\/\/cuartetoenlaweb.com.ar\/sitio\/#\/schema\/logo\/image\/","url":"https:\/\/cuartetoenlaweb.com.ar\/sitio\/wp-content\/uploads\/2025\/07\/cropped-cropped-logitoweb21.png","contentUrl":"https:\/\/cuartetoenlaweb.com.ar\/sitio\/wp-content\/uploads\/2025\/07\/cropped-cropped-logitoweb21.png","width":199,"height":199,"caption":"Cuarteto en la Web"},"image":{"@id":"http:\/\/cuartetoenlaweb.com.ar\/sitio\/#\/schema\/logo\/image\/"}}]}},"_links":{"self":[{"href":"https:\/\/cuartetoenlaweb.com.ar\/sitio\/wp-json\/wp\/v2\/posts\/19323","targetHints":{"allow":["GET"]}}],"collection":[{"href":"https:\/\/cuartetoenlaweb.com.ar\/sitio\/wp-json\/wp\/v2\/posts"}],"about":[{"href":"https:\/\/cuartetoenlaweb.com.ar\/sitio\/wp-json\/wp\/v2\/types\/post"}],"replies":[{"embeddable":true,"href":"https:\/\/cuartetoenlaweb.com.ar\/sitio\/wp-json\/wp\/v2\/comments?post=19323"}],"version-history":[{"count":0,"href":"https:\/\/cuartetoenlaweb.com.ar\/sitio\/wp-json\/wp\/v2\/posts\/19323\/revisions"}],"wp:featuredmedia":[{"embeddable":true,"href":"https:\/\/cuartetoenlaweb.com.ar\/sitio\/wp-json\/wp\/v2\/media\/19324"}],"wp:attachment":[{"href":"https:\/\/cuartetoenlaweb.com.ar\/sitio\/wp-json\/wp\/v2\/media?parent=19323"}],"wp:term":[{"taxonomy":"category","embeddable":true,"href":"https:\/\/cuartetoenlaweb.com.ar\/sitio\/wp-json\/wp\/v2\/categories?post=19323"},{"taxonomy":"post_tag","embeddable":true,"href":"https:\/\/cuartetoenlaweb.com.ar\/sitio\/wp-json\/wp\/v2\/tags?post=19323"}],"curies":[{"name":"wp","href":"https:\/\/api.w.org\/{rel}","templated":true}]}}