
{"id":19319,"date":"2026-04-29T18:59:53","date_gmt":"2026-04-29T21:59:53","guid":{"rendered":"http:\/\/cuartetoenlaweb.com.ar\/sitio\/asesinaron-a-una-mujer-tras-una-discusion-por-una-deuda-economica-en-un-comercio-de-la-plata\/"},"modified":"2026-04-29T18:59:53","modified_gmt":"2026-04-29T21:59:53","slug":"asesinaron-a-una-mujer-tras-una-discusion-por-una-deuda-economica-en-un-comercio-de-la-plata","status":"publish","type":"post","link":"https:\/\/cuartetoenlaweb.com.ar\/sitio\/asesinaron-a-una-mujer-tras-una-discusion-por-una-deuda-economica-en-un-comercio-de-la-plata\/","title":{"rendered":"Asesinaron a una mujer tras una discusi\u00f3n por una deuda econ\u00f3mica en un comercio de La Plata"},"content":{"rendered":"<p>Buenos Aires, 29 abril (NA) \u2013 Una mujer de 47 a\u00f1os fue asesinada de un disparo tras una discusi\u00f3n ocurrida en un comercio de la ciudad bonaerense de La Plata y la Polic\u00eda detuvo al presunto autor.<\/p>\n<p>Fuentes policiales informaron a la Agencia Noticias Argentinas que el episodio ocurri\u00f3 en un local del rubro cotill\u00f3n y reposter\u00eda, conocido como \u201cCoty Land\u201d, ubicado en calle 37 entre 9 y 10, donde el propietario hiri\u00f3 de bala a Paula Lastiris por una supuesta deuda econ\u00f3mica.<\/p>\n<p>La v\u00edctima fue trasladada de emergencia al Hospital San Mart\u00edn en estado grave, pero pese a los esfuerzos m\u00e9dicos, falleci\u00f3, mientras que la Polic\u00eda arrest\u00f3 al sospechoso en calle 35, entre 5 y 6, tras un operativo cerrojo.<\/p>\n<p>De acuerdo con el testimonio del esposo de Lastiri, el conflicto entre ambos se habr\u00eda originado por una deuda de alquiler del local.<\/p>\n<p>En el lugar trabajaron oficiales de la Comisar\u00eda Segunda, junto con personal del Escuadr\u00f3n Motorizado y otras unidades policiales, al tiempo que la causa qued\u00f3 en manos de la Fiscal\u00eda N\u00b017 de La Plata, a cargo de la fiscal Eugenia Di Lorenzo, quien investiga el hecho como homicidio simple agravado por el empleo de arma de fuego.<\/p>\n<p>#AgenciaNA<\/p>\n","protected":false},"excerpt":{"rendered":"<p>Buenos Aires, 29 abril (NA) \u2013 Una mujer de 47<\/p>\n","protected":false},"author":0,"featured_media":19320,"comment_status":"","ping_status":"","sticky":false,"template":"","format":"standard","meta":{"footnotes":""},"categories":[65],"tags":[],"class_list":["post-19319","post","type-post","status-publish","format-standard","has-post-thumbnail","hentry","category-pais"],"yoast_head":"<!-- This site is optimized with the Yoast SEO plugin v27.5 - https:\/\/yoast.com\/product\/yoast-seo-wordpress\/ -->\n<title>Asesinaron a una mujer tras una discusi\u00f3n por una deuda econ\u00f3mica en un comercio de La Plata - Cuarteto en la Web<\/title>\n<meta name=\"robots\" content=\"index, follow, max-snippet:-1, max-image-preview:large, max-video-preview:-1\" \/>\n<link rel=\"canonical\" href=\"http:\/\/cuartetoenlaweb.com.ar\/sitio\/asesinaron-a-una-mujer-tras-una-discusion-por-una-deuda-economica-en-un-comercio-de-la-plata\/\" \/>\n<meta property=\"og:locale\" content=\"es_ES\" \/>\n<meta property=\"og:type\" content=\"article\" \/>\n<meta property=\"og:title\" content=\"Asesinaron a una mujer tras una discusi\u00f3n por una deuda econ\u00f3mica en un comercio de La Plata - Cuarteto en la Web\" \/>\n<meta property=\"og:description\" content=\"Buenos Aires, 29 abril (NA) \u2013 Una mujer de 47\" \/>\n<meta property=\"og:url\" content=\"http:\/\/cuartetoenlaweb.com.ar\/sitio\/asesinaron-a-una-mujer-tras-una-discusion-por-una-deuda-economica-en-un-comercio-de-la-plata\/\" \/>\n<meta property=\"og:site_name\" content=\"Cuarteto en la Web\" \/>\n<meta property=\"article:published_time\" content=\"2026-04-29T21:59:53+00:00\" \/>\n<meta name=\"twitter:card\" content=\"summary_large_image\" \/>\n<meta name=\"twitter:label1\" content=\"Tiempo de lectura\" \/>\n\t<meta name=\"twitter:data1\" content=\"1 minuto\" \/>\n<script type=\"application\/ld+json\" class=\"yoast-schema-graph\">{\"@context\":\"https:\\\/\\\/schema.org\",\"@graph\":[{\"@type\":\"Article\",\"@id\":\"http:\\\/\\\/cuartetoenlaweb.com.ar\\\/sitio\\\/asesinaron-a-una-mujer-tras-una-discusion-por-una-deuda-economica-en-un-comercio-de-la-plata\\\/#article\",\"isPartOf\":{\"@id\":\"http:\\\/\\\/cuartetoenlaweb.com.ar\\\/sitio\\\/asesinaron-a-una-mujer-tras-una-discusion-por-una-deuda-economica-en-un-comercio-de-la-plata\\\/\"},\"author\":{\"name\":\"\",\"@id\":\"\"},\"headline\":\"Asesinaron a una mujer tras una discusi\u00f3n por una deuda econ\u00f3mica en un comercio de La Plata\",\"datePublished\":\"2026-04-29T21:59:53+00:00\",\"mainEntityOfPage\":{\"@id\":\"http:\\\/\\\/cuartetoenlaweb.com.ar\\\/sitio\\\/asesinaron-a-una-mujer-tras-una-discusion-por-una-deuda-economica-en-un-comercio-de-la-plata\\\/\"},\"wordCount\":226,\"publisher\":{\"@id\":\"http:\\\/\\\/cuartetoenlaweb.com.ar\\\/sitio\\\/#organization\"},\"image\":{\"@id\":\"http:\\\/\\\/cuartetoenlaweb.com.ar\\\/sitio\\\/asesinaron-a-una-mujer-tras-una-discusion-por-una-deuda-economica-en-un-comercio-de-la-plata\\\/#primaryimage\"},\"thumbnailUrl\":\"https:\\\/\\\/cuartetoenlaweb.com.ar\\\/sitio\\\/wp-content\\\/uploads\\\/2026\\\/04\\\/720-697.jpeg\",\"articleSection\":[\"PAIS\"],\"inLanguage\":\"es\"},{\"@type\":\"WebPage\",\"@id\":\"http:\\\/\\\/cuartetoenlaweb.com.ar\\\/sitio\\\/asesinaron-a-una-mujer-tras-una-discusion-por-una-deuda-economica-en-un-comercio-de-la-plata\\\/\",\"url\":\"http:\\\/\\\/cuartetoenlaweb.com.ar\\\/sitio\\\/asesinaron-a-una-mujer-tras-una-discusion-por-una-deuda-economica-en-un-comercio-de-la-plata\\\/\",\"name\":\"Asesinaron a una mujer tras una discusi\u00f3n por una deuda econ\u00f3mica en un comercio de La Plata - Cuarteto en la Web\",\"isPartOf\":{\"@id\":\"http:\\\/\\\/cuartetoenlaweb.com.ar\\\/sitio\\\/#website\"},\"primaryImageOfPage\":{\"@id\":\"http:\\\/\\\/cuartetoenlaweb.com.ar\\\/sitio\\\/asesinaron-a-una-mujer-tras-una-discusion-por-una-deuda-economica-en-un-comercio-de-la-plata\\\/#primaryimage\"},\"image\":{\"@id\":\"http:\\\/\\\/cuartetoenlaweb.com.ar\\\/sitio\\\/asesinaron-a-una-mujer-tras-una-discusion-por-una-deuda-economica-en-un-comercio-de-la-plata\\\/#primaryimage\"},\"thumbnailUrl\":\"https:\\\/\\\/cuartetoenlaweb.com.ar\\\/sitio\\\/wp-content\\\/uploads\\\/2026\\\/04\\\/720-697.jpeg\",\"datePublished\":\"2026-04-29T21:59:53+00:00\",\"breadcrumb\":{\"@id\":\"http:\\\/\\\/cuartetoenlaweb.com.ar\\\/sitio\\\/asesinaron-a-una-mujer-tras-una-discusion-por-una-deuda-economica-en-un-comercio-de-la-plata\\\/#breadcrumb\"},\"inLanguage\":\"es\",\"potentialAction\":[{\"@type\":\"ReadAction\",\"target\":[\"http:\\\/\\\/cuartetoenlaweb.com.ar\\\/sitio\\\/asesinaron-a-una-mujer-tras-una-discusion-por-una-deuda-economica-en-un-comercio-de-la-plata\\\/\"]}]},{\"@type\":\"ImageObject\",\"inLanguage\":\"es\",\"@id\":\"http:\\\/\\\/cuartetoenlaweb.com.ar\\\/sitio\\\/asesinaron-a-una-mujer-tras-una-discusion-por-una-deuda-economica-en-un-comercio-de-la-plata\\\/#primaryimage\",\"url\":\"https:\\\/\\\/cuartetoenlaweb.com.ar\\\/sitio\\\/wp-content\\\/uploads\\\/2026\\\/04\\\/720-697.jpeg\",\"contentUrl\":\"https:\\\/\\\/cuartetoenlaweb.com.ar\\\/sitio\\\/wp-content\\\/uploads\\\/2026\\\/04\\\/720-697.jpeg\",\"width\":1134,\"height\":720},{\"@type\":\"BreadcrumbList\",\"@id\":\"http:\\\/\\\/cuartetoenlaweb.com.ar\\\/sitio\\\/asesinaron-a-una-mujer-tras-una-discusion-por-una-deuda-economica-en-un-comercio-de-la-plata\\\/#breadcrumb\",\"itemListElement\":[{\"@type\":\"ListItem\",\"position\":1,\"name\":\"Portada\",\"item\":\"http:\\\/\\\/cuartetoenlaweb.com.ar\\\/sitio\\\/\"},{\"@type\":\"ListItem\",\"position\":2,\"name\":\"Asesinaron a una mujer tras una discusi\u00f3n por una deuda econ\u00f3mica en un comercio de La Plata\"}]},{\"@type\":\"WebSite\",\"@id\":\"http:\\\/\\\/cuartetoenlaweb.com.ar\\\/sitio\\\/#website\",\"url\":\"http:\\\/\\\/cuartetoenlaweb.com.ar\\\/sitio\\\/\",\"name\":\"Cuarteto en la Web\",\"description\":\"\",\"publisher\":{\"@id\":\"http:\\\/\\\/cuartetoenlaweb.com.ar\\\/sitio\\\/#organization\"},\"potentialAction\":[{\"@type\":\"SearchAction\",\"target\":{\"@type\":\"EntryPoint\",\"urlTemplate\":\"http:\\\/\\\/cuartetoenlaweb.com.ar\\\/sitio\\\/?s={search_term_string}\"},\"query-input\":{\"@type\":\"PropertyValueSpecification\",\"valueRequired\":true,\"valueName\":\"search_term_string\"}}],\"inLanguage\":\"es\"},{\"@type\":\"Organization\",\"@id\":\"http:\\\/\\\/cuartetoenlaweb.com.ar\\\/sitio\\\/#organization\",\"name\":\"Cuarteto en la Web\",\"url\":\"http:\\\/\\\/cuartetoenlaweb.com.ar\\\/sitio\\\/\",\"logo\":{\"@type\":\"ImageObject\",\"inLanguage\":\"es\",\"@id\":\"http:\\\/\\\/cuartetoenlaweb.com.ar\\\/sitio\\\/#\\\/schema\\\/logo\\\/image\\\/\",\"url\":\"https:\\\/\\\/cuartetoenlaweb.com.ar\\\/sitio\\\/wp-content\\\/uploads\\\/2025\\\/07\\\/cropped-cropped-logitoweb21.png\",\"contentUrl\":\"https:\\\/\\\/cuartetoenlaweb.com.ar\\\/sitio\\\/wp-content\\\/uploads\\\/2025\\\/07\\\/cropped-cropped-logitoweb21.png\",\"width\":199,\"height\":199,\"caption\":\"Cuarteto en la Web\"},\"image\":{\"@id\":\"http:\\\/\\\/cuartetoenlaweb.com.ar\\\/sitio\\\/#\\\/schema\\\/logo\\\/image\\\/\"}}]}<\/script>\n<!-- \/ Yoast SEO plugin. -->","yoast_head_json":{"title":"Asesinaron a una mujer tras una discusi\u00f3n por una deuda econ\u00f3mica en un comercio de La Plata - Cuarteto en la Web","robots":{"index":"index","follow":"follow","max-snippet":"max-snippet:-1","max-image-preview":"max-image-preview:large","max-video-preview":"max-video-preview:-1"},"canonical":"http:\/\/cuartetoenlaweb.com.ar\/sitio\/asesinaron-a-una-mujer-tras-una-discusion-por-una-deuda-economica-en-un-comercio-de-la-plata\/","og_locale":"es_ES","og_type":"article","og_title":"Asesinaron a una mujer tras una discusi\u00f3n por una deuda econ\u00f3mica en un comercio de La Plata - Cuarteto en la Web","og_description":"Buenos Aires, 29 abril (NA) \u2013 Una mujer de 47","og_url":"http:\/\/cuartetoenlaweb.com.ar\/sitio\/asesinaron-a-una-mujer-tras-una-discusion-por-una-deuda-economica-en-un-comercio-de-la-plata\/","og_site_name":"Cuarteto en la Web","article_published_time":"2026-04-29T21:59:53+00:00","twitter_card":"summary_large_image","twitter_misc":{"Tiempo de lectura":"1 minuto"},"schema":{"@context":"https:\/\/schema.org","@graph":[{"@type":"Article","@id":"http:\/\/cuartetoenlaweb.com.ar\/sitio\/asesinaron-a-una-mujer-tras-una-discusion-por-una-deuda-economica-en-un-comercio-de-la-plata\/#article","isPartOf":{"@id":"http:\/\/cuartetoenlaweb.com.ar\/sitio\/asesinaron-a-una-mujer-tras-una-discusion-por-una-deuda-economica-en-un-comercio-de-la-plata\/"},"author":{"name":"","@id":""},"headline":"Asesinaron a una mujer tras una discusi\u00f3n por una deuda econ\u00f3mica en un comercio de La Plata","datePublished":"2026-04-29T21:59:53+00:00","mainEntityOfPage":{"@id":"http:\/\/cuartetoenlaweb.com.ar\/sitio\/asesinaron-a-una-mujer-tras-una-discusion-por-una-deuda-economica-en-un-comercio-de-la-plata\/"},"wordCount":226,"publisher":{"@id":"http:\/\/cuartetoenlaweb.com.ar\/sitio\/#organization"},"image":{"@id":"http:\/\/cuartetoenlaweb.com.ar\/sitio\/asesinaron-a-una-mujer-tras-una-discusion-por-una-deuda-economica-en-un-comercio-de-la-plata\/#primaryimage"},"thumbnailUrl":"https:\/\/cuartetoenlaweb.com.ar\/sitio\/wp-content\/uploads\/2026\/04\/720-697.jpeg","articleSection":["PAIS"],"inLanguage":"es"},{"@type":"WebPage","@id":"http:\/\/cuartetoenlaweb.com.ar\/sitio\/asesinaron-a-una-mujer-tras-una-discusion-por-una-deuda-economica-en-un-comercio-de-la-plata\/","url":"http:\/\/cuartetoenlaweb.com.ar\/sitio\/asesinaron-a-una-mujer-tras-una-discusion-por-una-deuda-economica-en-un-comercio-de-la-plata\/","name":"Asesinaron a una mujer tras una discusi\u00f3n por una deuda econ\u00f3mica en un comercio de La Plata - Cuarteto en la Web","isPartOf":{"@id":"http:\/\/cuartetoenlaweb.com.ar\/sitio\/#website"},"primaryImageOfPage":{"@id":"http:\/\/cuartetoenlaweb.com.ar\/sitio\/asesinaron-a-una-mujer-tras-una-discusion-por-una-deuda-economica-en-un-comercio-de-la-plata\/#primaryimage"},"image":{"@id":"http:\/\/cuartetoenlaweb.com.ar\/sitio\/asesinaron-a-una-mujer-tras-una-discusion-por-una-deuda-economica-en-un-comercio-de-la-plata\/#primaryimage"},"thumbnailUrl":"https:\/\/cuartetoenlaweb.com.ar\/sitio\/wp-content\/uploads\/2026\/04\/720-697.jpeg","datePublished":"2026-04-29T21:59:53+00:00","breadcrumb":{"@id":"http:\/\/cuartetoenlaweb.com.ar\/sitio\/asesinaron-a-una-mujer-tras-una-discusion-por-una-deuda-economica-en-un-comercio-de-la-plata\/#breadcrumb"},"inLanguage":"es","potentialAction":[{"@type":"ReadAction","target":["http:\/\/cuartetoenlaweb.com.ar\/sitio\/asesinaron-a-una-mujer-tras-una-discusion-por-una-deuda-economica-en-un-comercio-de-la-plata\/"]}]},{"@type":"ImageObject","inLanguage":"es","@id":"http:\/\/cuartetoenlaweb.com.ar\/sitio\/asesinaron-a-una-mujer-tras-una-discusion-por-una-deuda-economica-en-un-comercio-de-la-plata\/#primaryimage","url":"https:\/\/cuartetoenlaweb.com.ar\/sitio\/wp-content\/uploads\/2026\/04\/720-697.jpeg","contentUrl":"https:\/\/cuartetoenlaweb.com.ar\/sitio\/wp-content\/uploads\/2026\/04\/720-697.jpeg","width":1134,"height":720},{"@type":"BreadcrumbList","@id":"http:\/\/cuartetoenlaweb.com.ar\/sitio\/asesinaron-a-una-mujer-tras-una-discusion-por-una-deuda-economica-en-un-comercio-de-la-plata\/#breadcrumb","itemListElement":[{"@type":"ListItem","position":1,"name":"Portada","item":"http:\/\/cuartetoenlaweb.com.ar\/sitio\/"},{"@type":"ListItem","position":2,"name":"Asesinaron a una mujer tras una discusi\u00f3n por una deuda econ\u00f3mica en un comercio de La Plata"}]},{"@type":"WebSite","@id":"http:\/\/cuartetoenlaweb.com.ar\/sitio\/#website","url":"http:\/\/cuartetoenlaweb.com.ar\/sitio\/","name":"Cuarteto en la Web","description":"","publisher":{"@id":"http:\/\/cuartetoenlaweb.com.ar\/sitio\/#organization"},"potentialAction":[{"@type":"SearchAction","target":{"@type":"EntryPoint","urlTemplate":"http:\/\/cuartetoenlaweb.com.ar\/sitio\/?s={search_term_string}"},"query-input":{"@type":"PropertyValueSpecification","valueRequired":true,"valueName":"search_term_string"}}],"inLanguage":"es"},{"@type":"Organization","@id":"http:\/\/cuartetoenlaweb.com.ar\/sitio\/#organization","name":"Cuarteto en la Web","url":"http:\/\/cuartetoenlaweb.com.ar\/sitio\/","logo":{"@type":"ImageObject","inLanguage":"es","@id":"http:\/\/cuartetoenlaweb.com.ar\/sitio\/#\/schema\/logo\/image\/","url":"https:\/\/cuartetoenlaweb.com.ar\/sitio\/wp-content\/uploads\/2025\/07\/cropped-cropped-logitoweb21.png","contentUrl":"https:\/\/cuartetoenlaweb.com.ar\/sitio\/wp-content\/uploads\/2025\/07\/cropped-cropped-logitoweb21.png","width":199,"height":199,"caption":"Cuarteto en la Web"},"image":{"@id":"http:\/\/cuartetoenlaweb.com.ar\/sitio\/#\/schema\/logo\/image\/"}}]}},"_links":{"self":[{"href":"https:\/\/cuartetoenlaweb.com.ar\/sitio\/wp-json\/wp\/v2\/posts\/19319","targetHints":{"allow":["GET"]}}],"collection":[{"href":"https:\/\/cuartetoenlaweb.com.ar\/sitio\/wp-json\/wp\/v2\/posts"}],"about":[{"href":"https:\/\/cuartetoenlaweb.com.ar\/sitio\/wp-json\/wp\/v2\/types\/post"}],"replies":[{"embeddable":true,"href":"https:\/\/cuartetoenlaweb.com.ar\/sitio\/wp-json\/wp\/v2\/comments?post=19319"}],"version-history":[{"count":0,"href":"https:\/\/cuartetoenlaweb.com.ar\/sitio\/wp-json\/wp\/v2\/posts\/19319\/revisions"}],"wp:featuredmedia":[{"embeddable":true,"href":"https:\/\/cuartetoenlaweb.com.ar\/sitio\/wp-json\/wp\/v2\/media\/19320"}],"wp:attachment":[{"href":"https:\/\/cuartetoenlaweb.com.ar\/sitio\/wp-json\/wp\/v2\/media?parent=19319"}],"wp:term":[{"taxonomy":"category","embeddable":true,"href":"https:\/\/cuartetoenlaweb.com.ar\/sitio\/wp-json\/wp\/v2\/categories?post=19319"},{"taxonomy":"post_tag","embeddable":true,"href":"https:\/\/cuartetoenlaweb.com.ar\/sitio\/wp-json\/wp\/v2\/tags?post=19319"}],"curies":[{"name":"wp","href":"https:\/\/api.w.org\/{rel}","templated":true}]}}