
{"id":19313,"date":"2026-04-29T15:01:00","date_gmt":"2026-04-29T18:01:00","guid":{"rendered":"https:\/\/cuartetoenlaweb.com.ar\/sitio\/la-fiscalia-pidio-que-se-investigue-y-solicito-la-intervencion-del-ministerio-publico-por-posible-comision-de-delitos-del-medico-dip-y-el-perito-prueger\/"},"modified":"2026-04-29T15:01:00","modified_gmt":"2026-04-29T18:01:00","slug":"la-fiscalia-pidio-que-se-investigue-y-solicito-la-intervencion-del-ministerio-publico-por-posible-comision-de-delitos-del-medico-dip-y-el-perito-prueger","status":"publish","type":"post","link":"https:\/\/cuartetoenlaweb.com.ar\/sitio\/la-fiscalia-pidio-que-se-investigue-y-solicito-la-intervencion-del-ministerio-publico-por-posible-comision-de-delitos-del-medico-dip-y-el-perito-prueger\/","title":{"rendered":"La Fiscal\u00eda pidi\u00f3 que se investigue y solicit\u00f3 la intervenci\u00f3n del Ministerio P\u00fablico por posible comisi\u00f3n de delitos del m\u00e9dico Dip y el perito Prueger"},"content":{"rendered":"<p>En otro tramo de los alegatos de este mi\u00e9rcoles, la fiscal Luj\u00e1n Sodero solicit\u00f3 formalmente que se d\u00e9 intervenci\u00f3n al Ministerio P\u00fablico para analizar la posible comisi\u00f3n de delitos por parte de dos peritos que actuaron para la defensa de Jos\u00e9 Eduardo Figueroa.<\/p>\n<p>El planteo alcanz\u00f3 al m\u00e9dico Daniel Dip y al criminalista Enrique Prueger, cuyas actuaciones fueron duramente cuestionadas durante la exposici\u00f3n de la fiscal\u00eda.<\/p>\n<p>En relaci\u00f3n a Dip, Sodero record\u00f3 que protagoniz\u00f3 un hecho que calific\u00f3 como inusual dentro de un proceso judicial: su retractaci\u00f3n respecto de la autopsia que hab\u00eda firmado junto a otros profesionales. Ese informe inicial hab\u00eda concluido que la muerte de Mercedes Kvedaras se produjo por asfixia mec\u00e1nica mixta, producto de estrangulaci\u00f3n y sofocaci\u00f3n.<\/p>\n<p>Seg\u00fan expuso la fiscal, el m\u00e9dico introdujo luego un \u201cfactor sorpresivo\u201d al modificar su postura durante el juicio, lo que \u2014sostuvo\u2014 constituye un hecho grave que debe ser analizado. En ese sentido, afirm\u00f3 que Dip \u201cse ajust\u00f3 a la versi\u00f3n del imputado\u201d, ya que en su declaraci\u00f3n en audiencia termin\u00f3 sosteniendo que la muerte se habr\u00eda producido por un accidente, en l\u00ednea con la hip\u00f3tesis de la defensa.<\/p>\n<p>Sodero cuestion\u00f3 con \u00e9nfasis ese cambio de criterio. Se\u00f1al\u00f3 que la retractaci\u00f3n p\u00fablica afect\u00f3 su credibilidad, que sus nuevas afirmaciones carecen de sustento y que resultan incompatibles con la evidencia cient\u00edfica incorporada al expediente. En ese marco, calific\u00f3 como \u201crid\u00edculo\u201d el planteo expuesto por el profesional durante su testimonio.<\/p>\n<p>Entre otros puntos, la fiscal rechaz\u00f3 las conclusiones de Dip respecto a que las lesiones no correspond\u00edan a golpes o que la v\u00edctima no habr\u00eda advertido el momento de su muerte, y sostuvo que esas afirmaciones no tienen respaldo t\u00e9cnico.<\/p>\n<p>El segundo planteo de la fiscal\u00eda estuvo dirigido al criminalista Enrique Prueger. En este caso, Sodero remarc\u00f3 que el perito no se encontraba matriculado en el colegio profesional de Salta, pese a lo cual intervino en el proceso, lo que \u2014seg\u00fan indic\u00f3\u2014 contraviene la normativa vigente.<\/p>\n<p>Adem\u00e1s, cuestion\u00f3 la reconstrucci\u00f3n que el especialista realiz\u00f3 sobre la mec\u00e1nica del hecho. Se\u00f1al\u00f3 que la versi\u00f3n que brind\u00f3 respecto de la ca\u00edda de la v\u00edctima y del imputado no coincide con la que posteriormente describi\u00f3 el propio Figueroa durante la reconstrucci\u00f3n realizada en el domicilio.<\/p>\n<p>Para la fiscal\u00eda, estas inconsistencias, sumadas a la situaci\u00f3n administrativa del perito, tambi\u00e9n deben ser evaluadas por las autoridades competentes.<\/p>\n<p>Con estos planteos, Sodero ampli\u00f3 el alcance de sus alegatos, al solicitar no solo la condena del imputado sino tambi\u00e9n que se investigue la actuaci\u00f3n de los peritos de parte en el marco del juicio por la muerte de Mercedes Kvedaras.<\/p>\n","protected":false},"excerpt":{"rendered":"<p>En otro tramo de los alegatos de este mi\u00e9rcoles, la<\/p>\n","protected":false},"author":0,"featured_media":19314,"comment_status":"","ping_status":"","sticky":false,"template":"","format":"standard","meta":{"footnotes":""},"categories":[65],"tags":[],"class_list":["post-19313","post","type-post","status-publish","format-standard","has-post-thumbnail","hentry","category-pais"],"yoast_head":"<!-- This site is optimized with the Yoast SEO plugin v27.5 - https:\/\/yoast.com\/product\/yoast-seo-wordpress\/ -->\n<title>La Fiscal\u00eda pidi\u00f3 que se investigue y solicit\u00f3 la intervenci\u00f3n del Ministerio P\u00fablico por posible comisi\u00f3n de delitos del m\u00e9dico Dip y el perito Prueger - Cuarteto en la Web<\/title>\n<meta name=\"robots\" content=\"index, follow, max-snippet:-1, max-image-preview:large, max-video-preview:-1\" \/>\n<link rel=\"canonical\" href=\"https:\/\/cuartetoenlaweb.com.ar\/sitio\/la-fiscalia-pidio-que-se-investigue-y-solicito-la-intervencion-del-ministerio-publico-por-posible-comision-de-delitos-del-medico-dip-y-el-perito-prueger\/\" \/>\n<meta property=\"og:locale\" content=\"es_ES\" \/>\n<meta property=\"og:type\" content=\"article\" \/>\n<meta property=\"og:title\" content=\"La Fiscal\u00eda pidi\u00f3 que se investigue y solicit\u00f3 la intervenci\u00f3n del Ministerio P\u00fablico por posible comisi\u00f3n de delitos del m\u00e9dico Dip y el perito Prueger - Cuarteto en la Web\" \/>\n<meta property=\"og:description\" content=\"En otro tramo de los alegatos de este mi\u00e9rcoles, la\" \/>\n<meta property=\"og:url\" content=\"https:\/\/cuartetoenlaweb.com.ar\/sitio\/la-fiscalia-pidio-que-se-investigue-y-solicito-la-intervencion-del-ministerio-publico-por-posible-comision-de-delitos-del-medico-dip-y-el-perito-prueger\/\" \/>\n<meta property=\"og:site_name\" content=\"Cuarteto en la Web\" \/>\n<meta property=\"article:published_time\" content=\"2026-04-29T18:01:00+00:00\" \/>\n<meta name=\"twitter:card\" content=\"summary_large_image\" \/>\n<meta name=\"twitter:label1\" content=\"Tiempo de lectura\" \/>\n\t<meta name=\"twitter:data1\" content=\"2 minutos\" \/>\n<script type=\"application\/ld+json\" class=\"yoast-schema-graph\">{\"@context\":\"https:\\\/\\\/schema.org\",\"@graph\":[{\"@type\":\"Article\",\"@id\":\"https:\\\/\\\/cuartetoenlaweb.com.ar\\\/sitio\\\/la-fiscalia-pidio-que-se-investigue-y-solicito-la-intervencion-del-ministerio-publico-por-posible-comision-de-delitos-del-medico-dip-y-el-perito-prueger\\\/#article\",\"isPartOf\":{\"@id\":\"https:\\\/\\\/cuartetoenlaweb.com.ar\\\/sitio\\\/la-fiscalia-pidio-que-se-investigue-y-solicito-la-intervencion-del-ministerio-publico-por-posible-comision-de-delitos-del-medico-dip-y-el-perito-prueger\\\/\"},\"author\":{\"name\":\"\",\"@id\":\"\"},\"headline\":\"La Fiscal\u00eda pidi\u00f3 que se investigue y solicit\u00f3 la intervenci\u00f3n del Ministerio P\u00fablico por posible comisi\u00f3n de delitos del m\u00e9dico Dip y el perito Prueger\",\"datePublished\":\"2026-04-29T18:01:00+00:00\",\"mainEntityOfPage\":{\"@id\":\"https:\\\/\\\/cuartetoenlaweb.com.ar\\\/sitio\\\/la-fiscalia-pidio-que-se-investigue-y-solicito-la-intervencion-del-ministerio-publico-por-posible-comision-de-delitos-del-medico-dip-y-el-perito-prueger\\\/\"},\"wordCount\":506,\"publisher\":{\"@id\":\"http:\\\/\\\/cuartetoenlaweb.com.ar\\\/sitio\\\/#organization\"},\"image\":{\"@id\":\"https:\\\/\\\/cuartetoenlaweb.com.ar\\\/sitio\\\/la-fiscalia-pidio-que-se-investigue-y-solicito-la-intervencion-del-ministerio-publico-por-posible-comision-de-delitos-del-medico-dip-y-el-perito-prueger\\\/#primaryimage\"},\"thumbnailUrl\":\"https:\\\/\\\/cuartetoenlaweb.com.ar\\\/sitio\\\/wp-content\\\/uploads\\\/2026\\\/04\\\/portadax-209.png\",\"articleSection\":[\"PAIS\"],\"inLanguage\":\"es\"},{\"@type\":\"WebPage\",\"@id\":\"https:\\\/\\\/cuartetoenlaweb.com.ar\\\/sitio\\\/la-fiscalia-pidio-que-se-investigue-y-solicito-la-intervencion-del-ministerio-publico-por-posible-comision-de-delitos-del-medico-dip-y-el-perito-prueger\\\/\",\"url\":\"https:\\\/\\\/cuartetoenlaweb.com.ar\\\/sitio\\\/la-fiscalia-pidio-que-se-investigue-y-solicito-la-intervencion-del-ministerio-publico-por-posible-comision-de-delitos-del-medico-dip-y-el-perito-prueger\\\/\",\"name\":\"La Fiscal\u00eda pidi\u00f3 que se investigue y solicit\u00f3 la intervenci\u00f3n del Ministerio P\u00fablico por posible comisi\u00f3n de delitos del m\u00e9dico Dip y el perito Prueger - Cuarteto en la Web\",\"isPartOf\":{\"@id\":\"http:\\\/\\\/cuartetoenlaweb.com.ar\\\/sitio\\\/#website\"},\"primaryImageOfPage\":{\"@id\":\"https:\\\/\\\/cuartetoenlaweb.com.ar\\\/sitio\\\/la-fiscalia-pidio-que-se-investigue-y-solicito-la-intervencion-del-ministerio-publico-por-posible-comision-de-delitos-del-medico-dip-y-el-perito-prueger\\\/#primaryimage\"},\"image\":{\"@id\":\"https:\\\/\\\/cuartetoenlaweb.com.ar\\\/sitio\\\/la-fiscalia-pidio-que-se-investigue-y-solicito-la-intervencion-del-ministerio-publico-por-posible-comision-de-delitos-del-medico-dip-y-el-perito-prueger\\\/#primaryimage\"},\"thumbnailUrl\":\"https:\\\/\\\/cuartetoenlaweb.com.ar\\\/sitio\\\/wp-content\\\/uploads\\\/2026\\\/04\\\/portadax-209.png\",\"datePublished\":\"2026-04-29T18:01:00+00:00\",\"breadcrumb\":{\"@id\":\"https:\\\/\\\/cuartetoenlaweb.com.ar\\\/sitio\\\/la-fiscalia-pidio-que-se-investigue-y-solicito-la-intervencion-del-ministerio-publico-por-posible-comision-de-delitos-del-medico-dip-y-el-perito-prueger\\\/#breadcrumb\"},\"inLanguage\":\"es\",\"potentialAction\":[{\"@type\":\"ReadAction\",\"target\":[\"https:\\\/\\\/cuartetoenlaweb.com.ar\\\/sitio\\\/la-fiscalia-pidio-que-se-investigue-y-solicito-la-intervencion-del-ministerio-publico-por-posible-comision-de-delitos-del-medico-dip-y-el-perito-prueger\\\/\"]}]},{\"@type\":\"ImageObject\",\"inLanguage\":\"es\",\"@id\":\"https:\\\/\\\/cuartetoenlaweb.com.ar\\\/sitio\\\/la-fiscalia-pidio-que-se-investigue-y-solicito-la-intervencion-del-ministerio-publico-por-posible-comision-de-delitos-del-medico-dip-y-el-perito-prueger\\\/#primaryimage\",\"url\":\"https:\\\/\\\/cuartetoenlaweb.com.ar\\\/sitio\\\/wp-content\\\/uploads\\\/2026\\\/04\\\/portadax-209.png\",\"contentUrl\":\"https:\\\/\\\/cuartetoenlaweb.com.ar\\\/sitio\\\/wp-content\\\/uploads\\\/2026\\\/04\\\/portadax-209.png\",\"width\":1366,\"height\":768},{\"@type\":\"BreadcrumbList\",\"@id\":\"https:\\\/\\\/cuartetoenlaweb.com.ar\\\/sitio\\\/la-fiscalia-pidio-que-se-investigue-y-solicito-la-intervencion-del-ministerio-publico-por-posible-comision-de-delitos-del-medico-dip-y-el-perito-prueger\\\/#breadcrumb\",\"itemListElement\":[{\"@type\":\"ListItem\",\"position\":1,\"name\":\"Portada\",\"item\":\"http:\\\/\\\/cuartetoenlaweb.com.ar\\\/sitio\\\/\"},{\"@type\":\"ListItem\",\"position\":2,\"name\":\"La Fiscal\u00eda pidi\u00f3 que se investigue y solicit\u00f3 la intervenci\u00f3n del Ministerio P\u00fablico por posible comisi\u00f3n de delitos del m\u00e9dico Dip y el perito Prueger\"}]},{\"@type\":\"WebSite\",\"@id\":\"http:\\\/\\\/cuartetoenlaweb.com.ar\\\/sitio\\\/#website\",\"url\":\"http:\\\/\\\/cuartetoenlaweb.com.ar\\\/sitio\\\/\",\"name\":\"Cuarteto en la Web\",\"description\":\"\",\"publisher\":{\"@id\":\"http:\\\/\\\/cuartetoenlaweb.com.ar\\\/sitio\\\/#organization\"},\"potentialAction\":[{\"@type\":\"SearchAction\",\"target\":{\"@type\":\"EntryPoint\",\"urlTemplate\":\"http:\\\/\\\/cuartetoenlaweb.com.ar\\\/sitio\\\/?s={search_term_string}\"},\"query-input\":{\"@type\":\"PropertyValueSpecification\",\"valueRequired\":true,\"valueName\":\"search_term_string\"}}],\"inLanguage\":\"es\"},{\"@type\":\"Organization\",\"@id\":\"http:\\\/\\\/cuartetoenlaweb.com.ar\\\/sitio\\\/#organization\",\"name\":\"Cuarteto en la Web\",\"url\":\"http:\\\/\\\/cuartetoenlaweb.com.ar\\\/sitio\\\/\",\"logo\":{\"@type\":\"ImageObject\",\"inLanguage\":\"es\",\"@id\":\"http:\\\/\\\/cuartetoenlaweb.com.ar\\\/sitio\\\/#\\\/schema\\\/logo\\\/image\\\/\",\"url\":\"https:\\\/\\\/cuartetoenlaweb.com.ar\\\/sitio\\\/wp-content\\\/uploads\\\/2025\\\/07\\\/cropped-cropped-logitoweb21.png\",\"contentUrl\":\"https:\\\/\\\/cuartetoenlaweb.com.ar\\\/sitio\\\/wp-content\\\/uploads\\\/2025\\\/07\\\/cropped-cropped-logitoweb21.png\",\"width\":199,\"height\":199,\"caption\":\"Cuarteto en la Web\"},\"image\":{\"@id\":\"http:\\\/\\\/cuartetoenlaweb.com.ar\\\/sitio\\\/#\\\/schema\\\/logo\\\/image\\\/\"}}]}<\/script>\n<!-- \/ Yoast SEO plugin. -->","yoast_head_json":{"title":"La Fiscal\u00eda pidi\u00f3 que se investigue y solicit\u00f3 la intervenci\u00f3n del Ministerio P\u00fablico por posible comisi\u00f3n de delitos del m\u00e9dico Dip y el perito Prueger - Cuarteto en la Web","robots":{"index":"index","follow":"follow","max-snippet":"max-snippet:-1","max-image-preview":"max-image-preview:large","max-video-preview":"max-video-preview:-1"},"canonical":"https:\/\/cuartetoenlaweb.com.ar\/sitio\/la-fiscalia-pidio-que-se-investigue-y-solicito-la-intervencion-del-ministerio-publico-por-posible-comision-de-delitos-del-medico-dip-y-el-perito-prueger\/","og_locale":"es_ES","og_type":"article","og_title":"La Fiscal\u00eda pidi\u00f3 que se investigue y solicit\u00f3 la intervenci\u00f3n del Ministerio P\u00fablico por posible comisi\u00f3n de delitos del m\u00e9dico Dip y el perito Prueger - Cuarteto en la Web","og_description":"En otro tramo de los alegatos de este mi\u00e9rcoles, la","og_url":"https:\/\/cuartetoenlaweb.com.ar\/sitio\/la-fiscalia-pidio-que-se-investigue-y-solicito-la-intervencion-del-ministerio-publico-por-posible-comision-de-delitos-del-medico-dip-y-el-perito-prueger\/","og_site_name":"Cuarteto en la Web","article_published_time":"2026-04-29T18:01:00+00:00","twitter_card":"summary_large_image","twitter_misc":{"Tiempo de lectura":"2 minutos"},"schema":{"@context":"https:\/\/schema.org","@graph":[{"@type":"Article","@id":"https:\/\/cuartetoenlaweb.com.ar\/sitio\/la-fiscalia-pidio-que-se-investigue-y-solicito-la-intervencion-del-ministerio-publico-por-posible-comision-de-delitos-del-medico-dip-y-el-perito-prueger\/#article","isPartOf":{"@id":"https:\/\/cuartetoenlaweb.com.ar\/sitio\/la-fiscalia-pidio-que-se-investigue-y-solicito-la-intervencion-del-ministerio-publico-por-posible-comision-de-delitos-del-medico-dip-y-el-perito-prueger\/"},"author":{"name":"","@id":""},"headline":"La Fiscal\u00eda pidi\u00f3 que se investigue y solicit\u00f3 la intervenci\u00f3n del Ministerio P\u00fablico por posible comisi\u00f3n de delitos del m\u00e9dico Dip y el perito Prueger","datePublished":"2026-04-29T18:01:00+00:00","mainEntityOfPage":{"@id":"https:\/\/cuartetoenlaweb.com.ar\/sitio\/la-fiscalia-pidio-que-se-investigue-y-solicito-la-intervencion-del-ministerio-publico-por-posible-comision-de-delitos-del-medico-dip-y-el-perito-prueger\/"},"wordCount":506,"publisher":{"@id":"http:\/\/cuartetoenlaweb.com.ar\/sitio\/#organization"},"image":{"@id":"https:\/\/cuartetoenlaweb.com.ar\/sitio\/la-fiscalia-pidio-que-se-investigue-y-solicito-la-intervencion-del-ministerio-publico-por-posible-comision-de-delitos-del-medico-dip-y-el-perito-prueger\/#primaryimage"},"thumbnailUrl":"https:\/\/cuartetoenlaweb.com.ar\/sitio\/wp-content\/uploads\/2026\/04\/portadax-209.png","articleSection":["PAIS"],"inLanguage":"es"},{"@type":"WebPage","@id":"https:\/\/cuartetoenlaweb.com.ar\/sitio\/la-fiscalia-pidio-que-se-investigue-y-solicito-la-intervencion-del-ministerio-publico-por-posible-comision-de-delitos-del-medico-dip-y-el-perito-prueger\/","url":"https:\/\/cuartetoenlaweb.com.ar\/sitio\/la-fiscalia-pidio-que-se-investigue-y-solicito-la-intervencion-del-ministerio-publico-por-posible-comision-de-delitos-del-medico-dip-y-el-perito-prueger\/","name":"La Fiscal\u00eda pidi\u00f3 que se investigue y solicit\u00f3 la intervenci\u00f3n del Ministerio P\u00fablico por posible comisi\u00f3n de delitos del m\u00e9dico Dip y el perito Prueger - Cuarteto en la Web","isPartOf":{"@id":"http:\/\/cuartetoenlaweb.com.ar\/sitio\/#website"},"primaryImageOfPage":{"@id":"https:\/\/cuartetoenlaweb.com.ar\/sitio\/la-fiscalia-pidio-que-se-investigue-y-solicito-la-intervencion-del-ministerio-publico-por-posible-comision-de-delitos-del-medico-dip-y-el-perito-prueger\/#primaryimage"},"image":{"@id":"https:\/\/cuartetoenlaweb.com.ar\/sitio\/la-fiscalia-pidio-que-se-investigue-y-solicito-la-intervencion-del-ministerio-publico-por-posible-comision-de-delitos-del-medico-dip-y-el-perito-prueger\/#primaryimage"},"thumbnailUrl":"https:\/\/cuartetoenlaweb.com.ar\/sitio\/wp-content\/uploads\/2026\/04\/portadax-209.png","datePublished":"2026-04-29T18:01:00+00:00","breadcrumb":{"@id":"https:\/\/cuartetoenlaweb.com.ar\/sitio\/la-fiscalia-pidio-que-se-investigue-y-solicito-la-intervencion-del-ministerio-publico-por-posible-comision-de-delitos-del-medico-dip-y-el-perito-prueger\/#breadcrumb"},"inLanguage":"es","potentialAction":[{"@type":"ReadAction","target":["https:\/\/cuartetoenlaweb.com.ar\/sitio\/la-fiscalia-pidio-que-se-investigue-y-solicito-la-intervencion-del-ministerio-publico-por-posible-comision-de-delitos-del-medico-dip-y-el-perito-prueger\/"]}]},{"@type":"ImageObject","inLanguage":"es","@id":"https:\/\/cuartetoenlaweb.com.ar\/sitio\/la-fiscalia-pidio-que-se-investigue-y-solicito-la-intervencion-del-ministerio-publico-por-posible-comision-de-delitos-del-medico-dip-y-el-perito-prueger\/#primaryimage","url":"https:\/\/cuartetoenlaweb.com.ar\/sitio\/wp-content\/uploads\/2026\/04\/portadax-209.png","contentUrl":"https:\/\/cuartetoenlaweb.com.ar\/sitio\/wp-content\/uploads\/2026\/04\/portadax-209.png","width":1366,"height":768},{"@type":"BreadcrumbList","@id":"https:\/\/cuartetoenlaweb.com.ar\/sitio\/la-fiscalia-pidio-que-se-investigue-y-solicito-la-intervencion-del-ministerio-publico-por-posible-comision-de-delitos-del-medico-dip-y-el-perito-prueger\/#breadcrumb","itemListElement":[{"@type":"ListItem","position":1,"name":"Portada","item":"http:\/\/cuartetoenlaweb.com.ar\/sitio\/"},{"@type":"ListItem","position":2,"name":"La Fiscal\u00eda pidi\u00f3 que se investigue y solicit\u00f3 la intervenci\u00f3n del Ministerio P\u00fablico por posible comisi\u00f3n de delitos del m\u00e9dico Dip y el perito Prueger"}]},{"@type":"WebSite","@id":"http:\/\/cuartetoenlaweb.com.ar\/sitio\/#website","url":"http:\/\/cuartetoenlaweb.com.ar\/sitio\/","name":"Cuarteto en la Web","description":"","publisher":{"@id":"http:\/\/cuartetoenlaweb.com.ar\/sitio\/#organization"},"potentialAction":[{"@type":"SearchAction","target":{"@type":"EntryPoint","urlTemplate":"http:\/\/cuartetoenlaweb.com.ar\/sitio\/?s={search_term_string}"},"query-input":{"@type":"PropertyValueSpecification","valueRequired":true,"valueName":"search_term_string"}}],"inLanguage":"es"},{"@type":"Organization","@id":"http:\/\/cuartetoenlaweb.com.ar\/sitio\/#organization","name":"Cuarteto en la Web","url":"http:\/\/cuartetoenlaweb.com.ar\/sitio\/","logo":{"@type":"ImageObject","inLanguage":"es","@id":"http:\/\/cuartetoenlaweb.com.ar\/sitio\/#\/schema\/logo\/image\/","url":"https:\/\/cuartetoenlaweb.com.ar\/sitio\/wp-content\/uploads\/2025\/07\/cropped-cropped-logitoweb21.png","contentUrl":"https:\/\/cuartetoenlaweb.com.ar\/sitio\/wp-content\/uploads\/2025\/07\/cropped-cropped-logitoweb21.png","width":199,"height":199,"caption":"Cuarteto en la Web"},"image":{"@id":"http:\/\/cuartetoenlaweb.com.ar\/sitio\/#\/schema\/logo\/image\/"}}]}},"_links":{"self":[{"href":"https:\/\/cuartetoenlaweb.com.ar\/sitio\/wp-json\/wp\/v2\/posts\/19313","targetHints":{"allow":["GET"]}}],"collection":[{"href":"https:\/\/cuartetoenlaweb.com.ar\/sitio\/wp-json\/wp\/v2\/posts"}],"about":[{"href":"https:\/\/cuartetoenlaweb.com.ar\/sitio\/wp-json\/wp\/v2\/types\/post"}],"replies":[{"embeddable":true,"href":"https:\/\/cuartetoenlaweb.com.ar\/sitio\/wp-json\/wp\/v2\/comments?post=19313"}],"version-history":[{"count":0,"href":"https:\/\/cuartetoenlaweb.com.ar\/sitio\/wp-json\/wp\/v2\/posts\/19313\/revisions"}],"wp:featuredmedia":[{"embeddable":true,"href":"https:\/\/cuartetoenlaweb.com.ar\/sitio\/wp-json\/wp\/v2\/media\/19314"}],"wp:attachment":[{"href":"https:\/\/cuartetoenlaweb.com.ar\/sitio\/wp-json\/wp\/v2\/media?parent=19313"}],"wp:term":[{"taxonomy":"category","embeddable":true,"href":"https:\/\/cuartetoenlaweb.com.ar\/sitio\/wp-json\/wp\/v2\/categories?post=19313"},{"taxonomy":"post_tag","embeddable":true,"href":"https:\/\/cuartetoenlaweb.com.ar\/sitio\/wp-json\/wp\/v2\/tags?post=19313"}],"curies":[{"name":"wp","href":"https:\/\/api.w.org\/{rel}","templated":true}]}}