
{"id":19309,"date":"2026-04-29T15:00:54","date_gmt":"2026-04-29T18:00:54","guid":{"rendered":"https:\/\/cuartetoenlaweb.com.ar\/sitio\/el-respaldo-de-la-cupula-de-gobierno-a-adorni-foto-y-video-en-el-congreso-con-musica-de-rocky\/"},"modified":"2026-04-29T15:00:54","modified_gmt":"2026-04-29T18:00:54","slug":"el-respaldo-de-la-cupula-de-gobierno-a-adorni-foto-y-video-en-el-congreso-con-musica-de-rocky","status":"publish","type":"post","link":"https:\/\/cuartetoenlaweb.com.ar\/sitio\/el-respaldo-de-la-cupula-de-gobierno-a-adorni-foto-y-video-en-el-congreso-con-musica-de-rocky\/","title":{"rendered":"El respaldo de la c\u00fapula de Gobierno a Adorni: foto y video en el Congreso, con m\u00fasica de Rocky"},"content":{"rendered":"<p>El presidente <strong>Javier Milei<\/strong> y su hermana <strong>Karina<\/strong> han dejado claro su respaldo al jefe de Gabinete, <strong>Manuel Adorni<\/strong>, quien contin\u00faa en el ojo de la tormenta medi\u00e1tica y judicial debido a las investigaciones sobre un presunto enriquecimiento il\u00edcito. Esta semana, antes de la presentaci\u00f3n del Informe de Gesti\u00f3n de Adorni en la C\u00e1mara de Diputados, la c\u00fapula del Poder Ejecutivo se reuni\u00f3 en el despacho del presidente de la C\u00e1mara, <strong>Mart\u00edn Menem<\/strong>, para registrar una foto que, de manera simb\u00f3lica, ratific\u00f3 su apoyo al funcionario en apuros.<\/p>\n<p>La imagen, que fue difundida casi de manera inmediata por la Secretar\u00eda de Comunicaci\u00f3n y Medios de la Presidencia, se produjo minutos antes de la intervenci\u00f3n de Adorni en el Congreso. La foto, acompa\u00f1ada de un video musicalizado con el emblem\u00e1tico tema de la pel\u00edcula <em>Rocky<\/em>, tiene un fuerte componente simb\u00f3lico, como destacaron fuentes oficiales. La foto fue planificada con antelaci\u00f3n, seg\u00fan indicaron algunas fuentes cercanas al Gobierno.<\/p>\n<p>La caravana de funcionarios, que arrib\u00f3 a la sede del Congreso cerca de las 10 de la ma\u00f1ana, fue recibida por Menem y guiada directamente a su despacho. En este entorno, Adorni ya estaba presente, y la comitiva se reuni\u00f3 para la tradicional foto de apoyo, lo cual, seg\u00fan las autoridades, busca dar un mensaje de alineaci\u00f3n dentro del Gobierno.<\/p>\n<p>La foto como s\u00edmbolo del respaldo<\/p>\n<p>La publicaci\u00f3n oficial en redes sociales fue acompa\u00f1ada del mensaje: \u201cEquipo listo para la presentaci\u00f3n del Informe de Gesti\u00f3n! Viva La Libertad Carajo\u201d, en la cuenta de X de <strong>La Libertad Avanza<\/strong>, el partido que encabeza Milei. En un contexto de tensiones internas y disidencias dentro del Gobierno, esta imagen pretend\u00eda transmitir unidad y fuerza. A pesar de esto, no faltaron quienes expresaron cr\u00edticas a puertas cerradas.<\/p>\n<\/p>\n<div><\/div>\n<\/p>\n<p>Es importante destacar que las sesiones informativas brindadas por los jefes de Gabinete suelen contar con una comitiva m\u00e1s reducida de funcionarios. Lo ocurrido esta vez ha sido una excepci\u00f3n, dada la magnitud de la crisis interna que enfrenta Adorni. A pesar de las investigaciones que lo afectan, los hermanos Milei han dejado claro que el sostenimiento de Adorni como ministro coordinador no est\u00e1 en duda.<\/p>\n<p>Qui\u00e9nes acompa\u00f1aron a Adorni en el Congreso<\/p>\n<p>La lista de funcionarios que acompa\u00f1aron al jefe de Gabinete en su presentaci\u00f3n en el Congreso incluy\u00f3 algunas figuras clave del Gobierno, quienes, al igual que Milei, mostraron su apoyo al ministro. Entre los presentes, adem\u00e1s de los hermanos Milei, se encontraba una serie de ministros y altos cargos del Ejecutivo que, con su presencia, subrayaron la importancia del informe y el respaldo a Adorni.<\/p>\n<p>A pesar de las complicaciones que enfrenta, la jornada fue una demostraci\u00f3n de unidad dentro del Gobierno, aunque la situaci\u00f3n de Adorni siga siendo un tema sensible en el \u00e1mbito p\u00fablico y pol\u00edtico.<\/p>\n<p>La foto tomada en el Congreso es una de las im\u00e1genes m\u00e1s completas y simb\u00f3licas de los \u00faltimos meses en el Gobierno de <strong>Javier Milei<\/strong>. M\u00e1s all\u00e1 de las tensiones internas, el mensaje de apoyo hacia <strong>Manuel Adorni<\/strong> parece claro: el Ejecutivo no planea soltar al jefe de Gabinete en medio de las investigaciones, al menos por ahora.<\/p>\n","protected":false},"excerpt":{"rendered":"<p>El presidente Javier Milei y su hermana Karina han dejado<\/p>\n","protected":false},"author":0,"featured_media":19310,"comment_status":"","ping_status":"","sticky":false,"template":"","format":"standard","meta":{"footnotes":""},"categories":[65],"tags":[],"class_list":["post-19309","post","type-post","status-publish","format-standard","has-post-thumbnail","hentry","category-pais"],"yoast_head":"<!-- This site is optimized with the Yoast SEO plugin v27.5 - https:\/\/yoast.com\/product\/yoast-seo-wordpress\/ -->\n<title>El respaldo de la c\u00fapula de Gobierno a Adorni: foto y video en el Congreso, con m\u00fasica de Rocky - Cuarteto en la Web<\/title>\n<meta name=\"robots\" content=\"index, follow, max-snippet:-1, max-image-preview:large, max-video-preview:-1\" \/>\n<link rel=\"canonical\" href=\"https:\/\/cuartetoenlaweb.com.ar\/sitio\/el-respaldo-de-la-cupula-de-gobierno-a-adorni-foto-y-video-en-el-congreso-con-musica-de-rocky\/\" \/>\n<meta property=\"og:locale\" content=\"es_ES\" \/>\n<meta property=\"og:type\" content=\"article\" \/>\n<meta property=\"og:title\" content=\"El respaldo de la c\u00fapula de Gobierno a Adorni: foto y video en el Congreso, con m\u00fasica de Rocky - Cuarteto en la Web\" \/>\n<meta property=\"og:description\" content=\"El presidente Javier Milei y su hermana Karina han dejado\" \/>\n<meta property=\"og:url\" content=\"https:\/\/cuartetoenlaweb.com.ar\/sitio\/el-respaldo-de-la-cupula-de-gobierno-a-adorni-foto-y-video-en-el-congreso-con-musica-de-rocky\/\" \/>\n<meta property=\"og:site_name\" content=\"Cuarteto en la Web\" \/>\n<meta property=\"article:published_time\" content=\"2026-04-29T18:00:54+00:00\" \/>\n<meta name=\"twitter:card\" content=\"summary_large_image\" \/>\n<meta name=\"twitter:label1\" content=\"Tiempo de lectura\" \/>\n\t<meta name=\"twitter:data1\" content=\"3 minutos\" \/>\n<script type=\"application\/ld+json\" class=\"yoast-schema-graph\">{\"@context\":\"https:\\\/\\\/schema.org\",\"@graph\":[{\"@type\":\"Article\",\"@id\":\"https:\\\/\\\/cuartetoenlaweb.com.ar\\\/sitio\\\/el-respaldo-de-la-cupula-de-gobierno-a-adorni-foto-y-video-en-el-congreso-con-musica-de-rocky\\\/#article\",\"isPartOf\":{\"@id\":\"https:\\\/\\\/cuartetoenlaweb.com.ar\\\/sitio\\\/el-respaldo-de-la-cupula-de-gobierno-a-adorni-foto-y-video-en-el-congreso-con-musica-de-rocky\\\/\"},\"author\":{\"name\":\"\",\"@id\":\"\"},\"headline\":\"El respaldo de la c\u00fapula de Gobierno a Adorni: foto y video en el Congreso, con m\u00fasica de Rocky\",\"datePublished\":\"2026-04-29T18:00:54+00:00\",\"mainEntityOfPage\":{\"@id\":\"https:\\\/\\\/cuartetoenlaweb.com.ar\\\/sitio\\\/el-respaldo-de-la-cupula-de-gobierno-a-adorni-foto-y-video-en-el-congreso-con-musica-de-rocky\\\/\"},\"wordCount\":580,\"publisher\":{\"@id\":\"http:\\\/\\\/cuartetoenlaweb.com.ar\\\/sitio\\\/#organization\"},\"image\":{\"@id\":\"https:\\\/\\\/cuartetoenlaweb.com.ar\\\/sitio\\\/el-respaldo-de-la-cupula-de-gobierno-a-adorni-foto-y-video-en-el-congreso-con-musica-de-rocky\\\/#primaryimage\"},\"thumbnailUrl\":\"https:\\\/\\\/cuartetoenlaweb.com.ar\\\/sitio\\\/wp-content\\\/uploads\\\/2026\\\/04\\\/portadax-207.png\",\"articleSection\":[\"PAIS\"],\"inLanguage\":\"es\"},{\"@type\":\"WebPage\",\"@id\":\"https:\\\/\\\/cuartetoenlaweb.com.ar\\\/sitio\\\/el-respaldo-de-la-cupula-de-gobierno-a-adorni-foto-y-video-en-el-congreso-con-musica-de-rocky\\\/\",\"url\":\"https:\\\/\\\/cuartetoenlaweb.com.ar\\\/sitio\\\/el-respaldo-de-la-cupula-de-gobierno-a-adorni-foto-y-video-en-el-congreso-con-musica-de-rocky\\\/\",\"name\":\"El respaldo de la c\u00fapula de Gobierno a Adorni: foto y video en el Congreso, con m\u00fasica de Rocky - Cuarteto en la Web\",\"isPartOf\":{\"@id\":\"http:\\\/\\\/cuartetoenlaweb.com.ar\\\/sitio\\\/#website\"},\"primaryImageOfPage\":{\"@id\":\"https:\\\/\\\/cuartetoenlaweb.com.ar\\\/sitio\\\/el-respaldo-de-la-cupula-de-gobierno-a-adorni-foto-y-video-en-el-congreso-con-musica-de-rocky\\\/#primaryimage\"},\"image\":{\"@id\":\"https:\\\/\\\/cuartetoenlaweb.com.ar\\\/sitio\\\/el-respaldo-de-la-cupula-de-gobierno-a-adorni-foto-y-video-en-el-congreso-con-musica-de-rocky\\\/#primaryimage\"},\"thumbnailUrl\":\"https:\\\/\\\/cuartetoenlaweb.com.ar\\\/sitio\\\/wp-content\\\/uploads\\\/2026\\\/04\\\/portadax-207.png\",\"datePublished\":\"2026-04-29T18:00:54+00:00\",\"breadcrumb\":{\"@id\":\"https:\\\/\\\/cuartetoenlaweb.com.ar\\\/sitio\\\/el-respaldo-de-la-cupula-de-gobierno-a-adorni-foto-y-video-en-el-congreso-con-musica-de-rocky\\\/#breadcrumb\"},\"inLanguage\":\"es\",\"potentialAction\":[{\"@type\":\"ReadAction\",\"target\":[\"https:\\\/\\\/cuartetoenlaweb.com.ar\\\/sitio\\\/el-respaldo-de-la-cupula-de-gobierno-a-adorni-foto-y-video-en-el-congreso-con-musica-de-rocky\\\/\"]}]},{\"@type\":\"ImageObject\",\"inLanguage\":\"es\",\"@id\":\"https:\\\/\\\/cuartetoenlaweb.com.ar\\\/sitio\\\/el-respaldo-de-la-cupula-de-gobierno-a-adorni-foto-y-video-en-el-congreso-con-musica-de-rocky\\\/#primaryimage\",\"url\":\"https:\\\/\\\/cuartetoenlaweb.com.ar\\\/sitio\\\/wp-content\\\/uploads\\\/2026\\\/04\\\/portadax-207.png\",\"contentUrl\":\"https:\\\/\\\/cuartetoenlaweb.com.ar\\\/sitio\\\/wp-content\\\/uploads\\\/2026\\\/04\\\/portadax-207.png\",\"width\":1366,\"height\":768},{\"@type\":\"BreadcrumbList\",\"@id\":\"https:\\\/\\\/cuartetoenlaweb.com.ar\\\/sitio\\\/el-respaldo-de-la-cupula-de-gobierno-a-adorni-foto-y-video-en-el-congreso-con-musica-de-rocky\\\/#breadcrumb\",\"itemListElement\":[{\"@type\":\"ListItem\",\"position\":1,\"name\":\"Portada\",\"item\":\"http:\\\/\\\/cuartetoenlaweb.com.ar\\\/sitio\\\/\"},{\"@type\":\"ListItem\",\"position\":2,\"name\":\"El respaldo de la c\u00fapula de Gobierno a Adorni: foto y video en el Congreso, con m\u00fasica de Rocky\"}]},{\"@type\":\"WebSite\",\"@id\":\"http:\\\/\\\/cuartetoenlaweb.com.ar\\\/sitio\\\/#website\",\"url\":\"http:\\\/\\\/cuartetoenlaweb.com.ar\\\/sitio\\\/\",\"name\":\"Cuarteto en la Web\",\"description\":\"\",\"publisher\":{\"@id\":\"http:\\\/\\\/cuartetoenlaweb.com.ar\\\/sitio\\\/#organization\"},\"potentialAction\":[{\"@type\":\"SearchAction\",\"target\":{\"@type\":\"EntryPoint\",\"urlTemplate\":\"http:\\\/\\\/cuartetoenlaweb.com.ar\\\/sitio\\\/?s={search_term_string}\"},\"query-input\":{\"@type\":\"PropertyValueSpecification\",\"valueRequired\":true,\"valueName\":\"search_term_string\"}}],\"inLanguage\":\"es\"},{\"@type\":\"Organization\",\"@id\":\"http:\\\/\\\/cuartetoenlaweb.com.ar\\\/sitio\\\/#organization\",\"name\":\"Cuarteto en la Web\",\"url\":\"http:\\\/\\\/cuartetoenlaweb.com.ar\\\/sitio\\\/\",\"logo\":{\"@type\":\"ImageObject\",\"inLanguage\":\"es\",\"@id\":\"http:\\\/\\\/cuartetoenlaweb.com.ar\\\/sitio\\\/#\\\/schema\\\/logo\\\/image\\\/\",\"url\":\"https:\\\/\\\/cuartetoenlaweb.com.ar\\\/sitio\\\/wp-content\\\/uploads\\\/2025\\\/07\\\/cropped-cropped-logitoweb21.png\",\"contentUrl\":\"https:\\\/\\\/cuartetoenlaweb.com.ar\\\/sitio\\\/wp-content\\\/uploads\\\/2025\\\/07\\\/cropped-cropped-logitoweb21.png\",\"width\":199,\"height\":199,\"caption\":\"Cuarteto en la Web\"},\"image\":{\"@id\":\"http:\\\/\\\/cuartetoenlaweb.com.ar\\\/sitio\\\/#\\\/schema\\\/logo\\\/image\\\/\"}}]}<\/script>\n<!-- \/ Yoast SEO plugin. -->","yoast_head_json":{"title":"El respaldo de la c\u00fapula de Gobierno a Adorni: foto y video en el Congreso, con m\u00fasica de Rocky - Cuarteto en la Web","robots":{"index":"index","follow":"follow","max-snippet":"max-snippet:-1","max-image-preview":"max-image-preview:large","max-video-preview":"max-video-preview:-1"},"canonical":"https:\/\/cuartetoenlaweb.com.ar\/sitio\/el-respaldo-de-la-cupula-de-gobierno-a-adorni-foto-y-video-en-el-congreso-con-musica-de-rocky\/","og_locale":"es_ES","og_type":"article","og_title":"El respaldo de la c\u00fapula de Gobierno a Adorni: foto y video en el Congreso, con m\u00fasica de Rocky - Cuarteto en la Web","og_description":"El presidente Javier Milei y su hermana Karina han dejado","og_url":"https:\/\/cuartetoenlaweb.com.ar\/sitio\/el-respaldo-de-la-cupula-de-gobierno-a-adorni-foto-y-video-en-el-congreso-con-musica-de-rocky\/","og_site_name":"Cuarteto en la Web","article_published_time":"2026-04-29T18:00:54+00:00","twitter_card":"summary_large_image","twitter_misc":{"Tiempo de lectura":"3 minutos"},"schema":{"@context":"https:\/\/schema.org","@graph":[{"@type":"Article","@id":"https:\/\/cuartetoenlaweb.com.ar\/sitio\/el-respaldo-de-la-cupula-de-gobierno-a-adorni-foto-y-video-en-el-congreso-con-musica-de-rocky\/#article","isPartOf":{"@id":"https:\/\/cuartetoenlaweb.com.ar\/sitio\/el-respaldo-de-la-cupula-de-gobierno-a-adorni-foto-y-video-en-el-congreso-con-musica-de-rocky\/"},"author":{"name":"","@id":""},"headline":"El respaldo de la c\u00fapula de Gobierno a Adorni: foto y video en el Congreso, con m\u00fasica de Rocky","datePublished":"2026-04-29T18:00:54+00:00","mainEntityOfPage":{"@id":"https:\/\/cuartetoenlaweb.com.ar\/sitio\/el-respaldo-de-la-cupula-de-gobierno-a-adorni-foto-y-video-en-el-congreso-con-musica-de-rocky\/"},"wordCount":580,"publisher":{"@id":"http:\/\/cuartetoenlaweb.com.ar\/sitio\/#organization"},"image":{"@id":"https:\/\/cuartetoenlaweb.com.ar\/sitio\/el-respaldo-de-la-cupula-de-gobierno-a-adorni-foto-y-video-en-el-congreso-con-musica-de-rocky\/#primaryimage"},"thumbnailUrl":"https:\/\/cuartetoenlaweb.com.ar\/sitio\/wp-content\/uploads\/2026\/04\/portadax-207.png","articleSection":["PAIS"],"inLanguage":"es"},{"@type":"WebPage","@id":"https:\/\/cuartetoenlaweb.com.ar\/sitio\/el-respaldo-de-la-cupula-de-gobierno-a-adorni-foto-y-video-en-el-congreso-con-musica-de-rocky\/","url":"https:\/\/cuartetoenlaweb.com.ar\/sitio\/el-respaldo-de-la-cupula-de-gobierno-a-adorni-foto-y-video-en-el-congreso-con-musica-de-rocky\/","name":"El respaldo de la c\u00fapula de Gobierno a Adorni: foto y video en el Congreso, con m\u00fasica de Rocky - Cuarteto en la Web","isPartOf":{"@id":"http:\/\/cuartetoenlaweb.com.ar\/sitio\/#website"},"primaryImageOfPage":{"@id":"https:\/\/cuartetoenlaweb.com.ar\/sitio\/el-respaldo-de-la-cupula-de-gobierno-a-adorni-foto-y-video-en-el-congreso-con-musica-de-rocky\/#primaryimage"},"image":{"@id":"https:\/\/cuartetoenlaweb.com.ar\/sitio\/el-respaldo-de-la-cupula-de-gobierno-a-adorni-foto-y-video-en-el-congreso-con-musica-de-rocky\/#primaryimage"},"thumbnailUrl":"https:\/\/cuartetoenlaweb.com.ar\/sitio\/wp-content\/uploads\/2026\/04\/portadax-207.png","datePublished":"2026-04-29T18:00:54+00:00","breadcrumb":{"@id":"https:\/\/cuartetoenlaweb.com.ar\/sitio\/el-respaldo-de-la-cupula-de-gobierno-a-adorni-foto-y-video-en-el-congreso-con-musica-de-rocky\/#breadcrumb"},"inLanguage":"es","potentialAction":[{"@type":"ReadAction","target":["https:\/\/cuartetoenlaweb.com.ar\/sitio\/el-respaldo-de-la-cupula-de-gobierno-a-adorni-foto-y-video-en-el-congreso-con-musica-de-rocky\/"]}]},{"@type":"ImageObject","inLanguage":"es","@id":"https:\/\/cuartetoenlaweb.com.ar\/sitio\/el-respaldo-de-la-cupula-de-gobierno-a-adorni-foto-y-video-en-el-congreso-con-musica-de-rocky\/#primaryimage","url":"https:\/\/cuartetoenlaweb.com.ar\/sitio\/wp-content\/uploads\/2026\/04\/portadax-207.png","contentUrl":"https:\/\/cuartetoenlaweb.com.ar\/sitio\/wp-content\/uploads\/2026\/04\/portadax-207.png","width":1366,"height":768},{"@type":"BreadcrumbList","@id":"https:\/\/cuartetoenlaweb.com.ar\/sitio\/el-respaldo-de-la-cupula-de-gobierno-a-adorni-foto-y-video-en-el-congreso-con-musica-de-rocky\/#breadcrumb","itemListElement":[{"@type":"ListItem","position":1,"name":"Portada","item":"http:\/\/cuartetoenlaweb.com.ar\/sitio\/"},{"@type":"ListItem","position":2,"name":"El respaldo de la c\u00fapula de Gobierno a Adorni: foto y video en el Congreso, con m\u00fasica de Rocky"}]},{"@type":"WebSite","@id":"http:\/\/cuartetoenlaweb.com.ar\/sitio\/#website","url":"http:\/\/cuartetoenlaweb.com.ar\/sitio\/","name":"Cuarteto en la Web","description":"","publisher":{"@id":"http:\/\/cuartetoenlaweb.com.ar\/sitio\/#organization"},"potentialAction":[{"@type":"SearchAction","target":{"@type":"EntryPoint","urlTemplate":"http:\/\/cuartetoenlaweb.com.ar\/sitio\/?s={search_term_string}"},"query-input":{"@type":"PropertyValueSpecification","valueRequired":true,"valueName":"search_term_string"}}],"inLanguage":"es"},{"@type":"Organization","@id":"http:\/\/cuartetoenlaweb.com.ar\/sitio\/#organization","name":"Cuarteto en la Web","url":"http:\/\/cuartetoenlaweb.com.ar\/sitio\/","logo":{"@type":"ImageObject","inLanguage":"es","@id":"http:\/\/cuartetoenlaweb.com.ar\/sitio\/#\/schema\/logo\/image\/","url":"https:\/\/cuartetoenlaweb.com.ar\/sitio\/wp-content\/uploads\/2025\/07\/cropped-cropped-logitoweb21.png","contentUrl":"https:\/\/cuartetoenlaweb.com.ar\/sitio\/wp-content\/uploads\/2025\/07\/cropped-cropped-logitoweb21.png","width":199,"height":199,"caption":"Cuarteto en la Web"},"image":{"@id":"http:\/\/cuartetoenlaweb.com.ar\/sitio\/#\/schema\/logo\/image\/"}}]}},"_links":{"self":[{"href":"https:\/\/cuartetoenlaweb.com.ar\/sitio\/wp-json\/wp\/v2\/posts\/19309","targetHints":{"allow":["GET"]}}],"collection":[{"href":"https:\/\/cuartetoenlaweb.com.ar\/sitio\/wp-json\/wp\/v2\/posts"}],"about":[{"href":"https:\/\/cuartetoenlaweb.com.ar\/sitio\/wp-json\/wp\/v2\/types\/post"}],"replies":[{"embeddable":true,"href":"https:\/\/cuartetoenlaweb.com.ar\/sitio\/wp-json\/wp\/v2\/comments?post=19309"}],"version-history":[{"count":0,"href":"https:\/\/cuartetoenlaweb.com.ar\/sitio\/wp-json\/wp\/v2\/posts\/19309\/revisions"}],"wp:featuredmedia":[{"embeddable":true,"href":"https:\/\/cuartetoenlaweb.com.ar\/sitio\/wp-json\/wp\/v2\/media\/19310"}],"wp:attachment":[{"href":"https:\/\/cuartetoenlaweb.com.ar\/sitio\/wp-json\/wp\/v2\/media?parent=19309"}],"wp:term":[{"taxonomy":"category","embeddable":true,"href":"https:\/\/cuartetoenlaweb.com.ar\/sitio\/wp-json\/wp\/v2\/categories?post=19309"},{"taxonomy":"post_tag","embeddable":true,"href":"https:\/\/cuartetoenlaweb.com.ar\/sitio\/wp-json\/wp\/v2\/tags?post=19309"}],"curies":[{"name":"wp","href":"https:\/\/api.w.org\/{rel}","templated":true}]}}