
{"id":19307,"date":"2026-04-29T15:00:51","date_gmt":"2026-04-29T18:00:51","guid":{"rendered":"https:\/\/cuartetoenlaweb.com.ar\/sitio\/adorni-se-refirio-a-las-denuncias-en-su-contra-sobre-su-patrimonio-no-hubo-delito\/"},"modified":"2026-04-29T15:00:51","modified_gmt":"2026-04-29T18:00:51","slug":"adorni-se-refirio-a-las-denuncias-en-su-contra-sobre-su-patrimonio-no-hubo-delito","status":"publish","type":"post","link":"https:\/\/cuartetoenlaweb.com.ar\/sitio\/adorni-se-refirio-a-las-denuncias-en-su-contra-sobre-su-patrimonio-no-hubo-delito\/","title":{"rendered":"Adorni se refiri\u00f3  a las denuncias en su contra sobre su patrimonio : &quot;No hubo delito&quot;"},"content":{"rendered":"<p> El jefe de Gabinete,<strong> Manuel Adorni<\/strong>, explic\u00f3 la presencia de su esposa, <strong>Bettina Angeletti<\/strong>, en la delegaci\u00f3n que viaj\u00f3 junto al presidente <strong>Javier Milei<\/strong> en el ARG 01 rumbo a Nueva York durante el informe de gesti\u00f3n que brinda en el Congreso Nacional, y rechaz\u00f3 la existencia de \u201cdelito\u201d para justificar su patrimonio. <\/p>\n<p>\u201cFue aclarado en la justicia que mi esposa viaj\u00f3 como invitada exclusivamente el vuelo de salida del pa\u00eds y que regres\u00f3 en un vuelo comercial el 15 de marzo de 2026\u201d, expres\u00f3, y complet\u00f3<strong>: \u201cSe concluy\u00f3 que la documentaci\u00f3n vinculadas al manifiesto de vuelos y las resoluciones aprobatorias no representan ninguna irregularidad\u201d. <\/strong><\/p>\n<p>Asimismo, el funcionario destac\u00f3 que la causa fue archivada por la justicia y subray\u00f3 que \u201cla misi\u00f3n fue debidamente autorizada y no hubo delito\u201d. <strong>\u201cSe comprob\u00f3 judicialmente que no hubo ning\u00fan gasto<\/strong> de vi\u00e1ticos, alojamiento, comida, o de cualquier tipo de parte del Estado y que no existi\u00f3 incumplimiento en su invitaci\u00f3n\u201d, asever\u00f3. <\/p>\n<p>\u201cEsto prueba que, cuando se le permite a la Justicia actuar, <strong>se caen las operaciones pol\u00edticas que se intentan instalar en esta C\u00e1mara<\/strong>\u201d, a\u00f1adi\u00f3 desde Diputados, y complet\u00f3: \u201cPed\u00ed disculpas a los argentinos, entendiendo que mi conducta debe ser siempre clara y me puse a disposici\u00f3n de la Justicia frente a cada denuncia. Estas disculpas han sido utilizadas por algunos como una herramienta pol\u00edtica para obstaculizar la gesti\u00f3n del Gobierno, lo cual no me sorprende\u201d. <\/p>\n<p>Por otra parte, Adorni pidi\u00f3 dividir sus gastos privados del p\u00fablico y diferenciar las actividades de su vida privada con \u201cactos de gobierno\u201d. \u201c<strong>Ni constitucional ni penal ni civilmente son comparables<\/strong>. He afrontado yo mismo los pagos de todos los viajes que realic\u00e9 con mi familia y que \u00fanicamente se circunscribieron a vacaciones personales y de mi c\u00edrculo familiar\u201d, expres\u00f3. <\/p>\n<p><strong>\u201cEl Estado Nacional no registra ning\u00fan pago de costos sobre mis viajes personales y es por eso que inform\u00e9 siempre el car\u00e1cter privado y propio de mis erogaciones.<\/strong> Las manifestaciones que se realizaron p\u00fablicamente relativas al costeo por terceros de los viajes son tendenciosas y, adem\u00e1s, falsas. Tendenciosas y falsas\u201d, asever\u00f3 adem\u00e1s.<\/p>\n<p>Asimismo, se comprometi\u00f3 a presentar la nueva declaraci\u00f3n jurada, con fecha de vencimiento el 31 de julio, en la detalla su patrimonio integral. \u201cLas autoridades judiciales son las competentes para investigar y conocer en todas las denuncias presentadas. Tambi\u00e9n, las actuaciones que se encuentran en tr\u00e1mite ante la Oficina Anticorrupci\u00f3n tienen car\u00e1cter reservado y han sido puestas a disposici\u00f3n de la Justicia\u201d, especific\u00f3.<\/p>\n<p><strong>\u201cTodas las cuestiones que son parte de una causa judicial en curso deben ser resueltas en ese \u00e1mbito\u201d,<\/strong> se expidi\u00f3 el funcionario, y rechaz\u00f3 contrataciones entre la TV P\u00fablica y el periodista Marcelo Grand\u00edo. <\/p>\n<p>Por \u00faltimo, desmienti\u00f3 la existencia de contratos entre el Estado y Bettina Angeletti, \u201cni directa ni indirectamente\u201d, y sostuvo que \u201cno existe ni existi\u00f3 incumplimiento alguno al r\u00e9gimen de incompatibilidades y conflictos de inter\u00e9s previsto en la Ley de \u00c9tica P\u00fablica o en sus reglamentaciones\u201d. <\/p>\n<p>\u201cNunca un Gobierno anterior colabor\u00f3 de forma inmediata sobre denuncias realizadas a sus propios funcionarios. Por el contrario, los funcionarios anteriores hoy cuentan con condenas firmes y participan de un espacio pol\u00edtico que hoy quiere simular una igualdad de condiciones\u201d, afirm\u00f3, y concluy\u00f3: \u00ab<strong>Han sacado conclusiones equivocadas y quiero ser m\u00e1s claro todav\u00eda: no comet\u00ed ning\u00fan delito y voy a probarlo en la Justicia<\/strong>\u201d.<\/p>\n","protected":false},"excerpt":{"rendered":"<p>El jefe de Gabinete, Manuel Adorni, explic\u00f3 la presencia de<\/p>\n","protected":false},"author":0,"featured_media":19308,"comment_status":"","ping_status":"","sticky":false,"template":"","format":"standard","meta":{"footnotes":""},"categories":[65],"tags":[],"class_list":["post-19307","post","type-post","status-publish","format-standard","has-post-thumbnail","hentry","category-pais"],"yoast_head":"<!-- This site is optimized with the Yoast SEO plugin v27.5 - https:\/\/yoast.com\/product\/yoast-seo-wordpress\/ -->\n<title>Adorni se refiri\u00f3 a las denuncias en su contra sobre su patrimonio : &quot;No hubo delito&quot; - Cuarteto en la Web<\/title>\n<meta name=\"robots\" content=\"index, follow, max-snippet:-1, max-image-preview:large, max-video-preview:-1\" \/>\n<link rel=\"canonical\" href=\"https:\/\/cuartetoenlaweb.com.ar\/sitio\/adorni-se-refirio-a-las-denuncias-en-su-contra-sobre-su-patrimonio-no-hubo-delito\/\" \/>\n<meta property=\"og:locale\" content=\"es_ES\" \/>\n<meta property=\"og:type\" content=\"article\" \/>\n<meta property=\"og:title\" content=\"Adorni se refiri\u00f3 a las denuncias en su contra sobre su patrimonio : &quot;No hubo delito&quot; - Cuarteto en la Web\" \/>\n<meta property=\"og:description\" content=\"El jefe de Gabinete, Manuel Adorni, explic\u00f3 la presencia de\" \/>\n<meta property=\"og:url\" content=\"https:\/\/cuartetoenlaweb.com.ar\/sitio\/adorni-se-refirio-a-las-denuncias-en-su-contra-sobre-su-patrimonio-no-hubo-delito\/\" \/>\n<meta property=\"og:site_name\" content=\"Cuarteto en la Web\" \/>\n<meta property=\"article:published_time\" content=\"2026-04-29T18:00:51+00:00\" \/>\n<meta name=\"twitter:card\" content=\"summary_large_image\" \/>\n<meta name=\"twitter:label1\" content=\"Tiempo de lectura\" \/>\n\t<meta name=\"twitter:data1\" content=\"3 minutos\" \/>\n<script type=\"application\/ld+json\" class=\"yoast-schema-graph\">{\"@context\":\"https:\\\/\\\/schema.org\",\"@graph\":[{\"@type\":\"Article\",\"@id\":\"https:\\\/\\\/cuartetoenlaweb.com.ar\\\/sitio\\\/adorni-se-refirio-a-las-denuncias-en-su-contra-sobre-su-patrimonio-no-hubo-delito\\\/#article\",\"isPartOf\":{\"@id\":\"https:\\\/\\\/cuartetoenlaweb.com.ar\\\/sitio\\\/adorni-se-refirio-a-las-denuncias-en-su-contra-sobre-su-patrimonio-no-hubo-delito\\\/\"},\"author\":{\"name\":\"\",\"@id\":\"\"},\"headline\":\"Adorni se refiri\u00f3 a las denuncias en su contra sobre su patrimonio : &quot;No hubo delito&quot;\",\"datePublished\":\"2026-04-29T18:00:51+00:00\",\"mainEntityOfPage\":{\"@id\":\"https:\\\/\\\/cuartetoenlaweb.com.ar\\\/sitio\\\/adorni-se-refirio-a-las-denuncias-en-su-contra-sobre-su-patrimonio-no-hubo-delito\\\/\"},\"wordCount\":600,\"publisher\":{\"@id\":\"http:\\\/\\\/cuartetoenlaweb.com.ar\\\/sitio\\\/#organization\"},\"image\":{\"@id\":\"https:\\\/\\\/cuartetoenlaweb.com.ar\\\/sitio\\\/adorni-se-refirio-a-las-denuncias-en-su-contra-sobre-su-patrimonio-no-hubo-delito\\\/#primaryimage\"},\"thumbnailUrl\":\"https:\\\/\\\/cuartetoenlaweb.com.ar\\\/sitio\\\/wp-content\\\/uploads\\\/2026\\\/04\\\/portadax-206.png\",\"articleSection\":[\"PAIS\"],\"inLanguage\":\"es\"},{\"@type\":\"WebPage\",\"@id\":\"https:\\\/\\\/cuartetoenlaweb.com.ar\\\/sitio\\\/adorni-se-refirio-a-las-denuncias-en-su-contra-sobre-su-patrimonio-no-hubo-delito\\\/\",\"url\":\"https:\\\/\\\/cuartetoenlaweb.com.ar\\\/sitio\\\/adorni-se-refirio-a-las-denuncias-en-su-contra-sobre-su-patrimonio-no-hubo-delito\\\/\",\"name\":\"Adorni se refiri\u00f3 a las denuncias en su contra sobre su patrimonio : &quot;No hubo delito&quot; - Cuarteto en la Web\",\"isPartOf\":{\"@id\":\"http:\\\/\\\/cuartetoenlaweb.com.ar\\\/sitio\\\/#website\"},\"primaryImageOfPage\":{\"@id\":\"https:\\\/\\\/cuartetoenlaweb.com.ar\\\/sitio\\\/adorni-se-refirio-a-las-denuncias-en-su-contra-sobre-su-patrimonio-no-hubo-delito\\\/#primaryimage\"},\"image\":{\"@id\":\"https:\\\/\\\/cuartetoenlaweb.com.ar\\\/sitio\\\/adorni-se-refirio-a-las-denuncias-en-su-contra-sobre-su-patrimonio-no-hubo-delito\\\/#primaryimage\"},\"thumbnailUrl\":\"https:\\\/\\\/cuartetoenlaweb.com.ar\\\/sitio\\\/wp-content\\\/uploads\\\/2026\\\/04\\\/portadax-206.png\",\"datePublished\":\"2026-04-29T18:00:51+00:00\",\"breadcrumb\":{\"@id\":\"https:\\\/\\\/cuartetoenlaweb.com.ar\\\/sitio\\\/adorni-se-refirio-a-las-denuncias-en-su-contra-sobre-su-patrimonio-no-hubo-delito\\\/#breadcrumb\"},\"inLanguage\":\"es\",\"potentialAction\":[{\"@type\":\"ReadAction\",\"target\":[\"https:\\\/\\\/cuartetoenlaweb.com.ar\\\/sitio\\\/adorni-se-refirio-a-las-denuncias-en-su-contra-sobre-su-patrimonio-no-hubo-delito\\\/\"]}]},{\"@type\":\"ImageObject\",\"inLanguage\":\"es\",\"@id\":\"https:\\\/\\\/cuartetoenlaweb.com.ar\\\/sitio\\\/adorni-se-refirio-a-las-denuncias-en-su-contra-sobre-su-patrimonio-no-hubo-delito\\\/#primaryimage\",\"url\":\"https:\\\/\\\/cuartetoenlaweb.com.ar\\\/sitio\\\/wp-content\\\/uploads\\\/2026\\\/04\\\/portadax-206.png\",\"contentUrl\":\"https:\\\/\\\/cuartetoenlaweb.com.ar\\\/sitio\\\/wp-content\\\/uploads\\\/2026\\\/04\\\/portadax-206.png\",\"width\":1366,\"height\":768},{\"@type\":\"BreadcrumbList\",\"@id\":\"https:\\\/\\\/cuartetoenlaweb.com.ar\\\/sitio\\\/adorni-se-refirio-a-las-denuncias-en-su-contra-sobre-su-patrimonio-no-hubo-delito\\\/#breadcrumb\",\"itemListElement\":[{\"@type\":\"ListItem\",\"position\":1,\"name\":\"Portada\",\"item\":\"http:\\\/\\\/cuartetoenlaweb.com.ar\\\/sitio\\\/\"},{\"@type\":\"ListItem\",\"position\":2,\"name\":\"Adorni se refiri\u00f3 a las denuncias en su contra sobre su patrimonio : &quot;No hubo delito&quot;\"}]},{\"@type\":\"WebSite\",\"@id\":\"http:\\\/\\\/cuartetoenlaweb.com.ar\\\/sitio\\\/#website\",\"url\":\"http:\\\/\\\/cuartetoenlaweb.com.ar\\\/sitio\\\/\",\"name\":\"Cuarteto en la Web\",\"description\":\"\",\"publisher\":{\"@id\":\"http:\\\/\\\/cuartetoenlaweb.com.ar\\\/sitio\\\/#organization\"},\"potentialAction\":[{\"@type\":\"SearchAction\",\"target\":{\"@type\":\"EntryPoint\",\"urlTemplate\":\"http:\\\/\\\/cuartetoenlaweb.com.ar\\\/sitio\\\/?s={search_term_string}\"},\"query-input\":{\"@type\":\"PropertyValueSpecification\",\"valueRequired\":true,\"valueName\":\"search_term_string\"}}],\"inLanguage\":\"es\"},{\"@type\":\"Organization\",\"@id\":\"http:\\\/\\\/cuartetoenlaweb.com.ar\\\/sitio\\\/#organization\",\"name\":\"Cuarteto en la Web\",\"url\":\"http:\\\/\\\/cuartetoenlaweb.com.ar\\\/sitio\\\/\",\"logo\":{\"@type\":\"ImageObject\",\"inLanguage\":\"es\",\"@id\":\"http:\\\/\\\/cuartetoenlaweb.com.ar\\\/sitio\\\/#\\\/schema\\\/logo\\\/image\\\/\",\"url\":\"https:\\\/\\\/cuartetoenlaweb.com.ar\\\/sitio\\\/wp-content\\\/uploads\\\/2025\\\/07\\\/cropped-cropped-logitoweb21.png\",\"contentUrl\":\"https:\\\/\\\/cuartetoenlaweb.com.ar\\\/sitio\\\/wp-content\\\/uploads\\\/2025\\\/07\\\/cropped-cropped-logitoweb21.png\",\"width\":199,\"height\":199,\"caption\":\"Cuarteto en la Web\"},\"image\":{\"@id\":\"http:\\\/\\\/cuartetoenlaweb.com.ar\\\/sitio\\\/#\\\/schema\\\/logo\\\/image\\\/\"}}]}<\/script>\n<!-- \/ Yoast SEO plugin. -->","yoast_head_json":{"title":"Adorni se refiri\u00f3 a las denuncias en su contra sobre su patrimonio : &quot;No hubo delito&quot; - Cuarteto en la Web","robots":{"index":"index","follow":"follow","max-snippet":"max-snippet:-1","max-image-preview":"max-image-preview:large","max-video-preview":"max-video-preview:-1"},"canonical":"https:\/\/cuartetoenlaweb.com.ar\/sitio\/adorni-se-refirio-a-las-denuncias-en-su-contra-sobre-su-patrimonio-no-hubo-delito\/","og_locale":"es_ES","og_type":"article","og_title":"Adorni se refiri\u00f3 a las denuncias en su contra sobre su patrimonio : &quot;No hubo delito&quot; - Cuarteto en la Web","og_description":"El jefe de Gabinete, Manuel Adorni, explic\u00f3 la presencia de","og_url":"https:\/\/cuartetoenlaweb.com.ar\/sitio\/adorni-se-refirio-a-las-denuncias-en-su-contra-sobre-su-patrimonio-no-hubo-delito\/","og_site_name":"Cuarteto en la Web","article_published_time":"2026-04-29T18:00:51+00:00","twitter_card":"summary_large_image","twitter_misc":{"Tiempo de lectura":"3 minutos"},"schema":{"@context":"https:\/\/schema.org","@graph":[{"@type":"Article","@id":"https:\/\/cuartetoenlaweb.com.ar\/sitio\/adorni-se-refirio-a-las-denuncias-en-su-contra-sobre-su-patrimonio-no-hubo-delito\/#article","isPartOf":{"@id":"https:\/\/cuartetoenlaweb.com.ar\/sitio\/adorni-se-refirio-a-las-denuncias-en-su-contra-sobre-su-patrimonio-no-hubo-delito\/"},"author":{"name":"","@id":""},"headline":"Adorni se refiri\u00f3 a las denuncias en su contra sobre su patrimonio : &quot;No hubo delito&quot;","datePublished":"2026-04-29T18:00:51+00:00","mainEntityOfPage":{"@id":"https:\/\/cuartetoenlaweb.com.ar\/sitio\/adorni-se-refirio-a-las-denuncias-en-su-contra-sobre-su-patrimonio-no-hubo-delito\/"},"wordCount":600,"publisher":{"@id":"http:\/\/cuartetoenlaweb.com.ar\/sitio\/#organization"},"image":{"@id":"https:\/\/cuartetoenlaweb.com.ar\/sitio\/adorni-se-refirio-a-las-denuncias-en-su-contra-sobre-su-patrimonio-no-hubo-delito\/#primaryimage"},"thumbnailUrl":"https:\/\/cuartetoenlaweb.com.ar\/sitio\/wp-content\/uploads\/2026\/04\/portadax-206.png","articleSection":["PAIS"],"inLanguage":"es"},{"@type":"WebPage","@id":"https:\/\/cuartetoenlaweb.com.ar\/sitio\/adorni-se-refirio-a-las-denuncias-en-su-contra-sobre-su-patrimonio-no-hubo-delito\/","url":"https:\/\/cuartetoenlaweb.com.ar\/sitio\/adorni-se-refirio-a-las-denuncias-en-su-contra-sobre-su-patrimonio-no-hubo-delito\/","name":"Adorni se refiri\u00f3 a las denuncias en su contra sobre su patrimonio : &quot;No hubo delito&quot; - Cuarteto en la Web","isPartOf":{"@id":"http:\/\/cuartetoenlaweb.com.ar\/sitio\/#website"},"primaryImageOfPage":{"@id":"https:\/\/cuartetoenlaweb.com.ar\/sitio\/adorni-se-refirio-a-las-denuncias-en-su-contra-sobre-su-patrimonio-no-hubo-delito\/#primaryimage"},"image":{"@id":"https:\/\/cuartetoenlaweb.com.ar\/sitio\/adorni-se-refirio-a-las-denuncias-en-su-contra-sobre-su-patrimonio-no-hubo-delito\/#primaryimage"},"thumbnailUrl":"https:\/\/cuartetoenlaweb.com.ar\/sitio\/wp-content\/uploads\/2026\/04\/portadax-206.png","datePublished":"2026-04-29T18:00:51+00:00","breadcrumb":{"@id":"https:\/\/cuartetoenlaweb.com.ar\/sitio\/adorni-se-refirio-a-las-denuncias-en-su-contra-sobre-su-patrimonio-no-hubo-delito\/#breadcrumb"},"inLanguage":"es","potentialAction":[{"@type":"ReadAction","target":["https:\/\/cuartetoenlaweb.com.ar\/sitio\/adorni-se-refirio-a-las-denuncias-en-su-contra-sobre-su-patrimonio-no-hubo-delito\/"]}]},{"@type":"ImageObject","inLanguage":"es","@id":"https:\/\/cuartetoenlaweb.com.ar\/sitio\/adorni-se-refirio-a-las-denuncias-en-su-contra-sobre-su-patrimonio-no-hubo-delito\/#primaryimage","url":"https:\/\/cuartetoenlaweb.com.ar\/sitio\/wp-content\/uploads\/2026\/04\/portadax-206.png","contentUrl":"https:\/\/cuartetoenlaweb.com.ar\/sitio\/wp-content\/uploads\/2026\/04\/portadax-206.png","width":1366,"height":768},{"@type":"BreadcrumbList","@id":"https:\/\/cuartetoenlaweb.com.ar\/sitio\/adorni-se-refirio-a-las-denuncias-en-su-contra-sobre-su-patrimonio-no-hubo-delito\/#breadcrumb","itemListElement":[{"@type":"ListItem","position":1,"name":"Portada","item":"http:\/\/cuartetoenlaweb.com.ar\/sitio\/"},{"@type":"ListItem","position":2,"name":"Adorni se refiri\u00f3 a las denuncias en su contra sobre su patrimonio : &quot;No hubo delito&quot;"}]},{"@type":"WebSite","@id":"http:\/\/cuartetoenlaweb.com.ar\/sitio\/#website","url":"http:\/\/cuartetoenlaweb.com.ar\/sitio\/","name":"Cuarteto en la Web","description":"","publisher":{"@id":"http:\/\/cuartetoenlaweb.com.ar\/sitio\/#organization"},"potentialAction":[{"@type":"SearchAction","target":{"@type":"EntryPoint","urlTemplate":"http:\/\/cuartetoenlaweb.com.ar\/sitio\/?s={search_term_string}"},"query-input":{"@type":"PropertyValueSpecification","valueRequired":true,"valueName":"search_term_string"}}],"inLanguage":"es"},{"@type":"Organization","@id":"http:\/\/cuartetoenlaweb.com.ar\/sitio\/#organization","name":"Cuarteto en la Web","url":"http:\/\/cuartetoenlaweb.com.ar\/sitio\/","logo":{"@type":"ImageObject","inLanguage":"es","@id":"http:\/\/cuartetoenlaweb.com.ar\/sitio\/#\/schema\/logo\/image\/","url":"https:\/\/cuartetoenlaweb.com.ar\/sitio\/wp-content\/uploads\/2025\/07\/cropped-cropped-logitoweb21.png","contentUrl":"https:\/\/cuartetoenlaweb.com.ar\/sitio\/wp-content\/uploads\/2025\/07\/cropped-cropped-logitoweb21.png","width":199,"height":199,"caption":"Cuarteto en la Web"},"image":{"@id":"http:\/\/cuartetoenlaweb.com.ar\/sitio\/#\/schema\/logo\/image\/"}}]}},"_links":{"self":[{"href":"https:\/\/cuartetoenlaweb.com.ar\/sitio\/wp-json\/wp\/v2\/posts\/19307","targetHints":{"allow":["GET"]}}],"collection":[{"href":"https:\/\/cuartetoenlaweb.com.ar\/sitio\/wp-json\/wp\/v2\/posts"}],"about":[{"href":"https:\/\/cuartetoenlaweb.com.ar\/sitio\/wp-json\/wp\/v2\/types\/post"}],"replies":[{"embeddable":true,"href":"https:\/\/cuartetoenlaweb.com.ar\/sitio\/wp-json\/wp\/v2\/comments?post=19307"}],"version-history":[{"count":0,"href":"https:\/\/cuartetoenlaweb.com.ar\/sitio\/wp-json\/wp\/v2\/posts\/19307\/revisions"}],"wp:featuredmedia":[{"embeddable":true,"href":"https:\/\/cuartetoenlaweb.com.ar\/sitio\/wp-json\/wp\/v2\/media\/19308"}],"wp:attachment":[{"href":"https:\/\/cuartetoenlaweb.com.ar\/sitio\/wp-json\/wp\/v2\/media?parent=19307"}],"wp:term":[{"taxonomy":"category","embeddable":true,"href":"https:\/\/cuartetoenlaweb.com.ar\/sitio\/wp-json\/wp\/v2\/categories?post=19307"},{"taxonomy":"post_tag","embeddable":true,"href":"https:\/\/cuartetoenlaweb.com.ar\/sitio\/wp-json\/wp\/v2\/tags?post=19307"}],"curies":[{"name":"wp","href":"https:\/\/api.w.org\/{rel}","templated":true}]}}