
{"id":19305,"date":"2026-04-29T15:00:47","date_gmt":"2026-04-29T18:00:47","guid":{"rendered":"https:\/\/cuartetoenlaweb.com.ar\/sitio\/femicidio-de-mercedes-kvedaras-la-querella-pidio-prision-perpetua-para-figueroa-y-dijo-que-intento-denigrarla\/"},"modified":"2026-04-29T15:00:47","modified_gmt":"2026-04-29T18:00:47","slug":"femicidio-de-mercedes-kvedaras-la-querella-pidio-prision-perpetua-para-figueroa-y-dijo-que-intento-denigrarla","status":"publish","type":"post","link":"https:\/\/cuartetoenlaweb.com.ar\/sitio\/femicidio-de-mercedes-kvedaras-la-querella-pidio-prision-perpetua-para-figueroa-y-dijo-que-intento-denigrarla\/","title":{"rendered":"Femicidio de Mercedes Kvedaras: la querella pidi\u00f3 prisi\u00f3n perpetua para Figueroa y dijo que intent\u00f3 &quot;denigrarla&quot;"},"content":{"rendered":"<p>En la audiencia de debate por el <strong>femicidio de Mercedes Kvedaras<\/strong>, la querella que representa a los padres y hermanos de la v\u00edctima hizo un fuerte pronunciamiento en favor de la <strong>pena m\u00e1xima<\/strong>. El abogado Jorge Ovejero, expres\u00f3 su total adhesi\u00f3n al alegato de la fiscal\u00eda y solicit\u00f3 la prisi\u00f3n perpetua para Jos\u00e9 Eduardo Figueroa, imputado como autor del homicidio doblemente calificado.<\/p>\n<p>Ovejero se\u00f1al\u00f3 que el acusado no solo hab\u00eda ejercido violencia de g\u00e9nero contra Mercedes previamente al crimen, sino que adem\u00e1s <strong>intent\u00f3 desligarse de su responsabilidad<\/strong> mediante la construcci\u00f3n de una versi\u00f3n falsa de los hechos. \u00abNo existi\u00f3 ning\u00fan accidente\u00bb, afirm\u00f3 el abogado, rechazando rotundamente la hip\u00f3tesis presentada por la defensa.<\/p>\n<p><strong>La brutalidad del crimen<\/strong><\/p>\n<p>La querella detall\u00f3 las caracter\u00edsticas del crimen y cuestion\u00f3 duramente la actitud de Figueroa despu\u00e9s de la muerte de la v\u00edctima. <strong>\u00abLa hubiera tratado con dignidad, pero no, arrastr\u00f3 a su esposa por el piso como si fuera una cosa, la carg\u00f3 en el auto tambi\u00e9n como a un bulto y se dirigi\u00f3 a un descampado para intentar fingir un suicidio\u00bb<\/strong>, subray\u00f3 Ovejero. <\/p>\n<p>Adem\u00e1s, la querella enfatiz\u00f3 que el hecho fue planificado y ejecutado con frialdad, descartando cualquier posibilidad de accidente. \u00abSe represent\u00f3 el hecho con anticipaci\u00f3n y eligi\u00f3 el momento para actuar\u00bb, asegur\u00f3 el abogado, quien se\u00f1al\u00f3 que Figueroa no activ\u00f3 ning\u00fan protocolo de auxilio tras el crimen. \u00abNo llam\u00f3 a m\u00e9dicos ni al 911, no pidi\u00f3 ayuda\u00bb, agreg\u00f3 Ovejero.<\/p>\n<p><strong>Violencia de g\u00e9nero y responsabilidad directa<\/strong><\/p>\n<p>La querella tambi\u00e9n cuestion\u00f3 el intento del acusado de \u201cdenigrar\u201d a la v\u00edctima, incluso despu\u00e9s de su muerte, con el objetivo de \u201cdepositar la culpa fuera de su \u00e1mbito de responsabilidad\u201d. El abogado insisti\u00f3 en que el femicidio fue el resultado de un patr\u00f3n de violencia de g\u00e9nero preexistente, y resalt\u00f3 que el imputado nunca mostr\u00f3 se\u00f1ales de arrepentimiento o preocupaci\u00f3n por la vida de su pareja.<\/p>\n<p>En este contexto, la querella respald\u00f3 el pedido de prisi\u00f3n perpetua formulado por la fiscal\u00eda, al considerar que la violencia de g\u00e9nero qued\u00f3 debidamente acreditada y que Figueroa es directamente responsable del femicidio de Mercedes Kvedaras.<\/p>\n<p><strong>Un mensaje a la familia de la v\u00edctima<\/strong><\/p>\n<p>Antes de concluir su intervenci\u00f3n, Jorge Ovejero envi\u00f3 un mensaje directo a los familiares de la v\u00edctima: \u00abNo fue tu culpa\u00bb.<\/p>\n","protected":false},"excerpt":{"rendered":"<p>En la audiencia de debate por el femicidio de Mercedes<\/p>\n","protected":false},"author":0,"featured_media":19306,"comment_status":"","ping_status":"","sticky":false,"template":"","format":"standard","meta":{"footnotes":""},"categories":[65],"tags":[],"class_list":["post-19305","post","type-post","status-publish","format-standard","has-post-thumbnail","hentry","category-pais"],"yoast_head":"<!-- This site is optimized with the Yoast SEO plugin v27.5 - https:\/\/yoast.com\/product\/yoast-seo-wordpress\/ -->\n<title>Femicidio de Mercedes Kvedaras: la querella pidi\u00f3 prisi\u00f3n perpetua para Figueroa y dijo que intent\u00f3 &quot;denigrarla&quot; - Cuarteto en la Web<\/title>\n<meta name=\"robots\" content=\"index, follow, max-snippet:-1, max-image-preview:large, max-video-preview:-1\" \/>\n<link rel=\"canonical\" href=\"https:\/\/cuartetoenlaweb.com.ar\/sitio\/femicidio-de-mercedes-kvedaras-la-querella-pidio-prision-perpetua-para-figueroa-y-dijo-que-intento-denigrarla\/\" \/>\n<meta property=\"og:locale\" content=\"es_ES\" \/>\n<meta property=\"og:type\" content=\"article\" \/>\n<meta property=\"og:title\" content=\"Femicidio de Mercedes Kvedaras: la querella pidi\u00f3 prisi\u00f3n perpetua para Figueroa y dijo que intent\u00f3 &quot;denigrarla&quot; - Cuarteto en la Web\" \/>\n<meta property=\"og:description\" content=\"En la audiencia de debate por el femicidio de Mercedes\" \/>\n<meta property=\"og:url\" content=\"https:\/\/cuartetoenlaweb.com.ar\/sitio\/femicidio-de-mercedes-kvedaras-la-querella-pidio-prision-perpetua-para-figueroa-y-dijo-que-intento-denigrarla\/\" \/>\n<meta property=\"og:site_name\" content=\"Cuarteto en la Web\" \/>\n<meta property=\"article:published_time\" content=\"2026-04-29T18:00:47+00:00\" \/>\n<meta name=\"twitter:card\" content=\"summary_large_image\" \/>\n<meta name=\"twitter:label1\" content=\"Tiempo de lectura\" \/>\n\t<meta name=\"twitter:data1\" content=\"2 minutos\" \/>\n<script type=\"application\/ld+json\" class=\"yoast-schema-graph\">{\"@context\":\"https:\\\/\\\/schema.org\",\"@graph\":[{\"@type\":\"Article\",\"@id\":\"https:\\\/\\\/cuartetoenlaweb.com.ar\\\/sitio\\\/femicidio-de-mercedes-kvedaras-la-querella-pidio-prision-perpetua-para-figueroa-y-dijo-que-intento-denigrarla\\\/#article\",\"isPartOf\":{\"@id\":\"https:\\\/\\\/cuartetoenlaweb.com.ar\\\/sitio\\\/femicidio-de-mercedes-kvedaras-la-querella-pidio-prision-perpetua-para-figueroa-y-dijo-que-intento-denigrarla\\\/\"},\"author\":{\"name\":\"\",\"@id\":\"\"},\"headline\":\"Femicidio de Mercedes Kvedaras: la querella pidi\u00f3 prisi\u00f3n perpetua para Figueroa y dijo que intent\u00f3 &quot;denigrarla&quot;\",\"datePublished\":\"2026-04-29T18:00:47+00:00\",\"mainEntityOfPage\":{\"@id\":\"https:\\\/\\\/cuartetoenlaweb.com.ar\\\/sitio\\\/femicidio-de-mercedes-kvedaras-la-querella-pidio-prision-perpetua-para-figueroa-y-dijo-que-intento-denigrarla\\\/\"},\"wordCount\":429,\"publisher\":{\"@id\":\"http:\\\/\\\/cuartetoenlaweb.com.ar\\\/sitio\\\/#organization\"},\"image\":{\"@id\":\"https:\\\/\\\/cuartetoenlaweb.com.ar\\\/sitio\\\/femicidio-de-mercedes-kvedaras-la-querella-pidio-prision-perpetua-para-figueroa-y-dijo-que-intento-denigrarla\\\/#primaryimage\"},\"thumbnailUrl\":\"https:\\\/\\\/cuartetoenlaweb.com.ar\\\/sitio\\\/wp-content\\\/uploads\\\/2026\\\/04\\\/portadax-205.png\",\"articleSection\":[\"PAIS\"],\"inLanguage\":\"es\"},{\"@type\":\"WebPage\",\"@id\":\"https:\\\/\\\/cuartetoenlaweb.com.ar\\\/sitio\\\/femicidio-de-mercedes-kvedaras-la-querella-pidio-prision-perpetua-para-figueroa-y-dijo-que-intento-denigrarla\\\/\",\"url\":\"https:\\\/\\\/cuartetoenlaweb.com.ar\\\/sitio\\\/femicidio-de-mercedes-kvedaras-la-querella-pidio-prision-perpetua-para-figueroa-y-dijo-que-intento-denigrarla\\\/\",\"name\":\"Femicidio de Mercedes Kvedaras: la querella pidi\u00f3 prisi\u00f3n perpetua para Figueroa y dijo que intent\u00f3 &quot;denigrarla&quot; - Cuarteto en la Web\",\"isPartOf\":{\"@id\":\"http:\\\/\\\/cuartetoenlaweb.com.ar\\\/sitio\\\/#website\"},\"primaryImageOfPage\":{\"@id\":\"https:\\\/\\\/cuartetoenlaweb.com.ar\\\/sitio\\\/femicidio-de-mercedes-kvedaras-la-querella-pidio-prision-perpetua-para-figueroa-y-dijo-que-intento-denigrarla\\\/#primaryimage\"},\"image\":{\"@id\":\"https:\\\/\\\/cuartetoenlaweb.com.ar\\\/sitio\\\/femicidio-de-mercedes-kvedaras-la-querella-pidio-prision-perpetua-para-figueroa-y-dijo-que-intento-denigrarla\\\/#primaryimage\"},\"thumbnailUrl\":\"https:\\\/\\\/cuartetoenlaweb.com.ar\\\/sitio\\\/wp-content\\\/uploads\\\/2026\\\/04\\\/portadax-205.png\",\"datePublished\":\"2026-04-29T18:00:47+00:00\",\"breadcrumb\":{\"@id\":\"https:\\\/\\\/cuartetoenlaweb.com.ar\\\/sitio\\\/femicidio-de-mercedes-kvedaras-la-querella-pidio-prision-perpetua-para-figueroa-y-dijo-que-intento-denigrarla\\\/#breadcrumb\"},\"inLanguage\":\"es\",\"potentialAction\":[{\"@type\":\"ReadAction\",\"target\":[\"https:\\\/\\\/cuartetoenlaweb.com.ar\\\/sitio\\\/femicidio-de-mercedes-kvedaras-la-querella-pidio-prision-perpetua-para-figueroa-y-dijo-que-intento-denigrarla\\\/\"]}]},{\"@type\":\"ImageObject\",\"inLanguage\":\"es\",\"@id\":\"https:\\\/\\\/cuartetoenlaweb.com.ar\\\/sitio\\\/femicidio-de-mercedes-kvedaras-la-querella-pidio-prision-perpetua-para-figueroa-y-dijo-que-intento-denigrarla\\\/#primaryimage\",\"url\":\"https:\\\/\\\/cuartetoenlaweb.com.ar\\\/sitio\\\/wp-content\\\/uploads\\\/2026\\\/04\\\/portadax-205.png\",\"contentUrl\":\"https:\\\/\\\/cuartetoenlaweb.com.ar\\\/sitio\\\/wp-content\\\/uploads\\\/2026\\\/04\\\/portadax-205.png\",\"width\":1366,\"height\":768},{\"@type\":\"BreadcrumbList\",\"@id\":\"https:\\\/\\\/cuartetoenlaweb.com.ar\\\/sitio\\\/femicidio-de-mercedes-kvedaras-la-querella-pidio-prision-perpetua-para-figueroa-y-dijo-que-intento-denigrarla\\\/#breadcrumb\",\"itemListElement\":[{\"@type\":\"ListItem\",\"position\":1,\"name\":\"Portada\",\"item\":\"http:\\\/\\\/cuartetoenlaweb.com.ar\\\/sitio\\\/\"},{\"@type\":\"ListItem\",\"position\":2,\"name\":\"Femicidio de Mercedes Kvedaras: la querella pidi\u00f3 prisi\u00f3n perpetua para Figueroa y dijo que intent\u00f3 &quot;denigrarla&quot;\"}]},{\"@type\":\"WebSite\",\"@id\":\"http:\\\/\\\/cuartetoenlaweb.com.ar\\\/sitio\\\/#website\",\"url\":\"http:\\\/\\\/cuartetoenlaweb.com.ar\\\/sitio\\\/\",\"name\":\"Cuarteto en la Web\",\"description\":\"\",\"publisher\":{\"@id\":\"http:\\\/\\\/cuartetoenlaweb.com.ar\\\/sitio\\\/#organization\"},\"potentialAction\":[{\"@type\":\"SearchAction\",\"target\":{\"@type\":\"EntryPoint\",\"urlTemplate\":\"http:\\\/\\\/cuartetoenlaweb.com.ar\\\/sitio\\\/?s={search_term_string}\"},\"query-input\":{\"@type\":\"PropertyValueSpecification\",\"valueRequired\":true,\"valueName\":\"search_term_string\"}}],\"inLanguage\":\"es\"},{\"@type\":\"Organization\",\"@id\":\"http:\\\/\\\/cuartetoenlaweb.com.ar\\\/sitio\\\/#organization\",\"name\":\"Cuarteto en la Web\",\"url\":\"http:\\\/\\\/cuartetoenlaweb.com.ar\\\/sitio\\\/\",\"logo\":{\"@type\":\"ImageObject\",\"inLanguage\":\"es\",\"@id\":\"http:\\\/\\\/cuartetoenlaweb.com.ar\\\/sitio\\\/#\\\/schema\\\/logo\\\/image\\\/\",\"url\":\"https:\\\/\\\/cuartetoenlaweb.com.ar\\\/sitio\\\/wp-content\\\/uploads\\\/2025\\\/07\\\/cropped-cropped-logitoweb21.png\",\"contentUrl\":\"https:\\\/\\\/cuartetoenlaweb.com.ar\\\/sitio\\\/wp-content\\\/uploads\\\/2025\\\/07\\\/cropped-cropped-logitoweb21.png\",\"width\":199,\"height\":199,\"caption\":\"Cuarteto en la Web\"},\"image\":{\"@id\":\"http:\\\/\\\/cuartetoenlaweb.com.ar\\\/sitio\\\/#\\\/schema\\\/logo\\\/image\\\/\"}}]}<\/script>\n<!-- \/ Yoast SEO plugin. -->","yoast_head_json":{"title":"Femicidio de Mercedes Kvedaras: la querella pidi\u00f3 prisi\u00f3n perpetua para Figueroa y dijo que intent\u00f3 &quot;denigrarla&quot; - Cuarteto en la Web","robots":{"index":"index","follow":"follow","max-snippet":"max-snippet:-1","max-image-preview":"max-image-preview:large","max-video-preview":"max-video-preview:-1"},"canonical":"https:\/\/cuartetoenlaweb.com.ar\/sitio\/femicidio-de-mercedes-kvedaras-la-querella-pidio-prision-perpetua-para-figueroa-y-dijo-que-intento-denigrarla\/","og_locale":"es_ES","og_type":"article","og_title":"Femicidio de Mercedes Kvedaras: la querella pidi\u00f3 prisi\u00f3n perpetua para Figueroa y dijo que intent\u00f3 &quot;denigrarla&quot; - Cuarteto en la Web","og_description":"En la audiencia de debate por el femicidio de Mercedes","og_url":"https:\/\/cuartetoenlaweb.com.ar\/sitio\/femicidio-de-mercedes-kvedaras-la-querella-pidio-prision-perpetua-para-figueroa-y-dijo-que-intento-denigrarla\/","og_site_name":"Cuarteto en la Web","article_published_time":"2026-04-29T18:00:47+00:00","twitter_card":"summary_large_image","twitter_misc":{"Tiempo de lectura":"2 minutos"},"schema":{"@context":"https:\/\/schema.org","@graph":[{"@type":"Article","@id":"https:\/\/cuartetoenlaweb.com.ar\/sitio\/femicidio-de-mercedes-kvedaras-la-querella-pidio-prision-perpetua-para-figueroa-y-dijo-que-intento-denigrarla\/#article","isPartOf":{"@id":"https:\/\/cuartetoenlaweb.com.ar\/sitio\/femicidio-de-mercedes-kvedaras-la-querella-pidio-prision-perpetua-para-figueroa-y-dijo-que-intento-denigrarla\/"},"author":{"name":"","@id":""},"headline":"Femicidio de Mercedes Kvedaras: la querella pidi\u00f3 prisi\u00f3n perpetua para Figueroa y dijo que intent\u00f3 &quot;denigrarla&quot;","datePublished":"2026-04-29T18:00:47+00:00","mainEntityOfPage":{"@id":"https:\/\/cuartetoenlaweb.com.ar\/sitio\/femicidio-de-mercedes-kvedaras-la-querella-pidio-prision-perpetua-para-figueroa-y-dijo-que-intento-denigrarla\/"},"wordCount":429,"publisher":{"@id":"http:\/\/cuartetoenlaweb.com.ar\/sitio\/#organization"},"image":{"@id":"https:\/\/cuartetoenlaweb.com.ar\/sitio\/femicidio-de-mercedes-kvedaras-la-querella-pidio-prision-perpetua-para-figueroa-y-dijo-que-intento-denigrarla\/#primaryimage"},"thumbnailUrl":"https:\/\/cuartetoenlaweb.com.ar\/sitio\/wp-content\/uploads\/2026\/04\/portadax-205.png","articleSection":["PAIS"],"inLanguage":"es"},{"@type":"WebPage","@id":"https:\/\/cuartetoenlaweb.com.ar\/sitio\/femicidio-de-mercedes-kvedaras-la-querella-pidio-prision-perpetua-para-figueroa-y-dijo-que-intento-denigrarla\/","url":"https:\/\/cuartetoenlaweb.com.ar\/sitio\/femicidio-de-mercedes-kvedaras-la-querella-pidio-prision-perpetua-para-figueroa-y-dijo-que-intento-denigrarla\/","name":"Femicidio de Mercedes Kvedaras: la querella pidi\u00f3 prisi\u00f3n perpetua para Figueroa y dijo que intent\u00f3 &quot;denigrarla&quot; - Cuarteto en la Web","isPartOf":{"@id":"http:\/\/cuartetoenlaweb.com.ar\/sitio\/#website"},"primaryImageOfPage":{"@id":"https:\/\/cuartetoenlaweb.com.ar\/sitio\/femicidio-de-mercedes-kvedaras-la-querella-pidio-prision-perpetua-para-figueroa-y-dijo-que-intento-denigrarla\/#primaryimage"},"image":{"@id":"https:\/\/cuartetoenlaweb.com.ar\/sitio\/femicidio-de-mercedes-kvedaras-la-querella-pidio-prision-perpetua-para-figueroa-y-dijo-que-intento-denigrarla\/#primaryimage"},"thumbnailUrl":"https:\/\/cuartetoenlaweb.com.ar\/sitio\/wp-content\/uploads\/2026\/04\/portadax-205.png","datePublished":"2026-04-29T18:00:47+00:00","breadcrumb":{"@id":"https:\/\/cuartetoenlaweb.com.ar\/sitio\/femicidio-de-mercedes-kvedaras-la-querella-pidio-prision-perpetua-para-figueroa-y-dijo-que-intento-denigrarla\/#breadcrumb"},"inLanguage":"es","potentialAction":[{"@type":"ReadAction","target":["https:\/\/cuartetoenlaweb.com.ar\/sitio\/femicidio-de-mercedes-kvedaras-la-querella-pidio-prision-perpetua-para-figueroa-y-dijo-que-intento-denigrarla\/"]}]},{"@type":"ImageObject","inLanguage":"es","@id":"https:\/\/cuartetoenlaweb.com.ar\/sitio\/femicidio-de-mercedes-kvedaras-la-querella-pidio-prision-perpetua-para-figueroa-y-dijo-que-intento-denigrarla\/#primaryimage","url":"https:\/\/cuartetoenlaweb.com.ar\/sitio\/wp-content\/uploads\/2026\/04\/portadax-205.png","contentUrl":"https:\/\/cuartetoenlaweb.com.ar\/sitio\/wp-content\/uploads\/2026\/04\/portadax-205.png","width":1366,"height":768},{"@type":"BreadcrumbList","@id":"https:\/\/cuartetoenlaweb.com.ar\/sitio\/femicidio-de-mercedes-kvedaras-la-querella-pidio-prision-perpetua-para-figueroa-y-dijo-que-intento-denigrarla\/#breadcrumb","itemListElement":[{"@type":"ListItem","position":1,"name":"Portada","item":"http:\/\/cuartetoenlaweb.com.ar\/sitio\/"},{"@type":"ListItem","position":2,"name":"Femicidio de Mercedes Kvedaras: la querella pidi\u00f3 prisi\u00f3n perpetua para Figueroa y dijo que intent\u00f3 &quot;denigrarla&quot;"}]},{"@type":"WebSite","@id":"http:\/\/cuartetoenlaweb.com.ar\/sitio\/#website","url":"http:\/\/cuartetoenlaweb.com.ar\/sitio\/","name":"Cuarteto en la Web","description":"","publisher":{"@id":"http:\/\/cuartetoenlaweb.com.ar\/sitio\/#organization"},"potentialAction":[{"@type":"SearchAction","target":{"@type":"EntryPoint","urlTemplate":"http:\/\/cuartetoenlaweb.com.ar\/sitio\/?s={search_term_string}"},"query-input":{"@type":"PropertyValueSpecification","valueRequired":true,"valueName":"search_term_string"}}],"inLanguage":"es"},{"@type":"Organization","@id":"http:\/\/cuartetoenlaweb.com.ar\/sitio\/#organization","name":"Cuarteto en la Web","url":"http:\/\/cuartetoenlaweb.com.ar\/sitio\/","logo":{"@type":"ImageObject","inLanguage":"es","@id":"http:\/\/cuartetoenlaweb.com.ar\/sitio\/#\/schema\/logo\/image\/","url":"https:\/\/cuartetoenlaweb.com.ar\/sitio\/wp-content\/uploads\/2025\/07\/cropped-cropped-logitoweb21.png","contentUrl":"https:\/\/cuartetoenlaweb.com.ar\/sitio\/wp-content\/uploads\/2025\/07\/cropped-cropped-logitoweb21.png","width":199,"height":199,"caption":"Cuarteto en la Web"},"image":{"@id":"http:\/\/cuartetoenlaweb.com.ar\/sitio\/#\/schema\/logo\/image\/"}}]}},"_links":{"self":[{"href":"https:\/\/cuartetoenlaweb.com.ar\/sitio\/wp-json\/wp\/v2\/posts\/19305","targetHints":{"allow":["GET"]}}],"collection":[{"href":"https:\/\/cuartetoenlaweb.com.ar\/sitio\/wp-json\/wp\/v2\/posts"}],"about":[{"href":"https:\/\/cuartetoenlaweb.com.ar\/sitio\/wp-json\/wp\/v2\/types\/post"}],"replies":[{"embeddable":true,"href":"https:\/\/cuartetoenlaweb.com.ar\/sitio\/wp-json\/wp\/v2\/comments?post=19305"}],"version-history":[{"count":0,"href":"https:\/\/cuartetoenlaweb.com.ar\/sitio\/wp-json\/wp\/v2\/posts\/19305\/revisions"}],"wp:featuredmedia":[{"embeddable":true,"href":"https:\/\/cuartetoenlaweb.com.ar\/sitio\/wp-json\/wp\/v2\/media\/19306"}],"wp:attachment":[{"href":"https:\/\/cuartetoenlaweb.com.ar\/sitio\/wp-json\/wp\/v2\/media?parent=19305"}],"wp:term":[{"taxonomy":"category","embeddable":true,"href":"https:\/\/cuartetoenlaweb.com.ar\/sitio\/wp-json\/wp\/v2\/categories?post=19305"},{"taxonomy":"post_tag","embeddable":true,"href":"https:\/\/cuartetoenlaweb.com.ar\/sitio\/wp-json\/wp\/v2\/tags?post=19305"}],"curies":[{"name":"wp","href":"https:\/\/api.w.org\/{rel}","templated":true}]}}