
{"id":19297,"date":"2026-04-29T15:00:37","date_gmt":"2026-04-29T18:00:37","guid":{"rendered":"https:\/\/cuartetoenlaweb.com.ar\/sitio\/fue-un-desastre-tan-completo-que-hasta-los-sobrevivientes-perecieron\/"},"modified":"2026-04-29T15:00:37","modified_gmt":"2026-04-29T18:00:37","slug":"fue-un-desastre-tan-completo-que-hasta-los-sobrevivientes-perecieron","status":"publish","type":"post","link":"https:\/\/cuartetoenlaweb.com.ar\/sitio\/fue-un-desastre-tan-completo-que-hasta-los-sobrevivientes-perecieron\/","title":{"rendered":"Fue un desastre tan completo que hasta los sobrevivientes perecieron"},"content":{"rendered":"<p>La destrucci\u00f3n del gobierno de Milei es equivalente a ser arrasado por una horda de barbaros.<br \/>\nLo empez\u00f3 Menem que redujo la red f\u00e9rrea original de 43.000 kil\u00f3metros, al momento de la privatizaci\u00f3n reducida a 35.500 kil\u00f3metros, la amputaron a 15.000 kil\u00f3metros y finalmente se explotaron 11.000 kil\u00f3metros. Milei va ahora a terminar con el transporte de pasajeros y privatizar nuevamente el de cargas. Mientras nos entretienen con \u201cLa moral como pol\u00edtica de Estado, de la que Adorni y sus miserias, Milei y sus estafas, los cr\u00e9ditos del Banco Naci\u00f3n a los funcionarios son \u201cejemplos\u201d, se levantaron de la red de larga distancia el 50% de la misma que exist\u00eda en diciembre del 2023. Dejaron de operar los servicios de pasajeros entre Buenos Aires y C\u00f3rdoba, Buenos Aires y Mendoza, Buenos Aires y San Luis, Buenos Aires y Tucum\u00e1n, Buenos Aires y Bah\u00eda Blanca.<\/p>\n<p>Escribi\u00f3 David Cufr\u00e9 en Pagina 12 el 11 de abril del 2026: \u201cLa pol\u00edtica ferroviaria del gobierno nacional se apoya en dos herramientas legales centrales, la ley 27742 conocida como \u201cLey Bases\u201d que habilita la privatizaci\u00f3n de las empresas p\u00fablicas ferroviarias y el DNU 525\/24 de Emergencia Ferroviaria. Desde el 2023 se cerraron 62 estaciones con pueblos que quedaron aislados.<\/p>\n<p>El tren Buenos Aires-Rosario sigue activo pero desfinanciado, con locomotoras rotas y<br \/>\nformaciones abandonadas. Hasta los tur\u00edsticos sufrieron recortes como el ramal que une General Guido con Pinamar, dejando desconectadas a las localidades de Madariaga y Santo Domingo.<\/p>\n<p>Mientras tanto, escribi\u00f3 el periodista Agust\u00edn Gulman, en el diario mencionado, citando a Federico Conditi, Especialista en Pol\u00edtica y Planificaci\u00f3n del Transporte ( UMSAM) y en Operaci\u00f3n y Explotaci\u00f3n de Servicios Ferroviarios ( Universidad Polit\u00e9cnica de Catalu\u00f1a) escribi\u00f3: \u201cChile tiene una empresa p\u00fablica y un plan sostenido a lo largo de los a\u00f1os bajo gobiernos de derecha y centroizquierda: el programa \u201cTrenes para Chile\u201d planea triplicar la cantidad de pasajeros, de 50 a 150 millones al a\u00f1o, as\u00ed como tambi\u00e9n aumentar la capacidad del ferrocarril de cargas. Brasil anunci\u00f3 el proyecto Trem de Alta Velocidade que unir\u00e1 R\u00edo de Janeiro, San Pablo y Campinas &#8211;un trayecto de 500 kil\u00f3metros&#8211; en menos de dos horas a 350 km\/h, que estar\u00e1 listo para 2032. Colombia tambi\u00e9n est\u00e1 creciendo, Paraguay anunci\u00f3 un tren de<br \/>\ncercan\u00edas o metropolitano, Per\u00fa tendr\u00e1 un tren de 220 kil\u00f3metros por hora.<br \/>\nRodolfo Terragno en Clar\u00edn del 7-09-2024 escribi\u00f3: \u201cLos Estados Unidos ofrecen, hasta cierto punto, un modelo de econom\u00eda mixta. Su gigantesca empresa ferroviaria, Amtrak, es propiedad del Estado. El directorio lo nombra el Presidente de los Estados Unidos con acuerdo del Senado.<\/p>\n<p>Amtrak cubre casi todo el pa\u00eds y una parte de Canad\u00e1. El a\u00f1o pasado invirti\u00f3 3.000 millones de d\u00f3lares para comprar nuevos trenes, hacer t\u00faneles y construir puentes.<br \/>\nEn Gran Breta\u00f1a se vuelve atr\u00e1s con la privatizaci\u00f3n de los operadores ferroviarios que fue realizada a mediados de los a\u00f1os 1990 bajo el Primer ministro conservador John Major, pero la red f\u00e9rrea sigue siendo p\u00fablica, administrada por la asociaci\u00f3n Network Rail. Cuatro operadores de catorce en Inglaterra ya hab\u00edan regresado al control p\u00fablico en los \u00faltimos a\u00f1os por sus malos resultados El proyecto propone trasladar los operadores al dominio p\u00fablico al concluir los contratos de las compa\u00f1\u00edas privadas, o antes en caso de mala gesti\u00f3n.<\/p>\n<p>En todo, la Argentina de Milei va a contramano. Mientras los pa\u00edses cierran sus econom\u00edas y protegen a sus industrias, la Argentina hace lo contrario, mientras los pa\u00edses desarrollados y los subdesarrollados con sentido com\u00fan tienen sus ferrocarriles, o vuelven a tenerlos en manos del Estado. De esa forma en nombre de un futuro venturoso, nos adentramos en el atraso m\u00e1s profundo, donde la ignorancia se muestra como sabidur\u00eda, la barbarie como modernidad, la pobreza creciente como sacrificio, la destrucci\u00f3n de las universidades, la ciencia, el Conicet, el INTI, el INTA, la CNEA como progreso.<\/p>\n<p>La barbarie nos est\u00e1 destruyendo. Cruzados de una lucha contra un comunismo inexistente, soldados de una batalla cultural que en realidad es un combate contra la cultura, legionarios medievales que embisten contra la justicia social, los trabajadores, el calentamiento global, las vacunas, la educaci\u00f3n y la salud p\u00fablica, los jubilados, los discapacitados y en general sobre todo avance humano y toda conquista social.<br \/>\nSi esto contin\u00faa as\u00ed, y no hay ninguna probabilidad que cambie porque Milei vino a hacer esta demolici\u00f3n, salvo que se agote la paciencia popular, la humorada de Macedonio Fern\u00e1ndez ser\u00e1 realidad:<br \/>\n\u201cFUE UN DESASTRE TAN COMPLETO QUE HASTA LOS SOBREVIVIENTES PERECIERON\u201d<\/p>\n","protected":false},"excerpt":{"rendered":"<p>La destrucci\u00f3n del gobierno de Milei es equivalente a ser<\/p>\n","protected":false},"author":0,"featured_media":19298,"comment_status":"","ping_status":"","sticky":false,"template":"","format":"standard","meta":{"footnotes":""},"categories":[65],"tags":[],"class_list":["post-19297","post","type-post","status-publish","format-standard","has-post-thumbnail","hentry","category-pais"],"yoast_head":"<!-- This site is optimized with the Yoast SEO plugin v27.5 - https:\/\/yoast.com\/product\/yoast-seo-wordpress\/ -->\n<title>Fue un desastre tan completo que hasta los sobrevivientes perecieron - Cuarteto en la Web<\/title>\n<meta name=\"robots\" content=\"index, follow, max-snippet:-1, max-image-preview:large, max-video-preview:-1\" \/>\n<link rel=\"canonical\" href=\"https:\/\/cuartetoenlaweb.com.ar\/sitio\/fue-un-desastre-tan-completo-que-hasta-los-sobrevivientes-perecieron\/\" \/>\n<meta property=\"og:locale\" content=\"es_ES\" \/>\n<meta property=\"og:type\" content=\"article\" \/>\n<meta property=\"og:title\" content=\"Fue un desastre tan completo que hasta los sobrevivientes perecieron - Cuarteto en la Web\" \/>\n<meta property=\"og:description\" content=\"La destrucci\u00f3n del gobierno de Milei es equivalente a ser\" \/>\n<meta property=\"og:url\" content=\"https:\/\/cuartetoenlaweb.com.ar\/sitio\/fue-un-desastre-tan-completo-que-hasta-los-sobrevivientes-perecieron\/\" \/>\n<meta property=\"og:site_name\" content=\"Cuarteto en la Web\" \/>\n<meta property=\"article:published_time\" content=\"2026-04-29T18:00:37+00:00\" \/>\n<meta name=\"twitter:card\" content=\"summary_large_image\" \/>\n<meta name=\"twitter:label1\" content=\"Tiempo de lectura\" \/>\n\t<meta name=\"twitter:data1\" content=\"4 minutos\" \/>\n<script type=\"application\/ld+json\" class=\"yoast-schema-graph\">{\"@context\":\"https:\\\/\\\/schema.org\",\"@graph\":[{\"@type\":\"Article\",\"@id\":\"https:\\\/\\\/cuartetoenlaweb.com.ar\\\/sitio\\\/fue-un-desastre-tan-completo-que-hasta-los-sobrevivientes-perecieron\\\/#article\",\"isPartOf\":{\"@id\":\"https:\\\/\\\/cuartetoenlaweb.com.ar\\\/sitio\\\/fue-un-desastre-tan-completo-que-hasta-los-sobrevivientes-perecieron\\\/\"},\"author\":{\"name\":\"\",\"@id\":\"\"},\"headline\":\"Fue un desastre tan completo que hasta los sobrevivientes perecieron\",\"datePublished\":\"2026-04-29T18:00:37+00:00\",\"mainEntityOfPage\":{\"@id\":\"https:\\\/\\\/cuartetoenlaweb.com.ar\\\/sitio\\\/fue-un-desastre-tan-completo-que-hasta-los-sobrevivientes-perecieron\\\/\"},\"wordCount\":795,\"publisher\":{\"@id\":\"http:\\\/\\\/cuartetoenlaweb.com.ar\\\/sitio\\\/#organization\"},\"image\":{\"@id\":\"https:\\\/\\\/cuartetoenlaweb.com.ar\\\/sitio\\\/fue-un-desastre-tan-completo-que-hasta-los-sobrevivientes-perecieron\\\/#primaryimage\"},\"thumbnailUrl\":\"https:\\\/\\\/cuartetoenlaweb.com.ar\\\/sitio\\\/wp-content\\\/uploads\\\/2026\\\/04\\\/720-691.jpeg\",\"articleSection\":[\"PAIS\"],\"inLanguage\":\"es\"},{\"@type\":\"WebPage\",\"@id\":\"https:\\\/\\\/cuartetoenlaweb.com.ar\\\/sitio\\\/fue-un-desastre-tan-completo-que-hasta-los-sobrevivientes-perecieron\\\/\",\"url\":\"https:\\\/\\\/cuartetoenlaweb.com.ar\\\/sitio\\\/fue-un-desastre-tan-completo-que-hasta-los-sobrevivientes-perecieron\\\/\",\"name\":\"Fue un desastre tan completo que hasta los sobrevivientes perecieron - Cuarteto en la Web\",\"isPartOf\":{\"@id\":\"http:\\\/\\\/cuartetoenlaweb.com.ar\\\/sitio\\\/#website\"},\"primaryImageOfPage\":{\"@id\":\"https:\\\/\\\/cuartetoenlaweb.com.ar\\\/sitio\\\/fue-un-desastre-tan-completo-que-hasta-los-sobrevivientes-perecieron\\\/#primaryimage\"},\"image\":{\"@id\":\"https:\\\/\\\/cuartetoenlaweb.com.ar\\\/sitio\\\/fue-un-desastre-tan-completo-que-hasta-los-sobrevivientes-perecieron\\\/#primaryimage\"},\"thumbnailUrl\":\"https:\\\/\\\/cuartetoenlaweb.com.ar\\\/sitio\\\/wp-content\\\/uploads\\\/2026\\\/04\\\/720-691.jpeg\",\"datePublished\":\"2026-04-29T18:00:37+00:00\",\"breadcrumb\":{\"@id\":\"https:\\\/\\\/cuartetoenlaweb.com.ar\\\/sitio\\\/fue-un-desastre-tan-completo-que-hasta-los-sobrevivientes-perecieron\\\/#breadcrumb\"},\"inLanguage\":\"es\",\"potentialAction\":[{\"@type\":\"ReadAction\",\"target\":[\"https:\\\/\\\/cuartetoenlaweb.com.ar\\\/sitio\\\/fue-un-desastre-tan-completo-que-hasta-los-sobrevivientes-perecieron\\\/\"]}]},{\"@type\":\"ImageObject\",\"inLanguage\":\"es\",\"@id\":\"https:\\\/\\\/cuartetoenlaweb.com.ar\\\/sitio\\\/fue-un-desastre-tan-completo-que-hasta-los-sobrevivientes-perecieron\\\/#primaryimage\",\"url\":\"https:\\\/\\\/cuartetoenlaweb.com.ar\\\/sitio\\\/wp-content\\\/uploads\\\/2026\\\/04\\\/720-691.jpeg\",\"contentUrl\":\"https:\\\/\\\/cuartetoenlaweb.com.ar\\\/sitio\\\/wp-content\\\/uploads\\\/2026\\\/04\\\/720-691.jpeg\",\"width\":1280,\"height\":714},{\"@type\":\"BreadcrumbList\",\"@id\":\"https:\\\/\\\/cuartetoenlaweb.com.ar\\\/sitio\\\/fue-un-desastre-tan-completo-que-hasta-los-sobrevivientes-perecieron\\\/#breadcrumb\",\"itemListElement\":[{\"@type\":\"ListItem\",\"position\":1,\"name\":\"Portada\",\"item\":\"http:\\\/\\\/cuartetoenlaweb.com.ar\\\/sitio\\\/\"},{\"@type\":\"ListItem\",\"position\":2,\"name\":\"Fue un desastre tan completo que hasta los sobrevivientes perecieron\"}]},{\"@type\":\"WebSite\",\"@id\":\"http:\\\/\\\/cuartetoenlaweb.com.ar\\\/sitio\\\/#website\",\"url\":\"http:\\\/\\\/cuartetoenlaweb.com.ar\\\/sitio\\\/\",\"name\":\"Cuarteto en la Web\",\"description\":\"\",\"publisher\":{\"@id\":\"http:\\\/\\\/cuartetoenlaweb.com.ar\\\/sitio\\\/#organization\"},\"potentialAction\":[{\"@type\":\"SearchAction\",\"target\":{\"@type\":\"EntryPoint\",\"urlTemplate\":\"http:\\\/\\\/cuartetoenlaweb.com.ar\\\/sitio\\\/?s={search_term_string}\"},\"query-input\":{\"@type\":\"PropertyValueSpecification\",\"valueRequired\":true,\"valueName\":\"search_term_string\"}}],\"inLanguage\":\"es\"},{\"@type\":\"Organization\",\"@id\":\"http:\\\/\\\/cuartetoenlaweb.com.ar\\\/sitio\\\/#organization\",\"name\":\"Cuarteto en la Web\",\"url\":\"http:\\\/\\\/cuartetoenlaweb.com.ar\\\/sitio\\\/\",\"logo\":{\"@type\":\"ImageObject\",\"inLanguage\":\"es\",\"@id\":\"http:\\\/\\\/cuartetoenlaweb.com.ar\\\/sitio\\\/#\\\/schema\\\/logo\\\/image\\\/\",\"url\":\"https:\\\/\\\/cuartetoenlaweb.com.ar\\\/sitio\\\/wp-content\\\/uploads\\\/2025\\\/07\\\/cropped-cropped-logitoweb21.png\",\"contentUrl\":\"https:\\\/\\\/cuartetoenlaweb.com.ar\\\/sitio\\\/wp-content\\\/uploads\\\/2025\\\/07\\\/cropped-cropped-logitoweb21.png\",\"width\":199,\"height\":199,\"caption\":\"Cuarteto en la Web\"},\"image\":{\"@id\":\"http:\\\/\\\/cuartetoenlaweb.com.ar\\\/sitio\\\/#\\\/schema\\\/logo\\\/image\\\/\"}}]}<\/script>\n<!-- \/ Yoast SEO plugin. -->","yoast_head_json":{"title":"Fue un desastre tan completo que hasta los sobrevivientes perecieron - Cuarteto en la Web","robots":{"index":"index","follow":"follow","max-snippet":"max-snippet:-1","max-image-preview":"max-image-preview:large","max-video-preview":"max-video-preview:-1"},"canonical":"https:\/\/cuartetoenlaweb.com.ar\/sitio\/fue-un-desastre-tan-completo-que-hasta-los-sobrevivientes-perecieron\/","og_locale":"es_ES","og_type":"article","og_title":"Fue un desastre tan completo que hasta los sobrevivientes perecieron - Cuarteto en la Web","og_description":"La destrucci\u00f3n del gobierno de Milei es equivalente a ser","og_url":"https:\/\/cuartetoenlaweb.com.ar\/sitio\/fue-un-desastre-tan-completo-que-hasta-los-sobrevivientes-perecieron\/","og_site_name":"Cuarteto en la Web","article_published_time":"2026-04-29T18:00:37+00:00","twitter_card":"summary_large_image","twitter_misc":{"Tiempo de lectura":"4 minutos"},"schema":{"@context":"https:\/\/schema.org","@graph":[{"@type":"Article","@id":"https:\/\/cuartetoenlaweb.com.ar\/sitio\/fue-un-desastre-tan-completo-que-hasta-los-sobrevivientes-perecieron\/#article","isPartOf":{"@id":"https:\/\/cuartetoenlaweb.com.ar\/sitio\/fue-un-desastre-tan-completo-que-hasta-los-sobrevivientes-perecieron\/"},"author":{"name":"","@id":""},"headline":"Fue un desastre tan completo que hasta los sobrevivientes perecieron","datePublished":"2026-04-29T18:00:37+00:00","mainEntityOfPage":{"@id":"https:\/\/cuartetoenlaweb.com.ar\/sitio\/fue-un-desastre-tan-completo-que-hasta-los-sobrevivientes-perecieron\/"},"wordCount":795,"publisher":{"@id":"http:\/\/cuartetoenlaweb.com.ar\/sitio\/#organization"},"image":{"@id":"https:\/\/cuartetoenlaweb.com.ar\/sitio\/fue-un-desastre-tan-completo-que-hasta-los-sobrevivientes-perecieron\/#primaryimage"},"thumbnailUrl":"https:\/\/cuartetoenlaweb.com.ar\/sitio\/wp-content\/uploads\/2026\/04\/720-691.jpeg","articleSection":["PAIS"],"inLanguage":"es"},{"@type":"WebPage","@id":"https:\/\/cuartetoenlaweb.com.ar\/sitio\/fue-un-desastre-tan-completo-que-hasta-los-sobrevivientes-perecieron\/","url":"https:\/\/cuartetoenlaweb.com.ar\/sitio\/fue-un-desastre-tan-completo-que-hasta-los-sobrevivientes-perecieron\/","name":"Fue un desastre tan completo que hasta los sobrevivientes perecieron - Cuarteto en la Web","isPartOf":{"@id":"http:\/\/cuartetoenlaweb.com.ar\/sitio\/#website"},"primaryImageOfPage":{"@id":"https:\/\/cuartetoenlaweb.com.ar\/sitio\/fue-un-desastre-tan-completo-que-hasta-los-sobrevivientes-perecieron\/#primaryimage"},"image":{"@id":"https:\/\/cuartetoenlaweb.com.ar\/sitio\/fue-un-desastre-tan-completo-que-hasta-los-sobrevivientes-perecieron\/#primaryimage"},"thumbnailUrl":"https:\/\/cuartetoenlaweb.com.ar\/sitio\/wp-content\/uploads\/2026\/04\/720-691.jpeg","datePublished":"2026-04-29T18:00:37+00:00","breadcrumb":{"@id":"https:\/\/cuartetoenlaweb.com.ar\/sitio\/fue-un-desastre-tan-completo-que-hasta-los-sobrevivientes-perecieron\/#breadcrumb"},"inLanguage":"es","potentialAction":[{"@type":"ReadAction","target":["https:\/\/cuartetoenlaweb.com.ar\/sitio\/fue-un-desastre-tan-completo-que-hasta-los-sobrevivientes-perecieron\/"]}]},{"@type":"ImageObject","inLanguage":"es","@id":"https:\/\/cuartetoenlaweb.com.ar\/sitio\/fue-un-desastre-tan-completo-que-hasta-los-sobrevivientes-perecieron\/#primaryimage","url":"https:\/\/cuartetoenlaweb.com.ar\/sitio\/wp-content\/uploads\/2026\/04\/720-691.jpeg","contentUrl":"https:\/\/cuartetoenlaweb.com.ar\/sitio\/wp-content\/uploads\/2026\/04\/720-691.jpeg","width":1280,"height":714},{"@type":"BreadcrumbList","@id":"https:\/\/cuartetoenlaweb.com.ar\/sitio\/fue-un-desastre-tan-completo-que-hasta-los-sobrevivientes-perecieron\/#breadcrumb","itemListElement":[{"@type":"ListItem","position":1,"name":"Portada","item":"http:\/\/cuartetoenlaweb.com.ar\/sitio\/"},{"@type":"ListItem","position":2,"name":"Fue un desastre tan completo que hasta los sobrevivientes perecieron"}]},{"@type":"WebSite","@id":"http:\/\/cuartetoenlaweb.com.ar\/sitio\/#website","url":"http:\/\/cuartetoenlaweb.com.ar\/sitio\/","name":"Cuarteto en la Web","description":"","publisher":{"@id":"http:\/\/cuartetoenlaweb.com.ar\/sitio\/#organization"},"potentialAction":[{"@type":"SearchAction","target":{"@type":"EntryPoint","urlTemplate":"http:\/\/cuartetoenlaweb.com.ar\/sitio\/?s={search_term_string}"},"query-input":{"@type":"PropertyValueSpecification","valueRequired":true,"valueName":"search_term_string"}}],"inLanguage":"es"},{"@type":"Organization","@id":"http:\/\/cuartetoenlaweb.com.ar\/sitio\/#organization","name":"Cuarteto en la Web","url":"http:\/\/cuartetoenlaweb.com.ar\/sitio\/","logo":{"@type":"ImageObject","inLanguage":"es","@id":"http:\/\/cuartetoenlaweb.com.ar\/sitio\/#\/schema\/logo\/image\/","url":"https:\/\/cuartetoenlaweb.com.ar\/sitio\/wp-content\/uploads\/2025\/07\/cropped-cropped-logitoweb21.png","contentUrl":"https:\/\/cuartetoenlaweb.com.ar\/sitio\/wp-content\/uploads\/2025\/07\/cropped-cropped-logitoweb21.png","width":199,"height":199,"caption":"Cuarteto en la Web"},"image":{"@id":"http:\/\/cuartetoenlaweb.com.ar\/sitio\/#\/schema\/logo\/image\/"}}]}},"_links":{"self":[{"href":"https:\/\/cuartetoenlaweb.com.ar\/sitio\/wp-json\/wp\/v2\/posts\/19297","targetHints":{"allow":["GET"]}}],"collection":[{"href":"https:\/\/cuartetoenlaweb.com.ar\/sitio\/wp-json\/wp\/v2\/posts"}],"about":[{"href":"https:\/\/cuartetoenlaweb.com.ar\/sitio\/wp-json\/wp\/v2\/types\/post"}],"replies":[{"embeddable":true,"href":"https:\/\/cuartetoenlaweb.com.ar\/sitio\/wp-json\/wp\/v2\/comments?post=19297"}],"version-history":[{"count":0,"href":"https:\/\/cuartetoenlaweb.com.ar\/sitio\/wp-json\/wp\/v2\/posts\/19297\/revisions"}],"wp:featuredmedia":[{"embeddable":true,"href":"https:\/\/cuartetoenlaweb.com.ar\/sitio\/wp-json\/wp\/v2\/media\/19298"}],"wp:attachment":[{"href":"https:\/\/cuartetoenlaweb.com.ar\/sitio\/wp-json\/wp\/v2\/media?parent=19297"}],"wp:term":[{"taxonomy":"category","embeddable":true,"href":"https:\/\/cuartetoenlaweb.com.ar\/sitio\/wp-json\/wp\/v2\/categories?post=19297"},{"taxonomy":"post_tag","embeddable":true,"href":"https:\/\/cuartetoenlaweb.com.ar\/sitio\/wp-json\/wp\/v2\/tags?post=19297"}],"curies":[{"name":"wp","href":"https:\/\/api.w.org\/{rel}","templated":true}]}}