
{"id":19293,"date":"2026-04-29T15:00:32","date_gmt":"2026-04-29T18:00:32","guid":{"rendered":"https:\/\/cuartetoenlaweb.com.ar\/sitio\/los-increibles-memes-tras-la-defensa-que-hizo-adorni-de-su-gestion-en-el-congreso-no-cometi-ningun-delito\/"},"modified":"2026-04-29T15:00:32","modified_gmt":"2026-04-29T18:00:32","slug":"los-increibles-memes-tras-la-defensa-que-hizo-adorni-de-su-gestion-en-el-congreso-no-cometi-ningun-delito","status":"publish","type":"post","link":"https:\/\/cuartetoenlaweb.com.ar\/sitio\/los-increibles-memes-tras-la-defensa-que-hizo-adorni-de-su-gestion-en-el-congreso-no-cometi-ningun-delito\/","title":{"rendered":"Los incre\u00edbles memes tras la defensa que hizo Adorni de su gesti\u00f3n en el Congreso: \u201cNo comet\u00ed ning\u00fan delito&quot;"},"content":{"rendered":"<p>En un clima de tensi\u00f3n total en el que Javier Milei les grit\u00f3 \u201ccorruptos\u201d a los periodistas en su ingreso al Congreso, Manuel Adorni, encabeza su primer informe de gesti\u00f3n. <\/p>\n<p>All\u00ed, el jefe de Gabinete no explic\u00f3 mucho sobre las causas en las que la Justicia lo investiga -por sus declaraciones juradas y viajes al exterior en condiciones poco claras-, sino que m\u00e1s bien neg\u00f3 toda acusaci\u00f3n en su contra. <\/p>\n<p>La sesi\u00f3n comenz\u00f3 pasadas las 10.30 de este mi\u00e9rcoles, Adorni estuvo acompa\u00f1ado por Karina Milei, todos los ministros, los principales funcionarios y militantes de La Libertad Avanza. adem\u00e1s del presidente de la Naci\u00f3n. <\/p>\n<p>\u00abNO COMET\u00cd NING\u00daN DELITO\u00bb <\/p>\n<p>El jefe de Gabinete y sus aplaudidores. <\/p>\n<p>\u00abMis viajes personales y mis propiedades son de mi vida privada. Los pagu\u00e9 con mi dinero\u00bb, dijo Manolito. Y tambi\u00e9n que \u201ceste Gobierno y nuestro Presidente solo se deben a los argentinos de bien\u201d. <\/p>\n<p>Y las redes le explican y se burlan con memes:<\/p>\n","protected":false},"excerpt":{"rendered":"<p>En un clima de tensi\u00f3n total en el que Javier<\/p>\n","protected":false},"author":0,"featured_media":19294,"comment_status":"","ping_status":"","sticky":false,"template":"","format":"standard","meta":{"footnotes":""},"categories":[65],"tags":[],"class_list":["post-19293","post","type-post","status-publish","format-standard","has-post-thumbnail","hentry","category-pais"],"yoast_head":"<!-- This site is optimized with the Yoast SEO plugin v27.5 - https:\/\/yoast.com\/product\/yoast-seo-wordpress\/ -->\n<title>Los incre\u00edbles memes tras la defensa que hizo Adorni de su gesti\u00f3n en el Congreso: \u201cNo comet\u00ed ning\u00fan delito&quot; - Cuarteto en la Web<\/title>\n<meta name=\"robots\" content=\"index, follow, max-snippet:-1, max-image-preview:large, max-video-preview:-1\" \/>\n<link rel=\"canonical\" href=\"https:\/\/cuartetoenlaweb.com.ar\/sitio\/los-increibles-memes-tras-la-defensa-que-hizo-adorni-de-su-gestion-en-el-congreso-no-cometi-ningun-delito\/\" \/>\n<meta property=\"og:locale\" content=\"es_ES\" \/>\n<meta property=\"og:type\" content=\"article\" \/>\n<meta property=\"og:title\" content=\"Los incre\u00edbles memes tras la defensa que hizo Adorni de su gesti\u00f3n en el Congreso: \u201cNo comet\u00ed ning\u00fan delito&quot; - Cuarteto en la Web\" \/>\n<meta property=\"og:description\" content=\"En un clima de tensi\u00f3n total en el que Javier\" \/>\n<meta property=\"og:url\" content=\"https:\/\/cuartetoenlaweb.com.ar\/sitio\/los-increibles-memes-tras-la-defensa-que-hizo-adorni-de-su-gestion-en-el-congreso-no-cometi-ningun-delito\/\" \/>\n<meta property=\"og:site_name\" content=\"Cuarteto en la Web\" \/>\n<meta property=\"article:published_time\" content=\"2026-04-29T18:00:32+00:00\" \/>\n<meta name=\"twitter:card\" content=\"summary_large_image\" \/>\n<meta name=\"twitter:label1\" content=\"Tiempo de lectura\" \/>\n\t<meta name=\"twitter:data1\" content=\"1 minuto\" \/>\n<script type=\"application\/ld+json\" class=\"yoast-schema-graph\">{\"@context\":\"https:\\\/\\\/schema.org\",\"@graph\":[{\"@type\":\"Article\",\"@id\":\"https:\\\/\\\/cuartetoenlaweb.com.ar\\\/sitio\\\/los-increibles-memes-tras-la-defensa-que-hizo-adorni-de-su-gestion-en-el-congreso-no-cometi-ningun-delito\\\/#article\",\"isPartOf\":{\"@id\":\"https:\\\/\\\/cuartetoenlaweb.com.ar\\\/sitio\\\/los-increibles-memes-tras-la-defensa-que-hizo-adorni-de-su-gestion-en-el-congreso-no-cometi-ningun-delito\\\/\"},\"author\":{\"name\":\"\",\"@id\":\"\"},\"headline\":\"Los incre\u00edbles memes tras la defensa que hizo Adorni de su gesti\u00f3n en el Congreso: \u201cNo comet\u00ed ning\u00fan delito&quot;\",\"datePublished\":\"2026-04-29T18:00:32+00:00\",\"mainEntityOfPage\":{\"@id\":\"https:\\\/\\\/cuartetoenlaweb.com.ar\\\/sitio\\\/los-increibles-memes-tras-la-defensa-que-hizo-adorni-de-su-gestion-en-el-congreso-no-cometi-ningun-delito\\\/\"},\"wordCount\":191,\"publisher\":{\"@id\":\"http:\\\/\\\/cuartetoenlaweb.com.ar\\\/sitio\\\/#organization\"},\"image\":{\"@id\":\"https:\\\/\\\/cuartetoenlaweb.com.ar\\\/sitio\\\/los-increibles-memes-tras-la-defensa-que-hizo-adorni-de-su-gestion-en-el-congreso-no-cometi-ningun-delito\\\/#primaryimage\"},\"thumbnailUrl\":\"https:\\\/\\\/cuartetoenlaweb.com.ar\\\/sitio\\\/wp-content\\\/uploads\\\/2026\\\/04\\\/720-689.jpeg\",\"articleSection\":[\"PAIS\"],\"inLanguage\":\"es\"},{\"@type\":\"WebPage\",\"@id\":\"https:\\\/\\\/cuartetoenlaweb.com.ar\\\/sitio\\\/los-increibles-memes-tras-la-defensa-que-hizo-adorni-de-su-gestion-en-el-congreso-no-cometi-ningun-delito\\\/\",\"url\":\"https:\\\/\\\/cuartetoenlaweb.com.ar\\\/sitio\\\/los-increibles-memes-tras-la-defensa-que-hizo-adorni-de-su-gestion-en-el-congreso-no-cometi-ningun-delito\\\/\",\"name\":\"Los incre\u00edbles memes tras la defensa que hizo Adorni de su gesti\u00f3n en el Congreso: \u201cNo comet\u00ed ning\u00fan delito&quot; - Cuarteto en la Web\",\"isPartOf\":{\"@id\":\"http:\\\/\\\/cuartetoenlaweb.com.ar\\\/sitio\\\/#website\"},\"primaryImageOfPage\":{\"@id\":\"https:\\\/\\\/cuartetoenlaweb.com.ar\\\/sitio\\\/los-increibles-memes-tras-la-defensa-que-hizo-adorni-de-su-gestion-en-el-congreso-no-cometi-ningun-delito\\\/#primaryimage\"},\"image\":{\"@id\":\"https:\\\/\\\/cuartetoenlaweb.com.ar\\\/sitio\\\/los-increibles-memes-tras-la-defensa-que-hizo-adorni-de-su-gestion-en-el-congreso-no-cometi-ningun-delito\\\/#primaryimage\"},\"thumbnailUrl\":\"https:\\\/\\\/cuartetoenlaweb.com.ar\\\/sitio\\\/wp-content\\\/uploads\\\/2026\\\/04\\\/720-689.jpeg\",\"datePublished\":\"2026-04-29T18:00:32+00:00\",\"breadcrumb\":{\"@id\":\"https:\\\/\\\/cuartetoenlaweb.com.ar\\\/sitio\\\/los-increibles-memes-tras-la-defensa-que-hizo-adorni-de-su-gestion-en-el-congreso-no-cometi-ningun-delito\\\/#breadcrumb\"},\"inLanguage\":\"es\",\"potentialAction\":[{\"@type\":\"ReadAction\",\"target\":[\"https:\\\/\\\/cuartetoenlaweb.com.ar\\\/sitio\\\/los-increibles-memes-tras-la-defensa-que-hizo-adorni-de-su-gestion-en-el-congreso-no-cometi-ningun-delito\\\/\"]}]},{\"@type\":\"ImageObject\",\"inLanguage\":\"es\",\"@id\":\"https:\\\/\\\/cuartetoenlaweb.com.ar\\\/sitio\\\/los-increibles-memes-tras-la-defensa-que-hizo-adorni-de-su-gestion-en-el-congreso-no-cometi-ningun-delito\\\/#primaryimage\",\"url\":\"https:\\\/\\\/cuartetoenlaweb.com.ar\\\/sitio\\\/wp-content\\\/uploads\\\/2026\\\/04\\\/720-689.jpeg\",\"contentUrl\":\"https:\\\/\\\/cuartetoenlaweb.com.ar\\\/sitio\\\/wp-content\\\/uploads\\\/2026\\\/04\\\/720-689.jpeg\",\"width\":1277,\"height\":720},{\"@type\":\"BreadcrumbList\",\"@id\":\"https:\\\/\\\/cuartetoenlaweb.com.ar\\\/sitio\\\/los-increibles-memes-tras-la-defensa-que-hizo-adorni-de-su-gestion-en-el-congreso-no-cometi-ningun-delito\\\/#breadcrumb\",\"itemListElement\":[{\"@type\":\"ListItem\",\"position\":1,\"name\":\"Portada\",\"item\":\"http:\\\/\\\/cuartetoenlaweb.com.ar\\\/sitio\\\/\"},{\"@type\":\"ListItem\",\"position\":2,\"name\":\"Los incre\u00edbles memes tras la defensa que hizo Adorni de su gesti\u00f3n en el Congreso: \u201cNo comet\u00ed ning\u00fan delito&quot;\"}]},{\"@type\":\"WebSite\",\"@id\":\"http:\\\/\\\/cuartetoenlaweb.com.ar\\\/sitio\\\/#website\",\"url\":\"http:\\\/\\\/cuartetoenlaweb.com.ar\\\/sitio\\\/\",\"name\":\"Cuarteto en la Web\",\"description\":\"\",\"publisher\":{\"@id\":\"http:\\\/\\\/cuartetoenlaweb.com.ar\\\/sitio\\\/#organization\"},\"potentialAction\":[{\"@type\":\"SearchAction\",\"target\":{\"@type\":\"EntryPoint\",\"urlTemplate\":\"http:\\\/\\\/cuartetoenlaweb.com.ar\\\/sitio\\\/?s={search_term_string}\"},\"query-input\":{\"@type\":\"PropertyValueSpecification\",\"valueRequired\":true,\"valueName\":\"search_term_string\"}}],\"inLanguage\":\"es\"},{\"@type\":\"Organization\",\"@id\":\"http:\\\/\\\/cuartetoenlaweb.com.ar\\\/sitio\\\/#organization\",\"name\":\"Cuarteto en la Web\",\"url\":\"http:\\\/\\\/cuartetoenlaweb.com.ar\\\/sitio\\\/\",\"logo\":{\"@type\":\"ImageObject\",\"inLanguage\":\"es\",\"@id\":\"http:\\\/\\\/cuartetoenlaweb.com.ar\\\/sitio\\\/#\\\/schema\\\/logo\\\/image\\\/\",\"url\":\"https:\\\/\\\/cuartetoenlaweb.com.ar\\\/sitio\\\/wp-content\\\/uploads\\\/2025\\\/07\\\/cropped-cropped-logitoweb21.png\",\"contentUrl\":\"https:\\\/\\\/cuartetoenlaweb.com.ar\\\/sitio\\\/wp-content\\\/uploads\\\/2025\\\/07\\\/cropped-cropped-logitoweb21.png\",\"width\":199,\"height\":199,\"caption\":\"Cuarteto en la Web\"},\"image\":{\"@id\":\"http:\\\/\\\/cuartetoenlaweb.com.ar\\\/sitio\\\/#\\\/schema\\\/logo\\\/image\\\/\"}}]}<\/script>\n<!-- \/ Yoast SEO plugin. -->","yoast_head_json":{"title":"Los incre\u00edbles memes tras la defensa que hizo Adorni de su gesti\u00f3n en el Congreso: \u201cNo comet\u00ed ning\u00fan delito&quot; - Cuarteto en la Web","robots":{"index":"index","follow":"follow","max-snippet":"max-snippet:-1","max-image-preview":"max-image-preview:large","max-video-preview":"max-video-preview:-1"},"canonical":"https:\/\/cuartetoenlaweb.com.ar\/sitio\/los-increibles-memes-tras-la-defensa-que-hizo-adorni-de-su-gestion-en-el-congreso-no-cometi-ningun-delito\/","og_locale":"es_ES","og_type":"article","og_title":"Los incre\u00edbles memes tras la defensa que hizo Adorni de su gesti\u00f3n en el Congreso: \u201cNo comet\u00ed ning\u00fan delito&quot; - Cuarteto en la Web","og_description":"En un clima de tensi\u00f3n total en el que Javier","og_url":"https:\/\/cuartetoenlaweb.com.ar\/sitio\/los-increibles-memes-tras-la-defensa-que-hizo-adorni-de-su-gestion-en-el-congreso-no-cometi-ningun-delito\/","og_site_name":"Cuarteto en la Web","article_published_time":"2026-04-29T18:00:32+00:00","twitter_card":"summary_large_image","twitter_misc":{"Tiempo de lectura":"1 minuto"},"schema":{"@context":"https:\/\/schema.org","@graph":[{"@type":"Article","@id":"https:\/\/cuartetoenlaweb.com.ar\/sitio\/los-increibles-memes-tras-la-defensa-que-hizo-adorni-de-su-gestion-en-el-congreso-no-cometi-ningun-delito\/#article","isPartOf":{"@id":"https:\/\/cuartetoenlaweb.com.ar\/sitio\/los-increibles-memes-tras-la-defensa-que-hizo-adorni-de-su-gestion-en-el-congreso-no-cometi-ningun-delito\/"},"author":{"name":"","@id":""},"headline":"Los incre\u00edbles memes tras la defensa que hizo Adorni de su gesti\u00f3n en el Congreso: \u201cNo comet\u00ed ning\u00fan delito&quot;","datePublished":"2026-04-29T18:00:32+00:00","mainEntityOfPage":{"@id":"https:\/\/cuartetoenlaweb.com.ar\/sitio\/los-increibles-memes-tras-la-defensa-que-hizo-adorni-de-su-gestion-en-el-congreso-no-cometi-ningun-delito\/"},"wordCount":191,"publisher":{"@id":"http:\/\/cuartetoenlaweb.com.ar\/sitio\/#organization"},"image":{"@id":"https:\/\/cuartetoenlaweb.com.ar\/sitio\/los-increibles-memes-tras-la-defensa-que-hizo-adorni-de-su-gestion-en-el-congreso-no-cometi-ningun-delito\/#primaryimage"},"thumbnailUrl":"https:\/\/cuartetoenlaweb.com.ar\/sitio\/wp-content\/uploads\/2026\/04\/720-689.jpeg","articleSection":["PAIS"],"inLanguage":"es"},{"@type":"WebPage","@id":"https:\/\/cuartetoenlaweb.com.ar\/sitio\/los-increibles-memes-tras-la-defensa-que-hizo-adorni-de-su-gestion-en-el-congreso-no-cometi-ningun-delito\/","url":"https:\/\/cuartetoenlaweb.com.ar\/sitio\/los-increibles-memes-tras-la-defensa-que-hizo-adorni-de-su-gestion-en-el-congreso-no-cometi-ningun-delito\/","name":"Los incre\u00edbles memes tras la defensa que hizo Adorni de su gesti\u00f3n en el Congreso: \u201cNo comet\u00ed ning\u00fan delito&quot; - Cuarteto en la Web","isPartOf":{"@id":"http:\/\/cuartetoenlaweb.com.ar\/sitio\/#website"},"primaryImageOfPage":{"@id":"https:\/\/cuartetoenlaweb.com.ar\/sitio\/los-increibles-memes-tras-la-defensa-que-hizo-adorni-de-su-gestion-en-el-congreso-no-cometi-ningun-delito\/#primaryimage"},"image":{"@id":"https:\/\/cuartetoenlaweb.com.ar\/sitio\/los-increibles-memes-tras-la-defensa-que-hizo-adorni-de-su-gestion-en-el-congreso-no-cometi-ningun-delito\/#primaryimage"},"thumbnailUrl":"https:\/\/cuartetoenlaweb.com.ar\/sitio\/wp-content\/uploads\/2026\/04\/720-689.jpeg","datePublished":"2026-04-29T18:00:32+00:00","breadcrumb":{"@id":"https:\/\/cuartetoenlaweb.com.ar\/sitio\/los-increibles-memes-tras-la-defensa-que-hizo-adorni-de-su-gestion-en-el-congreso-no-cometi-ningun-delito\/#breadcrumb"},"inLanguage":"es","potentialAction":[{"@type":"ReadAction","target":["https:\/\/cuartetoenlaweb.com.ar\/sitio\/los-increibles-memes-tras-la-defensa-que-hizo-adorni-de-su-gestion-en-el-congreso-no-cometi-ningun-delito\/"]}]},{"@type":"ImageObject","inLanguage":"es","@id":"https:\/\/cuartetoenlaweb.com.ar\/sitio\/los-increibles-memes-tras-la-defensa-que-hizo-adorni-de-su-gestion-en-el-congreso-no-cometi-ningun-delito\/#primaryimage","url":"https:\/\/cuartetoenlaweb.com.ar\/sitio\/wp-content\/uploads\/2026\/04\/720-689.jpeg","contentUrl":"https:\/\/cuartetoenlaweb.com.ar\/sitio\/wp-content\/uploads\/2026\/04\/720-689.jpeg","width":1277,"height":720},{"@type":"BreadcrumbList","@id":"https:\/\/cuartetoenlaweb.com.ar\/sitio\/los-increibles-memes-tras-la-defensa-que-hizo-adorni-de-su-gestion-en-el-congreso-no-cometi-ningun-delito\/#breadcrumb","itemListElement":[{"@type":"ListItem","position":1,"name":"Portada","item":"http:\/\/cuartetoenlaweb.com.ar\/sitio\/"},{"@type":"ListItem","position":2,"name":"Los incre\u00edbles memes tras la defensa que hizo Adorni de su gesti\u00f3n en el Congreso: \u201cNo comet\u00ed ning\u00fan delito&quot;"}]},{"@type":"WebSite","@id":"http:\/\/cuartetoenlaweb.com.ar\/sitio\/#website","url":"http:\/\/cuartetoenlaweb.com.ar\/sitio\/","name":"Cuarteto en la Web","description":"","publisher":{"@id":"http:\/\/cuartetoenlaweb.com.ar\/sitio\/#organization"},"potentialAction":[{"@type":"SearchAction","target":{"@type":"EntryPoint","urlTemplate":"http:\/\/cuartetoenlaweb.com.ar\/sitio\/?s={search_term_string}"},"query-input":{"@type":"PropertyValueSpecification","valueRequired":true,"valueName":"search_term_string"}}],"inLanguage":"es"},{"@type":"Organization","@id":"http:\/\/cuartetoenlaweb.com.ar\/sitio\/#organization","name":"Cuarteto en la Web","url":"http:\/\/cuartetoenlaweb.com.ar\/sitio\/","logo":{"@type":"ImageObject","inLanguage":"es","@id":"http:\/\/cuartetoenlaweb.com.ar\/sitio\/#\/schema\/logo\/image\/","url":"https:\/\/cuartetoenlaweb.com.ar\/sitio\/wp-content\/uploads\/2025\/07\/cropped-cropped-logitoweb21.png","contentUrl":"https:\/\/cuartetoenlaweb.com.ar\/sitio\/wp-content\/uploads\/2025\/07\/cropped-cropped-logitoweb21.png","width":199,"height":199,"caption":"Cuarteto en la Web"},"image":{"@id":"http:\/\/cuartetoenlaweb.com.ar\/sitio\/#\/schema\/logo\/image\/"}}]}},"_links":{"self":[{"href":"https:\/\/cuartetoenlaweb.com.ar\/sitio\/wp-json\/wp\/v2\/posts\/19293","targetHints":{"allow":["GET"]}}],"collection":[{"href":"https:\/\/cuartetoenlaweb.com.ar\/sitio\/wp-json\/wp\/v2\/posts"}],"about":[{"href":"https:\/\/cuartetoenlaweb.com.ar\/sitio\/wp-json\/wp\/v2\/types\/post"}],"replies":[{"embeddable":true,"href":"https:\/\/cuartetoenlaweb.com.ar\/sitio\/wp-json\/wp\/v2\/comments?post=19293"}],"version-history":[{"count":0,"href":"https:\/\/cuartetoenlaweb.com.ar\/sitio\/wp-json\/wp\/v2\/posts\/19293\/revisions"}],"wp:featuredmedia":[{"embeddable":true,"href":"https:\/\/cuartetoenlaweb.com.ar\/sitio\/wp-json\/wp\/v2\/media\/19294"}],"wp:attachment":[{"href":"https:\/\/cuartetoenlaweb.com.ar\/sitio\/wp-json\/wp\/v2\/media?parent=19293"}],"wp:term":[{"taxonomy":"category","embeddable":true,"href":"https:\/\/cuartetoenlaweb.com.ar\/sitio\/wp-json\/wp\/v2\/categories?post=19293"},{"taxonomy":"post_tag","embeddable":true,"href":"https:\/\/cuartetoenlaweb.com.ar\/sitio\/wp-json\/wp\/v2\/tags?post=19293"}],"curies":[{"name":"wp","href":"https:\/\/api.w.org\/{rel}","templated":true}]}}