
{"id":19287,"date":"2026-04-29T15:00:18","date_gmt":"2026-04-29T18:00:18","guid":{"rendered":"https:\/\/cuartetoenlaweb.com.ar\/sitio\/la-senal-que-encendio-las-alarmas-el-fuerte-posteo-de-silvina-escudero-que-anticipo-su-dolorosa-separacion\/"},"modified":"2026-04-29T15:00:18","modified_gmt":"2026-04-29T18:00:18","slug":"la-senal-que-encendio-las-alarmas-el-fuerte-posteo-de-silvina-escudero-que-anticipo-su-dolorosa-separacion","status":"publish","type":"post","link":"https:\/\/cuartetoenlaweb.com.ar\/sitio\/la-senal-que-encendio-las-alarmas-el-fuerte-posteo-de-silvina-escudero-que-anticipo-su-dolorosa-separacion\/","title":{"rendered":"La se\u00f1al que encendi\u00f3 las alarmas: el fuerte posteo de Silvina Escudero que anticip\u00f3 su dolorosa separaci\u00f3n"},"content":{"rendered":"<p>A nueve a\u00f1os de comenzar la relaci\u00f3n y a cuatro de haber dado el s\u00ed, <a href=\"https:\/\/www.paparazzi.com.ar\/romances\/silvina-escudero-rompio-el-silencio-y-confirmo-el-escandaloso-motivo-de-su-separacion-tras-9-anos\/\"><strong>Silvina Escudero<\/strong> se separ\u00f3 de su marido<\/a>. Fue <strong><a href=\"https:\/\/www.paparazzi.com.ar\/tag\/angel-de-brito\/\">\u00c1ngel de Brito<\/a><\/strong> quien dio la primicia en <em>LAM<\/em>: al regreso de unas vacaciones en Brasil, la bailarina y su \u2014ahora ex\u2014 esposo, un comerciante de nombre Federico, decidieron bifurcar sus caminos de vida. \u00abContalo, as\u00ed <strong>me saco un peso de encima<\/strong>\u00ab, le dijo la bailarina al periodista (usted recuerde esta \u00faltima frase; pronto recurriremos a ella).<\/p>\n<p>Pero <strong>nadie la vio venir<\/strong>. Y al fin, esta circunstancia confirma la m\u00e1xima de las redes sociales: no todo lo que all\u00ed brilla es oro. A menudo, en Instagram solo se muestra una fingida felicidad. Porque en definitiva, \u00bfqui\u00e9n hubiera cre\u00eddo que despu\u00e9s de unos d\u00edas en las playas so\u00f1adas del pa\u00eds carioca la conclusi\u00f3n de este amor se encontraba tan cerca?<\/p>\n<div class=\"mt-box \">\n<h4 class=\"mt-heading\">Mir\u00e1 Tambi\u00e9n<\/h4>\n<p><a href=\"https:\/\/www.paparazzi.com.ar\/romances\/moria-casan-anuncio-en-su-programa-el-romance-del-cantante-del-momento-y-una-actriz-ella-es-una-bomba\/\"><\/p>\n<div class=\"mt-content\">\n<div class=\"mt-image-container\"><img decoding=\"async\" src=\"https:\/\/www.paparazzi.com.ar\/wp-content\/uploads\/2026\/04\/La-conductora-logro-acceder-a-detalles-ineditos-y-que-muy-pocos-conocian-en-relacion-a-esta-figura-359x226.jpg\" alt=\"Moria Cas\u00e1n anunci\u00f3 en su programa el romance del cantante del momento y una actriz: &quot;Ella es una bomba&quot;\" class=\"mt-image\" loading=\"lazy\" \/><\/div>\n<h5 class=\"mt-title\">Moria Cas\u00e1n anunci\u00f3 en su programa el romance del cantante del momento y una actriz: \u00abElla es una bomba\u00bb<\/h5>\n<\/div>\n<p><\/a><\/div>\n<p>Y sin embargo, la integrante de <em><strong>Pol\u00e9mica en el bar<\/strong><\/em> lo hab\u00eda anunciado. A su modo, sin mayores estridencias, con perfil bajo, sin esc\u00e1ndalo alguno. Solo que no supimos ver&#8230;<\/p>\n<h2 class=\"wp-block-heading\">EL VIDEO DE SILVINA ESCUDERO QUE CON LA RUPTURA TOMA OTRO SENTIDO<\/h2>\n<p>En aquellas vacaciones en Brasil, Silvina coloc\u00f3 su celular en la arena, enfocando el mar, y puls\u00f3 <em>Rec<\/em>. Se film\u00f3 entonces caminando hacia el mar y, con una cuenta regresiva que llegaba hasta cero, simboliz\u00f3 que de esa manera se terminaban los problemas: ah\u00ed, en el agua, en absoluta libertad.<\/p>\n<figure class=\"wp-block-image size-large\"><img decoding=\"async\" width=\"1024\" height=\"683\" src=\"https:\/\/www.paparazzi.com.ar\/wp-content\/uploads\/2025\/01\/silvina-escudero-punta-4.jpg-1024x683.webp\" loading=\"lazy\" alt=\"\" class=\"wp-image-394605\" \/><figcaption class=\"wp-element-caption\">Silvina Escudero y su ex marido. (RS Fotos)<\/figcaption><\/figure>\n<p>Al pie de ese video (ver arriba) que poste\u00f3 en Instagram a mediados de la semana pasada, escribi\u00f3: \u00abLos animales, la naturaleza, la gente que da paz, los que am\u00e1s y te aman\u2026 eso es lo importante. Y ah\u00ed, todo pesa menos\u00bb.<\/p>\n<p>El video cosech\u00f3 una infinidad de comentarios, casi todos coincidiendo en la belleza de Escudero. Pero nadie entendi\u00f3 ley\u00f3 entre l\u00edneas: Silvina se estaba despidiendo de Federico. Ahora, con la separaci\u00f3n ya p\u00fablica, las frases \u00abla gente que da paz\u00bb y \u00ablos que m\u00e1s y te aman\u00bb se resignifican. Pero adem\u00e1s, ese \u00abtodo pesa menos\u00bb. \u00bfC\u00f3mo es que le dijo a De Brito? \u00abMe saco un peso de encima\u00bb. Clarito.<\/p>\n<p>Porque las se\u00f1ales estaban ah\u00ed, a la vista. Solo que no las notamos. \u00bfY Federico lo habr\u00e1 hecho? Lo desconocemos. Los verdaderos motivos de la separaci\u00f3n aun no trascendieron. Especulaciones al margen.<\/p>\n<div class=\"mt-box \">\n<h4 class=\"mt-heading\">Mir\u00e1 Tambi\u00e9n<\/h4>\n<p><a href=\"https:\/\/www.paparazzi.com.ar\/teve\/la-dura-enfermedad-de-una-querida-figura-de-casi-angeles-puede-derivar-en-un-trasplante\/\"><\/p>\n<div class=\"mt-content\">\n<div class=\"mt-image-container\"><img decoding=\"async\" src=\"https:\/\/www.paparazzi.com.ar\/wp-content\/uploads\/2026\/04\/casi-angeles-1-359x226.jpg\" alt=\"La dura enfermedad de una querida figura de Casi \u00c1ngeles: \u201cPuede derivar en un trasplante\u201d\" class=\"mt-image\" loading=\"lazy\" \/><\/div>\n<h5 class=\"mt-title\">La dura enfermedad de una querida figura de Casi \u00c1ngeles: \u201cPuede derivar en un trasplante\u201d<\/h5>\n<\/div>\n<p><\/a><\/div>\n<div class=\"mt-box \">\n<h4 class=\"mt-heading\">Mir\u00e1 Tambi\u00e9n<\/h4>\n<p><a href=\"https:\/\/www.paparazzi.com.ar\/romances\/escandalo-de-madrugada-el-blanqueo-de-pestanela-con-su-nuevo-novio-provoco-una-reaccion-urgente-de-thiago-medina\/\"><\/p>\n<div class=\"mt-content\">\n<div class=\"mt-image-container\"><img decoding=\"async\" src=\"https:\/\/www.paparazzi.com.ar\/wp-content\/uploads\/2026\/04\/Pestanela-Thiago-1-359x226.jpg\" alt=\"Esc\u00e1ndalo de madrugada: El blanqueo de Pesta\u00f1ela con su nuevo novio provoc\u00f3 una reacci\u00f3n urgente de Thiago Medina\" class=\"mt-image\" loading=\"lazy\" \/><\/div>\n<h5 class=\"mt-title\">Esc\u00e1ndalo de madrugada: El blanqueo de Pesta\u00f1ela con su nuevo novio provoc\u00f3 una reacci\u00f3n urgente de Thiago Medina<\/h5>\n<\/div>\n<p><\/a><\/div>\n<p>The post <a href=\"https:\/\/www.paparazzi.com.ar\/teve\/la-senal-que-encendio-las-alarmas-el-fuerte-posteo-de-silvina-escudero-que-anticipo-su-dolorosa-separacion\/\">La se\u00f1al que encendi\u00f3 las alarmas: el fuerte posteo de Silvina Escudero que anticip\u00f3 su dolorosa separaci\u00f3n<\/a> appeared first on <a href=\"https:\/\/www.paparazzi.com.ar\">Revista Paparazzi<\/a>.<\/p>\n","protected":false},"excerpt":{"rendered":"<p>A nueve a\u00f1os de comenzar la relaci\u00f3n y a cuatro<\/p>\n","protected":false},"author":0,"featured_media":19288,"comment_status":"","ping_status":"","sticky":false,"template":"","format":"standard","meta":{"footnotes":""},"categories":[12],"tags":[],"class_list":["post-19287","post","type-post","status-publish","format-standard","has-post-thumbnail","hentry","category-espectaculo"],"yoast_head":"<!-- This site is optimized with the Yoast SEO plugin v27.5 - https:\/\/yoast.com\/product\/yoast-seo-wordpress\/ -->\n<title>La se\u00f1al que encendi\u00f3 las alarmas: el fuerte posteo de Silvina Escudero que anticip\u00f3 su dolorosa separaci\u00f3n - Cuarteto en la Web<\/title>\n<meta name=\"robots\" content=\"index, follow, max-snippet:-1, max-image-preview:large, max-video-preview:-1\" \/>\n<link rel=\"canonical\" href=\"https:\/\/cuartetoenlaweb.com.ar\/sitio\/la-senal-que-encendio-las-alarmas-el-fuerte-posteo-de-silvina-escudero-que-anticipo-su-dolorosa-separacion\/\" \/>\n<meta property=\"og:locale\" content=\"es_ES\" \/>\n<meta property=\"og:type\" content=\"article\" \/>\n<meta property=\"og:title\" content=\"La se\u00f1al que encendi\u00f3 las alarmas: el fuerte posteo de Silvina Escudero que anticip\u00f3 su dolorosa separaci\u00f3n - Cuarteto en la Web\" \/>\n<meta property=\"og:description\" content=\"A nueve a\u00f1os de comenzar la relaci\u00f3n y a cuatro\" \/>\n<meta property=\"og:url\" content=\"https:\/\/cuartetoenlaweb.com.ar\/sitio\/la-senal-que-encendio-las-alarmas-el-fuerte-posteo-de-silvina-escudero-que-anticipo-su-dolorosa-separacion\/\" \/>\n<meta property=\"og:site_name\" content=\"Cuarteto en la Web\" \/>\n<meta property=\"article:published_time\" content=\"2026-04-29T18:00:18+00:00\" \/>\n<meta property=\"og:image\" content=\"https:\/\/www.paparazzi.com.ar\/wp-content\/uploads\/2026\/04\/La-conductora-logro-acceder-a-detalles-ineditos-y-que-muy-pocos-conocian-en-relacion-a-esta-figura-359x226.jpg\" \/>\n<meta name=\"twitter:card\" content=\"summary_large_image\" \/>\n<meta name=\"twitter:label1\" content=\"Tiempo de lectura\" \/>\n\t<meta name=\"twitter:data1\" content=\"2 minutos\" \/>\n<script type=\"application\/ld+json\" class=\"yoast-schema-graph\">{\"@context\":\"https:\\\/\\\/schema.org\",\"@graph\":[{\"@type\":\"Article\",\"@id\":\"https:\\\/\\\/cuartetoenlaweb.com.ar\\\/sitio\\\/la-senal-que-encendio-las-alarmas-el-fuerte-posteo-de-silvina-escudero-que-anticipo-su-dolorosa-separacion\\\/#article\",\"isPartOf\":{\"@id\":\"https:\\\/\\\/cuartetoenlaweb.com.ar\\\/sitio\\\/la-senal-que-encendio-las-alarmas-el-fuerte-posteo-de-silvina-escudero-que-anticipo-su-dolorosa-separacion\\\/\"},\"author\":{\"name\":\"\",\"@id\":\"\"},\"headline\":\"La se\u00f1al que encendi\u00f3 las alarmas: el fuerte posteo de Silvina Escudero que anticip\u00f3 su dolorosa separaci\u00f3n\",\"datePublished\":\"2026-04-29T18:00:18+00:00\",\"mainEntityOfPage\":{\"@id\":\"https:\\\/\\\/cuartetoenlaweb.com.ar\\\/sitio\\\/la-senal-que-encendio-las-alarmas-el-fuerte-posteo-de-silvina-escudero-que-anticipo-su-dolorosa-separacion\\\/\"},\"wordCount\":518,\"publisher\":{\"@id\":\"http:\\\/\\\/cuartetoenlaweb.com.ar\\\/sitio\\\/#organization\"},\"image\":{\"@id\":\"https:\\\/\\\/cuartetoenlaweb.com.ar\\\/sitio\\\/la-senal-que-encendio-las-alarmas-el-fuerte-posteo-de-silvina-escudero-que-anticipo-su-dolorosa-separacion\\\/#primaryimage\"},\"thumbnailUrl\":\"https:\\\/\\\/cuartetoenlaweb.com.ar\\\/sitio\\\/wp-content\\\/uploads\\\/2026\\\/04\\\/La-conductora-logro-acceder-a-detalles-ineditos-y-que-muy-pocos-conocian-en-relacion-a-esta-figura-359x226-1.jpg\",\"articleSection\":[\"ESPECT\u00c1CULO\"],\"inLanguage\":\"es\"},{\"@type\":\"WebPage\",\"@id\":\"https:\\\/\\\/cuartetoenlaweb.com.ar\\\/sitio\\\/la-senal-que-encendio-las-alarmas-el-fuerte-posteo-de-silvina-escudero-que-anticipo-su-dolorosa-separacion\\\/\",\"url\":\"https:\\\/\\\/cuartetoenlaweb.com.ar\\\/sitio\\\/la-senal-que-encendio-las-alarmas-el-fuerte-posteo-de-silvina-escudero-que-anticipo-su-dolorosa-separacion\\\/\",\"name\":\"La se\u00f1al que encendi\u00f3 las alarmas: el fuerte posteo de Silvina Escudero que anticip\u00f3 su dolorosa separaci\u00f3n - Cuarteto en la Web\",\"isPartOf\":{\"@id\":\"http:\\\/\\\/cuartetoenlaweb.com.ar\\\/sitio\\\/#website\"},\"primaryImageOfPage\":{\"@id\":\"https:\\\/\\\/cuartetoenlaweb.com.ar\\\/sitio\\\/la-senal-que-encendio-las-alarmas-el-fuerte-posteo-de-silvina-escudero-que-anticipo-su-dolorosa-separacion\\\/#primaryimage\"},\"image\":{\"@id\":\"https:\\\/\\\/cuartetoenlaweb.com.ar\\\/sitio\\\/la-senal-que-encendio-las-alarmas-el-fuerte-posteo-de-silvina-escudero-que-anticipo-su-dolorosa-separacion\\\/#primaryimage\"},\"thumbnailUrl\":\"https:\\\/\\\/cuartetoenlaweb.com.ar\\\/sitio\\\/wp-content\\\/uploads\\\/2026\\\/04\\\/La-conductora-logro-acceder-a-detalles-ineditos-y-que-muy-pocos-conocian-en-relacion-a-esta-figura-359x226-1.jpg\",\"datePublished\":\"2026-04-29T18:00:18+00:00\",\"breadcrumb\":{\"@id\":\"https:\\\/\\\/cuartetoenlaweb.com.ar\\\/sitio\\\/la-senal-que-encendio-las-alarmas-el-fuerte-posteo-de-silvina-escudero-que-anticipo-su-dolorosa-separacion\\\/#breadcrumb\"},\"inLanguage\":\"es\",\"potentialAction\":[{\"@type\":\"ReadAction\",\"target\":[\"https:\\\/\\\/cuartetoenlaweb.com.ar\\\/sitio\\\/la-senal-que-encendio-las-alarmas-el-fuerte-posteo-de-silvina-escudero-que-anticipo-su-dolorosa-separacion\\\/\"]}]},{\"@type\":\"ImageObject\",\"inLanguage\":\"es\",\"@id\":\"https:\\\/\\\/cuartetoenlaweb.com.ar\\\/sitio\\\/la-senal-que-encendio-las-alarmas-el-fuerte-posteo-de-silvina-escudero-que-anticipo-su-dolorosa-separacion\\\/#primaryimage\",\"url\":\"https:\\\/\\\/cuartetoenlaweb.com.ar\\\/sitio\\\/wp-content\\\/uploads\\\/2026\\\/04\\\/La-conductora-logro-acceder-a-detalles-ineditos-y-que-muy-pocos-conocian-en-relacion-a-esta-figura-359x226-1.jpg\",\"contentUrl\":\"https:\\\/\\\/cuartetoenlaweb.com.ar\\\/sitio\\\/wp-content\\\/uploads\\\/2026\\\/04\\\/La-conductora-logro-acceder-a-detalles-ineditos-y-que-muy-pocos-conocian-en-relacion-a-esta-figura-359x226-1.jpg\",\"width\":359,\"height\":226},{\"@type\":\"BreadcrumbList\",\"@id\":\"https:\\\/\\\/cuartetoenlaweb.com.ar\\\/sitio\\\/la-senal-que-encendio-las-alarmas-el-fuerte-posteo-de-silvina-escudero-que-anticipo-su-dolorosa-separacion\\\/#breadcrumb\",\"itemListElement\":[{\"@type\":\"ListItem\",\"position\":1,\"name\":\"Portada\",\"item\":\"http:\\\/\\\/cuartetoenlaweb.com.ar\\\/sitio\\\/\"},{\"@type\":\"ListItem\",\"position\":2,\"name\":\"La se\u00f1al que encendi\u00f3 las alarmas: el fuerte posteo de Silvina Escudero que anticip\u00f3 su dolorosa separaci\u00f3n\"}]},{\"@type\":\"WebSite\",\"@id\":\"http:\\\/\\\/cuartetoenlaweb.com.ar\\\/sitio\\\/#website\",\"url\":\"http:\\\/\\\/cuartetoenlaweb.com.ar\\\/sitio\\\/\",\"name\":\"Cuarteto en la Web\",\"description\":\"\",\"publisher\":{\"@id\":\"http:\\\/\\\/cuartetoenlaweb.com.ar\\\/sitio\\\/#organization\"},\"potentialAction\":[{\"@type\":\"SearchAction\",\"target\":{\"@type\":\"EntryPoint\",\"urlTemplate\":\"http:\\\/\\\/cuartetoenlaweb.com.ar\\\/sitio\\\/?s={search_term_string}\"},\"query-input\":{\"@type\":\"PropertyValueSpecification\",\"valueRequired\":true,\"valueName\":\"search_term_string\"}}],\"inLanguage\":\"es\"},{\"@type\":\"Organization\",\"@id\":\"http:\\\/\\\/cuartetoenlaweb.com.ar\\\/sitio\\\/#organization\",\"name\":\"Cuarteto en la Web\",\"url\":\"http:\\\/\\\/cuartetoenlaweb.com.ar\\\/sitio\\\/\",\"logo\":{\"@type\":\"ImageObject\",\"inLanguage\":\"es\",\"@id\":\"http:\\\/\\\/cuartetoenlaweb.com.ar\\\/sitio\\\/#\\\/schema\\\/logo\\\/image\\\/\",\"url\":\"https:\\\/\\\/cuartetoenlaweb.com.ar\\\/sitio\\\/wp-content\\\/uploads\\\/2025\\\/07\\\/cropped-cropped-logitoweb21.png\",\"contentUrl\":\"https:\\\/\\\/cuartetoenlaweb.com.ar\\\/sitio\\\/wp-content\\\/uploads\\\/2025\\\/07\\\/cropped-cropped-logitoweb21.png\",\"width\":199,\"height\":199,\"caption\":\"Cuarteto en la Web\"},\"image\":{\"@id\":\"http:\\\/\\\/cuartetoenlaweb.com.ar\\\/sitio\\\/#\\\/schema\\\/logo\\\/image\\\/\"}}]}<\/script>\n<!-- \/ Yoast SEO plugin. -->","yoast_head_json":{"title":"La se\u00f1al que encendi\u00f3 las alarmas: el fuerte posteo de Silvina Escudero que anticip\u00f3 su dolorosa separaci\u00f3n - Cuarteto en la Web","robots":{"index":"index","follow":"follow","max-snippet":"max-snippet:-1","max-image-preview":"max-image-preview:large","max-video-preview":"max-video-preview:-1"},"canonical":"https:\/\/cuartetoenlaweb.com.ar\/sitio\/la-senal-que-encendio-las-alarmas-el-fuerte-posteo-de-silvina-escudero-que-anticipo-su-dolorosa-separacion\/","og_locale":"es_ES","og_type":"article","og_title":"La se\u00f1al que encendi\u00f3 las alarmas: el fuerte posteo de Silvina Escudero que anticip\u00f3 su dolorosa separaci\u00f3n - Cuarteto en la Web","og_description":"A nueve a\u00f1os de comenzar la relaci\u00f3n y a cuatro","og_url":"https:\/\/cuartetoenlaweb.com.ar\/sitio\/la-senal-que-encendio-las-alarmas-el-fuerte-posteo-de-silvina-escudero-que-anticipo-su-dolorosa-separacion\/","og_site_name":"Cuarteto en la Web","article_published_time":"2026-04-29T18:00:18+00:00","og_image":[{"url":"https:\/\/www.paparazzi.com.ar\/wp-content\/uploads\/2026\/04\/La-conductora-logro-acceder-a-detalles-ineditos-y-que-muy-pocos-conocian-en-relacion-a-esta-figura-359x226.jpg","type":"","width":"","height":""}],"twitter_card":"summary_large_image","twitter_misc":{"Tiempo de lectura":"2 minutos"},"schema":{"@context":"https:\/\/schema.org","@graph":[{"@type":"Article","@id":"https:\/\/cuartetoenlaweb.com.ar\/sitio\/la-senal-que-encendio-las-alarmas-el-fuerte-posteo-de-silvina-escudero-que-anticipo-su-dolorosa-separacion\/#article","isPartOf":{"@id":"https:\/\/cuartetoenlaweb.com.ar\/sitio\/la-senal-que-encendio-las-alarmas-el-fuerte-posteo-de-silvina-escudero-que-anticipo-su-dolorosa-separacion\/"},"author":{"name":"","@id":""},"headline":"La se\u00f1al que encendi\u00f3 las alarmas: el fuerte posteo de Silvina Escudero que anticip\u00f3 su dolorosa separaci\u00f3n","datePublished":"2026-04-29T18:00:18+00:00","mainEntityOfPage":{"@id":"https:\/\/cuartetoenlaweb.com.ar\/sitio\/la-senal-que-encendio-las-alarmas-el-fuerte-posteo-de-silvina-escudero-que-anticipo-su-dolorosa-separacion\/"},"wordCount":518,"publisher":{"@id":"http:\/\/cuartetoenlaweb.com.ar\/sitio\/#organization"},"image":{"@id":"https:\/\/cuartetoenlaweb.com.ar\/sitio\/la-senal-que-encendio-las-alarmas-el-fuerte-posteo-de-silvina-escudero-que-anticipo-su-dolorosa-separacion\/#primaryimage"},"thumbnailUrl":"https:\/\/cuartetoenlaweb.com.ar\/sitio\/wp-content\/uploads\/2026\/04\/La-conductora-logro-acceder-a-detalles-ineditos-y-que-muy-pocos-conocian-en-relacion-a-esta-figura-359x226-1.jpg","articleSection":["ESPECT\u00c1CULO"],"inLanguage":"es"},{"@type":"WebPage","@id":"https:\/\/cuartetoenlaweb.com.ar\/sitio\/la-senal-que-encendio-las-alarmas-el-fuerte-posteo-de-silvina-escudero-que-anticipo-su-dolorosa-separacion\/","url":"https:\/\/cuartetoenlaweb.com.ar\/sitio\/la-senal-que-encendio-las-alarmas-el-fuerte-posteo-de-silvina-escudero-que-anticipo-su-dolorosa-separacion\/","name":"La se\u00f1al que encendi\u00f3 las alarmas: el fuerte posteo de Silvina Escudero que anticip\u00f3 su dolorosa separaci\u00f3n - Cuarteto en la Web","isPartOf":{"@id":"http:\/\/cuartetoenlaweb.com.ar\/sitio\/#website"},"primaryImageOfPage":{"@id":"https:\/\/cuartetoenlaweb.com.ar\/sitio\/la-senal-que-encendio-las-alarmas-el-fuerte-posteo-de-silvina-escudero-que-anticipo-su-dolorosa-separacion\/#primaryimage"},"image":{"@id":"https:\/\/cuartetoenlaweb.com.ar\/sitio\/la-senal-que-encendio-las-alarmas-el-fuerte-posteo-de-silvina-escudero-que-anticipo-su-dolorosa-separacion\/#primaryimage"},"thumbnailUrl":"https:\/\/cuartetoenlaweb.com.ar\/sitio\/wp-content\/uploads\/2026\/04\/La-conductora-logro-acceder-a-detalles-ineditos-y-que-muy-pocos-conocian-en-relacion-a-esta-figura-359x226-1.jpg","datePublished":"2026-04-29T18:00:18+00:00","breadcrumb":{"@id":"https:\/\/cuartetoenlaweb.com.ar\/sitio\/la-senal-que-encendio-las-alarmas-el-fuerte-posteo-de-silvina-escudero-que-anticipo-su-dolorosa-separacion\/#breadcrumb"},"inLanguage":"es","potentialAction":[{"@type":"ReadAction","target":["https:\/\/cuartetoenlaweb.com.ar\/sitio\/la-senal-que-encendio-las-alarmas-el-fuerte-posteo-de-silvina-escudero-que-anticipo-su-dolorosa-separacion\/"]}]},{"@type":"ImageObject","inLanguage":"es","@id":"https:\/\/cuartetoenlaweb.com.ar\/sitio\/la-senal-que-encendio-las-alarmas-el-fuerte-posteo-de-silvina-escudero-que-anticipo-su-dolorosa-separacion\/#primaryimage","url":"https:\/\/cuartetoenlaweb.com.ar\/sitio\/wp-content\/uploads\/2026\/04\/La-conductora-logro-acceder-a-detalles-ineditos-y-que-muy-pocos-conocian-en-relacion-a-esta-figura-359x226-1.jpg","contentUrl":"https:\/\/cuartetoenlaweb.com.ar\/sitio\/wp-content\/uploads\/2026\/04\/La-conductora-logro-acceder-a-detalles-ineditos-y-que-muy-pocos-conocian-en-relacion-a-esta-figura-359x226-1.jpg","width":359,"height":226},{"@type":"BreadcrumbList","@id":"https:\/\/cuartetoenlaweb.com.ar\/sitio\/la-senal-que-encendio-las-alarmas-el-fuerte-posteo-de-silvina-escudero-que-anticipo-su-dolorosa-separacion\/#breadcrumb","itemListElement":[{"@type":"ListItem","position":1,"name":"Portada","item":"http:\/\/cuartetoenlaweb.com.ar\/sitio\/"},{"@type":"ListItem","position":2,"name":"La se\u00f1al que encendi\u00f3 las alarmas: el fuerte posteo de Silvina Escudero que anticip\u00f3 su dolorosa separaci\u00f3n"}]},{"@type":"WebSite","@id":"http:\/\/cuartetoenlaweb.com.ar\/sitio\/#website","url":"http:\/\/cuartetoenlaweb.com.ar\/sitio\/","name":"Cuarteto en la Web","description":"","publisher":{"@id":"http:\/\/cuartetoenlaweb.com.ar\/sitio\/#organization"},"potentialAction":[{"@type":"SearchAction","target":{"@type":"EntryPoint","urlTemplate":"http:\/\/cuartetoenlaweb.com.ar\/sitio\/?s={search_term_string}"},"query-input":{"@type":"PropertyValueSpecification","valueRequired":true,"valueName":"search_term_string"}}],"inLanguage":"es"},{"@type":"Organization","@id":"http:\/\/cuartetoenlaweb.com.ar\/sitio\/#organization","name":"Cuarteto en la Web","url":"http:\/\/cuartetoenlaweb.com.ar\/sitio\/","logo":{"@type":"ImageObject","inLanguage":"es","@id":"http:\/\/cuartetoenlaweb.com.ar\/sitio\/#\/schema\/logo\/image\/","url":"https:\/\/cuartetoenlaweb.com.ar\/sitio\/wp-content\/uploads\/2025\/07\/cropped-cropped-logitoweb21.png","contentUrl":"https:\/\/cuartetoenlaweb.com.ar\/sitio\/wp-content\/uploads\/2025\/07\/cropped-cropped-logitoweb21.png","width":199,"height":199,"caption":"Cuarteto en la Web"},"image":{"@id":"http:\/\/cuartetoenlaweb.com.ar\/sitio\/#\/schema\/logo\/image\/"}}]}},"_links":{"self":[{"href":"https:\/\/cuartetoenlaweb.com.ar\/sitio\/wp-json\/wp\/v2\/posts\/19287","targetHints":{"allow":["GET"]}}],"collection":[{"href":"https:\/\/cuartetoenlaweb.com.ar\/sitio\/wp-json\/wp\/v2\/posts"}],"about":[{"href":"https:\/\/cuartetoenlaweb.com.ar\/sitio\/wp-json\/wp\/v2\/types\/post"}],"replies":[{"embeddable":true,"href":"https:\/\/cuartetoenlaweb.com.ar\/sitio\/wp-json\/wp\/v2\/comments?post=19287"}],"version-history":[{"count":0,"href":"https:\/\/cuartetoenlaweb.com.ar\/sitio\/wp-json\/wp\/v2\/posts\/19287\/revisions"}],"wp:featuredmedia":[{"embeddable":true,"href":"https:\/\/cuartetoenlaweb.com.ar\/sitio\/wp-json\/wp\/v2\/media\/19288"}],"wp:attachment":[{"href":"https:\/\/cuartetoenlaweb.com.ar\/sitio\/wp-json\/wp\/v2\/media?parent=19287"}],"wp:term":[{"taxonomy":"category","embeddable":true,"href":"https:\/\/cuartetoenlaweb.com.ar\/sitio\/wp-json\/wp\/v2\/categories?post=19287"},{"taxonomy":"post_tag","embeddable":true,"href":"https:\/\/cuartetoenlaweb.com.ar\/sitio\/wp-json\/wp\/v2\/tags?post=19287"}],"curies":[{"name":"wp","href":"https:\/\/api.w.org\/{rel}","templated":true}]}}