
{"id":19283,"date":"2026-04-29T15:00:12","date_gmt":"2026-04-29T18:00:12","guid":{"rendered":"https:\/\/cuartetoenlaweb.com.ar\/sitio\/alarma-por-la-salud-de-nacha-guevara-a-sus-85-anos-tras-la-cancelacion-de-su-show-la-esta-pasando-mal\/"},"modified":"2026-04-29T15:00:12","modified_gmt":"2026-04-29T18:00:12","slug":"alarma-por-la-salud-de-nacha-guevara-a-sus-85-anos-tras-la-cancelacion-de-su-show-la-esta-pasando-mal","status":"publish","type":"post","link":"https:\/\/cuartetoenlaweb.com.ar\/sitio\/alarma-por-la-salud-de-nacha-guevara-a-sus-85-anos-tras-la-cancelacion-de-su-show-la-esta-pasando-mal\/","title":{"rendered":"Alarma por la salud de Nacha Guevara a sus 85 a\u00f1os tras la cancelaci\u00f3n de su show: \u201cLa est\u00e1 pasando mal\u201d"},"content":{"rendered":"<p><strong>Nacha Guevara <\/strong>est\u00e1 en un mal momento. Con toda la ilusi\u00f3n que ten\u00eda de repetir el \u00e9xito de su espect\u00e1culo <em>Nacha &amp; Favero<\/em> en el Teatro Cervantes, la artista debi\u00f3 quedarse en casa, por estricta recomendaci\u00f3n m\u00e9dica, tras sufrir un par de episodios de salud que encendieron las alarmas y que merecen rigurosa supervisi\u00f3n.<\/p>\n<p>D\u00edas atr\u00e1s, a punto de estrenar, <a href=\"https:\/\/www.paparazzi.com.ar\/tag\/nacha-guevara\/\" id=\"https:\/\/www.paparazzi.com.ar\/tag\/nacha-guevara\/\">Nacha <\/a>sufri\u00f3 un <a href=\"https:\/\/www.paparazzi.com.ar\/teve\/preocupacion-por-la-salud-de-nacha-guevara-suspendieron-su-obra-horas-antes-del-debut-que-fue-lo-que-le-paso\/\" id=\"https:\/\/www.paparazzi.com.ar\/teve\/preocupacion-por-la-salud-de-nacha-guevara-suspendieron-su-obra-horas-antes-del-debut-que-fue-lo-que-le-paso\/\">accidente dom\u00e9stico <\/a>que le dej\u00f3 una lesi\u00f3n en un dedo del pie. Y lo que en un primer momento fue una suspensi\u00f3n, con el correr de los d\u00edas se convirti\u00f3 en una definitiva cancelaci\u00f3n. El show no se har\u00e1 y el motivo es la preocupaci\u00f3n por su salud.\u00a0<\/p>\n<div class=\"mt-box \">\n<h4 class=\"mt-heading\">Mir\u00e1 Tambi\u00e9n<\/h4>\n<p><a href=\"https:\/\/www.paparazzi.com.ar\/romances\/escandalo-de-madrugada-el-blanqueo-de-pestanela-con-su-nuevo-novio-provoco-una-reaccion-urgente-de-thiago-medina\/https:\/\/www.paparazzi.com.ar\/romances\/escandalo-de-madrugada-el-blanqueo-de-pestanela-con-su-nuevo-novio-provoco-una-reaccion-urgente-de-thiago-medina\/\"><\/p>\n<div class=\"mt-content\">\n<div class=\"mt-image-container\"><img decoding=\"async\" src=\"https:\/\/www.paparazzi.com.ar\/wp-content\/uploads\/2026\/04\/Pestanela-Thiago-1-359x226.jpg\" alt=\"Esc\u00e1ndalo de madrugada: El blanqueo de Pesta\u00f1ela con su nuevo novio provoc\u00f3 una reacci\u00f3n urgente de Thiago Medina\" class=\"mt-image\" loading=\"lazy\" \/><\/div>\n<h5 class=\"mt-title\">Esc\u00e1ndalo de madrugada: El blanqueo de Pesta\u00f1ela con su nuevo novio provoc\u00f3 una reacci\u00f3n urgente de Thiago Medina<\/h5>\n<\/div>\n<p><\/a><\/div>\n<p>As\u00ed lo dijo <strong>Camilo Garc\u00eda<\/strong>, en <em>Intrusos<\/em>, donde dio detalles de la situaci\u00f3n que atraviesa Guevara. \u201cQued\u00f3 cancelado definitivamente, m\u00e1s all\u00e1 de la fractura del dedo. Ahora parece que le tuvieron que tomar la presi\u00f3n dos veces en los ensayos y el m\u00e9dico le dijo que no est\u00e1 para soportar este estr\u00e9s\u201d, dijo el panelista.&nbsp;<\/p>\n<p>\u201cLa verdad que lo estaba pasando bastante mal. Est\u00e1 con presi\u00f3n alta y suspenden definitivamente este ciclo de siete mi\u00e9rcoles\u201d, agreg\u00f3. Asimismo, Camilo solt\u00f3 lo que se rumorea en el medio: \u201cAlgunos dicen, las malas lenguas, que est\u00e1 odiada con La revista del Cervantes y que en realidad lo que quiere es quedarse con ese lugar y no quedarse nada m\u00e1s con los mi\u00e9rcoles\u201d.&nbsp;<\/p>\n<h2 class=\"wp-block-heading\">QU\u00c9 DIJO NACHA GUEVARA CUANDO SUSPENDIERON SU SHOW<\/h2>\n<p>La sorpresiva cancelaci\u00f3n de <em>Nacha &amp; Favero <\/em>a mediados de abril gener\u00f3 una fuerte preocupaci\u00f3n por la salud de Nacha Guevara. El anuncio oficial hablaba de una \u201creprogramaci\u00f3n por tiempo indeterminado\u201d, algo que r\u00e1pidamente despert\u00f3 rumores y versiones sobre un posible problema de salud m\u00e1s serio detr\u00e1s de la decisi\u00f3n.<\/p>\n<p>Sin embargo, fue Nacha quien sali\u00f3 a aclarar lo sucedido. \u201cLa semana pasada, acomodando el placard en casa, me llev\u00e9 por delante un mueble y me fractur\u00e9 el dedo del pie derecho\u201d, revel\u00f3. Y agreg\u00f3 sobre la necesidad de frenar por completo: \u201cNecesito tiempo para que el hueso suelde bien. No puedo estar pisando en estas condiciones\u201d.<\/p>\n<p>The post <a href=\"https:\/\/www.paparazzi.com.ar\/teve\/alarma-por-la-salud-de-nacha-guevara-a-sus-85-anos-tras-la-cancelacion-de-su-show-la-esta-pasando-mal\/\">Alarma por la salud de Nacha Guevara a sus 85 a\u00f1os tras la cancelaci\u00f3n de su show: \u201cLa est\u00e1 pasando mal\u201d<\/a> appeared first on <a href=\"https:\/\/www.paparazzi.com.ar\">Revista Paparazzi<\/a>.<\/p>\n","protected":false},"excerpt":{"rendered":"<p>Nacha Guevara est\u00e1 en un mal momento. Con toda la<\/p>\n","protected":false},"author":0,"featured_media":19284,"comment_status":"","ping_status":"","sticky":false,"template":"","format":"standard","meta":{"footnotes":""},"categories":[12],"tags":[],"class_list":["post-19283","post","type-post","status-publish","format-standard","has-post-thumbnail","hentry","category-espectaculo"],"yoast_head":"<!-- This site is optimized with the Yoast SEO plugin v27.5 - https:\/\/yoast.com\/product\/yoast-seo-wordpress\/ -->\n<title>Alarma por la salud de Nacha Guevara a sus 85 a\u00f1os tras la cancelaci\u00f3n de su show: \u201cLa est\u00e1 pasando mal\u201d - Cuarteto en la Web<\/title>\n<meta name=\"robots\" content=\"index, follow, max-snippet:-1, max-image-preview:large, max-video-preview:-1\" \/>\n<link rel=\"canonical\" href=\"https:\/\/cuartetoenlaweb.com.ar\/sitio\/alarma-por-la-salud-de-nacha-guevara-a-sus-85-anos-tras-la-cancelacion-de-su-show-la-esta-pasando-mal\/\" \/>\n<meta property=\"og:locale\" content=\"es_ES\" \/>\n<meta property=\"og:type\" content=\"article\" \/>\n<meta property=\"og:title\" content=\"Alarma por la salud de Nacha Guevara a sus 85 a\u00f1os tras la cancelaci\u00f3n de su show: \u201cLa est\u00e1 pasando mal\u201d - Cuarteto en la Web\" \/>\n<meta property=\"og:description\" content=\"Nacha Guevara est\u00e1 en un mal momento. Con toda la\" \/>\n<meta property=\"og:url\" content=\"https:\/\/cuartetoenlaweb.com.ar\/sitio\/alarma-por-la-salud-de-nacha-guevara-a-sus-85-anos-tras-la-cancelacion-de-su-show-la-esta-pasando-mal\/\" \/>\n<meta property=\"og:site_name\" content=\"Cuarteto en la Web\" \/>\n<meta property=\"article:published_time\" content=\"2026-04-29T18:00:12+00:00\" \/>\n<meta property=\"og:image\" content=\"https:\/\/www.paparazzi.com.ar\/wp-content\/uploads\/2026\/04\/Pestanela-Thiago-1-359x226.jpg\" \/>\n<meta name=\"twitter:card\" content=\"summary_large_image\" \/>\n<meta name=\"twitter:label1\" content=\"Tiempo de lectura\" \/>\n\t<meta name=\"twitter:data1\" content=\"2 minutos\" \/>\n<script type=\"application\/ld+json\" class=\"yoast-schema-graph\">{\"@context\":\"https:\\\/\\\/schema.org\",\"@graph\":[{\"@type\":\"Article\",\"@id\":\"https:\\\/\\\/cuartetoenlaweb.com.ar\\\/sitio\\\/alarma-por-la-salud-de-nacha-guevara-a-sus-85-anos-tras-la-cancelacion-de-su-show-la-esta-pasando-mal\\\/#article\",\"isPartOf\":{\"@id\":\"https:\\\/\\\/cuartetoenlaweb.com.ar\\\/sitio\\\/alarma-por-la-salud-de-nacha-guevara-a-sus-85-anos-tras-la-cancelacion-de-su-show-la-esta-pasando-mal\\\/\"},\"author\":{\"name\":\"\",\"@id\":\"\"},\"headline\":\"Alarma por la salud de Nacha Guevara a sus 85 a\u00f1os tras la cancelaci\u00f3n de su show: \u201cLa est\u00e1 pasando mal\u201d\",\"datePublished\":\"2026-04-29T18:00:12+00:00\",\"mainEntityOfPage\":{\"@id\":\"https:\\\/\\\/cuartetoenlaweb.com.ar\\\/sitio\\\/alarma-por-la-salud-de-nacha-guevara-a-sus-85-anos-tras-la-cancelacion-de-su-show-la-esta-pasando-mal\\\/\"},\"wordCount\":453,\"publisher\":{\"@id\":\"http:\\\/\\\/cuartetoenlaweb.com.ar\\\/sitio\\\/#organization\"},\"image\":{\"@id\":\"https:\\\/\\\/cuartetoenlaweb.com.ar\\\/sitio\\\/alarma-por-la-salud-de-nacha-guevara-a-sus-85-anos-tras-la-cancelacion-de-su-show-la-esta-pasando-mal\\\/#primaryimage\"},\"thumbnailUrl\":\"https:\\\/\\\/cuartetoenlaweb.com.ar\\\/sitio\\\/wp-content\\\/uploads\\\/2026\\\/04\\\/Pestanela-Thiago-1-359x226-1.jpg\",\"articleSection\":[\"ESPECT\u00c1CULO\"],\"inLanguage\":\"es\"},{\"@type\":\"WebPage\",\"@id\":\"https:\\\/\\\/cuartetoenlaweb.com.ar\\\/sitio\\\/alarma-por-la-salud-de-nacha-guevara-a-sus-85-anos-tras-la-cancelacion-de-su-show-la-esta-pasando-mal\\\/\",\"url\":\"https:\\\/\\\/cuartetoenlaweb.com.ar\\\/sitio\\\/alarma-por-la-salud-de-nacha-guevara-a-sus-85-anos-tras-la-cancelacion-de-su-show-la-esta-pasando-mal\\\/\",\"name\":\"Alarma por la salud de Nacha Guevara a sus 85 a\u00f1os tras la cancelaci\u00f3n de su show: \u201cLa est\u00e1 pasando mal\u201d - Cuarteto en la Web\",\"isPartOf\":{\"@id\":\"http:\\\/\\\/cuartetoenlaweb.com.ar\\\/sitio\\\/#website\"},\"primaryImageOfPage\":{\"@id\":\"https:\\\/\\\/cuartetoenlaweb.com.ar\\\/sitio\\\/alarma-por-la-salud-de-nacha-guevara-a-sus-85-anos-tras-la-cancelacion-de-su-show-la-esta-pasando-mal\\\/#primaryimage\"},\"image\":{\"@id\":\"https:\\\/\\\/cuartetoenlaweb.com.ar\\\/sitio\\\/alarma-por-la-salud-de-nacha-guevara-a-sus-85-anos-tras-la-cancelacion-de-su-show-la-esta-pasando-mal\\\/#primaryimage\"},\"thumbnailUrl\":\"https:\\\/\\\/cuartetoenlaweb.com.ar\\\/sitio\\\/wp-content\\\/uploads\\\/2026\\\/04\\\/Pestanela-Thiago-1-359x226-1.jpg\",\"datePublished\":\"2026-04-29T18:00:12+00:00\",\"breadcrumb\":{\"@id\":\"https:\\\/\\\/cuartetoenlaweb.com.ar\\\/sitio\\\/alarma-por-la-salud-de-nacha-guevara-a-sus-85-anos-tras-la-cancelacion-de-su-show-la-esta-pasando-mal\\\/#breadcrumb\"},\"inLanguage\":\"es\",\"potentialAction\":[{\"@type\":\"ReadAction\",\"target\":[\"https:\\\/\\\/cuartetoenlaweb.com.ar\\\/sitio\\\/alarma-por-la-salud-de-nacha-guevara-a-sus-85-anos-tras-la-cancelacion-de-su-show-la-esta-pasando-mal\\\/\"]}]},{\"@type\":\"ImageObject\",\"inLanguage\":\"es\",\"@id\":\"https:\\\/\\\/cuartetoenlaweb.com.ar\\\/sitio\\\/alarma-por-la-salud-de-nacha-guevara-a-sus-85-anos-tras-la-cancelacion-de-su-show-la-esta-pasando-mal\\\/#primaryimage\",\"url\":\"https:\\\/\\\/cuartetoenlaweb.com.ar\\\/sitio\\\/wp-content\\\/uploads\\\/2026\\\/04\\\/Pestanela-Thiago-1-359x226-1.jpg\",\"contentUrl\":\"https:\\\/\\\/cuartetoenlaweb.com.ar\\\/sitio\\\/wp-content\\\/uploads\\\/2026\\\/04\\\/Pestanela-Thiago-1-359x226-1.jpg\",\"width\":359,\"height\":226},{\"@type\":\"BreadcrumbList\",\"@id\":\"https:\\\/\\\/cuartetoenlaweb.com.ar\\\/sitio\\\/alarma-por-la-salud-de-nacha-guevara-a-sus-85-anos-tras-la-cancelacion-de-su-show-la-esta-pasando-mal\\\/#breadcrumb\",\"itemListElement\":[{\"@type\":\"ListItem\",\"position\":1,\"name\":\"Portada\",\"item\":\"http:\\\/\\\/cuartetoenlaweb.com.ar\\\/sitio\\\/\"},{\"@type\":\"ListItem\",\"position\":2,\"name\":\"Alarma por la salud de Nacha Guevara a sus 85 a\u00f1os tras la cancelaci\u00f3n de su show: \u201cLa est\u00e1 pasando mal\u201d\"}]},{\"@type\":\"WebSite\",\"@id\":\"http:\\\/\\\/cuartetoenlaweb.com.ar\\\/sitio\\\/#website\",\"url\":\"http:\\\/\\\/cuartetoenlaweb.com.ar\\\/sitio\\\/\",\"name\":\"Cuarteto en la Web\",\"description\":\"\",\"publisher\":{\"@id\":\"http:\\\/\\\/cuartetoenlaweb.com.ar\\\/sitio\\\/#organization\"},\"potentialAction\":[{\"@type\":\"SearchAction\",\"target\":{\"@type\":\"EntryPoint\",\"urlTemplate\":\"http:\\\/\\\/cuartetoenlaweb.com.ar\\\/sitio\\\/?s={search_term_string}\"},\"query-input\":{\"@type\":\"PropertyValueSpecification\",\"valueRequired\":true,\"valueName\":\"search_term_string\"}}],\"inLanguage\":\"es\"},{\"@type\":\"Organization\",\"@id\":\"http:\\\/\\\/cuartetoenlaweb.com.ar\\\/sitio\\\/#organization\",\"name\":\"Cuarteto en la Web\",\"url\":\"http:\\\/\\\/cuartetoenlaweb.com.ar\\\/sitio\\\/\",\"logo\":{\"@type\":\"ImageObject\",\"inLanguage\":\"es\",\"@id\":\"http:\\\/\\\/cuartetoenlaweb.com.ar\\\/sitio\\\/#\\\/schema\\\/logo\\\/image\\\/\",\"url\":\"https:\\\/\\\/cuartetoenlaweb.com.ar\\\/sitio\\\/wp-content\\\/uploads\\\/2025\\\/07\\\/cropped-cropped-logitoweb21.png\",\"contentUrl\":\"https:\\\/\\\/cuartetoenlaweb.com.ar\\\/sitio\\\/wp-content\\\/uploads\\\/2025\\\/07\\\/cropped-cropped-logitoweb21.png\",\"width\":199,\"height\":199,\"caption\":\"Cuarteto en la Web\"},\"image\":{\"@id\":\"http:\\\/\\\/cuartetoenlaweb.com.ar\\\/sitio\\\/#\\\/schema\\\/logo\\\/image\\\/\"}}]}<\/script>\n<!-- \/ Yoast SEO plugin. -->","yoast_head_json":{"title":"Alarma por la salud de Nacha Guevara a sus 85 a\u00f1os tras la cancelaci\u00f3n de su show: \u201cLa est\u00e1 pasando mal\u201d - Cuarteto en la Web","robots":{"index":"index","follow":"follow","max-snippet":"max-snippet:-1","max-image-preview":"max-image-preview:large","max-video-preview":"max-video-preview:-1"},"canonical":"https:\/\/cuartetoenlaweb.com.ar\/sitio\/alarma-por-la-salud-de-nacha-guevara-a-sus-85-anos-tras-la-cancelacion-de-su-show-la-esta-pasando-mal\/","og_locale":"es_ES","og_type":"article","og_title":"Alarma por la salud de Nacha Guevara a sus 85 a\u00f1os tras la cancelaci\u00f3n de su show: \u201cLa est\u00e1 pasando mal\u201d - Cuarteto en la Web","og_description":"Nacha Guevara est\u00e1 en un mal momento. Con toda la","og_url":"https:\/\/cuartetoenlaweb.com.ar\/sitio\/alarma-por-la-salud-de-nacha-guevara-a-sus-85-anos-tras-la-cancelacion-de-su-show-la-esta-pasando-mal\/","og_site_name":"Cuarteto en la Web","article_published_time":"2026-04-29T18:00:12+00:00","og_image":[{"url":"https:\/\/www.paparazzi.com.ar\/wp-content\/uploads\/2026\/04\/Pestanela-Thiago-1-359x226.jpg","type":"","width":"","height":""}],"twitter_card":"summary_large_image","twitter_misc":{"Tiempo de lectura":"2 minutos"},"schema":{"@context":"https:\/\/schema.org","@graph":[{"@type":"Article","@id":"https:\/\/cuartetoenlaweb.com.ar\/sitio\/alarma-por-la-salud-de-nacha-guevara-a-sus-85-anos-tras-la-cancelacion-de-su-show-la-esta-pasando-mal\/#article","isPartOf":{"@id":"https:\/\/cuartetoenlaweb.com.ar\/sitio\/alarma-por-la-salud-de-nacha-guevara-a-sus-85-anos-tras-la-cancelacion-de-su-show-la-esta-pasando-mal\/"},"author":{"name":"","@id":""},"headline":"Alarma por la salud de Nacha Guevara a sus 85 a\u00f1os tras la cancelaci\u00f3n de su show: \u201cLa est\u00e1 pasando mal\u201d","datePublished":"2026-04-29T18:00:12+00:00","mainEntityOfPage":{"@id":"https:\/\/cuartetoenlaweb.com.ar\/sitio\/alarma-por-la-salud-de-nacha-guevara-a-sus-85-anos-tras-la-cancelacion-de-su-show-la-esta-pasando-mal\/"},"wordCount":453,"publisher":{"@id":"http:\/\/cuartetoenlaweb.com.ar\/sitio\/#organization"},"image":{"@id":"https:\/\/cuartetoenlaweb.com.ar\/sitio\/alarma-por-la-salud-de-nacha-guevara-a-sus-85-anos-tras-la-cancelacion-de-su-show-la-esta-pasando-mal\/#primaryimage"},"thumbnailUrl":"https:\/\/cuartetoenlaweb.com.ar\/sitio\/wp-content\/uploads\/2026\/04\/Pestanela-Thiago-1-359x226-1.jpg","articleSection":["ESPECT\u00c1CULO"],"inLanguage":"es"},{"@type":"WebPage","@id":"https:\/\/cuartetoenlaweb.com.ar\/sitio\/alarma-por-la-salud-de-nacha-guevara-a-sus-85-anos-tras-la-cancelacion-de-su-show-la-esta-pasando-mal\/","url":"https:\/\/cuartetoenlaweb.com.ar\/sitio\/alarma-por-la-salud-de-nacha-guevara-a-sus-85-anos-tras-la-cancelacion-de-su-show-la-esta-pasando-mal\/","name":"Alarma por la salud de Nacha Guevara a sus 85 a\u00f1os tras la cancelaci\u00f3n de su show: \u201cLa est\u00e1 pasando mal\u201d - Cuarteto en la Web","isPartOf":{"@id":"http:\/\/cuartetoenlaweb.com.ar\/sitio\/#website"},"primaryImageOfPage":{"@id":"https:\/\/cuartetoenlaweb.com.ar\/sitio\/alarma-por-la-salud-de-nacha-guevara-a-sus-85-anos-tras-la-cancelacion-de-su-show-la-esta-pasando-mal\/#primaryimage"},"image":{"@id":"https:\/\/cuartetoenlaweb.com.ar\/sitio\/alarma-por-la-salud-de-nacha-guevara-a-sus-85-anos-tras-la-cancelacion-de-su-show-la-esta-pasando-mal\/#primaryimage"},"thumbnailUrl":"https:\/\/cuartetoenlaweb.com.ar\/sitio\/wp-content\/uploads\/2026\/04\/Pestanela-Thiago-1-359x226-1.jpg","datePublished":"2026-04-29T18:00:12+00:00","breadcrumb":{"@id":"https:\/\/cuartetoenlaweb.com.ar\/sitio\/alarma-por-la-salud-de-nacha-guevara-a-sus-85-anos-tras-la-cancelacion-de-su-show-la-esta-pasando-mal\/#breadcrumb"},"inLanguage":"es","potentialAction":[{"@type":"ReadAction","target":["https:\/\/cuartetoenlaweb.com.ar\/sitio\/alarma-por-la-salud-de-nacha-guevara-a-sus-85-anos-tras-la-cancelacion-de-su-show-la-esta-pasando-mal\/"]}]},{"@type":"ImageObject","inLanguage":"es","@id":"https:\/\/cuartetoenlaweb.com.ar\/sitio\/alarma-por-la-salud-de-nacha-guevara-a-sus-85-anos-tras-la-cancelacion-de-su-show-la-esta-pasando-mal\/#primaryimage","url":"https:\/\/cuartetoenlaweb.com.ar\/sitio\/wp-content\/uploads\/2026\/04\/Pestanela-Thiago-1-359x226-1.jpg","contentUrl":"https:\/\/cuartetoenlaweb.com.ar\/sitio\/wp-content\/uploads\/2026\/04\/Pestanela-Thiago-1-359x226-1.jpg","width":359,"height":226},{"@type":"BreadcrumbList","@id":"https:\/\/cuartetoenlaweb.com.ar\/sitio\/alarma-por-la-salud-de-nacha-guevara-a-sus-85-anos-tras-la-cancelacion-de-su-show-la-esta-pasando-mal\/#breadcrumb","itemListElement":[{"@type":"ListItem","position":1,"name":"Portada","item":"http:\/\/cuartetoenlaweb.com.ar\/sitio\/"},{"@type":"ListItem","position":2,"name":"Alarma por la salud de Nacha Guevara a sus 85 a\u00f1os tras la cancelaci\u00f3n de su show: \u201cLa est\u00e1 pasando mal\u201d"}]},{"@type":"WebSite","@id":"http:\/\/cuartetoenlaweb.com.ar\/sitio\/#website","url":"http:\/\/cuartetoenlaweb.com.ar\/sitio\/","name":"Cuarteto en la Web","description":"","publisher":{"@id":"http:\/\/cuartetoenlaweb.com.ar\/sitio\/#organization"},"potentialAction":[{"@type":"SearchAction","target":{"@type":"EntryPoint","urlTemplate":"http:\/\/cuartetoenlaweb.com.ar\/sitio\/?s={search_term_string}"},"query-input":{"@type":"PropertyValueSpecification","valueRequired":true,"valueName":"search_term_string"}}],"inLanguage":"es"},{"@type":"Organization","@id":"http:\/\/cuartetoenlaweb.com.ar\/sitio\/#organization","name":"Cuarteto en la Web","url":"http:\/\/cuartetoenlaweb.com.ar\/sitio\/","logo":{"@type":"ImageObject","inLanguage":"es","@id":"http:\/\/cuartetoenlaweb.com.ar\/sitio\/#\/schema\/logo\/image\/","url":"https:\/\/cuartetoenlaweb.com.ar\/sitio\/wp-content\/uploads\/2025\/07\/cropped-cropped-logitoweb21.png","contentUrl":"https:\/\/cuartetoenlaweb.com.ar\/sitio\/wp-content\/uploads\/2025\/07\/cropped-cropped-logitoweb21.png","width":199,"height":199,"caption":"Cuarteto en la Web"},"image":{"@id":"http:\/\/cuartetoenlaweb.com.ar\/sitio\/#\/schema\/logo\/image\/"}}]}},"_links":{"self":[{"href":"https:\/\/cuartetoenlaweb.com.ar\/sitio\/wp-json\/wp\/v2\/posts\/19283","targetHints":{"allow":["GET"]}}],"collection":[{"href":"https:\/\/cuartetoenlaweb.com.ar\/sitio\/wp-json\/wp\/v2\/posts"}],"about":[{"href":"https:\/\/cuartetoenlaweb.com.ar\/sitio\/wp-json\/wp\/v2\/types\/post"}],"replies":[{"embeddable":true,"href":"https:\/\/cuartetoenlaweb.com.ar\/sitio\/wp-json\/wp\/v2\/comments?post=19283"}],"version-history":[{"count":0,"href":"https:\/\/cuartetoenlaweb.com.ar\/sitio\/wp-json\/wp\/v2\/posts\/19283\/revisions"}],"wp:featuredmedia":[{"embeddable":true,"href":"https:\/\/cuartetoenlaweb.com.ar\/sitio\/wp-json\/wp\/v2\/media\/19284"}],"wp:attachment":[{"href":"https:\/\/cuartetoenlaweb.com.ar\/sitio\/wp-json\/wp\/v2\/media?parent=19283"}],"wp:term":[{"taxonomy":"category","embeddable":true,"href":"https:\/\/cuartetoenlaweb.com.ar\/sitio\/wp-json\/wp\/v2\/categories?post=19283"},{"taxonomy":"post_tag","embeddable":true,"href":"https:\/\/cuartetoenlaweb.com.ar\/sitio\/wp-json\/wp\/v2\/tags?post=19283"}],"curies":[{"name":"wp","href":"https:\/\/api.w.org\/{rel}","templated":true}]}}