
{"id":19272,"date":"2026-04-29T06:59:52","date_gmt":"2026-04-29T09:59:52","guid":{"rendered":"https:\/\/cuartetoenlaweb.com.ar\/sitio\/platense-continua-con-su-sueno-en-la-copa-libertadores-y-recibe-a-independiente-santa-fe-de-colombia\/"},"modified":"2026-04-29T06:59:52","modified_gmt":"2026-04-29T09:59:52","slug":"platense-continua-con-su-sueno-en-la-copa-libertadores-y-recibe-a-independiente-santa-fe-de-colombia","status":"publish","type":"post","link":"https:\/\/cuartetoenlaweb.com.ar\/sitio\/platense-continua-con-su-sueno-en-la-copa-libertadores-y-recibe-a-independiente-santa-fe-de-colombia\/","title":{"rendered":"Platense contin\u00faa con su sue\u00f1o en la Copa Libertadores y recibe a Independiente Santa Fe de Colombia"},"content":{"rendered":"<p>Buenos Aires, 29 abril (NA) \u2013 Platense afrontar\u00e1 un partido clave este mi\u00e9rcoles, cuando reciba a Independiente Santa Fe de Colombia, en un cruce correspondiente a la tercera fecha del Grupo E de la Copa Libertadores.<\/p>\n<p>El encuentro, que est\u00e1 programado para las 19, se disputar\u00e1 en el Estadio Ciudad de Vicente L\u00f3pez, contar\u00e1 con la cobertura en vivo de la Agencia Noticias Argentinas y se podr\u00e1 ver a trav\u00e9s de Fox Sports y Disney+ Premium. El \u00e1rbitro ser\u00e1 el venezolano Alexis Herrera, mientras que en el VAR estar\u00e1 su compatriota Reyes Soto.<\/p>\n<p>Platense, que es dirigido Walter Zunino, llega a este encuentro con la ilusi\u00f3n en alza, luego del hist\u00f3rico triunfo 1-0 como visitante en la segunda fecha ante Pe\u00f1arol de Uruguay, luego de lo que hab\u00eda sido el complicado estreno en la competencia con una derrota en condici\u00f3n de local frente a Corinthians de Brasil.<\/p>\n<p>Esta es la primera participaci\u00f3n del equipo de Vicente L\u00f3pez en la Copa Libertadores, torneo al que accedi\u00f3 gracias a su inolvidable consagraci\u00f3n en el Torneo Apertura 2025.<\/p>\n<p>En lo que respecta al campeonato local, Platense tiene solo 16 puntos y ya no tiene chances de meterse en los playoffs, por lo que apuntar\u00e1 todos los ca\u00f1ones a la Libertadores.<\/p>\n<p>Independiente Santa Fe, por su parte, solo sum\u00f3 un punto en sus primeras dos presentaciones en esta Copa Libertadores, producto del empate con Pe\u00f1arol y la derrota ante Corinthians.<\/p>\n<p>LAS POSIBLES FORMACIONES Y OTROS DETALLES DEL PARTIDO<\/p>\n<p> * Copa Libertadores<br \/>\n * Grupo E &#8211; fecha 3<br \/>\n * Platense (ARG) &#8211; Independiente Santa Fe (COL)<br \/>\n * Estadio: Ciudad de Vicente L\u00f3pez<br \/>\n * \u00c1rbitro: Alexis Herrera (VEN)<br \/>\n * VAR: Reyes Soto (VEN)<br \/>\n * Hora: 19. TV: Fox Sports y Disney+ Premium<\/p>\n<p>Platense: Mat\u00edas Borgogno; Tom\u00e1s Silva, V\u00edctor Cuesta, Mateo Mendia, Juan Saborido; Maximiliano Amarfil, Pablo Ferreira; Franco Zapiola, Kevin Retamar, Guido Mainero; Tom\u00e1s Nasif. DT: Walter Zunino.<\/p>\n<p>Independiente Santa Fe: Andr\u00e9s Mosquera; Jeison Angulo, V\u00edctor Moreno, Emmanuel Olivera, Helibelton Palacios; Kilian Toscano, Franco Fag\u00fandez, Jhohan Torres; Yeicar Perlaza, Hugo Rodallega y Omar Fern\u00e1ndez. DT: Pablo Repetto.<\/p>\n<p>#AgenciaNA<\/p>\n","protected":false},"excerpt":{"rendered":"<p>Buenos Aires, 29 abril (NA) \u2013 Platense afrontar\u00e1 un partido<\/p>\n","protected":false},"author":0,"featured_media":19273,"comment_status":"","ping_status":"","sticky":false,"template":"","format":"standard","meta":{"footnotes":""},"categories":[65],"tags":[],"class_list":["post-19272","post","type-post","status-publish","format-standard","has-post-thumbnail","hentry","category-pais"],"yoast_head":"<!-- This site is optimized with the Yoast SEO plugin v27.5 - https:\/\/yoast.com\/product\/yoast-seo-wordpress\/ -->\n<title>Platense contin\u00faa con su sue\u00f1o en la Copa Libertadores y recibe a Independiente Santa Fe de Colombia - Cuarteto en la Web<\/title>\n<meta name=\"robots\" content=\"index, follow, max-snippet:-1, max-image-preview:large, max-video-preview:-1\" \/>\n<link rel=\"canonical\" href=\"https:\/\/cuartetoenlaweb.com.ar\/sitio\/platense-continua-con-su-sueno-en-la-copa-libertadores-y-recibe-a-independiente-santa-fe-de-colombia\/\" \/>\n<meta property=\"og:locale\" content=\"es_ES\" \/>\n<meta property=\"og:type\" content=\"article\" \/>\n<meta property=\"og:title\" content=\"Platense contin\u00faa con su sue\u00f1o en la Copa Libertadores y recibe a Independiente Santa Fe de Colombia - Cuarteto en la Web\" \/>\n<meta property=\"og:description\" content=\"Buenos Aires, 29 abril (NA) \u2013 Platense afrontar\u00e1 un partido\" \/>\n<meta property=\"og:url\" content=\"https:\/\/cuartetoenlaweb.com.ar\/sitio\/platense-continua-con-su-sueno-en-la-copa-libertadores-y-recibe-a-independiente-santa-fe-de-colombia\/\" \/>\n<meta property=\"og:site_name\" content=\"Cuarteto en la Web\" \/>\n<meta property=\"article:published_time\" content=\"2026-04-29T09:59:52+00:00\" \/>\n<meta name=\"twitter:card\" content=\"summary_large_image\" \/>\n<meta name=\"twitter:label1\" content=\"Tiempo de lectura\" \/>\n\t<meta name=\"twitter:data1\" content=\"2 minutos\" \/>\n<script type=\"application\/ld+json\" class=\"yoast-schema-graph\">{\"@context\":\"https:\\\/\\\/schema.org\",\"@graph\":[{\"@type\":\"Article\",\"@id\":\"https:\\\/\\\/cuartetoenlaweb.com.ar\\\/sitio\\\/platense-continua-con-su-sueno-en-la-copa-libertadores-y-recibe-a-independiente-santa-fe-de-colombia\\\/#article\",\"isPartOf\":{\"@id\":\"https:\\\/\\\/cuartetoenlaweb.com.ar\\\/sitio\\\/platense-continua-con-su-sueno-en-la-copa-libertadores-y-recibe-a-independiente-santa-fe-de-colombia\\\/\"},\"author\":{\"name\":\"\",\"@id\":\"\"},\"headline\":\"Platense contin\u00faa con su sue\u00f1o en la Copa Libertadores y recibe a Independiente Santa Fe de Colombia\",\"datePublished\":\"2026-04-29T09:59:52+00:00\",\"mainEntityOfPage\":{\"@id\":\"https:\\\/\\\/cuartetoenlaweb.com.ar\\\/sitio\\\/platense-continua-con-su-sueno-en-la-copa-libertadores-y-recibe-a-independiente-santa-fe-de-colombia\\\/\"},\"wordCount\":369,\"publisher\":{\"@id\":\"http:\\\/\\\/cuartetoenlaweb.com.ar\\\/sitio\\\/#organization\"},\"image\":{\"@id\":\"https:\\\/\\\/cuartetoenlaweb.com.ar\\\/sitio\\\/platense-continua-con-su-sueno-en-la-copa-libertadores-y-recibe-a-independiente-santa-fe-de-colombia\\\/#primaryimage\"},\"thumbnailUrl\":\"https:\\\/\\\/cuartetoenlaweb.com.ar\\\/sitio\\\/wp-content\\\/uploads\\\/2026\\\/04\\\/720-685.jpeg\",\"articleSection\":[\"PAIS\"],\"inLanguage\":\"es\"},{\"@type\":\"WebPage\",\"@id\":\"https:\\\/\\\/cuartetoenlaweb.com.ar\\\/sitio\\\/platense-continua-con-su-sueno-en-la-copa-libertadores-y-recibe-a-independiente-santa-fe-de-colombia\\\/\",\"url\":\"https:\\\/\\\/cuartetoenlaweb.com.ar\\\/sitio\\\/platense-continua-con-su-sueno-en-la-copa-libertadores-y-recibe-a-independiente-santa-fe-de-colombia\\\/\",\"name\":\"Platense contin\u00faa con su sue\u00f1o en la Copa Libertadores y recibe a Independiente Santa Fe de Colombia - Cuarteto en la Web\",\"isPartOf\":{\"@id\":\"http:\\\/\\\/cuartetoenlaweb.com.ar\\\/sitio\\\/#website\"},\"primaryImageOfPage\":{\"@id\":\"https:\\\/\\\/cuartetoenlaweb.com.ar\\\/sitio\\\/platense-continua-con-su-sueno-en-la-copa-libertadores-y-recibe-a-independiente-santa-fe-de-colombia\\\/#primaryimage\"},\"image\":{\"@id\":\"https:\\\/\\\/cuartetoenlaweb.com.ar\\\/sitio\\\/platense-continua-con-su-sueno-en-la-copa-libertadores-y-recibe-a-independiente-santa-fe-de-colombia\\\/#primaryimage\"},\"thumbnailUrl\":\"https:\\\/\\\/cuartetoenlaweb.com.ar\\\/sitio\\\/wp-content\\\/uploads\\\/2026\\\/04\\\/720-685.jpeg\",\"datePublished\":\"2026-04-29T09:59:52+00:00\",\"breadcrumb\":{\"@id\":\"https:\\\/\\\/cuartetoenlaweb.com.ar\\\/sitio\\\/platense-continua-con-su-sueno-en-la-copa-libertadores-y-recibe-a-independiente-santa-fe-de-colombia\\\/#breadcrumb\"},\"inLanguage\":\"es\",\"potentialAction\":[{\"@type\":\"ReadAction\",\"target\":[\"https:\\\/\\\/cuartetoenlaweb.com.ar\\\/sitio\\\/platense-continua-con-su-sueno-en-la-copa-libertadores-y-recibe-a-independiente-santa-fe-de-colombia\\\/\"]}]},{\"@type\":\"ImageObject\",\"inLanguage\":\"es\",\"@id\":\"https:\\\/\\\/cuartetoenlaweb.com.ar\\\/sitio\\\/platense-continua-con-su-sueno-en-la-copa-libertadores-y-recibe-a-independiente-santa-fe-de-colombia\\\/#primaryimage\",\"url\":\"https:\\\/\\\/cuartetoenlaweb.com.ar\\\/sitio\\\/wp-content\\\/uploads\\\/2026\\\/04\\\/720-685.jpeg\",\"contentUrl\":\"https:\\\/\\\/cuartetoenlaweb.com.ar\\\/sitio\\\/wp-content\\\/uploads\\\/2026\\\/04\\\/720-685.jpeg\",\"width\":1079,\"height\":720},{\"@type\":\"BreadcrumbList\",\"@id\":\"https:\\\/\\\/cuartetoenlaweb.com.ar\\\/sitio\\\/platense-continua-con-su-sueno-en-la-copa-libertadores-y-recibe-a-independiente-santa-fe-de-colombia\\\/#breadcrumb\",\"itemListElement\":[{\"@type\":\"ListItem\",\"position\":1,\"name\":\"Portada\",\"item\":\"http:\\\/\\\/cuartetoenlaweb.com.ar\\\/sitio\\\/\"},{\"@type\":\"ListItem\",\"position\":2,\"name\":\"Platense contin\u00faa con su sue\u00f1o en la Copa Libertadores y recibe a Independiente Santa Fe de Colombia\"}]},{\"@type\":\"WebSite\",\"@id\":\"http:\\\/\\\/cuartetoenlaweb.com.ar\\\/sitio\\\/#website\",\"url\":\"http:\\\/\\\/cuartetoenlaweb.com.ar\\\/sitio\\\/\",\"name\":\"Cuarteto en la Web\",\"description\":\"\",\"publisher\":{\"@id\":\"http:\\\/\\\/cuartetoenlaweb.com.ar\\\/sitio\\\/#organization\"},\"potentialAction\":[{\"@type\":\"SearchAction\",\"target\":{\"@type\":\"EntryPoint\",\"urlTemplate\":\"http:\\\/\\\/cuartetoenlaweb.com.ar\\\/sitio\\\/?s={search_term_string}\"},\"query-input\":{\"@type\":\"PropertyValueSpecification\",\"valueRequired\":true,\"valueName\":\"search_term_string\"}}],\"inLanguage\":\"es\"},{\"@type\":\"Organization\",\"@id\":\"http:\\\/\\\/cuartetoenlaweb.com.ar\\\/sitio\\\/#organization\",\"name\":\"Cuarteto en la Web\",\"url\":\"http:\\\/\\\/cuartetoenlaweb.com.ar\\\/sitio\\\/\",\"logo\":{\"@type\":\"ImageObject\",\"inLanguage\":\"es\",\"@id\":\"http:\\\/\\\/cuartetoenlaweb.com.ar\\\/sitio\\\/#\\\/schema\\\/logo\\\/image\\\/\",\"url\":\"https:\\\/\\\/cuartetoenlaweb.com.ar\\\/sitio\\\/wp-content\\\/uploads\\\/2025\\\/07\\\/cropped-cropped-logitoweb21.png\",\"contentUrl\":\"https:\\\/\\\/cuartetoenlaweb.com.ar\\\/sitio\\\/wp-content\\\/uploads\\\/2025\\\/07\\\/cropped-cropped-logitoweb21.png\",\"width\":199,\"height\":199,\"caption\":\"Cuarteto en la Web\"},\"image\":{\"@id\":\"http:\\\/\\\/cuartetoenlaweb.com.ar\\\/sitio\\\/#\\\/schema\\\/logo\\\/image\\\/\"}}]}<\/script>\n<!-- \/ Yoast SEO plugin. -->","yoast_head_json":{"title":"Platense contin\u00faa con su sue\u00f1o en la Copa Libertadores y recibe a Independiente Santa Fe de Colombia - Cuarteto en la Web","robots":{"index":"index","follow":"follow","max-snippet":"max-snippet:-1","max-image-preview":"max-image-preview:large","max-video-preview":"max-video-preview:-1"},"canonical":"https:\/\/cuartetoenlaweb.com.ar\/sitio\/platense-continua-con-su-sueno-en-la-copa-libertadores-y-recibe-a-independiente-santa-fe-de-colombia\/","og_locale":"es_ES","og_type":"article","og_title":"Platense contin\u00faa con su sue\u00f1o en la Copa Libertadores y recibe a Independiente Santa Fe de Colombia - Cuarteto en la Web","og_description":"Buenos Aires, 29 abril (NA) \u2013 Platense afrontar\u00e1 un partido","og_url":"https:\/\/cuartetoenlaweb.com.ar\/sitio\/platense-continua-con-su-sueno-en-la-copa-libertadores-y-recibe-a-independiente-santa-fe-de-colombia\/","og_site_name":"Cuarteto en la Web","article_published_time":"2026-04-29T09:59:52+00:00","twitter_card":"summary_large_image","twitter_misc":{"Tiempo de lectura":"2 minutos"},"schema":{"@context":"https:\/\/schema.org","@graph":[{"@type":"Article","@id":"https:\/\/cuartetoenlaweb.com.ar\/sitio\/platense-continua-con-su-sueno-en-la-copa-libertadores-y-recibe-a-independiente-santa-fe-de-colombia\/#article","isPartOf":{"@id":"https:\/\/cuartetoenlaweb.com.ar\/sitio\/platense-continua-con-su-sueno-en-la-copa-libertadores-y-recibe-a-independiente-santa-fe-de-colombia\/"},"author":{"name":"","@id":""},"headline":"Platense contin\u00faa con su sue\u00f1o en la Copa Libertadores y recibe a Independiente Santa Fe de Colombia","datePublished":"2026-04-29T09:59:52+00:00","mainEntityOfPage":{"@id":"https:\/\/cuartetoenlaweb.com.ar\/sitio\/platense-continua-con-su-sueno-en-la-copa-libertadores-y-recibe-a-independiente-santa-fe-de-colombia\/"},"wordCount":369,"publisher":{"@id":"http:\/\/cuartetoenlaweb.com.ar\/sitio\/#organization"},"image":{"@id":"https:\/\/cuartetoenlaweb.com.ar\/sitio\/platense-continua-con-su-sueno-en-la-copa-libertadores-y-recibe-a-independiente-santa-fe-de-colombia\/#primaryimage"},"thumbnailUrl":"https:\/\/cuartetoenlaweb.com.ar\/sitio\/wp-content\/uploads\/2026\/04\/720-685.jpeg","articleSection":["PAIS"],"inLanguage":"es"},{"@type":"WebPage","@id":"https:\/\/cuartetoenlaweb.com.ar\/sitio\/platense-continua-con-su-sueno-en-la-copa-libertadores-y-recibe-a-independiente-santa-fe-de-colombia\/","url":"https:\/\/cuartetoenlaweb.com.ar\/sitio\/platense-continua-con-su-sueno-en-la-copa-libertadores-y-recibe-a-independiente-santa-fe-de-colombia\/","name":"Platense contin\u00faa con su sue\u00f1o en la Copa Libertadores y recibe a Independiente Santa Fe de Colombia - Cuarteto en la Web","isPartOf":{"@id":"http:\/\/cuartetoenlaweb.com.ar\/sitio\/#website"},"primaryImageOfPage":{"@id":"https:\/\/cuartetoenlaweb.com.ar\/sitio\/platense-continua-con-su-sueno-en-la-copa-libertadores-y-recibe-a-independiente-santa-fe-de-colombia\/#primaryimage"},"image":{"@id":"https:\/\/cuartetoenlaweb.com.ar\/sitio\/platense-continua-con-su-sueno-en-la-copa-libertadores-y-recibe-a-independiente-santa-fe-de-colombia\/#primaryimage"},"thumbnailUrl":"https:\/\/cuartetoenlaweb.com.ar\/sitio\/wp-content\/uploads\/2026\/04\/720-685.jpeg","datePublished":"2026-04-29T09:59:52+00:00","breadcrumb":{"@id":"https:\/\/cuartetoenlaweb.com.ar\/sitio\/platense-continua-con-su-sueno-en-la-copa-libertadores-y-recibe-a-independiente-santa-fe-de-colombia\/#breadcrumb"},"inLanguage":"es","potentialAction":[{"@type":"ReadAction","target":["https:\/\/cuartetoenlaweb.com.ar\/sitio\/platense-continua-con-su-sueno-en-la-copa-libertadores-y-recibe-a-independiente-santa-fe-de-colombia\/"]}]},{"@type":"ImageObject","inLanguage":"es","@id":"https:\/\/cuartetoenlaweb.com.ar\/sitio\/platense-continua-con-su-sueno-en-la-copa-libertadores-y-recibe-a-independiente-santa-fe-de-colombia\/#primaryimage","url":"https:\/\/cuartetoenlaweb.com.ar\/sitio\/wp-content\/uploads\/2026\/04\/720-685.jpeg","contentUrl":"https:\/\/cuartetoenlaweb.com.ar\/sitio\/wp-content\/uploads\/2026\/04\/720-685.jpeg","width":1079,"height":720},{"@type":"BreadcrumbList","@id":"https:\/\/cuartetoenlaweb.com.ar\/sitio\/platense-continua-con-su-sueno-en-la-copa-libertadores-y-recibe-a-independiente-santa-fe-de-colombia\/#breadcrumb","itemListElement":[{"@type":"ListItem","position":1,"name":"Portada","item":"http:\/\/cuartetoenlaweb.com.ar\/sitio\/"},{"@type":"ListItem","position":2,"name":"Platense contin\u00faa con su sue\u00f1o en la Copa Libertadores y recibe a Independiente Santa Fe de Colombia"}]},{"@type":"WebSite","@id":"http:\/\/cuartetoenlaweb.com.ar\/sitio\/#website","url":"http:\/\/cuartetoenlaweb.com.ar\/sitio\/","name":"Cuarteto en la Web","description":"","publisher":{"@id":"http:\/\/cuartetoenlaweb.com.ar\/sitio\/#organization"},"potentialAction":[{"@type":"SearchAction","target":{"@type":"EntryPoint","urlTemplate":"http:\/\/cuartetoenlaweb.com.ar\/sitio\/?s={search_term_string}"},"query-input":{"@type":"PropertyValueSpecification","valueRequired":true,"valueName":"search_term_string"}}],"inLanguage":"es"},{"@type":"Organization","@id":"http:\/\/cuartetoenlaweb.com.ar\/sitio\/#organization","name":"Cuarteto en la Web","url":"http:\/\/cuartetoenlaweb.com.ar\/sitio\/","logo":{"@type":"ImageObject","inLanguage":"es","@id":"http:\/\/cuartetoenlaweb.com.ar\/sitio\/#\/schema\/logo\/image\/","url":"https:\/\/cuartetoenlaweb.com.ar\/sitio\/wp-content\/uploads\/2025\/07\/cropped-cropped-logitoweb21.png","contentUrl":"https:\/\/cuartetoenlaweb.com.ar\/sitio\/wp-content\/uploads\/2025\/07\/cropped-cropped-logitoweb21.png","width":199,"height":199,"caption":"Cuarteto en la Web"},"image":{"@id":"http:\/\/cuartetoenlaweb.com.ar\/sitio\/#\/schema\/logo\/image\/"}}]}},"_links":{"self":[{"href":"https:\/\/cuartetoenlaweb.com.ar\/sitio\/wp-json\/wp\/v2\/posts\/19272","targetHints":{"allow":["GET"]}}],"collection":[{"href":"https:\/\/cuartetoenlaweb.com.ar\/sitio\/wp-json\/wp\/v2\/posts"}],"about":[{"href":"https:\/\/cuartetoenlaweb.com.ar\/sitio\/wp-json\/wp\/v2\/types\/post"}],"replies":[{"embeddable":true,"href":"https:\/\/cuartetoenlaweb.com.ar\/sitio\/wp-json\/wp\/v2\/comments?post=19272"}],"version-history":[{"count":0,"href":"https:\/\/cuartetoenlaweb.com.ar\/sitio\/wp-json\/wp\/v2\/posts\/19272\/revisions"}],"wp:featuredmedia":[{"embeddable":true,"href":"https:\/\/cuartetoenlaweb.com.ar\/sitio\/wp-json\/wp\/v2\/media\/19273"}],"wp:attachment":[{"href":"https:\/\/cuartetoenlaweb.com.ar\/sitio\/wp-json\/wp\/v2\/media?parent=19272"}],"wp:term":[{"taxonomy":"category","embeddable":true,"href":"https:\/\/cuartetoenlaweb.com.ar\/sitio\/wp-json\/wp\/v2\/categories?post=19272"},{"taxonomy":"post_tag","embeddable":true,"href":"https:\/\/cuartetoenlaweb.com.ar\/sitio\/wp-json\/wp\/v2\/tags?post=19272"}],"curies":[{"name":"wp","href":"https:\/\/api.w.org\/{rel}","templated":true}]}}