
{"id":19270,"date":"2026-04-29T06:59:51","date_gmt":"2026-04-29T09:59:51","guid":{"rendered":"https:\/\/cuartetoenlaweb.com.ar\/sitio\/riestra-recibe-a-montevideo-city-torque-por-la-copa-sudamericana\/"},"modified":"2026-04-29T06:59:51","modified_gmt":"2026-04-29T09:59:51","slug":"riestra-recibe-a-montevideo-city-torque-por-la-copa-sudamericana","status":"publish","type":"post","link":"https:\/\/cuartetoenlaweb.com.ar\/sitio\/riestra-recibe-a-montevideo-city-torque-por-la-copa-sudamericana\/","title":{"rendered":"Riestra recibe a Montevideo City Torque por la Copa Sudamericana"},"content":{"rendered":"<p>Buenos Aires, 29 abril (NA) &#8212; Deportivo Riestra se juega una parada clave este mi\u00e9rcoles en el plano internacional, ya que desde las 19.00, el equipo de Guillermo Dur\u00f3 recibir\u00e1 a Montevideo City Torque en el Estadio Pedro Bidegain, por la tercera fecha del Grupo F de la Copa Sudamericana 2026, con la necesidad de sumar su primera victoria en el certamen.<\/p>\n<p>El \u201cMalevo\u201d llega con un envi\u00f3n an\u00edmico tras el 2-0 frente a Independiente, un triunfo que cort\u00f3 la sequ\u00eda en la temporada y renov\u00f3 expectativas pese a no tener chances de meterse en los playoffs del Apertura. En el torneo continental, a\u00fan no pudo ganar: empat\u00f3 sin goles ante Palestino y cay\u00f3 frente a Gremio en Porto Alegre, resultados que lo dejan en el tercer puesto de su zona.<\/p>\n<p>Del otro lado aparece un Montevideo City Torque que muestra dos caras. Mientras en el \u00e1mbito local marcha sexto en el Apertura uruguayo, en la Sudamericana lidera el Grupo F con puntaje ideal, luego de imponerse ante Gremio y Palestino. El equipo dirigido por Marcelo M\u00e9ndez intentar\u00e1 sostener ese rendimiento y consolidarse como candidato a avanzar de fase.<\/p>\n<p>El encuentro es determinante para ambos. Riestra necesita los tres puntos para no quedar relegado en la pelea por la clasificaci\u00f3n, mientras que el conjunto uruguayo buscar\u00e1 afirmarse en la cima y mantener el invicto.<\/p>\n<p>El partido se disputar\u00e1 este mi\u00e9rcoles 29 de abril desde las 19.00 en el Estadio Pedro Bidegain y podr\u00e1 verse en vivo a trav\u00e9s de las se\u00f1ales habituales que transmiten la Copa Sudamericana.<\/p>\n<p>En la pr\u00f3xima fecha, Riestra volver\u00e1 a ser local ante Gremio el martes 5 de mayo a las 19.00, mientras que Montevideo City Torque recibir\u00e1 a Palestino el mi\u00e9rcoles 6 en el mismo horario.<\/p>\n<p>DEPORTIVO RIESTRA VS. MONTEVIDEO CITY TORQUE: DATOS Y POSIBLES FORMACIONES<\/p>\n<p> * Copa Sudamericana.<br \/>\n * Fecha 3.<br \/>\n * Grupo F.<br \/>\n * Estadio: Pedro Bidegain.<br \/>\n * \u00c1rbitro: Bryan Loaiza (Ecuador).<br \/>\n * VAR: Gabriel Gonz\u00e1lez (Ecuador).<br \/>\n * Hora: 19. \u2013 TV: D-Sports.<\/p>\n<p>Deportivo Riestra: Ignacio Arce; Facundo Mi\u00f1o, Juan Randazzo, Rodrigo Gallo; Nicol\u00e1s Sansotre, Pablo Monje, Nicol\u00e1s Watson, Jonatan Goitia; Gabriel Obredor, Antony Alonso; Mauro Smarra. DT: Guillermo Dur\u00f3.<\/p>\n<p>Montevideo City Torque: Franco Torgnascioli; Eduardo Ag\u00fcero, Franco Romero, Gary Kagelmacher, Facundo Silvera; Franco Pizzichillo, Pablo Siles, Gonzalo Montes; Esteban Obreg\u00f3n, Salom\u00f3n Rodr\u00edguez, Ramiro Lecchini Fierro. DT: Marcelo M\u00e9ndez.<\/p>\n<p>#AgenciaNA<\/p>\n","protected":false},"excerpt":{"rendered":"<p>Buenos Aires, 29 abril (NA) &#8212; Deportivo Riestra se juega<\/p>\n","protected":false},"author":0,"featured_media":19271,"comment_status":"","ping_status":"","sticky":false,"template":"","format":"standard","meta":{"footnotes":""},"categories":[65],"tags":[],"class_list":["post-19270","post","type-post","status-publish","format-standard","has-post-thumbnail","hentry","category-pais"],"yoast_head":"<!-- This site is optimized with the Yoast SEO plugin v27.5 - https:\/\/yoast.com\/product\/yoast-seo-wordpress\/ -->\n<title>Riestra recibe a Montevideo City Torque por la Copa Sudamericana - Cuarteto en la Web<\/title>\n<meta name=\"robots\" content=\"index, follow, max-snippet:-1, max-image-preview:large, max-video-preview:-1\" \/>\n<link rel=\"canonical\" href=\"https:\/\/cuartetoenlaweb.com.ar\/sitio\/riestra-recibe-a-montevideo-city-torque-por-la-copa-sudamericana\/\" \/>\n<meta property=\"og:locale\" content=\"es_ES\" \/>\n<meta property=\"og:type\" content=\"article\" \/>\n<meta property=\"og:title\" content=\"Riestra recibe a Montevideo City Torque por la Copa Sudamericana - Cuarteto en la Web\" \/>\n<meta property=\"og:description\" content=\"Buenos Aires, 29 abril (NA) &#8212; Deportivo Riestra se juega\" \/>\n<meta property=\"og:url\" content=\"https:\/\/cuartetoenlaweb.com.ar\/sitio\/riestra-recibe-a-montevideo-city-torque-por-la-copa-sudamericana\/\" \/>\n<meta property=\"og:site_name\" content=\"Cuarteto en la Web\" \/>\n<meta property=\"article:published_time\" content=\"2026-04-29T09:59:51+00:00\" \/>\n<meta name=\"twitter:card\" content=\"summary_large_image\" \/>\n<meta name=\"twitter:label1\" content=\"Tiempo de lectura\" \/>\n\t<meta name=\"twitter:data1\" content=\"2 minutos\" \/>\n<script type=\"application\/ld+json\" class=\"yoast-schema-graph\">{\"@context\":\"https:\\\/\\\/schema.org\",\"@graph\":[{\"@type\":\"Article\",\"@id\":\"https:\\\/\\\/cuartetoenlaweb.com.ar\\\/sitio\\\/riestra-recibe-a-montevideo-city-torque-por-la-copa-sudamericana\\\/#article\",\"isPartOf\":{\"@id\":\"https:\\\/\\\/cuartetoenlaweb.com.ar\\\/sitio\\\/riestra-recibe-a-montevideo-city-torque-por-la-copa-sudamericana\\\/\"},\"author\":{\"name\":\"\",\"@id\":\"\"},\"headline\":\"Riestra recibe a Montevideo City Torque por la Copa Sudamericana\",\"datePublished\":\"2026-04-29T09:59:51+00:00\",\"mainEntityOfPage\":{\"@id\":\"https:\\\/\\\/cuartetoenlaweb.com.ar\\\/sitio\\\/riestra-recibe-a-montevideo-city-torque-por-la-copa-sudamericana\\\/\"},\"wordCount\":400,\"publisher\":{\"@id\":\"http:\\\/\\\/cuartetoenlaweb.com.ar\\\/sitio\\\/#organization\"},\"image\":{\"@id\":\"https:\\\/\\\/cuartetoenlaweb.com.ar\\\/sitio\\\/riestra-recibe-a-montevideo-city-torque-por-la-copa-sudamericana\\\/#primaryimage\"},\"thumbnailUrl\":\"https:\\\/\\\/cuartetoenlaweb.com.ar\\\/sitio\\\/wp-content\\\/uploads\\\/2026\\\/04\\\/720-684.jpeg\",\"articleSection\":[\"PAIS\"],\"inLanguage\":\"es\"},{\"@type\":\"WebPage\",\"@id\":\"https:\\\/\\\/cuartetoenlaweb.com.ar\\\/sitio\\\/riestra-recibe-a-montevideo-city-torque-por-la-copa-sudamericana\\\/\",\"url\":\"https:\\\/\\\/cuartetoenlaweb.com.ar\\\/sitio\\\/riestra-recibe-a-montevideo-city-torque-por-la-copa-sudamericana\\\/\",\"name\":\"Riestra recibe a Montevideo City Torque por la Copa Sudamericana - Cuarteto en la Web\",\"isPartOf\":{\"@id\":\"http:\\\/\\\/cuartetoenlaweb.com.ar\\\/sitio\\\/#website\"},\"primaryImageOfPage\":{\"@id\":\"https:\\\/\\\/cuartetoenlaweb.com.ar\\\/sitio\\\/riestra-recibe-a-montevideo-city-torque-por-la-copa-sudamericana\\\/#primaryimage\"},\"image\":{\"@id\":\"https:\\\/\\\/cuartetoenlaweb.com.ar\\\/sitio\\\/riestra-recibe-a-montevideo-city-torque-por-la-copa-sudamericana\\\/#primaryimage\"},\"thumbnailUrl\":\"https:\\\/\\\/cuartetoenlaweb.com.ar\\\/sitio\\\/wp-content\\\/uploads\\\/2026\\\/04\\\/720-684.jpeg\",\"datePublished\":\"2026-04-29T09:59:51+00:00\",\"breadcrumb\":{\"@id\":\"https:\\\/\\\/cuartetoenlaweb.com.ar\\\/sitio\\\/riestra-recibe-a-montevideo-city-torque-por-la-copa-sudamericana\\\/#breadcrumb\"},\"inLanguage\":\"es\",\"potentialAction\":[{\"@type\":\"ReadAction\",\"target\":[\"https:\\\/\\\/cuartetoenlaweb.com.ar\\\/sitio\\\/riestra-recibe-a-montevideo-city-torque-por-la-copa-sudamericana\\\/\"]}]},{\"@type\":\"ImageObject\",\"inLanguage\":\"es\",\"@id\":\"https:\\\/\\\/cuartetoenlaweb.com.ar\\\/sitio\\\/riestra-recibe-a-montevideo-city-torque-por-la-copa-sudamericana\\\/#primaryimage\",\"url\":\"https:\\\/\\\/cuartetoenlaweb.com.ar\\\/sitio\\\/wp-content\\\/uploads\\\/2026\\\/04\\\/720-684.jpeg\",\"contentUrl\":\"https:\\\/\\\/cuartetoenlaweb.com.ar\\\/sitio\\\/wp-content\\\/uploads\\\/2026\\\/04\\\/720-684.jpeg\",\"width\":755,\"height\":720},{\"@type\":\"BreadcrumbList\",\"@id\":\"https:\\\/\\\/cuartetoenlaweb.com.ar\\\/sitio\\\/riestra-recibe-a-montevideo-city-torque-por-la-copa-sudamericana\\\/#breadcrumb\",\"itemListElement\":[{\"@type\":\"ListItem\",\"position\":1,\"name\":\"Portada\",\"item\":\"http:\\\/\\\/cuartetoenlaweb.com.ar\\\/sitio\\\/\"},{\"@type\":\"ListItem\",\"position\":2,\"name\":\"Riestra recibe a Montevideo City Torque por la Copa Sudamericana\"}]},{\"@type\":\"WebSite\",\"@id\":\"http:\\\/\\\/cuartetoenlaweb.com.ar\\\/sitio\\\/#website\",\"url\":\"http:\\\/\\\/cuartetoenlaweb.com.ar\\\/sitio\\\/\",\"name\":\"Cuarteto en la Web\",\"description\":\"\",\"publisher\":{\"@id\":\"http:\\\/\\\/cuartetoenlaweb.com.ar\\\/sitio\\\/#organization\"},\"potentialAction\":[{\"@type\":\"SearchAction\",\"target\":{\"@type\":\"EntryPoint\",\"urlTemplate\":\"http:\\\/\\\/cuartetoenlaweb.com.ar\\\/sitio\\\/?s={search_term_string}\"},\"query-input\":{\"@type\":\"PropertyValueSpecification\",\"valueRequired\":true,\"valueName\":\"search_term_string\"}}],\"inLanguage\":\"es\"},{\"@type\":\"Organization\",\"@id\":\"http:\\\/\\\/cuartetoenlaweb.com.ar\\\/sitio\\\/#organization\",\"name\":\"Cuarteto en la Web\",\"url\":\"http:\\\/\\\/cuartetoenlaweb.com.ar\\\/sitio\\\/\",\"logo\":{\"@type\":\"ImageObject\",\"inLanguage\":\"es\",\"@id\":\"http:\\\/\\\/cuartetoenlaweb.com.ar\\\/sitio\\\/#\\\/schema\\\/logo\\\/image\\\/\",\"url\":\"https:\\\/\\\/cuartetoenlaweb.com.ar\\\/sitio\\\/wp-content\\\/uploads\\\/2025\\\/07\\\/cropped-cropped-logitoweb21.png\",\"contentUrl\":\"https:\\\/\\\/cuartetoenlaweb.com.ar\\\/sitio\\\/wp-content\\\/uploads\\\/2025\\\/07\\\/cropped-cropped-logitoweb21.png\",\"width\":199,\"height\":199,\"caption\":\"Cuarteto en la Web\"},\"image\":{\"@id\":\"http:\\\/\\\/cuartetoenlaweb.com.ar\\\/sitio\\\/#\\\/schema\\\/logo\\\/image\\\/\"}}]}<\/script>\n<!-- \/ Yoast SEO plugin. -->","yoast_head_json":{"title":"Riestra recibe a Montevideo City Torque por la Copa Sudamericana - Cuarteto en la Web","robots":{"index":"index","follow":"follow","max-snippet":"max-snippet:-1","max-image-preview":"max-image-preview:large","max-video-preview":"max-video-preview:-1"},"canonical":"https:\/\/cuartetoenlaweb.com.ar\/sitio\/riestra-recibe-a-montevideo-city-torque-por-la-copa-sudamericana\/","og_locale":"es_ES","og_type":"article","og_title":"Riestra recibe a Montevideo City Torque por la Copa Sudamericana - Cuarteto en la Web","og_description":"Buenos Aires, 29 abril (NA) &#8212; Deportivo Riestra se juega","og_url":"https:\/\/cuartetoenlaweb.com.ar\/sitio\/riestra-recibe-a-montevideo-city-torque-por-la-copa-sudamericana\/","og_site_name":"Cuarteto en la Web","article_published_time":"2026-04-29T09:59:51+00:00","twitter_card":"summary_large_image","twitter_misc":{"Tiempo de lectura":"2 minutos"},"schema":{"@context":"https:\/\/schema.org","@graph":[{"@type":"Article","@id":"https:\/\/cuartetoenlaweb.com.ar\/sitio\/riestra-recibe-a-montevideo-city-torque-por-la-copa-sudamericana\/#article","isPartOf":{"@id":"https:\/\/cuartetoenlaweb.com.ar\/sitio\/riestra-recibe-a-montevideo-city-torque-por-la-copa-sudamericana\/"},"author":{"name":"","@id":""},"headline":"Riestra recibe a Montevideo City Torque por la Copa Sudamericana","datePublished":"2026-04-29T09:59:51+00:00","mainEntityOfPage":{"@id":"https:\/\/cuartetoenlaweb.com.ar\/sitio\/riestra-recibe-a-montevideo-city-torque-por-la-copa-sudamericana\/"},"wordCount":400,"publisher":{"@id":"http:\/\/cuartetoenlaweb.com.ar\/sitio\/#organization"},"image":{"@id":"https:\/\/cuartetoenlaweb.com.ar\/sitio\/riestra-recibe-a-montevideo-city-torque-por-la-copa-sudamericana\/#primaryimage"},"thumbnailUrl":"https:\/\/cuartetoenlaweb.com.ar\/sitio\/wp-content\/uploads\/2026\/04\/720-684.jpeg","articleSection":["PAIS"],"inLanguage":"es"},{"@type":"WebPage","@id":"https:\/\/cuartetoenlaweb.com.ar\/sitio\/riestra-recibe-a-montevideo-city-torque-por-la-copa-sudamericana\/","url":"https:\/\/cuartetoenlaweb.com.ar\/sitio\/riestra-recibe-a-montevideo-city-torque-por-la-copa-sudamericana\/","name":"Riestra recibe a Montevideo City Torque por la Copa Sudamericana - Cuarteto en la Web","isPartOf":{"@id":"http:\/\/cuartetoenlaweb.com.ar\/sitio\/#website"},"primaryImageOfPage":{"@id":"https:\/\/cuartetoenlaweb.com.ar\/sitio\/riestra-recibe-a-montevideo-city-torque-por-la-copa-sudamericana\/#primaryimage"},"image":{"@id":"https:\/\/cuartetoenlaweb.com.ar\/sitio\/riestra-recibe-a-montevideo-city-torque-por-la-copa-sudamericana\/#primaryimage"},"thumbnailUrl":"https:\/\/cuartetoenlaweb.com.ar\/sitio\/wp-content\/uploads\/2026\/04\/720-684.jpeg","datePublished":"2026-04-29T09:59:51+00:00","breadcrumb":{"@id":"https:\/\/cuartetoenlaweb.com.ar\/sitio\/riestra-recibe-a-montevideo-city-torque-por-la-copa-sudamericana\/#breadcrumb"},"inLanguage":"es","potentialAction":[{"@type":"ReadAction","target":["https:\/\/cuartetoenlaweb.com.ar\/sitio\/riestra-recibe-a-montevideo-city-torque-por-la-copa-sudamericana\/"]}]},{"@type":"ImageObject","inLanguage":"es","@id":"https:\/\/cuartetoenlaweb.com.ar\/sitio\/riestra-recibe-a-montevideo-city-torque-por-la-copa-sudamericana\/#primaryimage","url":"https:\/\/cuartetoenlaweb.com.ar\/sitio\/wp-content\/uploads\/2026\/04\/720-684.jpeg","contentUrl":"https:\/\/cuartetoenlaweb.com.ar\/sitio\/wp-content\/uploads\/2026\/04\/720-684.jpeg","width":755,"height":720},{"@type":"BreadcrumbList","@id":"https:\/\/cuartetoenlaweb.com.ar\/sitio\/riestra-recibe-a-montevideo-city-torque-por-la-copa-sudamericana\/#breadcrumb","itemListElement":[{"@type":"ListItem","position":1,"name":"Portada","item":"http:\/\/cuartetoenlaweb.com.ar\/sitio\/"},{"@type":"ListItem","position":2,"name":"Riestra recibe a Montevideo City Torque por la Copa Sudamericana"}]},{"@type":"WebSite","@id":"http:\/\/cuartetoenlaweb.com.ar\/sitio\/#website","url":"http:\/\/cuartetoenlaweb.com.ar\/sitio\/","name":"Cuarteto en la Web","description":"","publisher":{"@id":"http:\/\/cuartetoenlaweb.com.ar\/sitio\/#organization"},"potentialAction":[{"@type":"SearchAction","target":{"@type":"EntryPoint","urlTemplate":"http:\/\/cuartetoenlaweb.com.ar\/sitio\/?s={search_term_string}"},"query-input":{"@type":"PropertyValueSpecification","valueRequired":true,"valueName":"search_term_string"}}],"inLanguage":"es"},{"@type":"Organization","@id":"http:\/\/cuartetoenlaweb.com.ar\/sitio\/#organization","name":"Cuarteto en la Web","url":"http:\/\/cuartetoenlaweb.com.ar\/sitio\/","logo":{"@type":"ImageObject","inLanguage":"es","@id":"http:\/\/cuartetoenlaweb.com.ar\/sitio\/#\/schema\/logo\/image\/","url":"https:\/\/cuartetoenlaweb.com.ar\/sitio\/wp-content\/uploads\/2025\/07\/cropped-cropped-logitoweb21.png","contentUrl":"https:\/\/cuartetoenlaweb.com.ar\/sitio\/wp-content\/uploads\/2025\/07\/cropped-cropped-logitoweb21.png","width":199,"height":199,"caption":"Cuarteto en la Web"},"image":{"@id":"http:\/\/cuartetoenlaweb.com.ar\/sitio\/#\/schema\/logo\/image\/"}}]}},"_links":{"self":[{"href":"https:\/\/cuartetoenlaweb.com.ar\/sitio\/wp-json\/wp\/v2\/posts\/19270","targetHints":{"allow":["GET"]}}],"collection":[{"href":"https:\/\/cuartetoenlaweb.com.ar\/sitio\/wp-json\/wp\/v2\/posts"}],"about":[{"href":"https:\/\/cuartetoenlaweb.com.ar\/sitio\/wp-json\/wp\/v2\/types\/post"}],"replies":[{"embeddable":true,"href":"https:\/\/cuartetoenlaweb.com.ar\/sitio\/wp-json\/wp\/v2\/comments?post=19270"}],"version-history":[{"count":0,"href":"https:\/\/cuartetoenlaweb.com.ar\/sitio\/wp-json\/wp\/v2\/posts\/19270\/revisions"}],"wp:featuredmedia":[{"embeddable":true,"href":"https:\/\/cuartetoenlaweb.com.ar\/sitio\/wp-json\/wp\/v2\/media\/19271"}],"wp:attachment":[{"href":"https:\/\/cuartetoenlaweb.com.ar\/sitio\/wp-json\/wp\/v2\/media?parent=19270"}],"wp:term":[{"taxonomy":"category","embeddable":true,"href":"https:\/\/cuartetoenlaweb.com.ar\/sitio\/wp-json\/wp\/v2\/categories?post=19270"},{"taxonomy":"post_tag","embeddable":true,"href":"https:\/\/cuartetoenlaweb.com.ar\/sitio\/wp-json\/wp\/v2\/tags?post=19270"}],"curies":[{"name":"wp","href":"https:\/\/api.w.org\/{rel}","templated":true}]}}