
{"id":19266,"date":"2026-04-29T06:59:45","date_gmt":"2026-04-29T09:59:45","guid":{"rendered":"https:\/\/cuartetoenlaweb.com.ar\/sitio\/la-defensa-antiaerea-de-la-embajada-de-estados-unidos-en-irak-derribo-un-dron\/"},"modified":"2026-04-29T06:59:45","modified_gmt":"2026-04-29T09:59:45","slug":"la-defensa-antiaerea-de-la-embajada-de-estados-unidos-en-irak-derribo-un-dron","status":"publish","type":"post","link":"https:\/\/cuartetoenlaweb.com.ar\/sitio\/la-defensa-antiaerea-de-la-embajada-de-estados-unidos-en-irak-derribo-un-dron\/","title":{"rendered":"La defensa antia\u00e9rea de la embajada de Estados Unidos en Irak derrib\u00f3 un dron"},"content":{"rendered":"<p>Buenos Aires, 29 abril (NA) \u2013 Un dron no identificado fue interceptado y destruido por el sistema de defensa antia\u00e9rea de la Embajada de Estados Unidos en Bagdad, inform\u00f3 una fuente de seguridad.<\/p>\n<p>La fuente, perteneciente al Ministerio del Interior de Irak, revel\u00f3 a la agencia de  noticias Xinhua que la embajada detect\u00f3 el dron, activ\u00f3 su sistema de defensa C-RAM y lo derrib\u00f3.<\/p>\n<p>No hubo v\u00edctimas ni da\u00f1os materiales que reportar tras la intercepci\u00f3n, seg\u00fan el cable que toma la Agencia Noticias Argentinas. <\/p>\n<p>Este es el primer ataque contra la Embajada de Estados Unidos desde que se logr\u00f3 el 8 de abril un cese al fuego temporal entre Estados Unidos e Ir\u00e1n.<\/p>\n<p>La embajada fue objeto frecuente de ataques con drones y cohetes desde que comenzaron las hostilidades entre Israel, Estados Unidos e Ir\u00e1n el 28 de febrero. <\/p>\n<p>#AgenciaNA<\/p>\n","protected":false},"excerpt":{"rendered":"<p>Buenos Aires, 29 abril (NA) \u2013 Un dron no identificado<\/p>\n","protected":false},"author":0,"featured_media":19267,"comment_status":"","ping_status":"","sticky":false,"template":"","format":"standard","meta":{"footnotes":""},"categories":[65],"tags":[],"class_list":["post-19266","post","type-post","status-publish","format-standard","has-post-thumbnail","hentry","category-pais"],"yoast_head":"<!-- This site is optimized with the Yoast SEO plugin v27.5 - https:\/\/yoast.com\/product\/yoast-seo-wordpress\/ -->\n<title>La defensa antia\u00e9rea de la embajada de Estados Unidos en Irak derrib\u00f3 un dron - Cuarteto en la Web<\/title>\n<meta name=\"robots\" content=\"index, follow, max-snippet:-1, max-image-preview:large, max-video-preview:-1\" \/>\n<link rel=\"canonical\" href=\"https:\/\/cuartetoenlaweb.com.ar\/sitio\/la-defensa-antiaerea-de-la-embajada-de-estados-unidos-en-irak-derribo-un-dron\/\" \/>\n<meta property=\"og:locale\" content=\"es_ES\" \/>\n<meta property=\"og:type\" content=\"article\" \/>\n<meta property=\"og:title\" content=\"La defensa antia\u00e9rea de la embajada de Estados Unidos en Irak derrib\u00f3 un dron - Cuarteto en la Web\" \/>\n<meta property=\"og:description\" content=\"Buenos Aires, 29 abril (NA) \u2013 Un dron no identificado\" \/>\n<meta property=\"og:url\" content=\"https:\/\/cuartetoenlaweb.com.ar\/sitio\/la-defensa-antiaerea-de-la-embajada-de-estados-unidos-en-irak-derribo-un-dron\/\" \/>\n<meta property=\"og:site_name\" content=\"Cuarteto en la Web\" \/>\n<meta property=\"article:published_time\" content=\"2026-04-29T09:59:45+00:00\" \/>\n<meta name=\"twitter:card\" content=\"summary_large_image\" \/>\n<meta name=\"twitter:label1\" content=\"Tiempo de lectura\" \/>\n\t<meta name=\"twitter:data1\" content=\"1 minuto\" \/>\n<script type=\"application\/ld+json\" class=\"yoast-schema-graph\">{\"@context\":\"https:\\\/\\\/schema.org\",\"@graph\":[{\"@type\":\"Article\",\"@id\":\"https:\\\/\\\/cuartetoenlaweb.com.ar\\\/sitio\\\/la-defensa-antiaerea-de-la-embajada-de-estados-unidos-en-irak-derribo-un-dron\\\/#article\",\"isPartOf\":{\"@id\":\"https:\\\/\\\/cuartetoenlaweb.com.ar\\\/sitio\\\/la-defensa-antiaerea-de-la-embajada-de-estados-unidos-en-irak-derribo-un-dron\\\/\"},\"author\":{\"name\":\"\",\"@id\":\"\"},\"headline\":\"La defensa antia\u00e9rea de la embajada de Estados Unidos en Irak derrib\u00f3 un dron\",\"datePublished\":\"2026-04-29T09:59:45+00:00\",\"mainEntityOfPage\":{\"@id\":\"https:\\\/\\\/cuartetoenlaweb.com.ar\\\/sitio\\\/la-defensa-antiaerea-de-la-embajada-de-estados-unidos-en-irak-derribo-un-dron\\\/\"},\"wordCount\":158,\"publisher\":{\"@id\":\"http:\\\/\\\/cuartetoenlaweb.com.ar\\\/sitio\\\/#organization\"},\"image\":{\"@id\":\"https:\\\/\\\/cuartetoenlaweb.com.ar\\\/sitio\\\/la-defensa-antiaerea-de-la-embajada-de-estados-unidos-en-irak-derribo-un-dron\\\/#primaryimage\"},\"thumbnailUrl\":\"https:\\\/\\\/cuartetoenlaweb.com.ar\\\/sitio\\\/wp-content\\\/uploads\\\/2026\\\/04\\\/image-12.jpg\",\"articleSection\":[\"PAIS\"],\"inLanguage\":\"es\"},{\"@type\":\"WebPage\",\"@id\":\"https:\\\/\\\/cuartetoenlaweb.com.ar\\\/sitio\\\/la-defensa-antiaerea-de-la-embajada-de-estados-unidos-en-irak-derribo-un-dron\\\/\",\"url\":\"https:\\\/\\\/cuartetoenlaweb.com.ar\\\/sitio\\\/la-defensa-antiaerea-de-la-embajada-de-estados-unidos-en-irak-derribo-un-dron\\\/\",\"name\":\"La defensa antia\u00e9rea de la embajada de Estados Unidos en Irak derrib\u00f3 un dron - Cuarteto en la Web\",\"isPartOf\":{\"@id\":\"http:\\\/\\\/cuartetoenlaweb.com.ar\\\/sitio\\\/#website\"},\"primaryImageOfPage\":{\"@id\":\"https:\\\/\\\/cuartetoenlaweb.com.ar\\\/sitio\\\/la-defensa-antiaerea-de-la-embajada-de-estados-unidos-en-irak-derribo-un-dron\\\/#primaryimage\"},\"image\":{\"@id\":\"https:\\\/\\\/cuartetoenlaweb.com.ar\\\/sitio\\\/la-defensa-antiaerea-de-la-embajada-de-estados-unidos-en-irak-derribo-un-dron\\\/#primaryimage\"},\"thumbnailUrl\":\"https:\\\/\\\/cuartetoenlaweb.com.ar\\\/sitio\\\/wp-content\\\/uploads\\\/2026\\\/04\\\/image-12.jpg\",\"datePublished\":\"2026-04-29T09:59:45+00:00\",\"breadcrumb\":{\"@id\":\"https:\\\/\\\/cuartetoenlaweb.com.ar\\\/sitio\\\/la-defensa-antiaerea-de-la-embajada-de-estados-unidos-en-irak-derribo-un-dron\\\/#breadcrumb\"},\"inLanguage\":\"es\",\"potentialAction\":[{\"@type\":\"ReadAction\",\"target\":[\"https:\\\/\\\/cuartetoenlaweb.com.ar\\\/sitio\\\/la-defensa-antiaerea-de-la-embajada-de-estados-unidos-en-irak-derribo-un-dron\\\/\"]}]},{\"@type\":\"ImageObject\",\"inLanguage\":\"es\",\"@id\":\"https:\\\/\\\/cuartetoenlaweb.com.ar\\\/sitio\\\/la-defensa-antiaerea-de-la-embajada-de-estados-unidos-en-irak-derribo-un-dron\\\/#primaryimage\",\"url\":\"https:\\\/\\\/cuartetoenlaweb.com.ar\\\/sitio\\\/wp-content\\\/uploads\\\/2026\\\/04\\\/image-12.jpg\",\"contentUrl\":\"https:\\\/\\\/cuartetoenlaweb.com.ar\\\/sitio\\\/wp-content\\\/uploads\\\/2026\\\/04\\\/image-12.jpg\",\"width\":1024,\"height\":576},{\"@type\":\"BreadcrumbList\",\"@id\":\"https:\\\/\\\/cuartetoenlaweb.com.ar\\\/sitio\\\/la-defensa-antiaerea-de-la-embajada-de-estados-unidos-en-irak-derribo-un-dron\\\/#breadcrumb\",\"itemListElement\":[{\"@type\":\"ListItem\",\"position\":1,\"name\":\"Portada\",\"item\":\"http:\\\/\\\/cuartetoenlaweb.com.ar\\\/sitio\\\/\"},{\"@type\":\"ListItem\",\"position\":2,\"name\":\"La defensa antia\u00e9rea de la embajada de Estados Unidos en Irak derrib\u00f3 un dron\"}]},{\"@type\":\"WebSite\",\"@id\":\"http:\\\/\\\/cuartetoenlaweb.com.ar\\\/sitio\\\/#website\",\"url\":\"http:\\\/\\\/cuartetoenlaweb.com.ar\\\/sitio\\\/\",\"name\":\"Cuarteto en la Web\",\"description\":\"\",\"publisher\":{\"@id\":\"http:\\\/\\\/cuartetoenlaweb.com.ar\\\/sitio\\\/#organization\"},\"potentialAction\":[{\"@type\":\"SearchAction\",\"target\":{\"@type\":\"EntryPoint\",\"urlTemplate\":\"http:\\\/\\\/cuartetoenlaweb.com.ar\\\/sitio\\\/?s={search_term_string}\"},\"query-input\":{\"@type\":\"PropertyValueSpecification\",\"valueRequired\":true,\"valueName\":\"search_term_string\"}}],\"inLanguage\":\"es\"},{\"@type\":\"Organization\",\"@id\":\"http:\\\/\\\/cuartetoenlaweb.com.ar\\\/sitio\\\/#organization\",\"name\":\"Cuarteto en la Web\",\"url\":\"http:\\\/\\\/cuartetoenlaweb.com.ar\\\/sitio\\\/\",\"logo\":{\"@type\":\"ImageObject\",\"inLanguage\":\"es\",\"@id\":\"http:\\\/\\\/cuartetoenlaweb.com.ar\\\/sitio\\\/#\\\/schema\\\/logo\\\/image\\\/\",\"url\":\"https:\\\/\\\/cuartetoenlaweb.com.ar\\\/sitio\\\/wp-content\\\/uploads\\\/2025\\\/07\\\/cropped-cropped-logitoweb21.png\",\"contentUrl\":\"https:\\\/\\\/cuartetoenlaweb.com.ar\\\/sitio\\\/wp-content\\\/uploads\\\/2025\\\/07\\\/cropped-cropped-logitoweb21.png\",\"width\":199,\"height\":199,\"caption\":\"Cuarteto en la Web\"},\"image\":{\"@id\":\"http:\\\/\\\/cuartetoenlaweb.com.ar\\\/sitio\\\/#\\\/schema\\\/logo\\\/image\\\/\"}}]}<\/script>\n<!-- \/ Yoast SEO plugin. -->","yoast_head_json":{"title":"La defensa antia\u00e9rea de la embajada de Estados Unidos en Irak derrib\u00f3 un dron - Cuarteto en la Web","robots":{"index":"index","follow":"follow","max-snippet":"max-snippet:-1","max-image-preview":"max-image-preview:large","max-video-preview":"max-video-preview:-1"},"canonical":"https:\/\/cuartetoenlaweb.com.ar\/sitio\/la-defensa-antiaerea-de-la-embajada-de-estados-unidos-en-irak-derribo-un-dron\/","og_locale":"es_ES","og_type":"article","og_title":"La defensa antia\u00e9rea de la embajada de Estados Unidos en Irak derrib\u00f3 un dron - Cuarteto en la Web","og_description":"Buenos Aires, 29 abril (NA) \u2013 Un dron no identificado","og_url":"https:\/\/cuartetoenlaweb.com.ar\/sitio\/la-defensa-antiaerea-de-la-embajada-de-estados-unidos-en-irak-derribo-un-dron\/","og_site_name":"Cuarteto en la Web","article_published_time":"2026-04-29T09:59:45+00:00","twitter_card":"summary_large_image","twitter_misc":{"Tiempo de lectura":"1 minuto"},"schema":{"@context":"https:\/\/schema.org","@graph":[{"@type":"Article","@id":"https:\/\/cuartetoenlaweb.com.ar\/sitio\/la-defensa-antiaerea-de-la-embajada-de-estados-unidos-en-irak-derribo-un-dron\/#article","isPartOf":{"@id":"https:\/\/cuartetoenlaweb.com.ar\/sitio\/la-defensa-antiaerea-de-la-embajada-de-estados-unidos-en-irak-derribo-un-dron\/"},"author":{"name":"","@id":""},"headline":"La defensa antia\u00e9rea de la embajada de Estados Unidos en Irak derrib\u00f3 un dron","datePublished":"2026-04-29T09:59:45+00:00","mainEntityOfPage":{"@id":"https:\/\/cuartetoenlaweb.com.ar\/sitio\/la-defensa-antiaerea-de-la-embajada-de-estados-unidos-en-irak-derribo-un-dron\/"},"wordCount":158,"publisher":{"@id":"http:\/\/cuartetoenlaweb.com.ar\/sitio\/#organization"},"image":{"@id":"https:\/\/cuartetoenlaweb.com.ar\/sitio\/la-defensa-antiaerea-de-la-embajada-de-estados-unidos-en-irak-derribo-un-dron\/#primaryimage"},"thumbnailUrl":"https:\/\/cuartetoenlaweb.com.ar\/sitio\/wp-content\/uploads\/2026\/04\/image-12.jpg","articleSection":["PAIS"],"inLanguage":"es"},{"@type":"WebPage","@id":"https:\/\/cuartetoenlaweb.com.ar\/sitio\/la-defensa-antiaerea-de-la-embajada-de-estados-unidos-en-irak-derribo-un-dron\/","url":"https:\/\/cuartetoenlaweb.com.ar\/sitio\/la-defensa-antiaerea-de-la-embajada-de-estados-unidos-en-irak-derribo-un-dron\/","name":"La defensa antia\u00e9rea de la embajada de Estados Unidos en Irak derrib\u00f3 un dron - Cuarteto en la Web","isPartOf":{"@id":"http:\/\/cuartetoenlaweb.com.ar\/sitio\/#website"},"primaryImageOfPage":{"@id":"https:\/\/cuartetoenlaweb.com.ar\/sitio\/la-defensa-antiaerea-de-la-embajada-de-estados-unidos-en-irak-derribo-un-dron\/#primaryimage"},"image":{"@id":"https:\/\/cuartetoenlaweb.com.ar\/sitio\/la-defensa-antiaerea-de-la-embajada-de-estados-unidos-en-irak-derribo-un-dron\/#primaryimage"},"thumbnailUrl":"https:\/\/cuartetoenlaweb.com.ar\/sitio\/wp-content\/uploads\/2026\/04\/image-12.jpg","datePublished":"2026-04-29T09:59:45+00:00","breadcrumb":{"@id":"https:\/\/cuartetoenlaweb.com.ar\/sitio\/la-defensa-antiaerea-de-la-embajada-de-estados-unidos-en-irak-derribo-un-dron\/#breadcrumb"},"inLanguage":"es","potentialAction":[{"@type":"ReadAction","target":["https:\/\/cuartetoenlaweb.com.ar\/sitio\/la-defensa-antiaerea-de-la-embajada-de-estados-unidos-en-irak-derribo-un-dron\/"]}]},{"@type":"ImageObject","inLanguage":"es","@id":"https:\/\/cuartetoenlaweb.com.ar\/sitio\/la-defensa-antiaerea-de-la-embajada-de-estados-unidos-en-irak-derribo-un-dron\/#primaryimage","url":"https:\/\/cuartetoenlaweb.com.ar\/sitio\/wp-content\/uploads\/2026\/04\/image-12.jpg","contentUrl":"https:\/\/cuartetoenlaweb.com.ar\/sitio\/wp-content\/uploads\/2026\/04\/image-12.jpg","width":1024,"height":576},{"@type":"BreadcrumbList","@id":"https:\/\/cuartetoenlaweb.com.ar\/sitio\/la-defensa-antiaerea-de-la-embajada-de-estados-unidos-en-irak-derribo-un-dron\/#breadcrumb","itemListElement":[{"@type":"ListItem","position":1,"name":"Portada","item":"http:\/\/cuartetoenlaweb.com.ar\/sitio\/"},{"@type":"ListItem","position":2,"name":"La defensa antia\u00e9rea de la embajada de Estados Unidos en Irak derrib\u00f3 un dron"}]},{"@type":"WebSite","@id":"http:\/\/cuartetoenlaweb.com.ar\/sitio\/#website","url":"http:\/\/cuartetoenlaweb.com.ar\/sitio\/","name":"Cuarteto en la Web","description":"","publisher":{"@id":"http:\/\/cuartetoenlaweb.com.ar\/sitio\/#organization"},"potentialAction":[{"@type":"SearchAction","target":{"@type":"EntryPoint","urlTemplate":"http:\/\/cuartetoenlaweb.com.ar\/sitio\/?s={search_term_string}"},"query-input":{"@type":"PropertyValueSpecification","valueRequired":true,"valueName":"search_term_string"}}],"inLanguage":"es"},{"@type":"Organization","@id":"http:\/\/cuartetoenlaweb.com.ar\/sitio\/#organization","name":"Cuarteto en la Web","url":"http:\/\/cuartetoenlaweb.com.ar\/sitio\/","logo":{"@type":"ImageObject","inLanguage":"es","@id":"http:\/\/cuartetoenlaweb.com.ar\/sitio\/#\/schema\/logo\/image\/","url":"https:\/\/cuartetoenlaweb.com.ar\/sitio\/wp-content\/uploads\/2025\/07\/cropped-cropped-logitoweb21.png","contentUrl":"https:\/\/cuartetoenlaweb.com.ar\/sitio\/wp-content\/uploads\/2025\/07\/cropped-cropped-logitoweb21.png","width":199,"height":199,"caption":"Cuarteto en la Web"},"image":{"@id":"http:\/\/cuartetoenlaweb.com.ar\/sitio\/#\/schema\/logo\/image\/"}}]}},"_links":{"self":[{"href":"https:\/\/cuartetoenlaweb.com.ar\/sitio\/wp-json\/wp\/v2\/posts\/19266","targetHints":{"allow":["GET"]}}],"collection":[{"href":"https:\/\/cuartetoenlaweb.com.ar\/sitio\/wp-json\/wp\/v2\/posts"}],"about":[{"href":"https:\/\/cuartetoenlaweb.com.ar\/sitio\/wp-json\/wp\/v2\/types\/post"}],"replies":[{"embeddable":true,"href":"https:\/\/cuartetoenlaweb.com.ar\/sitio\/wp-json\/wp\/v2\/comments?post=19266"}],"version-history":[{"count":0,"href":"https:\/\/cuartetoenlaweb.com.ar\/sitio\/wp-json\/wp\/v2\/posts\/19266\/revisions"}],"wp:featuredmedia":[{"embeddable":true,"href":"https:\/\/cuartetoenlaweb.com.ar\/sitio\/wp-json\/wp\/v2\/media\/19267"}],"wp:attachment":[{"href":"https:\/\/cuartetoenlaweb.com.ar\/sitio\/wp-json\/wp\/v2\/media?parent=19266"}],"wp:term":[{"taxonomy":"category","embeddable":true,"href":"https:\/\/cuartetoenlaweb.com.ar\/sitio\/wp-json\/wp\/v2\/categories?post=19266"},{"taxonomy":"post_tag","embeddable":true,"href":"https:\/\/cuartetoenlaweb.com.ar\/sitio\/wp-json\/wp\/v2\/tags?post=19266"}],"curies":[{"name":"wp","href":"https:\/\/api.w.org\/{rel}","templated":true}]}}