
{"id":19254,"date":"2026-04-29T03:00:36","date_gmt":"2026-04-29T06:00:36","guid":{"rendered":"https:\/\/cuartetoenlaweb.com.ar\/sitio\/bareiro-se-fue-expulsado-en-boca-y-demoro-su-salida-en-un-cierre-caliente-del-primer-tiempo\/"},"modified":"2026-04-29T03:00:36","modified_gmt":"2026-04-29T06:00:36","slug":"bareiro-se-fue-expulsado-en-boca-y-demoro-su-salida-en-un-cierre-caliente-del-primer-tiempo","status":"publish","type":"post","link":"https:\/\/cuartetoenlaweb.com.ar\/sitio\/bareiro-se-fue-expulsado-en-boca-y-demoro-su-salida-en-un-cierre-caliente-del-primer-tiempo\/","title":{"rendered":"Bareiro se fue expulsado en Boca y demor\u00f3 su salida en un cierre caliente del primer tiempo"},"content":{"rendered":"<p><img decoding=\"async\" src=\"https:\/\/alpha-assets.tadevel-cdn.com\/69f15f377825f8815382a8d2\/720.jpeg\" \/><\/p>\n<p>Buenos Aires, 28 Abril (NA) \u2013 Adam Bareiro fue expulsado en Boca sobre el final del primer tiempo ante Cruzeiro, en Belo Horizonte, por la tercera fecha del Grupo D de la Copa Libertadores, y protagoniz\u00f3 un momento de tensi\u00f3n por la demora en retirarse del campo de juego.<\/p>\n<p>El delantero paraguayo, que ya hab\u00eda sido amonestado a los 40 minutos por el \u00e1rbitro uruguayo Esteban Ostojich, recibi\u00f3 la segunda tarjeta amarilla en el cierre de la etapa inicial y dej\u00f3 al equipo dirigido por Claudio \u00dabeda con un jugador menos para todo el complemento.<\/p>\n<p>Tras la roja, Bareiro discuti\u00f3 la decisi\u00f3n, camin\u00f3 lentamente hacia la salida y demor\u00f3 m\u00e1s de lo habitual en abandonar la cancha, lo que gener\u00f3 fastidio en el desarrollo del encuentro y estir\u00f3 todav\u00eda m\u00e1s un cierre caliente del primer tiempo.<\/p>\n<p>La expulsi\u00f3n lleg\u00f3 en un partido cerrado, friccionado y sin goles, en el que Boca buscaba sostener su liderazgo en el grupo ante un Cruzeiro necesitado de puntos. Con la salida de Bareiro, el \u201cXeneize\u201d qued\u00f3 obligado a rearmarse para disputar todo el segundo tiempo con diez jugadores.<\/p>\n<p>#AgenciaNA<\/p>\n","protected":false},"excerpt":{"rendered":"<p>Buenos Aires, 28 Abril (NA) \u2013 Adam Bareiro fue expulsado<\/p>\n","protected":false},"author":0,"featured_media":19255,"comment_status":"","ping_status":"","sticky":false,"template":"","format":"standard","meta":{"footnotes":""},"categories":[229],"tags":[],"class_list":["post-19254","post","type-post","status-publish","format-standard","has-post-thumbnail","hentry","category-deportes"],"yoast_head":"<!-- This site is optimized with the Yoast SEO plugin v27.5 - https:\/\/yoast.com\/product\/yoast-seo-wordpress\/ -->\n<title>Bareiro se fue expulsado en Boca y demor\u00f3 su salida en un cierre caliente del primer tiempo - Cuarteto en la Web<\/title>\n<meta name=\"robots\" content=\"index, follow, max-snippet:-1, max-image-preview:large, max-video-preview:-1\" \/>\n<link rel=\"canonical\" href=\"https:\/\/cuartetoenlaweb.com.ar\/sitio\/bareiro-se-fue-expulsado-en-boca-y-demoro-su-salida-en-un-cierre-caliente-del-primer-tiempo\/\" \/>\n<meta property=\"og:locale\" content=\"es_ES\" \/>\n<meta property=\"og:type\" content=\"article\" \/>\n<meta property=\"og:title\" content=\"Bareiro se fue expulsado en Boca y demor\u00f3 su salida en un cierre caliente del primer tiempo - Cuarteto en la Web\" \/>\n<meta property=\"og:description\" content=\"Buenos Aires, 28 Abril (NA) \u2013 Adam Bareiro fue expulsado\" \/>\n<meta property=\"og:url\" content=\"https:\/\/cuartetoenlaweb.com.ar\/sitio\/bareiro-se-fue-expulsado-en-boca-y-demoro-su-salida-en-un-cierre-caliente-del-primer-tiempo\/\" \/>\n<meta property=\"og:site_name\" content=\"Cuarteto en la Web\" \/>\n<meta property=\"article:published_time\" content=\"2026-04-29T06:00:36+00:00\" \/>\n<meta property=\"og:image\" content=\"https:\/\/alpha-assets.tadevel-cdn.com\/69f15f377825f8815382a8d2\/720.jpeg\" \/>\n<meta name=\"twitter:card\" content=\"summary_large_image\" \/>\n<meta name=\"twitter:label1\" content=\"Tiempo de lectura\" \/>\n\t<meta name=\"twitter:data1\" content=\"1 minuto\" \/>\n<script type=\"application\/ld+json\" class=\"yoast-schema-graph\">{\"@context\":\"https:\\\/\\\/schema.org\",\"@graph\":[{\"@type\":\"Article\",\"@id\":\"https:\\\/\\\/cuartetoenlaweb.com.ar\\\/sitio\\\/bareiro-se-fue-expulsado-en-boca-y-demoro-su-salida-en-un-cierre-caliente-del-primer-tiempo\\\/#article\",\"isPartOf\":{\"@id\":\"https:\\\/\\\/cuartetoenlaweb.com.ar\\\/sitio\\\/bareiro-se-fue-expulsado-en-boca-y-demoro-su-salida-en-un-cierre-caliente-del-primer-tiempo\\\/\"},\"author\":{\"name\":\"\",\"@id\":\"\"},\"headline\":\"Bareiro se fue expulsado en Boca y demor\u00f3 su salida en un cierre caliente del primer tiempo\",\"datePublished\":\"2026-04-29T06:00:36+00:00\",\"mainEntityOfPage\":{\"@id\":\"https:\\\/\\\/cuartetoenlaweb.com.ar\\\/sitio\\\/bareiro-se-fue-expulsado-en-boca-y-demoro-su-salida-en-un-cierre-caliente-del-primer-tiempo\\\/\"},\"wordCount\":206,\"publisher\":{\"@id\":\"http:\\\/\\\/cuartetoenlaweb.com.ar\\\/sitio\\\/#organization\"},\"image\":{\"@id\":\"https:\\\/\\\/cuartetoenlaweb.com.ar\\\/sitio\\\/bareiro-se-fue-expulsado-en-boca-y-demoro-su-salida-en-un-cierre-caliente-del-primer-tiempo\\\/#primaryimage\"},\"thumbnailUrl\":\"https:\\\/\\\/cuartetoenlaweb.com.ar\\\/sitio\\\/wp-content\\\/uploads\\\/2026\\\/04\\\/720-682.jpeg\",\"articleSection\":[\"DEPORTES\"],\"inLanguage\":\"es\"},{\"@type\":\"WebPage\",\"@id\":\"https:\\\/\\\/cuartetoenlaweb.com.ar\\\/sitio\\\/bareiro-se-fue-expulsado-en-boca-y-demoro-su-salida-en-un-cierre-caliente-del-primer-tiempo\\\/\",\"url\":\"https:\\\/\\\/cuartetoenlaweb.com.ar\\\/sitio\\\/bareiro-se-fue-expulsado-en-boca-y-demoro-su-salida-en-un-cierre-caliente-del-primer-tiempo\\\/\",\"name\":\"Bareiro se fue expulsado en Boca y demor\u00f3 su salida en un cierre caliente del primer tiempo - Cuarteto en la Web\",\"isPartOf\":{\"@id\":\"http:\\\/\\\/cuartetoenlaweb.com.ar\\\/sitio\\\/#website\"},\"primaryImageOfPage\":{\"@id\":\"https:\\\/\\\/cuartetoenlaweb.com.ar\\\/sitio\\\/bareiro-se-fue-expulsado-en-boca-y-demoro-su-salida-en-un-cierre-caliente-del-primer-tiempo\\\/#primaryimage\"},\"image\":{\"@id\":\"https:\\\/\\\/cuartetoenlaweb.com.ar\\\/sitio\\\/bareiro-se-fue-expulsado-en-boca-y-demoro-su-salida-en-un-cierre-caliente-del-primer-tiempo\\\/#primaryimage\"},\"thumbnailUrl\":\"https:\\\/\\\/cuartetoenlaweb.com.ar\\\/sitio\\\/wp-content\\\/uploads\\\/2026\\\/04\\\/720-682.jpeg\",\"datePublished\":\"2026-04-29T06:00:36+00:00\",\"breadcrumb\":{\"@id\":\"https:\\\/\\\/cuartetoenlaweb.com.ar\\\/sitio\\\/bareiro-se-fue-expulsado-en-boca-y-demoro-su-salida-en-un-cierre-caliente-del-primer-tiempo\\\/#breadcrumb\"},\"inLanguage\":\"es\",\"potentialAction\":[{\"@type\":\"ReadAction\",\"target\":[\"https:\\\/\\\/cuartetoenlaweb.com.ar\\\/sitio\\\/bareiro-se-fue-expulsado-en-boca-y-demoro-su-salida-en-un-cierre-caliente-del-primer-tiempo\\\/\"]}]},{\"@type\":\"ImageObject\",\"inLanguage\":\"es\",\"@id\":\"https:\\\/\\\/cuartetoenlaweb.com.ar\\\/sitio\\\/bareiro-se-fue-expulsado-en-boca-y-demoro-su-salida-en-un-cierre-caliente-del-primer-tiempo\\\/#primaryimage\",\"url\":\"https:\\\/\\\/cuartetoenlaweb.com.ar\\\/sitio\\\/wp-content\\\/uploads\\\/2026\\\/04\\\/720-682.jpeg\",\"contentUrl\":\"https:\\\/\\\/cuartetoenlaweb.com.ar\\\/sitio\\\/wp-content\\\/uploads\\\/2026\\\/04\\\/720-682.jpeg\",\"width\":1119,\"height\":720},{\"@type\":\"BreadcrumbList\",\"@id\":\"https:\\\/\\\/cuartetoenlaweb.com.ar\\\/sitio\\\/bareiro-se-fue-expulsado-en-boca-y-demoro-su-salida-en-un-cierre-caliente-del-primer-tiempo\\\/#breadcrumb\",\"itemListElement\":[{\"@type\":\"ListItem\",\"position\":1,\"name\":\"Portada\",\"item\":\"http:\\\/\\\/cuartetoenlaweb.com.ar\\\/sitio\\\/\"},{\"@type\":\"ListItem\",\"position\":2,\"name\":\"Bareiro se fue expulsado en Boca y demor\u00f3 su salida en un cierre caliente del primer tiempo\"}]},{\"@type\":\"WebSite\",\"@id\":\"http:\\\/\\\/cuartetoenlaweb.com.ar\\\/sitio\\\/#website\",\"url\":\"http:\\\/\\\/cuartetoenlaweb.com.ar\\\/sitio\\\/\",\"name\":\"Cuarteto en la Web\",\"description\":\"\",\"publisher\":{\"@id\":\"http:\\\/\\\/cuartetoenlaweb.com.ar\\\/sitio\\\/#organization\"},\"potentialAction\":[{\"@type\":\"SearchAction\",\"target\":{\"@type\":\"EntryPoint\",\"urlTemplate\":\"http:\\\/\\\/cuartetoenlaweb.com.ar\\\/sitio\\\/?s={search_term_string}\"},\"query-input\":{\"@type\":\"PropertyValueSpecification\",\"valueRequired\":true,\"valueName\":\"search_term_string\"}}],\"inLanguage\":\"es\"},{\"@type\":\"Organization\",\"@id\":\"http:\\\/\\\/cuartetoenlaweb.com.ar\\\/sitio\\\/#organization\",\"name\":\"Cuarteto en la Web\",\"url\":\"http:\\\/\\\/cuartetoenlaweb.com.ar\\\/sitio\\\/\",\"logo\":{\"@type\":\"ImageObject\",\"inLanguage\":\"es\",\"@id\":\"http:\\\/\\\/cuartetoenlaweb.com.ar\\\/sitio\\\/#\\\/schema\\\/logo\\\/image\\\/\",\"url\":\"https:\\\/\\\/cuartetoenlaweb.com.ar\\\/sitio\\\/wp-content\\\/uploads\\\/2025\\\/07\\\/cropped-cropped-logitoweb21.png\",\"contentUrl\":\"https:\\\/\\\/cuartetoenlaweb.com.ar\\\/sitio\\\/wp-content\\\/uploads\\\/2025\\\/07\\\/cropped-cropped-logitoweb21.png\",\"width\":199,\"height\":199,\"caption\":\"Cuarteto en la Web\"},\"image\":{\"@id\":\"http:\\\/\\\/cuartetoenlaweb.com.ar\\\/sitio\\\/#\\\/schema\\\/logo\\\/image\\\/\"}}]}<\/script>\n<!-- \/ Yoast SEO plugin. -->","yoast_head_json":{"title":"Bareiro se fue expulsado en Boca y demor\u00f3 su salida en un cierre caliente del primer tiempo - Cuarteto en la Web","robots":{"index":"index","follow":"follow","max-snippet":"max-snippet:-1","max-image-preview":"max-image-preview:large","max-video-preview":"max-video-preview:-1"},"canonical":"https:\/\/cuartetoenlaweb.com.ar\/sitio\/bareiro-se-fue-expulsado-en-boca-y-demoro-su-salida-en-un-cierre-caliente-del-primer-tiempo\/","og_locale":"es_ES","og_type":"article","og_title":"Bareiro se fue expulsado en Boca y demor\u00f3 su salida en un cierre caliente del primer tiempo - Cuarteto en la Web","og_description":"Buenos Aires, 28 Abril (NA) \u2013 Adam Bareiro fue expulsado","og_url":"https:\/\/cuartetoenlaweb.com.ar\/sitio\/bareiro-se-fue-expulsado-en-boca-y-demoro-su-salida-en-un-cierre-caliente-del-primer-tiempo\/","og_site_name":"Cuarteto en la Web","article_published_time":"2026-04-29T06:00:36+00:00","og_image":[{"url":"https:\/\/alpha-assets.tadevel-cdn.com\/69f15f377825f8815382a8d2\/720.jpeg","type":"","width":"","height":""}],"twitter_card":"summary_large_image","twitter_misc":{"Tiempo de lectura":"1 minuto"},"schema":{"@context":"https:\/\/schema.org","@graph":[{"@type":"Article","@id":"https:\/\/cuartetoenlaweb.com.ar\/sitio\/bareiro-se-fue-expulsado-en-boca-y-demoro-su-salida-en-un-cierre-caliente-del-primer-tiempo\/#article","isPartOf":{"@id":"https:\/\/cuartetoenlaweb.com.ar\/sitio\/bareiro-se-fue-expulsado-en-boca-y-demoro-su-salida-en-un-cierre-caliente-del-primer-tiempo\/"},"author":{"name":"","@id":""},"headline":"Bareiro se fue expulsado en Boca y demor\u00f3 su salida en un cierre caliente del primer tiempo","datePublished":"2026-04-29T06:00:36+00:00","mainEntityOfPage":{"@id":"https:\/\/cuartetoenlaweb.com.ar\/sitio\/bareiro-se-fue-expulsado-en-boca-y-demoro-su-salida-en-un-cierre-caliente-del-primer-tiempo\/"},"wordCount":206,"publisher":{"@id":"http:\/\/cuartetoenlaweb.com.ar\/sitio\/#organization"},"image":{"@id":"https:\/\/cuartetoenlaweb.com.ar\/sitio\/bareiro-se-fue-expulsado-en-boca-y-demoro-su-salida-en-un-cierre-caliente-del-primer-tiempo\/#primaryimage"},"thumbnailUrl":"https:\/\/cuartetoenlaweb.com.ar\/sitio\/wp-content\/uploads\/2026\/04\/720-682.jpeg","articleSection":["DEPORTES"],"inLanguage":"es"},{"@type":"WebPage","@id":"https:\/\/cuartetoenlaweb.com.ar\/sitio\/bareiro-se-fue-expulsado-en-boca-y-demoro-su-salida-en-un-cierre-caliente-del-primer-tiempo\/","url":"https:\/\/cuartetoenlaweb.com.ar\/sitio\/bareiro-se-fue-expulsado-en-boca-y-demoro-su-salida-en-un-cierre-caliente-del-primer-tiempo\/","name":"Bareiro se fue expulsado en Boca y demor\u00f3 su salida en un cierre caliente del primer tiempo - Cuarteto en la Web","isPartOf":{"@id":"http:\/\/cuartetoenlaweb.com.ar\/sitio\/#website"},"primaryImageOfPage":{"@id":"https:\/\/cuartetoenlaweb.com.ar\/sitio\/bareiro-se-fue-expulsado-en-boca-y-demoro-su-salida-en-un-cierre-caliente-del-primer-tiempo\/#primaryimage"},"image":{"@id":"https:\/\/cuartetoenlaweb.com.ar\/sitio\/bareiro-se-fue-expulsado-en-boca-y-demoro-su-salida-en-un-cierre-caliente-del-primer-tiempo\/#primaryimage"},"thumbnailUrl":"https:\/\/cuartetoenlaweb.com.ar\/sitio\/wp-content\/uploads\/2026\/04\/720-682.jpeg","datePublished":"2026-04-29T06:00:36+00:00","breadcrumb":{"@id":"https:\/\/cuartetoenlaweb.com.ar\/sitio\/bareiro-se-fue-expulsado-en-boca-y-demoro-su-salida-en-un-cierre-caliente-del-primer-tiempo\/#breadcrumb"},"inLanguage":"es","potentialAction":[{"@type":"ReadAction","target":["https:\/\/cuartetoenlaweb.com.ar\/sitio\/bareiro-se-fue-expulsado-en-boca-y-demoro-su-salida-en-un-cierre-caliente-del-primer-tiempo\/"]}]},{"@type":"ImageObject","inLanguage":"es","@id":"https:\/\/cuartetoenlaweb.com.ar\/sitio\/bareiro-se-fue-expulsado-en-boca-y-demoro-su-salida-en-un-cierre-caliente-del-primer-tiempo\/#primaryimage","url":"https:\/\/cuartetoenlaweb.com.ar\/sitio\/wp-content\/uploads\/2026\/04\/720-682.jpeg","contentUrl":"https:\/\/cuartetoenlaweb.com.ar\/sitio\/wp-content\/uploads\/2026\/04\/720-682.jpeg","width":1119,"height":720},{"@type":"BreadcrumbList","@id":"https:\/\/cuartetoenlaweb.com.ar\/sitio\/bareiro-se-fue-expulsado-en-boca-y-demoro-su-salida-en-un-cierre-caliente-del-primer-tiempo\/#breadcrumb","itemListElement":[{"@type":"ListItem","position":1,"name":"Portada","item":"http:\/\/cuartetoenlaweb.com.ar\/sitio\/"},{"@type":"ListItem","position":2,"name":"Bareiro se fue expulsado en Boca y demor\u00f3 su salida en un cierre caliente del primer tiempo"}]},{"@type":"WebSite","@id":"http:\/\/cuartetoenlaweb.com.ar\/sitio\/#website","url":"http:\/\/cuartetoenlaweb.com.ar\/sitio\/","name":"Cuarteto en la Web","description":"","publisher":{"@id":"http:\/\/cuartetoenlaweb.com.ar\/sitio\/#organization"},"potentialAction":[{"@type":"SearchAction","target":{"@type":"EntryPoint","urlTemplate":"http:\/\/cuartetoenlaweb.com.ar\/sitio\/?s={search_term_string}"},"query-input":{"@type":"PropertyValueSpecification","valueRequired":true,"valueName":"search_term_string"}}],"inLanguage":"es"},{"@type":"Organization","@id":"http:\/\/cuartetoenlaweb.com.ar\/sitio\/#organization","name":"Cuarteto en la Web","url":"http:\/\/cuartetoenlaweb.com.ar\/sitio\/","logo":{"@type":"ImageObject","inLanguage":"es","@id":"http:\/\/cuartetoenlaweb.com.ar\/sitio\/#\/schema\/logo\/image\/","url":"https:\/\/cuartetoenlaweb.com.ar\/sitio\/wp-content\/uploads\/2025\/07\/cropped-cropped-logitoweb21.png","contentUrl":"https:\/\/cuartetoenlaweb.com.ar\/sitio\/wp-content\/uploads\/2025\/07\/cropped-cropped-logitoweb21.png","width":199,"height":199,"caption":"Cuarteto en la Web"},"image":{"@id":"http:\/\/cuartetoenlaweb.com.ar\/sitio\/#\/schema\/logo\/image\/"}}]}},"_links":{"self":[{"href":"https:\/\/cuartetoenlaweb.com.ar\/sitio\/wp-json\/wp\/v2\/posts\/19254","targetHints":{"allow":["GET"]}}],"collection":[{"href":"https:\/\/cuartetoenlaweb.com.ar\/sitio\/wp-json\/wp\/v2\/posts"}],"about":[{"href":"https:\/\/cuartetoenlaweb.com.ar\/sitio\/wp-json\/wp\/v2\/types\/post"}],"replies":[{"embeddable":true,"href":"https:\/\/cuartetoenlaweb.com.ar\/sitio\/wp-json\/wp\/v2\/comments?post=19254"}],"version-history":[{"count":0,"href":"https:\/\/cuartetoenlaweb.com.ar\/sitio\/wp-json\/wp\/v2\/posts\/19254\/revisions"}],"wp:featuredmedia":[{"embeddable":true,"href":"https:\/\/cuartetoenlaweb.com.ar\/sitio\/wp-json\/wp\/v2\/media\/19255"}],"wp:attachment":[{"href":"https:\/\/cuartetoenlaweb.com.ar\/sitio\/wp-json\/wp\/v2\/media?parent=19254"}],"wp:term":[{"taxonomy":"category","embeddable":true,"href":"https:\/\/cuartetoenlaweb.com.ar\/sitio\/wp-json\/wp\/v2\/categories?post=19254"},{"taxonomy":"post_tag","embeddable":true,"href":"https:\/\/cuartetoenlaweb.com.ar\/sitio\/wp-json\/wp\/v2\/tags?post=19254"}],"curies":[{"name":"wp","href":"https:\/\/api.w.org\/{rel}","templated":true}]}}