
{"id":19076,"date":"2026-04-27T04:59:58","date_gmt":"2026-04-27T07:59:58","guid":{"rendered":"http:\/\/cuartetoenlaweb.com.ar\/sitio\/jorge-macri-cruzo-otra-vez-a-kicillof-la-provincia-de-buenos-aires-es-un-desgobierno\/"},"modified":"2026-04-27T04:59:58","modified_gmt":"2026-04-27T07:59:58","slug":"jorge-macri-cruzo-otra-vez-a-kicillof-la-provincia-de-buenos-aires-es-un-desgobierno","status":"publish","type":"post","link":"https:\/\/cuartetoenlaweb.com.ar\/sitio\/jorge-macri-cruzo-otra-vez-a-kicillof-la-provincia-de-buenos-aires-es-un-desgobierno\/","title":{"rendered":"Jorge Macri cruz\u00f3 otra vez a Kicillof: \u201cLa provincia de Buenos Aires es un desgobierno&quot;"},"content":{"rendered":"<p>Buenos Aires, 26 abril (NA) \u2013 El jefe de Gobierno de la Ciudad, Jorge Macri, cruz\u00f3 otra vez a su par bonaerense, Axel Kicillof, y asegur\u00f3 que \u201cla provincia de Buenos Aires es un desgobierno\u201d, adem\u00e1s de remarcar que \u201cno va a sacarle plata\u201d a ning\u00fan porte\u00f1o cuando el mandatario vecino es el que \u201cno hace su tarea\u201d.<\/p>\n<p>En declaraciones televisivas, se\u00f1al\u00f3 que una de las tareas m\u00e1s importantes de su gesti\u00f3n es \u00abdefender\u201d a los habitantes de la Ciudad y, por ese motivo, \u201cdefender\u00e1\u00bb un estilo de vida \u201cque est\u00e1 en riesgo\u201d, entre otras cosas, por lo que no hace el mandatario provincial en su territorio. <\/p>\n<p>\u201cHay una ley nacional, que tambi\u00e9n se aprob\u00f3 en la provincia, que obliga a todos los gobiernos subnacionales a tener sistemas que contengan a la gente en situaci\u00f3n de calle. La provincia no lo hace. Entonces, vienen a buscar ac\u00e1 lo que no obtienen all\u00e1. Y mi responsabilidad es abrazar y cuidar, pero tambi\u00e9n reclamarle al Gobierno de la provincia lo que corresponde.\u00bfPor qu\u00e9 los porte\u00f1os tienen que pagar lo que Axel no hace, o lo que su Gobierno no hace? \u00bfPor qu\u00e9 le tengo que sacar plata a una persona porque el Gobierno vecino no hace su tarea. No s\u00e9 si lo voy a conseguir pero yo lo voy a intentar\u00bb, expres\u00f3 Macri en LN+.<\/p>\n<p>Por otra parte, se refiri\u00f3 a la inseguridad existente en el distrito bonaerense y asegur\u00f3 que \u201cde los \u00faltimos 14 polic\u00edas de la Ciudad\u201d ca\u00eddos en cumplimiento del servicio, \u201c13 fueron asesinados en provincia, yendo y viniendo a su casa\u201d: \u201cY tenemos 2 o 3 enfrentamientos por d\u00eda, o sea, que no matan a m\u00e1s porque son profesionales preparados\u201d, agreg\u00f3.<\/p>\n<p>Paralelamente, remarc\u00f3 que la Ciudad \u201cno solo no es insegura\u201d, sino que, adem\u00e1s, es una de las dos ciudades m\u00e1s seguras de Am\u00e9rica \u201ccomparable a Ottawa (Canada)\u201d, una ciudad \u00abbastante m\u00e1s peque\u00f1a y casi rural\u201d.<\/p>\n<p>\u201cAcabamos de terminar un a\u00f1o donde tenemos los \u00edndices de seguridad m\u00e1s altos de nuestra historia. Eso a m\u00ed no me deja tranquilo porque, adem\u00e1s, la gente quiere m\u00e1s seguridad y sentirse m\u00e1s segura. Ese es un reclamo. Las estad\u00edsticas me sirven a m\u00ed para saber que lo que estamos haciendo es lo correcto\u201d, concluy\u00f3 Macri. #AgenciaNA<\/p>\n","protected":false},"excerpt":{"rendered":"<p>Buenos Aires, 26 abril (NA) \u2013 El jefe de Gobierno<\/p>\n","protected":false},"author":0,"featured_media":19077,"comment_status":"","ping_status":"","sticky":false,"template":"","format":"standard","meta":{"footnotes":""},"categories":[65],"tags":[],"class_list":["post-19076","post","type-post","status-publish","format-standard","has-post-thumbnail","hentry","category-pais"],"yoast_head":"<!-- This site is optimized with the Yoast SEO plugin v27.4 - https:\/\/yoast.com\/product\/yoast-seo-wordpress\/ -->\n<title>Jorge Macri cruz\u00f3 otra vez a Kicillof: \u201cLa provincia de Buenos Aires es un desgobierno&quot; - Cuarteto en la Web<\/title>\n<meta name=\"robots\" content=\"index, follow, max-snippet:-1, max-image-preview:large, max-video-preview:-1\" \/>\n<link rel=\"canonical\" href=\"http:\/\/cuartetoenlaweb.com.ar\/sitio\/jorge-macri-cruzo-otra-vez-a-kicillof-la-provincia-de-buenos-aires-es-un-desgobierno\/\" \/>\n<meta property=\"og:locale\" content=\"es_ES\" \/>\n<meta property=\"og:type\" content=\"article\" \/>\n<meta property=\"og:title\" content=\"Jorge Macri cruz\u00f3 otra vez a Kicillof: \u201cLa provincia de Buenos Aires es un desgobierno&quot; - Cuarteto en la Web\" \/>\n<meta property=\"og:description\" content=\"Buenos Aires, 26 abril (NA) \u2013 El jefe de Gobierno\" \/>\n<meta property=\"og:url\" content=\"http:\/\/cuartetoenlaweb.com.ar\/sitio\/jorge-macri-cruzo-otra-vez-a-kicillof-la-provincia-de-buenos-aires-es-un-desgobierno\/\" \/>\n<meta property=\"og:site_name\" content=\"Cuarteto en la Web\" \/>\n<meta property=\"article:published_time\" content=\"2026-04-27T07:59:58+00:00\" \/>\n<meta name=\"twitter:card\" content=\"summary_large_image\" \/>\n<meta name=\"twitter:label1\" content=\"Tiempo de lectura\" \/>\n\t<meta name=\"twitter:data1\" content=\"2 minutos\" \/>\n<script type=\"application\/ld+json\" class=\"yoast-schema-graph\">{\"@context\":\"https:\\\/\\\/schema.org\",\"@graph\":[{\"@type\":\"Article\",\"@id\":\"http:\\\/\\\/cuartetoenlaweb.com.ar\\\/sitio\\\/jorge-macri-cruzo-otra-vez-a-kicillof-la-provincia-de-buenos-aires-es-un-desgobierno\\\/#article\",\"isPartOf\":{\"@id\":\"http:\\\/\\\/cuartetoenlaweb.com.ar\\\/sitio\\\/jorge-macri-cruzo-otra-vez-a-kicillof-la-provincia-de-buenos-aires-es-un-desgobierno\\\/\"},\"author\":{\"name\":\"\",\"@id\":\"\"},\"headline\":\"Jorge Macri cruz\u00f3 otra vez a Kicillof: \u201cLa provincia de Buenos Aires es un desgobierno&quot;\",\"datePublished\":\"2026-04-27T07:59:58+00:00\",\"mainEntityOfPage\":{\"@id\":\"http:\\\/\\\/cuartetoenlaweb.com.ar\\\/sitio\\\/jorge-macri-cruzo-otra-vez-a-kicillof-la-provincia-de-buenos-aires-es-un-desgobierno\\\/\"},\"wordCount\":411,\"publisher\":{\"@id\":\"http:\\\/\\\/cuartetoenlaweb.com.ar\\\/sitio\\\/#organization\"},\"image\":{\"@id\":\"http:\\\/\\\/cuartetoenlaweb.com.ar\\\/sitio\\\/jorge-macri-cruzo-otra-vez-a-kicillof-la-provincia-de-buenos-aires-es-un-desgobierno\\\/#primaryimage\"},\"thumbnailUrl\":\"https:\\\/\\\/cuartetoenlaweb.com.ar\\\/sitio\\\/wp-content\\\/uploads\\\/2026\\\/04\\\/720-638.jpeg\",\"articleSection\":[\"PAIS\"],\"inLanguage\":\"es\"},{\"@type\":\"WebPage\",\"@id\":\"http:\\\/\\\/cuartetoenlaweb.com.ar\\\/sitio\\\/jorge-macri-cruzo-otra-vez-a-kicillof-la-provincia-de-buenos-aires-es-un-desgobierno\\\/\",\"url\":\"http:\\\/\\\/cuartetoenlaweb.com.ar\\\/sitio\\\/jorge-macri-cruzo-otra-vez-a-kicillof-la-provincia-de-buenos-aires-es-un-desgobierno\\\/\",\"name\":\"Jorge Macri cruz\u00f3 otra vez a Kicillof: \u201cLa provincia de Buenos Aires es un desgobierno&quot; - Cuarteto en la Web\",\"isPartOf\":{\"@id\":\"http:\\\/\\\/cuartetoenlaweb.com.ar\\\/sitio\\\/#website\"},\"primaryImageOfPage\":{\"@id\":\"http:\\\/\\\/cuartetoenlaweb.com.ar\\\/sitio\\\/jorge-macri-cruzo-otra-vez-a-kicillof-la-provincia-de-buenos-aires-es-un-desgobierno\\\/#primaryimage\"},\"image\":{\"@id\":\"http:\\\/\\\/cuartetoenlaweb.com.ar\\\/sitio\\\/jorge-macri-cruzo-otra-vez-a-kicillof-la-provincia-de-buenos-aires-es-un-desgobierno\\\/#primaryimage\"},\"thumbnailUrl\":\"https:\\\/\\\/cuartetoenlaweb.com.ar\\\/sitio\\\/wp-content\\\/uploads\\\/2026\\\/04\\\/720-638.jpeg\",\"datePublished\":\"2026-04-27T07:59:58+00:00\",\"breadcrumb\":{\"@id\":\"http:\\\/\\\/cuartetoenlaweb.com.ar\\\/sitio\\\/jorge-macri-cruzo-otra-vez-a-kicillof-la-provincia-de-buenos-aires-es-un-desgobierno\\\/#breadcrumb\"},\"inLanguage\":\"es\",\"potentialAction\":[{\"@type\":\"ReadAction\",\"target\":[\"http:\\\/\\\/cuartetoenlaweb.com.ar\\\/sitio\\\/jorge-macri-cruzo-otra-vez-a-kicillof-la-provincia-de-buenos-aires-es-un-desgobierno\\\/\"]}]},{\"@type\":\"ImageObject\",\"inLanguage\":\"es\",\"@id\":\"http:\\\/\\\/cuartetoenlaweb.com.ar\\\/sitio\\\/jorge-macri-cruzo-otra-vez-a-kicillof-la-provincia-de-buenos-aires-es-un-desgobierno\\\/#primaryimage\",\"url\":\"https:\\\/\\\/cuartetoenlaweb.com.ar\\\/sitio\\\/wp-content\\\/uploads\\\/2026\\\/04\\\/720-638.jpeg\",\"contentUrl\":\"https:\\\/\\\/cuartetoenlaweb.com.ar\\\/sitio\\\/wp-content\\\/uploads\\\/2026\\\/04\\\/720-638.jpeg\",\"width\":862,\"height\":720},{\"@type\":\"BreadcrumbList\",\"@id\":\"http:\\\/\\\/cuartetoenlaweb.com.ar\\\/sitio\\\/jorge-macri-cruzo-otra-vez-a-kicillof-la-provincia-de-buenos-aires-es-un-desgobierno\\\/#breadcrumb\",\"itemListElement\":[{\"@type\":\"ListItem\",\"position\":1,\"name\":\"Portada\",\"item\":\"http:\\\/\\\/cuartetoenlaweb.com.ar\\\/sitio\\\/\"},{\"@type\":\"ListItem\",\"position\":2,\"name\":\"Jorge Macri cruz\u00f3 otra vez a Kicillof: \u201cLa provincia de Buenos Aires es un desgobierno&quot;\"}]},{\"@type\":\"WebSite\",\"@id\":\"http:\\\/\\\/cuartetoenlaweb.com.ar\\\/sitio\\\/#website\",\"url\":\"http:\\\/\\\/cuartetoenlaweb.com.ar\\\/sitio\\\/\",\"name\":\"Cuarteto en la Web\",\"description\":\"\",\"publisher\":{\"@id\":\"http:\\\/\\\/cuartetoenlaweb.com.ar\\\/sitio\\\/#organization\"},\"potentialAction\":[{\"@type\":\"SearchAction\",\"target\":{\"@type\":\"EntryPoint\",\"urlTemplate\":\"http:\\\/\\\/cuartetoenlaweb.com.ar\\\/sitio\\\/?s={search_term_string}\"},\"query-input\":{\"@type\":\"PropertyValueSpecification\",\"valueRequired\":true,\"valueName\":\"search_term_string\"}}],\"inLanguage\":\"es\"},{\"@type\":\"Organization\",\"@id\":\"http:\\\/\\\/cuartetoenlaweb.com.ar\\\/sitio\\\/#organization\",\"name\":\"Cuarteto en la Web\",\"url\":\"http:\\\/\\\/cuartetoenlaweb.com.ar\\\/sitio\\\/\",\"logo\":{\"@type\":\"ImageObject\",\"inLanguage\":\"es\",\"@id\":\"http:\\\/\\\/cuartetoenlaweb.com.ar\\\/sitio\\\/#\\\/schema\\\/logo\\\/image\\\/\",\"url\":\"https:\\\/\\\/cuartetoenlaweb.com.ar\\\/sitio\\\/wp-content\\\/uploads\\\/2025\\\/07\\\/cropped-cropped-logitoweb21.png\",\"contentUrl\":\"https:\\\/\\\/cuartetoenlaweb.com.ar\\\/sitio\\\/wp-content\\\/uploads\\\/2025\\\/07\\\/cropped-cropped-logitoweb21.png\",\"width\":199,\"height\":199,\"caption\":\"Cuarteto en la Web\"},\"image\":{\"@id\":\"http:\\\/\\\/cuartetoenlaweb.com.ar\\\/sitio\\\/#\\\/schema\\\/logo\\\/image\\\/\"}}]}<\/script>\n<!-- \/ Yoast SEO plugin. -->","yoast_head_json":{"title":"Jorge Macri cruz\u00f3 otra vez a Kicillof: \u201cLa provincia de Buenos Aires es un desgobierno&quot; - Cuarteto en la Web","robots":{"index":"index","follow":"follow","max-snippet":"max-snippet:-1","max-image-preview":"max-image-preview:large","max-video-preview":"max-video-preview:-1"},"canonical":"http:\/\/cuartetoenlaweb.com.ar\/sitio\/jorge-macri-cruzo-otra-vez-a-kicillof-la-provincia-de-buenos-aires-es-un-desgobierno\/","og_locale":"es_ES","og_type":"article","og_title":"Jorge Macri cruz\u00f3 otra vez a Kicillof: \u201cLa provincia de Buenos Aires es un desgobierno&quot; - Cuarteto en la Web","og_description":"Buenos Aires, 26 abril (NA) \u2013 El jefe de Gobierno","og_url":"http:\/\/cuartetoenlaweb.com.ar\/sitio\/jorge-macri-cruzo-otra-vez-a-kicillof-la-provincia-de-buenos-aires-es-un-desgobierno\/","og_site_name":"Cuarteto en la Web","article_published_time":"2026-04-27T07:59:58+00:00","twitter_card":"summary_large_image","twitter_misc":{"Tiempo de lectura":"2 minutos"},"schema":{"@context":"https:\/\/schema.org","@graph":[{"@type":"Article","@id":"http:\/\/cuartetoenlaweb.com.ar\/sitio\/jorge-macri-cruzo-otra-vez-a-kicillof-la-provincia-de-buenos-aires-es-un-desgobierno\/#article","isPartOf":{"@id":"http:\/\/cuartetoenlaweb.com.ar\/sitio\/jorge-macri-cruzo-otra-vez-a-kicillof-la-provincia-de-buenos-aires-es-un-desgobierno\/"},"author":{"name":"","@id":""},"headline":"Jorge Macri cruz\u00f3 otra vez a Kicillof: \u201cLa provincia de Buenos Aires es un desgobierno&quot;","datePublished":"2026-04-27T07:59:58+00:00","mainEntityOfPage":{"@id":"http:\/\/cuartetoenlaweb.com.ar\/sitio\/jorge-macri-cruzo-otra-vez-a-kicillof-la-provincia-de-buenos-aires-es-un-desgobierno\/"},"wordCount":411,"publisher":{"@id":"http:\/\/cuartetoenlaweb.com.ar\/sitio\/#organization"},"image":{"@id":"http:\/\/cuartetoenlaweb.com.ar\/sitio\/jorge-macri-cruzo-otra-vez-a-kicillof-la-provincia-de-buenos-aires-es-un-desgobierno\/#primaryimage"},"thumbnailUrl":"https:\/\/cuartetoenlaweb.com.ar\/sitio\/wp-content\/uploads\/2026\/04\/720-638.jpeg","articleSection":["PAIS"],"inLanguage":"es"},{"@type":"WebPage","@id":"http:\/\/cuartetoenlaweb.com.ar\/sitio\/jorge-macri-cruzo-otra-vez-a-kicillof-la-provincia-de-buenos-aires-es-un-desgobierno\/","url":"http:\/\/cuartetoenlaweb.com.ar\/sitio\/jorge-macri-cruzo-otra-vez-a-kicillof-la-provincia-de-buenos-aires-es-un-desgobierno\/","name":"Jorge Macri cruz\u00f3 otra vez a Kicillof: \u201cLa provincia de Buenos Aires es un desgobierno&quot; - Cuarteto en la Web","isPartOf":{"@id":"http:\/\/cuartetoenlaweb.com.ar\/sitio\/#website"},"primaryImageOfPage":{"@id":"http:\/\/cuartetoenlaweb.com.ar\/sitio\/jorge-macri-cruzo-otra-vez-a-kicillof-la-provincia-de-buenos-aires-es-un-desgobierno\/#primaryimage"},"image":{"@id":"http:\/\/cuartetoenlaweb.com.ar\/sitio\/jorge-macri-cruzo-otra-vez-a-kicillof-la-provincia-de-buenos-aires-es-un-desgobierno\/#primaryimage"},"thumbnailUrl":"https:\/\/cuartetoenlaweb.com.ar\/sitio\/wp-content\/uploads\/2026\/04\/720-638.jpeg","datePublished":"2026-04-27T07:59:58+00:00","breadcrumb":{"@id":"http:\/\/cuartetoenlaweb.com.ar\/sitio\/jorge-macri-cruzo-otra-vez-a-kicillof-la-provincia-de-buenos-aires-es-un-desgobierno\/#breadcrumb"},"inLanguage":"es","potentialAction":[{"@type":"ReadAction","target":["http:\/\/cuartetoenlaweb.com.ar\/sitio\/jorge-macri-cruzo-otra-vez-a-kicillof-la-provincia-de-buenos-aires-es-un-desgobierno\/"]}]},{"@type":"ImageObject","inLanguage":"es","@id":"http:\/\/cuartetoenlaweb.com.ar\/sitio\/jorge-macri-cruzo-otra-vez-a-kicillof-la-provincia-de-buenos-aires-es-un-desgobierno\/#primaryimage","url":"https:\/\/cuartetoenlaweb.com.ar\/sitio\/wp-content\/uploads\/2026\/04\/720-638.jpeg","contentUrl":"https:\/\/cuartetoenlaweb.com.ar\/sitio\/wp-content\/uploads\/2026\/04\/720-638.jpeg","width":862,"height":720},{"@type":"BreadcrumbList","@id":"http:\/\/cuartetoenlaweb.com.ar\/sitio\/jorge-macri-cruzo-otra-vez-a-kicillof-la-provincia-de-buenos-aires-es-un-desgobierno\/#breadcrumb","itemListElement":[{"@type":"ListItem","position":1,"name":"Portada","item":"http:\/\/cuartetoenlaweb.com.ar\/sitio\/"},{"@type":"ListItem","position":2,"name":"Jorge Macri cruz\u00f3 otra vez a Kicillof: \u201cLa provincia de Buenos Aires es un desgobierno&quot;"}]},{"@type":"WebSite","@id":"http:\/\/cuartetoenlaweb.com.ar\/sitio\/#website","url":"http:\/\/cuartetoenlaweb.com.ar\/sitio\/","name":"Cuarteto en la Web","description":"","publisher":{"@id":"http:\/\/cuartetoenlaweb.com.ar\/sitio\/#organization"},"potentialAction":[{"@type":"SearchAction","target":{"@type":"EntryPoint","urlTemplate":"http:\/\/cuartetoenlaweb.com.ar\/sitio\/?s={search_term_string}"},"query-input":{"@type":"PropertyValueSpecification","valueRequired":true,"valueName":"search_term_string"}}],"inLanguage":"es"},{"@type":"Organization","@id":"http:\/\/cuartetoenlaweb.com.ar\/sitio\/#organization","name":"Cuarteto en la Web","url":"http:\/\/cuartetoenlaweb.com.ar\/sitio\/","logo":{"@type":"ImageObject","inLanguage":"es","@id":"http:\/\/cuartetoenlaweb.com.ar\/sitio\/#\/schema\/logo\/image\/","url":"https:\/\/cuartetoenlaweb.com.ar\/sitio\/wp-content\/uploads\/2025\/07\/cropped-cropped-logitoweb21.png","contentUrl":"https:\/\/cuartetoenlaweb.com.ar\/sitio\/wp-content\/uploads\/2025\/07\/cropped-cropped-logitoweb21.png","width":199,"height":199,"caption":"Cuarteto en la Web"},"image":{"@id":"http:\/\/cuartetoenlaweb.com.ar\/sitio\/#\/schema\/logo\/image\/"}}]}},"_links":{"self":[{"href":"https:\/\/cuartetoenlaweb.com.ar\/sitio\/wp-json\/wp\/v2\/posts\/19076","targetHints":{"allow":["GET"]}}],"collection":[{"href":"https:\/\/cuartetoenlaweb.com.ar\/sitio\/wp-json\/wp\/v2\/posts"}],"about":[{"href":"https:\/\/cuartetoenlaweb.com.ar\/sitio\/wp-json\/wp\/v2\/types\/post"}],"replies":[{"embeddable":true,"href":"https:\/\/cuartetoenlaweb.com.ar\/sitio\/wp-json\/wp\/v2\/comments?post=19076"}],"version-history":[{"count":0,"href":"https:\/\/cuartetoenlaweb.com.ar\/sitio\/wp-json\/wp\/v2\/posts\/19076\/revisions"}],"wp:featuredmedia":[{"embeddable":true,"href":"https:\/\/cuartetoenlaweb.com.ar\/sitio\/wp-json\/wp\/v2\/media\/19077"}],"wp:attachment":[{"href":"https:\/\/cuartetoenlaweb.com.ar\/sitio\/wp-json\/wp\/v2\/media?parent=19076"}],"wp:term":[{"taxonomy":"category","embeddable":true,"href":"https:\/\/cuartetoenlaweb.com.ar\/sitio\/wp-json\/wp\/v2\/categories?post=19076"},{"taxonomy":"post_tag","embeddable":true,"href":"https:\/\/cuartetoenlaweb.com.ar\/sitio\/wp-json\/wp\/v2\/tags?post=19076"}],"curies":[{"name":"wp","href":"https:\/\/api.w.org\/{rel}","templated":true}]}}