
{"id":19064,"date":"2026-04-27T02:00:34","date_gmt":"2026-04-27T05:00:34","guid":{"rendered":"https:\/\/cuartetoenlaweb.com.ar\/sitio\/sturzenegger-justifico-el-achique-en-meteorologia\/"},"modified":"2026-04-27T02:00:34","modified_gmt":"2026-04-27T05:00:34","slug":"sturzenegger-justifico-el-achique-en-meteorologia","status":"publish","type":"post","link":"https:\/\/cuartetoenlaweb.com.ar\/sitio\/sturzenegger-justifico-el-achique-en-meteorologia\/","title":{"rendered":"Sturzenegger justific\u00f3 el &quot;achique&quot; en meteorolog\u00eda"},"content":{"rendered":"<p>El Ministro de Desregulaci\u00f3n y Transformaci\u00f3n del Estado, Federico Sturzenegger, sacudi\u00f3 las redes sociales al exponer en X lo que describe como una \u00abhistoria incre\u00edble\u00bb de ineficiencia tecnol\u00f3gica en el Servicio Meteorol\u00f3gico Nacional (SMN).<\/p>\n<p>Seg\u00fan el funcionario, el organismo opera bajo un esquema que parece haberse detenido en el tiempo, priorizando procesos manuales por sobre la automatizaci\u00f3n que hoy es est\u00e1ndar global.<\/p>\n<p>La estructura del SMN, seg\u00fan el ministro, revela una desproporci\u00f3n llamativa entre el personal de apoyo y el cuerpo profesional: 1.000 personas en total, pero solo 20 meteor\u00f3logos, para unas 100 estaciones, muchas con m\u00e1s de 50 a\u00f1os de antig\u00fcedad.<\/p>\n<p>Lo que m\u00e1s critic\u00f3 es el m\u00e9todo de recolecci\u00f3n de datos. En plena era de sat\u00e9lites y Big Data, el SMN todav\u00eda depender\u00eda de operadores que anotan mediciones en planillas de papel. Luego, esa informaci\u00f3n se vuelca en un sistema operativo DOS (tecnolog\u00eda de los a\u00f1os 80) para ser enviada a los meteor\u00f3logos.<\/p>\n<p><strong>Costo de la ineficiencia<\/strong><\/p>\n<p>Sturzenegger plantea que este modelo no solo es obsoleto, sino extremadamente costoso: \u00abLos sueldos de esas 7 personas (por estaci\u00f3n) permiten pagar una estaci\u00f3n moderna que transmite esos datos en tiempo real y sin necesidad de personal alguno\u00bb.<\/p>\n<p>El ministro sostiene que el organismo podr\u00eda funcionar con mayor precisi\u00f3n y un presupuesto significativamente menor, operando con unas 150 personas en lugar de las 1.000 actuales, si se aplicara una modernizaci\u00f3n dr\u00e1stica.<\/p>\n<p><strong>La modernizaci\u00f3n<\/strong><\/p>\n<p>Sturzenegger propone reemplazar los viejos instrumentos por sensores digitales de transmisi\u00f3n en tiempo real; reducir el personal para reconvertir la estructura de \u00abrecolectores manuales\u00bb a una de an\u00e1lisis t\u00e9cnico; y que el ahorro en salarios financie la renovaci\u00f3n de las estaciones.<\/p><\/p>\n","protected":false},"excerpt":{"rendered":"<p>El Ministro de Desregulaci\u00f3n y Transformaci\u00f3n del Estado, Federico Sturzenegger,<\/p>\n","protected":false},"author":0,"featured_media":19065,"comment_status":"","ping_status":"","sticky":false,"template":"","format":"standard","meta":{"footnotes":""},"categories":[65],"tags":[],"class_list":["post-19064","post","type-post","status-publish","format-standard","has-post-thumbnail","hentry","category-pais"],"yoast_head":"<!-- This site is optimized with the Yoast SEO plugin v27.4 - https:\/\/yoast.com\/product\/yoast-seo-wordpress\/ -->\n<title>Sturzenegger justific\u00f3 el &quot;achique&quot; en meteorolog\u00eda - Cuarteto en la Web<\/title>\n<meta name=\"robots\" content=\"index, follow, max-snippet:-1, max-image-preview:large, max-video-preview:-1\" \/>\n<link rel=\"canonical\" href=\"https:\/\/cuartetoenlaweb.com.ar\/sitio\/sturzenegger-justifico-el-achique-en-meteorologia\/\" \/>\n<meta property=\"og:locale\" content=\"es_ES\" \/>\n<meta property=\"og:type\" content=\"article\" \/>\n<meta property=\"og:title\" content=\"Sturzenegger justific\u00f3 el &quot;achique&quot; en meteorolog\u00eda - Cuarteto en la Web\" \/>\n<meta property=\"og:description\" content=\"El Ministro de Desregulaci\u00f3n y Transformaci\u00f3n del Estado, Federico Sturzenegger,\" \/>\n<meta property=\"og:url\" content=\"https:\/\/cuartetoenlaweb.com.ar\/sitio\/sturzenegger-justifico-el-achique-en-meteorologia\/\" \/>\n<meta property=\"og:site_name\" content=\"Cuarteto en la Web\" \/>\n<meta property=\"article:published_time\" content=\"2026-04-27T05:00:34+00:00\" \/>\n<meta name=\"twitter:card\" content=\"summary_large_image\" \/>\n<meta name=\"twitter:label1\" content=\"Tiempo de lectura\" \/>\n\t<meta name=\"twitter:data1\" content=\"1 minuto\" \/>\n<script type=\"application\/ld+json\" class=\"yoast-schema-graph\">{\"@context\":\"https:\\\/\\\/schema.org\",\"@graph\":[{\"@type\":\"Article\",\"@id\":\"https:\\\/\\\/cuartetoenlaweb.com.ar\\\/sitio\\\/sturzenegger-justifico-el-achique-en-meteorologia\\\/#article\",\"isPartOf\":{\"@id\":\"https:\\\/\\\/cuartetoenlaweb.com.ar\\\/sitio\\\/sturzenegger-justifico-el-achique-en-meteorologia\\\/\"},\"author\":{\"name\":\"\",\"@id\":\"\"},\"headline\":\"Sturzenegger justific\u00f3 el &quot;achique&quot; en meteorolog\u00eda\",\"datePublished\":\"2026-04-27T05:00:34+00:00\",\"mainEntityOfPage\":{\"@id\":\"https:\\\/\\\/cuartetoenlaweb.com.ar\\\/sitio\\\/sturzenegger-justifico-el-achique-en-meteorologia\\\/\"},\"wordCount\":309,\"publisher\":{\"@id\":\"http:\\\/\\\/cuartetoenlaweb.com.ar\\\/sitio\\\/#organization\"},\"image\":{\"@id\":\"https:\\\/\\\/cuartetoenlaweb.com.ar\\\/sitio\\\/sturzenegger-justifico-el-achique-en-meteorologia\\\/#primaryimage\"},\"thumbnailUrl\":\"https:\\\/\\\/cuartetoenlaweb.com.ar\\\/sitio\\\/wp-content\\\/uploads\\\/2026\\\/04\\\/portadax-187.png\",\"articleSection\":[\"PAIS\"],\"inLanguage\":\"es\"},{\"@type\":\"WebPage\",\"@id\":\"https:\\\/\\\/cuartetoenlaweb.com.ar\\\/sitio\\\/sturzenegger-justifico-el-achique-en-meteorologia\\\/\",\"url\":\"https:\\\/\\\/cuartetoenlaweb.com.ar\\\/sitio\\\/sturzenegger-justifico-el-achique-en-meteorologia\\\/\",\"name\":\"Sturzenegger justific\u00f3 el &quot;achique&quot; en meteorolog\u00eda - Cuarteto en la Web\",\"isPartOf\":{\"@id\":\"http:\\\/\\\/cuartetoenlaweb.com.ar\\\/sitio\\\/#website\"},\"primaryImageOfPage\":{\"@id\":\"https:\\\/\\\/cuartetoenlaweb.com.ar\\\/sitio\\\/sturzenegger-justifico-el-achique-en-meteorologia\\\/#primaryimage\"},\"image\":{\"@id\":\"https:\\\/\\\/cuartetoenlaweb.com.ar\\\/sitio\\\/sturzenegger-justifico-el-achique-en-meteorologia\\\/#primaryimage\"},\"thumbnailUrl\":\"https:\\\/\\\/cuartetoenlaweb.com.ar\\\/sitio\\\/wp-content\\\/uploads\\\/2026\\\/04\\\/portadax-187.png\",\"datePublished\":\"2026-04-27T05:00:34+00:00\",\"breadcrumb\":{\"@id\":\"https:\\\/\\\/cuartetoenlaweb.com.ar\\\/sitio\\\/sturzenegger-justifico-el-achique-en-meteorologia\\\/#breadcrumb\"},\"inLanguage\":\"es\",\"potentialAction\":[{\"@type\":\"ReadAction\",\"target\":[\"https:\\\/\\\/cuartetoenlaweb.com.ar\\\/sitio\\\/sturzenegger-justifico-el-achique-en-meteorologia\\\/\"]}]},{\"@type\":\"ImageObject\",\"inLanguage\":\"es\",\"@id\":\"https:\\\/\\\/cuartetoenlaweb.com.ar\\\/sitio\\\/sturzenegger-justifico-el-achique-en-meteorologia\\\/#primaryimage\",\"url\":\"https:\\\/\\\/cuartetoenlaweb.com.ar\\\/sitio\\\/wp-content\\\/uploads\\\/2026\\\/04\\\/portadax-187.png\",\"contentUrl\":\"https:\\\/\\\/cuartetoenlaweb.com.ar\\\/sitio\\\/wp-content\\\/uploads\\\/2026\\\/04\\\/portadax-187.png\",\"width\":1366,\"height\":768},{\"@type\":\"BreadcrumbList\",\"@id\":\"https:\\\/\\\/cuartetoenlaweb.com.ar\\\/sitio\\\/sturzenegger-justifico-el-achique-en-meteorologia\\\/#breadcrumb\",\"itemListElement\":[{\"@type\":\"ListItem\",\"position\":1,\"name\":\"Portada\",\"item\":\"http:\\\/\\\/cuartetoenlaweb.com.ar\\\/sitio\\\/\"},{\"@type\":\"ListItem\",\"position\":2,\"name\":\"Sturzenegger justific\u00f3 el &quot;achique&quot; en meteorolog\u00eda\"}]},{\"@type\":\"WebSite\",\"@id\":\"http:\\\/\\\/cuartetoenlaweb.com.ar\\\/sitio\\\/#website\",\"url\":\"http:\\\/\\\/cuartetoenlaweb.com.ar\\\/sitio\\\/\",\"name\":\"Cuarteto en la Web\",\"description\":\"\",\"publisher\":{\"@id\":\"http:\\\/\\\/cuartetoenlaweb.com.ar\\\/sitio\\\/#organization\"},\"potentialAction\":[{\"@type\":\"SearchAction\",\"target\":{\"@type\":\"EntryPoint\",\"urlTemplate\":\"http:\\\/\\\/cuartetoenlaweb.com.ar\\\/sitio\\\/?s={search_term_string}\"},\"query-input\":{\"@type\":\"PropertyValueSpecification\",\"valueRequired\":true,\"valueName\":\"search_term_string\"}}],\"inLanguage\":\"es\"},{\"@type\":\"Organization\",\"@id\":\"http:\\\/\\\/cuartetoenlaweb.com.ar\\\/sitio\\\/#organization\",\"name\":\"Cuarteto en la Web\",\"url\":\"http:\\\/\\\/cuartetoenlaweb.com.ar\\\/sitio\\\/\",\"logo\":{\"@type\":\"ImageObject\",\"inLanguage\":\"es\",\"@id\":\"http:\\\/\\\/cuartetoenlaweb.com.ar\\\/sitio\\\/#\\\/schema\\\/logo\\\/image\\\/\",\"url\":\"https:\\\/\\\/cuartetoenlaweb.com.ar\\\/sitio\\\/wp-content\\\/uploads\\\/2025\\\/07\\\/cropped-cropped-logitoweb21.png\",\"contentUrl\":\"https:\\\/\\\/cuartetoenlaweb.com.ar\\\/sitio\\\/wp-content\\\/uploads\\\/2025\\\/07\\\/cropped-cropped-logitoweb21.png\",\"width\":199,\"height\":199,\"caption\":\"Cuarteto en la Web\"},\"image\":{\"@id\":\"http:\\\/\\\/cuartetoenlaweb.com.ar\\\/sitio\\\/#\\\/schema\\\/logo\\\/image\\\/\"}}]}<\/script>\n<!-- \/ Yoast SEO plugin. -->","yoast_head_json":{"title":"Sturzenegger justific\u00f3 el &quot;achique&quot; en meteorolog\u00eda - Cuarteto en la Web","robots":{"index":"index","follow":"follow","max-snippet":"max-snippet:-1","max-image-preview":"max-image-preview:large","max-video-preview":"max-video-preview:-1"},"canonical":"https:\/\/cuartetoenlaweb.com.ar\/sitio\/sturzenegger-justifico-el-achique-en-meteorologia\/","og_locale":"es_ES","og_type":"article","og_title":"Sturzenegger justific\u00f3 el &quot;achique&quot; en meteorolog\u00eda - Cuarteto en la Web","og_description":"El Ministro de Desregulaci\u00f3n y Transformaci\u00f3n del Estado, Federico Sturzenegger,","og_url":"https:\/\/cuartetoenlaweb.com.ar\/sitio\/sturzenegger-justifico-el-achique-en-meteorologia\/","og_site_name":"Cuarteto en la Web","article_published_time":"2026-04-27T05:00:34+00:00","twitter_card":"summary_large_image","twitter_misc":{"Tiempo de lectura":"1 minuto"},"schema":{"@context":"https:\/\/schema.org","@graph":[{"@type":"Article","@id":"https:\/\/cuartetoenlaweb.com.ar\/sitio\/sturzenegger-justifico-el-achique-en-meteorologia\/#article","isPartOf":{"@id":"https:\/\/cuartetoenlaweb.com.ar\/sitio\/sturzenegger-justifico-el-achique-en-meteorologia\/"},"author":{"name":"","@id":""},"headline":"Sturzenegger justific\u00f3 el &quot;achique&quot; en meteorolog\u00eda","datePublished":"2026-04-27T05:00:34+00:00","mainEntityOfPage":{"@id":"https:\/\/cuartetoenlaweb.com.ar\/sitio\/sturzenegger-justifico-el-achique-en-meteorologia\/"},"wordCount":309,"publisher":{"@id":"http:\/\/cuartetoenlaweb.com.ar\/sitio\/#organization"},"image":{"@id":"https:\/\/cuartetoenlaweb.com.ar\/sitio\/sturzenegger-justifico-el-achique-en-meteorologia\/#primaryimage"},"thumbnailUrl":"https:\/\/cuartetoenlaweb.com.ar\/sitio\/wp-content\/uploads\/2026\/04\/portadax-187.png","articleSection":["PAIS"],"inLanguage":"es"},{"@type":"WebPage","@id":"https:\/\/cuartetoenlaweb.com.ar\/sitio\/sturzenegger-justifico-el-achique-en-meteorologia\/","url":"https:\/\/cuartetoenlaweb.com.ar\/sitio\/sturzenegger-justifico-el-achique-en-meteorologia\/","name":"Sturzenegger justific\u00f3 el &quot;achique&quot; en meteorolog\u00eda - Cuarteto en la Web","isPartOf":{"@id":"http:\/\/cuartetoenlaweb.com.ar\/sitio\/#website"},"primaryImageOfPage":{"@id":"https:\/\/cuartetoenlaweb.com.ar\/sitio\/sturzenegger-justifico-el-achique-en-meteorologia\/#primaryimage"},"image":{"@id":"https:\/\/cuartetoenlaweb.com.ar\/sitio\/sturzenegger-justifico-el-achique-en-meteorologia\/#primaryimage"},"thumbnailUrl":"https:\/\/cuartetoenlaweb.com.ar\/sitio\/wp-content\/uploads\/2026\/04\/portadax-187.png","datePublished":"2026-04-27T05:00:34+00:00","breadcrumb":{"@id":"https:\/\/cuartetoenlaweb.com.ar\/sitio\/sturzenegger-justifico-el-achique-en-meteorologia\/#breadcrumb"},"inLanguage":"es","potentialAction":[{"@type":"ReadAction","target":["https:\/\/cuartetoenlaweb.com.ar\/sitio\/sturzenegger-justifico-el-achique-en-meteorologia\/"]}]},{"@type":"ImageObject","inLanguage":"es","@id":"https:\/\/cuartetoenlaweb.com.ar\/sitio\/sturzenegger-justifico-el-achique-en-meteorologia\/#primaryimage","url":"https:\/\/cuartetoenlaweb.com.ar\/sitio\/wp-content\/uploads\/2026\/04\/portadax-187.png","contentUrl":"https:\/\/cuartetoenlaweb.com.ar\/sitio\/wp-content\/uploads\/2026\/04\/portadax-187.png","width":1366,"height":768},{"@type":"BreadcrumbList","@id":"https:\/\/cuartetoenlaweb.com.ar\/sitio\/sturzenegger-justifico-el-achique-en-meteorologia\/#breadcrumb","itemListElement":[{"@type":"ListItem","position":1,"name":"Portada","item":"http:\/\/cuartetoenlaweb.com.ar\/sitio\/"},{"@type":"ListItem","position":2,"name":"Sturzenegger justific\u00f3 el &quot;achique&quot; en meteorolog\u00eda"}]},{"@type":"WebSite","@id":"http:\/\/cuartetoenlaweb.com.ar\/sitio\/#website","url":"http:\/\/cuartetoenlaweb.com.ar\/sitio\/","name":"Cuarteto en la Web","description":"","publisher":{"@id":"http:\/\/cuartetoenlaweb.com.ar\/sitio\/#organization"},"potentialAction":[{"@type":"SearchAction","target":{"@type":"EntryPoint","urlTemplate":"http:\/\/cuartetoenlaweb.com.ar\/sitio\/?s={search_term_string}"},"query-input":{"@type":"PropertyValueSpecification","valueRequired":true,"valueName":"search_term_string"}}],"inLanguage":"es"},{"@type":"Organization","@id":"http:\/\/cuartetoenlaweb.com.ar\/sitio\/#organization","name":"Cuarteto en la Web","url":"http:\/\/cuartetoenlaweb.com.ar\/sitio\/","logo":{"@type":"ImageObject","inLanguage":"es","@id":"http:\/\/cuartetoenlaweb.com.ar\/sitio\/#\/schema\/logo\/image\/","url":"https:\/\/cuartetoenlaweb.com.ar\/sitio\/wp-content\/uploads\/2025\/07\/cropped-cropped-logitoweb21.png","contentUrl":"https:\/\/cuartetoenlaweb.com.ar\/sitio\/wp-content\/uploads\/2025\/07\/cropped-cropped-logitoweb21.png","width":199,"height":199,"caption":"Cuarteto en la Web"},"image":{"@id":"http:\/\/cuartetoenlaweb.com.ar\/sitio\/#\/schema\/logo\/image\/"}}]}},"_links":{"self":[{"href":"https:\/\/cuartetoenlaweb.com.ar\/sitio\/wp-json\/wp\/v2\/posts\/19064","targetHints":{"allow":["GET"]}}],"collection":[{"href":"https:\/\/cuartetoenlaweb.com.ar\/sitio\/wp-json\/wp\/v2\/posts"}],"about":[{"href":"https:\/\/cuartetoenlaweb.com.ar\/sitio\/wp-json\/wp\/v2\/types\/post"}],"replies":[{"embeddable":true,"href":"https:\/\/cuartetoenlaweb.com.ar\/sitio\/wp-json\/wp\/v2\/comments?post=19064"}],"version-history":[{"count":0,"href":"https:\/\/cuartetoenlaweb.com.ar\/sitio\/wp-json\/wp\/v2\/posts\/19064\/revisions"}],"wp:featuredmedia":[{"embeddable":true,"href":"https:\/\/cuartetoenlaweb.com.ar\/sitio\/wp-json\/wp\/v2\/media\/19065"}],"wp:attachment":[{"href":"https:\/\/cuartetoenlaweb.com.ar\/sitio\/wp-json\/wp\/v2\/media?parent=19064"}],"wp:term":[{"taxonomy":"category","embeddable":true,"href":"https:\/\/cuartetoenlaweb.com.ar\/sitio\/wp-json\/wp\/v2\/categories?post=19064"},{"taxonomy":"post_tag","embeddable":true,"href":"https:\/\/cuartetoenlaweb.com.ar\/sitio\/wp-json\/wp\/v2\/tags?post=19064"}],"curies":[{"name":"wp","href":"https:\/\/api.w.org\/{rel}","templated":true}]}}