
{"id":19058,"date":"2026-04-27T02:00:25","date_gmt":"2026-04-27T05:00:25","guid":{"rendered":"https:\/\/cuartetoenlaweb.com.ar\/sitio\/cobos-finalizo-el-adoquinado-de-la-avenida\/"},"modified":"2026-04-27T02:00:25","modified_gmt":"2026-04-27T05:00:25","slug":"cobos-finalizo-el-adoquinado-de-la-avenida","status":"publish","type":"post","link":"https:\/\/cuartetoenlaweb.com.ar\/sitio\/cobos-finalizo-el-adoquinado-de-la-avenida\/","title":{"rendered":"Cobos: Finaliz\u00f3 el adoquinado de la avenida"},"content":{"rendered":"<p>Qued\u00f3 inaugurado el \u00faltimo tramo del adoquinado de la calle principal de Cobos. Son 400 metros lineales de pavimento articulado (adoquines), con el correspondiente cord\u00f3n cuneta. Se completan as\u00ed los 1200 metros de adoquinado sobre la avenida principal, desde el ingreso al pueblo sobre ruta provincial N\u00ba 9 y la escuela primaria Miguel Lardies, ubicada al final de la zona urbanizada. Esta avenida cruza en forma lineal la localidad de Cobos, atraviesa el r\u00edo Mojotoro ingresando a Campo Santo, transform\u00e1ndose en la avenida 9 de Julio, para salir con direcci\u00f3n a El Bordo nuevamente como ruta provincial 12, recorre todo el territorio borde\u00f1o, para finalizar cortando un tramo de la ruta nacional 34, a unos 3 km del ingreso a G\u00fcemes. \u00abMe compromet\u00ed a completar el adoquinado porque vi c\u00f3mo los alumnos deb\u00edan caminar por el barro en \u00e9pocas de lluvia para asistir a clases. Hoy estamos cumpliendo con ese compromiso\u00bb, manifest\u00f3 el intendente Facundo Tach\u00e9.<\/p>\n<p><strong>Preocupa la obra del Fuerte de Cobos<\/strong><\/p>\n<p>Con respecto al Fuerte de Cobos, que hoy est\u00e1 cerrado al p\u00fablico por una obra de restauraci\u00f3n sin terminar, el intendente Facundo Tach\u00e9 expres\u00f3: \u00abEs lamentable su actual estado, la obra de restauraci\u00f3n comenz\u00f3 a realizarse en la gesti\u00f3n anterior, quedando abandonada sin terminar. Por ser un monumento nacional, los recursos deben ser enviados desde Naci\u00f3n, pero este es un claro ejemplo que hacer a medias las obras,  genera mayores complicaciones. Vamos a continuar con las gestiones para que la restauraci\u00f3n del fuerte contin\u00fae, debido a que se trata de uno de los puntos tur\u00edsticos m\u00e1s importantes de nuestro departamento\u00bb. \u00abCobos necesita muchas cosas, pero lo lamentable es que sus centenarias casas se est\u00e1n derrumbando, o son recuperadas con materiales m\u00e1s modernos, debido a que, por ser de adobe, algunas se debilitaron mucho con el tiempo y sus actuales propietarios no tienen m\u00e1s opci\u00f3n de levantar paredes de ladrillo o cambiar las tejas por chapas, lentamente estamos perdiendo un patrimonio hist\u00f3rico invaluables desde todo punto de vista\u00bb manifest\u00f3 el senador por G\u00fcemes, Enrique Cornejo.  <\/p><\/p>\n","protected":false},"excerpt":{"rendered":"<p>Qued\u00f3 inaugurado el \u00faltimo tramo del adoquinado de la calle<\/p>\n","protected":false},"author":0,"featured_media":19059,"comment_status":"","ping_status":"","sticky":false,"template":"","format":"standard","meta":{"footnotes":""},"categories":[65],"tags":[],"class_list":["post-19058","post","type-post","status-publish","format-standard","has-post-thumbnail","hentry","category-pais"],"yoast_head":"<!-- This site is optimized with the Yoast SEO plugin v27.4 - https:\/\/yoast.com\/product\/yoast-seo-wordpress\/ -->\n<title>Cobos: Finaliz\u00f3 el adoquinado de la avenida - Cuarteto en la Web<\/title>\n<meta name=\"robots\" content=\"index, follow, max-snippet:-1, max-image-preview:large, max-video-preview:-1\" \/>\n<link rel=\"canonical\" href=\"https:\/\/cuartetoenlaweb.com.ar\/sitio\/cobos-finalizo-el-adoquinado-de-la-avenida\/\" \/>\n<meta property=\"og:locale\" content=\"es_ES\" \/>\n<meta property=\"og:type\" content=\"article\" \/>\n<meta property=\"og:title\" content=\"Cobos: Finaliz\u00f3 el adoquinado de la avenida - Cuarteto en la Web\" \/>\n<meta property=\"og:description\" content=\"Qued\u00f3 inaugurado el \u00faltimo tramo del adoquinado de la calle\" \/>\n<meta property=\"og:url\" content=\"https:\/\/cuartetoenlaweb.com.ar\/sitio\/cobos-finalizo-el-adoquinado-de-la-avenida\/\" \/>\n<meta property=\"og:site_name\" content=\"Cuarteto en la Web\" \/>\n<meta property=\"article:published_time\" content=\"2026-04-27T05:00:25+00:00\" \/>\n<meta property=\"og:image\" content=\"https:\/\/cuartetoenlaweb.com.ar\/sitio\/wp-content\/uploads\/2026\/04\/portadax-185.png\" \/>\n\t<meta property=\"og:image:width\" content=\"1366\" \/>\n\t<meta property=\"og:image:height\" content=\"768\" \/>\n\t<meta property=\"og:image:type\" content=\"image\/png\" \/>\n<meta name=\"twitter:card\" content=\"summary_large_image\" \/>\n<meta name=\"twitter:label1\" content=\"Tiempo de lectura\" \/>\n\t<meta name=\"twitter:data1\" content=\"2 minutos\" \/>\n<script type=\"application\/ld+json\" class=\"yoast-schema-graph\">{\"@context\":\"https:\\\/\\\/schema.org\",\"@graph\":[{\"@type\":\"Article\",\"@id\":\"https:\\\/\\\/cuartetoenlaweb.com.ar\\\/sitio\\\/cobos-finalizo-el-adoquinado-de-la-avenida\\\/#article\",\"isPartOf\":{\"@id\":\"https:\\\/\\\/cuartetoenlaweb.com.ar\\\/sitio\\\/cobos-finalizo-el-adoquinado-de-la-avenida\\\/\"},\"author\":{\"name\":\"\",\"@id\":\"\"},\"headline\":\"Cobos: Finaliz\u00f3 el adoquinado de la avenida\",\"datePublished\":\"2026-04-27T05:00:25+00:00\",\"mainEntityOfPage\":{\"@id\":\"https:\\\/\\\/cuartetoenlaweb.com.ar\\\/sitio\\\/cobos-finalizo-el-adoquinado-de-la-avenida\\\/\"},\"wordCount\":360,\"publisher\":{\"@id\":\"https:\\\/\\\/cuartetoenlaweb.com.ar\\\/sitio\\\/#organization\"},\"image\":{\"@id\":\"https:\\\/\\\/cuartetoenlaweb.com.ar\\\/sitio\\\/cobos-finalizo-el-adoquinado-de-la-avenida\\\/#primaryimage\"},\"thumbnailUrl\":\"https:\\\/\\\/cuartetoenlaweb.com.ar\\\/sitio\\\/wp-content\\\/uploads\\\/2026\\\/04\\\/portadax-185.png\",\"articleSection\":[\"PAIS\"],\"inLanguage\":\"es\"},{\"@type\":\"WebPage\",\"@id\":\"https:\\\/\\\/cuartetoenlaweb.com.ar\\\/sitio\\\/cobos-finalizo-el-adoquinado-de-la-avenida\\\/\",\"url\":\"https:\\\/\\\/cuartetoenlaweb.com.ar\\\/sitio\\\/cobos-finalizo-el-adoquinado-de-la-avenida\\\/\",\"name\":\"Cobos: Finaliz\u00f3 el adoquinado de la avenida - Cuarteto en la Web\",\"isPartOf\":{\"@id\":\"https:\\\/\\\/cuartetoenlaweb.com.ar\\\/sitio\\\/#website\"},\"primaryImageOfPage\":{\"@id\":\"https:\\\/\\\/cuartetoenlaweb.com.ar\\\/sitio\\\/cobos-finalizo-el-adoquinado-de-la-avenida\\\/#primaryimage\"},\"image\":{\"@id\":\"https:\\\/\\\/cuartetoenlaweb.com.ar\\\/sitio\\\/cobos-finalizo-el-adoquinado-de-la-avenida\\\/#primaryimage\"},\"thumbnailUrl\":\"https:\\\/\\\/cuartetoenlaweb.com.ar\\\/sitio\\\/wp-content\\\/uploads\\\/2026\\\/04\\\/portadax-185.png\",\"datePublished\":\"2026-04-27T05:00:25+00:00\",\"breadcrumb\":{\"@id\":\"https:\\\/\\\/cuartetoenlaweb.com.ar\\\/sitio\\\/cobos-finalizo-el-adoquinado-de-la-avenida\\\/#breadcrumb\"},\"inLanguage\":\"es\",\"potentialAction\":[{\"@type\":\"ReadAction\",\"target\":[\"https:\\\/\\\/cuartetoenlaweb.com.ar\\\/sitio\\\/cobos-finalizo-el-adoquinado-de-la-avenida\\\/\"]}]},{\"@type\":\"ImageObject\",\"inLanguage\":\"es\",\"@id\":\"https:\\\/\\\/cuartetoenlaweb.com.ar\\\/sitio\\\/cobos-finalizo-el-adoquinado-de-la-avenida\\\/#primaryimage\",\"url\":\"https:\\\/\\\/cuartetoenlaweb.com.ar\\\/sitio\\\/wp-content\\\/uploads\\\/2026\\\/04\\\/portadax-185.png\",\"contentUrl\":\"https:\\\/\\\/cuartetoenlaweb.com.ar\\\/sitio\\\/wp-content\\\/uploads\\\/2026\\\/04\\\/portadax-185.png\",\"width\":1366,\"height\":768},{\"@type\":\"BreadcrumbList\",\"@id\":\"https:\\\/\\\/cuartetoenlaweb.com.ar\\\/sitio\\\/cobos-finalizo-el-adoquinado-de-la-avenida\\\/#breadcrumb\",\"itemListElement\":[{\"@type\":\"ListItem\",\"position\":1,\"name\":\"Portada\",\"item\":\"https:\\\/\\\/cuartetoenlaweb.com.ar\\\/sitio\\\/\"},{\"@type\":\"ListItem\",\"position\":2,\"name\":\"Cobos: Finaliz\u00f3 el adoquinado de la avenida\"}]},{\"@type\":\"WebSite\",\"@id\":\"https:\\\/\\\/cuartetoenlaweb.com.ar\\\/sitio\\\/#website\",\"url\":\"https:\\\/\\\/cuartetoenlaweb.com.ar\\\/sitio\\\/\",\"name\":\"Cuarteto en la Web\",\"description\":\"\",\"publisher\":{\"@id\":\"https:\\\/\\\/cuartetoenlaweb.com.ar\\\/sitio\\\/#organization\"},\"potentialAction\":[{\"@type\":\"SearchAction\",\"target\":{\"@type\":\"EntryPoint\",\"urlTemplate\":\"https:\\\/\\\/cuartetoenlaweb.com.ar\\\/sitio\\\/?s={search_term_string}\"},\"query-input\":{\"@type\":\"PropertyValueSpecification\",\"valueRequired\":true,\"valueName\":\"search_term_string\"}}],\"inLanguage\":\"es\"},{\"@type\":\"Organization\",\"@id\":\"https:\\\/\\\/cuartetoenlaweb.com.ar\\\/sitio\\\/#organization\",\"name\":\"Cuarteto en la Web\",\"url\":\"https:\\\/\\\/cuartetoenlaweb.com.ar\\\/sitio\\\/\",\"logo\":{\"@type\":\"ImageObject\",\"inLanguage\":\"es\",\"@id\":\"https:\\\/\\\/cuartetoenlaweb.com.ar\\\/sitio\\\/#\\\/schema\\\/logo\\\/image\\\/\",\"url\":\"https:\\\/\\\/cuartetoenlaweb.com.ar\\\/sitio\\\/wp-content\\\/uploads\\\/2025\\\/07\\\/cropped-cropped-logitoweb21.png\",\"contentUrl\":\"https:\\\/\\\/cuartetoenlaweb.com.ar\\\/sitio\\\/wp-content\\\/uploads\\\/2025\\\/07\\\/cropped-cropped-logitoweb21.png\",\"width\":199,\"height\":199,\"caption\":\"Cuarteto en la Web\"},\"image\":{\"@id\":\"https:\\\/\\\/cuartetoenlaweb.com.ar\\\/sitio\\\/#\\\/schema\\\/logo\\\/image\\\/\"}}]}<\/script>\n<!-- \/ Yoast SEO plugin. -->","yoast_head_json":{"title":"Cobos: Finaliz\u00f3 el adoquinado de la avenida - Cuarteto en la Web","robots":{"index":"index","follow":"follow","max-snippet":"max-snippet:-1","max-image-preview":"max-image-preview:large","max-video-preview":"max-video-preview:-1"},"canonical":"https:\/\/cuartetoenlaweb.com.ar\/sitio\/cobos-finalizo-el-adoquinado-de-la-avenida\/","og_locale":"es_ES","og_type":"article","og_title":"Cobos: Finaliz\u00f3 el adoquinado de la avenida - Cuarteto en la Web","og_description":"Qued\u00f3 inaugurado el \u00faltimo tramo del adoquinado de la calle","og_url":"https:\/\/cuartetoenlaweb.com.ar\/sitio\/cobos-finalizo-el-adoquinado-de-la-avenida\/","og_site_name":"Cuarteto en la Web","article_published_time":"2026-04-27T05:00:25+00:00","og_image":[{"width":1366,"height":768,"url":"https:\/\/cuartetoenlaweb.com.ar\/sitio\/wp-content\/uploads\/2026\/04\/portadax-185.png","type":"image\/png"}],"twitter_card":"summary_large_image","twitter_misc":{"Tiempo de lectura":"2 minutos"},"schema":{"@context":"https:\/\/schema.org","@graph":[{"@type":"Article","@id":"https:\/\/cuartetoenlaweb.com.ar\/sitio\/cobos-finalizo-el-adoquinado-de-la-avenida\/#article","isPartOf":{"@id":"https:\/\/cuartetoenlaweb.com.ar\/sitio\/cobos-finalizo-el-adoquinado-de-la-avenida\/"},"author":{"name":"","@id":""},"headline":"Cobos: Finaliz\u00f3 el adoquinado de la avenida","datePublished":"2026-04-27T05:00:25+00:00","mainEntityOfPage":{"@id":"https:\/\/cuartetoenlaweb.com.ar\/sitio\/cobos-finalizo-el-adoquinado-de-la-avenida\/"},"wordCount":360,"publisher":{"@id":"https:\/\/cuartetoenlaweb.com.ar\/sitio\/#organization"},"image":{"@id":"https:\/\/cuartetoenlaweb.com.ar\/sitio\/cobos-finalizo-el-adoquinado-de-la-avenida\/#primaryimage"},"thumbnailUrl":"https:\/\/cuartetoenlaweb.com.ar\/sitio\/wp-content\/uploads\/2026\/04\/portadax-185.png","articleSection":["PAIS"],"inLanguage":"es"},{"@type":"WebPage","@id":"https:\/\/cuartetoenlaweb.com.ar\/sitio\/cobos-finalizo-el-adoquinado-de-la-avenida\/","url":"https:\/\/cuartetoenlaweb.com.ar\/sitio\/cobos-finalizo-el-adoquinado-de-la-avenida\/","name":"Cobos: Finaliz\u00f3 el adoquinado de la avenida - Cuarteto en la Web","isPartOf":{"@id":"https:\/\/cuartetoenlaweb.com.ar\/sitio\/#website"},"primaryImageOfPage":{"@id":"https:\/\/cuartetoenlaweb.com.ar\/sitio\/cobos-finalizo-el-adoquinado-de-la-avenida\/#primaryimage"},"image":{"@id":"https:\/\/cuartetoenlaweb.com.ar\/sitio\/cobos-finalizo-el-adoquinado-de-la-avenida\/#primaryimage"},"thumbnailUrl":"https:\/\/cuartetoenlaweb.com.ar\/sitio\/wp-content\/uploads\/2026\/04\/portadax-185.png","datePublished":"2026-04-27T05:00:25+00:00","breadcrumb":{"@id":"https:\/\/cuartetoenlaweb.com.ar\/sitio\/cobos-finalizo-el-adoquinado-de-la-avenida\/#breadcrumb"},"inLanguage":"es","potentialAction":[{"@type":"ReadAction","target":["https:\/\/cuartetoenlaweb.com.ar\/sitio\/cobos-finalizo-el-adoquinado-de-la-avenida\/"]}]},{"@type":"ImageObject","inLanguage":"es","@id":"https:\/\/cuartetoenlaweb.com.ar\/sitio\/cobos-finalizo-el-adoquinado-de-la-avenida\/#primaryimage","url":"https:\/\/cuartetoenlaweb.com.ar\/sitio\/wp-content\/uploads\/2026\/04\/portadax-185.png","contentUrl":"https:\/\/cuartetoenlaweb.com.ar\/sitio\/wp-content\/uploads\/2026\/04\/portadax-185.png","width":1366,"height":768},{"@type":"BreadcrumbList","@id":"https:\/\/cuartetoenlaweb.com.ar\/sitio\/cobos-finalizo-el-adoquinado-de-la-avenida\/#breadcrumb","itemListElement":[{"@type":"ListItem","position":1,"name":"Portada","item":"https:\/\/cuartetoenlaweb.com.ar\/sitio\/"},{"@type":"ListItem","position":2,"name":"Cobos: Finaliz\u00f3 el adoquinado de la avenida"}]},{"@type":"WebSite","@id":"https:\/\/cuartetoenlaweb.com.ar\/sitio\/#website","url":"https:\/\/cuartetoenlaweb.com.ar\/sitio\/","name":"Cuarteto en la Web","description":"","publisher":{"@id":"https:\/\/cuartetoenlaweb.com.ar\/sitio\/#organization"},"potentialAction":[{"@type":"SearchAction","target":{"@type":"EntryPoint","urlTemplate":"https:\/\/cuartetoenlaweb.com.ar\/sitio\/?s={search_term_string}"},"query-input":{"@type":"PropertyValueSpecification","valueRequired":true,"valueName":"search_term_string"}}],"inLanguage":"es"},{"@type":"Organization","@id":"https:\/\/cuartetoenlaweb.com.ar\/sitio\/#organization","name":"Cuarteto en la Web","url":"https:\/\/cuartetoenlaweb.com.ar\/sitio\/","logo":{"@type":"ImageObject","inLanguage":"es","@id":"https:\/\/cuartetoenlaweb.com.ar\/sitio\/#\/schema\/logo\/image\/","url":"https:\/\/cuartetoenlaweb.com.ar\/sitio\/wp-content\/uploads\/2025\/07\/cropped-cropped-logitoweb21.png","contentUrl":"https:\/\/cuartetoenlaweb.com.ar\/sitio\/wp-content\/uploads\/2025\/07\/cropped-cropped-logitoweb21.png","width":199,"height":199,"caption":"Cuarteto en la Web"},"image":{"@id":"https:\/\/cuartetoenlaweb.com.ar\/sitio\/#\/schema\/logo\/image\/"}}]}},"_links":{"self":[{"href":"https:\/\/cuartetoenlaweb.com.ar\/sitio\/wp-json\/wp\/v2\/posts\/19058","targetHints":{"allow":["GET"]}}],"collection":[{"href":"https:\/\/cuartetoenlaweb.com.ar\/sitio\/wp-json\/wp\/v2\/posts"}],"about":[{"href":"https:\/\/cuartetoenlaweb.com.ar\/sitio\/wp-json\/wp\/v2\/types\/post"}],"replies":[{"embeddable":true,"href":"https:\/\/cuartetoenlaweb.com.ar\/sitio\/wp-json\/wp\/v2\/comments?post=19058"}],"version-history":[{"count":0,"href":"https:\/\/cuartetoenlaweb.com.ar\/sitio\/wp-json\/wp\/v2\/posts\/19058\/revisions"}],"wp:featuredmedia":[{"embeddable":true,"href":"https:\/\/cuartetoenlaweb.com.ar\/sitio\/wp-json\/wp\/v2\/media\/19059"}],"wp:attachment":[{"href":"https:\/\/cuartetoenlaweb.com.ar\/sitio\/wp-json\/wp\/v2\/media?parent=19058"}],"wp:term":[{"taxonomy":"category","embeddable":true,"href":"https:\/\/cuartetoenlaweb.com.ar\/sitio\/wp-json\/wp\/v2\/categories?post=19058"},{"taxonomy":"post_tag","embeddable":true,"href":"https:\/\/cuartetoenlaweb.com.ar\/sitio\/wp-json\/wp\/v2\/tags?post=19058"}],"curies":[{"name":"wp","href":"https:\/\/api.w.org\/{rel}","templated":true}]}}