
{"id":19046,"date":"2026-04-27T02:00:05","date_gmt":"2026-04-27T05:00:05","guid":{"rendered":"https:\/\/cuartetoenlaweb.com.ar\/sitio\/la-argentina-de-javier-milei-las-respuestas-al-posteo-libertario-que-quiso-sacar-redito-politico-de-colapinto\/"},"modified":"2026-04-27T02:00:05","modified_gmt":"2026-04-27T05:00:05","slug":"la-argentina-de-javier-milei-las-respuestas-al-posteo-libertario-que-quiso-sacar-redito-politico-de-colapinto","status":"publish","type":"post","link":"https:\/\/cuartetoenlaweb.com.ar\/sitio\/la-argentina-de-javier-milei-las-respuestas-al-posteo-libertario-que-quiso-sacar-redito-politico-de-colapinto\/","title":{"rendered":"&quot;La Argentina de Javier Milei&quot;, las respuestas al posteo libertario que quiso sacar r\u00e9dito pol\u00edtico de Colapinto"},"content":{"rendered":"<p>El relato del gobierno libertario convence a cada vez menos gente. <\/p>\n<p>La moral como pol\u00edtica de Estado, o la supuesta baja de la inflaci\u00f3n, son dos ejemplos de la mentira que intenta tapar la realidad ante los m\u00faltiples casos de corrupci\u00f3n que tienen como protagonistas a Javier y Karina Milei, y Manuel Adorni. <\/p>\n<p>Caso $Libra, Andis, el 3 por ciento, las valijas no declaradas, los lazos con el narco (Kueider, Villaverde y Espert), la red de ANSES para quedarse con las jubilaciones, entre otros. <\/p>\n<p>La cuenta del stream oficial Carajo public\u00f3 una foto de la multitud que reuni\u00f3 Franco Colapinto en Buenos Aires con una muy linda foto y esta leyenda \u201cLa Argentina de Javier Milei\u201d. <\/p>\n<p>Y las redes reaccionaron con estas fotos\u2026<\/p>\n","protected":false},"excerpt":{"rendered":"<p>El relato del gobierno libertario convence a cada vez menos<\/p>\n","protected":false},"author":0,"featured_media":19047,"comment_status":"","ping_status":"","sticky":false,"template":"","format":"standard","meta":{"footnotes":""},"categories":[65],"tags":[],"class_list":["post-19046","post","type-post","status-publish","format-standard","has-post-thumbnail","hentry","category-pais"],"yoast_head":"<!-- This site is optimized with the Yoast SEO plugin v27.4 - https:\/\/yoast.com\/product\/yoast-seo-wordpress\/ -->\n<title>&quot;La Argentina de Javier Milei&quot;, las respuestas al posteo libertario que quiso sacar r\u00e9dito pol\u00edtico de Colapinto - Cuarteto en la Web<\/title>\n<meta name=\"robots\" content=\"index, follow, max-snippet:-1, max-image-preview:large, max-video-preview:-1\" \/>\n<link rel=\"canonical\" href=\"https:\/\/cuartetoenlaweb.com.ar\/sitio\/la-argentina-de-javier-milei-las-respuestas-al-posteo-libertario-que-quiso-sacar-redito-politico-de-colapinto\/\" \/>\n<meta property=\"og:locale\" content=\"es_ES\" \/>\n<meta property=\"og:type\" content=\"article\" \/>\n<meta property=\"og:title\" content=\"&quot;La Argentina de Javier Milei&quot;, las respuestas al posteo libertario que quiso sacar r\u00e9dito pol\u00edtico de Colapinto - Cuarteto en la Web\" \/>\n<meta property=\"og:description\" content=\"El relato del gobierno libertario convence a cada vez menos\" \/>\n<meta property=\"og:url\" content=\"https:\/\/cuartetoenlaweb.com.ar\/sitio\/la-argentina-de-javier-milei-las-respuestas-al-posteo-libertario-que-quiso-sacar-redito-politico-de-colapinto\/\" \/>\n<meta property=\"og:site_name\" content=\"Cuarteto en la Web\" \/>\n<meta property=\"article:published_time\" content=\"2026-04-27T05:00:05+00:00\" \/>\n<meta name=\"twitter:card\" content=\"summary_large_image\" \/>\n<meta name=\"twitter:label1\" content=\"Tiempo de lectura\" \/>\n\t<meta name=\"twitter:data1\" content=\"1 minuto\" \/>\n<script type=\"application\/ld+json\" class=\"yoast-schema-graph\">{\"@context\":\"https:\\\/\\\/schema.org\",\"@graph\":[{\"@type\":\"Article\",\"@id\":\"https:\\\/\\\/cuartetoenlaweb.com.ar\\\/sitio\\\/la-argentina-de-javier-milei-las-respuestas-al-posteo-libertario-que-quiso-sacar-redito-politico-de-colapinto\\\/#article\",\"isPartOf\":{\"@id\":\"https:\\\/\\\/cuartetoenlaweb.com.ar\\\/sitio\\\/la-argentina-de-javier-milei-las-respuestas-al-posteo-libertario-que-quiso-sacar-redito-politico-de-colapinto\\\/\"},\"author\":{\"name\":\"\",\"@id\":\"\"},\"headline\":\"&quot;La Argentina de Javier Milei&quot;, las respuestas al posteo libertario que quiso sacar r\u00e9dito pol\u00edtico de Colapinto\",\"datePublished\":\"2026-04-27T05:00:05+00:00\",\"mainEntityOfPage\":{\"@id\":\"https:\\\/\\\/cuartetoenlaweb.com.ar\\\/sitio\\\/la-argentina-de-javier-milei-las-respuestas-al-posteo-libertario-que-quiso-sacar-redito-politico-de-colapinto\\\/\"},\"wordCount\":147,\"publisher\":{\"@id\":\"http:\\\/\\\/cuartetoenlaweb.com.ar\\\/sitio\\\/#organization\"},\"image\":{\"@id\":\"https:\\\/\\\/cuartetoenlaweb.com.ar\\\/sitio\\\/la-argentina-de-javier-milei-las-respuestas-al-posteo-libertario-que-quiso-sacar-redito-politico-de-colapinto\\\/#primaryimage\"},\"thumbnailUrl\":\"https:\\\/\\\/cuartetoenlaweb.com.ar\\\/sitio\\\/wp-content\\\/uploads\\\/2026\\\/04\\\/720-628.jpeg\",\"articleSection\":[\"PAIS\"],\"inLanguage\":\"es\"},{\"@type\":\"WebPage\",\"@id\":\"https:\\\/\\\/cuartetoenlaweb.com.ar\\\/sitio\\\/la-argentina-de-javier-milei-las-respuestas-al-posteo-libertario-que-quiso-sacar-redito-politico-de-colapinto\\\/\",\"url\":\"https:\\\/\\\/cuartetoenlaweb.com.ar\\\/sitio\\\/la-argentina-de-javier-milei-las-respuestas-al-posteo-libertario-que-quiso-sacar-redito-politico-de-colapinto\\\/\",\"name\":\"&quot;La Argentina de Javier Milei&quot;, las respuestas al posteo libertario que quiso sacar r\u00e9dito pol\u00edtico de Colapinto - Cuarteto en la Web\",\"isPartOf\":{\"@id\":\"http:\\\/\\\/cuartetoenlaweb.com.ar\\\/sitio\\\/#website\"},\"primaryImageOfPage\":{\"@id\":\"https:\\\/\\\/cuartetoenlaweb.com.ar\\\/sitio\\\/la-argentina-de-javier-milei-las-respuestas-al-posteo-libertario-que-quiso-sacar-redito-politico-de-colapinto\\\/#primaryimage\"},\"image\":{\"@id\":\"https:\\\/\\\/cuartetoenlaweb.com.ar\\\/sitio\\\/la-argentina-de-javier-milei-las-respuestas-al-posteo-libertario-que-quiso-sacar-redito-politico-de-colapinto\\\/#primaryimage\"},\"thumbnailUrl\":\"https:\\\/\\\/cuartetoenlaweb.com.ar\\\/sitio\\\/wp-content\\\/uploads\\\/2026\\\/04\\\/720-628.jpeg\",\"datePublished\":\"2026-04-27T05:00:05+00:00\",\"breadcrumb\":{\"@id\":\"https:\\\/\\\/cuartetoenlaweb.com.ar\\\/sitio\\\/la-argentina-de-javier-milei-las-respuestas-al-posteo-libertario-que-quiso-sacar-redito-politico-de-colapinto\\\/#breadcrumb\"},\"inLanguage\":\"es\",\"potentialAction\":[{\"@type\":\"ReadAction\",\"target\":[\"https:\\\/\\\/cuartetoenlaweb.com.ar\\\/sitio\\\/la-argentina-de-javier-milei-las-respuestas-al-posteo-libertario-que-quiso-sacar-redito-politico-de-colapinto\\\/\"]}]},{\"@type\":\"ImageObject\",\"inLanguage\":\"es\",\"@id\":\"https:\\\/\\\/cuartetoenlaweb.com.ar\\\/sitio\\\/la-argentina-de-javier-milei-las-respuestas-al-posteo-libertario-que-quiso-sacar-redito-politico-de-colapinto\\\/#primaryimage\",\"url\":\"https:\\\/\\\/cuartetoenlaweb.com.ar\\\/sitio\\\/wp-content\\\/uploads\\\/2026\\\/04\\\/720-628.jpeg\",\"contentUrl\":\"https:\\\/\\\/cuartetoenlaweb.com.ar\\\/sitio\\\/wp-content\\\/uploads\\\/2026\\\/04\\\/720-628.jpeg\",\"width\":1280,\"height\":688},{\"@type\":\"BreadcrumbList\",\"@id\":\"https:\\\/\\\/cuartetoenlaweb.com.ar\\\/sitio\\\/la-argentina-de-javier-milei-las-respuestas-al-posteo-libertario-que-quiso-sacar-redito-politico-de-colapinto\\\/#breadcrumb\",\"itemListElement\":[{\"@type\":\"ListItem\",\"position\":1,\"name\":\"Portada\",\"item\":\"http:\\\/\\\/cuartetoenlaweb.com.ar\\\/sitio\\\/\"},{\"@type\":\"ListItem\",\"position\":2,\"name\":\"&quot;La Argentina de Javier Milei&quot;, las respuestas al posteo libertario que quiso sacar r\u00e9dito pol\u00edtico de Colapinto\"}]},{\"@type\":\"WebSite\",\"@id\":\"http:\\\/\\\/cuartetoenlaweb.com.ar\\\/sitio\\\/#website\",\"url\":\"http:\\\/\\\/cuartetoenlaweb.com.ar\\\/sitio\\\/\",\"name\":\"Cuarteto en la Web\",\"description\":\"\",\"publisher\":{\"@id\":\"http:\\\/\\\/cuartetoenlaweb.com.ar\\\/sitio\\\/#organization\"},\"potentialAction\":[{\"@type\":\"SearchAction\",\"target\":{\"@type\":\"EntryPoint\",\"urlTemplate\":\"http:\\\/\\\/cuartetoenlaweb.com.ar\\\/sitio\\\/?s={search_term_string}\"},\"query-input\":{\"@type\":\"PropertyValueSpecification\",\"valueRequired\":true,\"valueName\":\"search_term_string\"}}],\"inLanguage\":\"es\"},{\"@type\":\"Organization\",\"@id\":\"http:\\\/\\\/cuartetoenlaweb.com.ar\\\/sitio\\\/#organization\",\"name\":\"Cuarteto en la Web\",\"url\":\"http:\\\/\\\/cuartetoenlaweb.com.ar\\\/sitio\\\/\",\"logo\":{\"@type\":\"ImageObject\",\"inLanguage\":\"es\",\"@id\":\"http:\\\/\\\/cuartetoenlaweb.com.ar\\\/sitio\\\/#\\\/schema\\\/logo\\\/image\\\/\",\"url\":\"https:\\\/\\\/cuartetoenlaweb.com.ar\\\/sitio\\\/wp-content\\\/uploads\\\/2025\\\/07\\\/cropped-cropped-logitoweb21.png\",\"contentUrl\":\"https:\\\/\\\/cuartetoenlaweb.com.ar\\\/sitio\\\/wp-content\\\/uploads\\\/2025\\\/07\\\/cropped-cropped-logitoweb21.png\",\"width\":199,\"height\":199,\"caption\":\"Cuarteto en la Web\"},\"image\":{\"@id\":\"http:\\\/\\\/cuartetoenlaweb.com.ar\\\/sitio\\\/#\\\/schema\\\/logo\\\/image\\\/\"}}]}<\/script>\n<!-- \/ Yoast SEO plugin. -->","yoast_head_json":{"title":"&quot;La Argentina de Javier Milei&quot;, las respuestas al posteo libertario que quiso sacar r\u00e9dito pol\u00edtico de Colapinto - Cuarteto en la Web","robots":{"index":"index","follow":"follow","max-snippet":"max-snippet:-1","max-image-preview":"max-image-preview:large","max-video-preview":"max-video-preview:-1"},"canonical":"https:\/\/cuartetoenlaweb.com.ar\/sitio\/la-argentina-de-javier-milei-las-respuestas-al-posteo-libertario-que-quiso-sacar-redito-politico-de-colapinto\/","og_locale":"es_ES","og_type":"article","og_title":"&quot;La Argentina de Javier Milei&quot;, las respuestas al posteo libertario que quiso sacar r\u00e9dito pol\u00edtico de Colapinto - Cuarteto en la Web","og_description":"El relato del gobierno libertario convence a cada vez menos","og_url":"https:\/\/cuartetoenlaweb.com.ar\/sitio\/la-argentina-de-javier-milei-las-respuestas-al-posteo-libertario-que-quiso-sacar-redito-politico-de-colapinto\/","og_site_name":"Cuarteto en la Web","article_published_time":"2026-04-27T05:00:05+00:00","twitter_card":"summary_large_image","twitter_misc":{"Tiempo de lectura":"1 minuto"},"schema":{"@context":"https:\/\/schema.org","@graph":[{"@type":"Article","@id":"https:\/\/cuartetoenlaweb.com.ar\/sitio\/la-argentina-de-javier-milei-las-respuestas-al-posteo-libertario-que-quiso-sacar-redito-politico-de-colapinto\/#article","isPartOf":{"@id":"https:\/\/cuartetoenlaweb.com.ar\/sitio\/la-argentina-de-javier-milei-las-respuestas-al-posteo-libertario-que-quiso-sacar-redito-politico-de-colapinto\/"},"author":{"name":"","@id":""},"headline":"&quot;La Argentina de Javier Milei&quot;, las respuestas al posteo libertario que quiso sacar r\u00e9dito pol\u00edtico de Colapinto","datePublished":"2026-04-27T05:00:05+00:00","mainEntityOfPage":{"@id":"https:\/\/cuartetoenlaweb.com.ar\/sitio\/la-argentina-de-javier-milei-las-respuestas-al-posteo-libertario-que-quiso-sacar-redito-politico-de-colapinto\/"},"wordCount":147,"publisher":{"@id":"http:\/\/cuartetoenlaweb.com.ar\/sitio\/#organization"},"image":{"@id":"https:\/\/cuartetoenlaweb.com.ar\/sitio\/la-argentina-de-javier-milei-las-respuestas-al-posteo-libertario-que-quiso-sacar-redito-politico-de-colapinto\/#primaryimage"},"thumbnailUrl":"https:\/\/cuartetoenlaweb.com.ar\/sitio\/wp-content\/uploads\/2026\/04\/720-628.jpeg","articleSection":["PAIS"],"inLanguage":"es"},{"@type":"WebPage","@id":"https:\/\/cuartetoenlaweb.com.ar\/sitio\/la-argentina-de-javier-milei-las-respuestas-al-posteo-libertario-que-quiso-sacar-redito-politico-de-colapinto\/","url":"https:\/\/cuartetoenlaweb.com.ar\/sitio\/la-argentina-de-javier-milei-las-respuestas-al-posteo-libertario-que-quiso-sacar-redito-politico-de-colapinto\/","name":"&quot;La Argentina de Javier Milei&quot;, las respuestas al posteo libertario que quiso sacar r\u00e9dito pol\u00edtico de Colapinto - Cuarteto en la Web","isPartOf":{"@id":"http:\/\/cuartetoenlaweb.com.ar\/sitio\/#website"},"primaryImageOfPage":{"@id":"https:\/\/cuartetoenlaweb.com.ar\/sitio\/la-argentina-de-javier-milei-las-respuestas-al-posteo-libertario-que-quiso-sacar-redito-politico-de-colapinto\/#primaryimage"},"image":{"@id":"https:\/\/cuartetoenlaweb.com.ar\/sitio\/la-argentina-de-javier-milei-las-respuestas-al-posteo-libertario-que-quiso-sacar-redito-politico-de-colapinto\/#primaryimage"},"thumbnailUrl":"https:\/\/cuartetoenlaweb.com.ar\/sitio\/wp-content\/uploads\/2026\/04\/720-628.jpeg","datePublished":"2026-04-27T05:00:05+00:00","breadcrumb":{"@id":"https:\/\/cuartetoenlaweb.com.ar\/sitio\/la-argentina-de-javier-milei-las-respuestas-al-posteo-libertario-que-quiso-sacar-redito-politico-de-colapinto\/#breadcrumb"},"inLanguage":"es","potentialAction":[{"@type":"ReadAction","target":["https:\/\/cuartetoenlaweb.com.ar\/sitio\/la-argentina-de-javier-milei-las-respuestas-al-posteo-libertario-que-quiso-sacar-redito-politico-de-colapinto\/"]}]},{"@type":"ImageObject","inLanguage":"es","@id":"https:\/\/cuartetoenlaweb.com.ar\/sitio\/la-argentina-de-javier-milei-las-respuestas-al-posteo-libertario-que-quiso-sacar-redito-politico-de-colapinto\/#primaryimage","url":"https:\/\/cuartetoenlaweb.com.ar\/sitio\/wp-content\/uploads\/2026\/04\/720-628.jpeg","contentUrl":"https:\/\/cuartetoenlaweb.com.ar\/sitio\/wp-content\/uploads\/2026\/04\/720-628.jpeg","width":1280,"height":688},{"@type":"BreadcrumbList","@id":"https:\/\/cuartetoenlaweb.com.ar\/sitio\/la-argentina-de-javier-milei-las-respuestas-al-posteo-libertario-que-quiso-sacar-redito-politico-de-colapinto\/#breadcrumb","itemListElement":[{"@type":"ListItem","position":1,"name":"Portada","item":"http:\/\/cuartetoenlaweb.com.ar\/sitio\/"},{"@type":"ListItem","position":2,"name":"&quot;La Argentina de Javier Milei&quot;, las respuestas al posteo libertario que quiso sacar r\u00e9dito pol\u00edtico de Colapinto"}]},{"@type":"WebSite","@id":"http:\/\/cuartetoenlaweb.com.ar\/sitio\/#website","url":"http:\/\/cuartetoenlaweb.com.ar\/sitio\/","name":"Cuarteto en la Web","description":"","publisher":{"@id":"http:\/\/cuartetoenlaweb.com.ar\/sitio\/#organization"},"potentialAction":[{"@type":"SearchAction","target":{"@type":"EntryPoint","urlTemplate":"http:\/\/cuartetoenlaweb.com.ar\/sitio\/?s={search_term_string}"},"query-input":{"@type":"PropertyValueSpecification","valueRequired":true,"valueName":"search_term_string"}}],"inLanguage":"es"},{"@type":"Organization","@id":"http:\/\/cuartetoenlaweb.com.ar\/sitio\/#organization","name":"Cuarteto en la Web","url":"http:\/\/cuartetoenlaweb.com.ar\/sitio\/","logo":{"@type":"ImageObject","inLanguage":"es","@id":"http:\/\/cuartetoenlaweb.com.ar\/sitio\/#\/schema\/logo\/image\/","url":"https:\/\/cuartetoenlaweb.com.ar\/sitio\/wp-content\/uploads\/2025\/07\/cropped-cropped-logitoweb21.png","contentUrl":"https:\/\/cuartetoenlaweb.com.ar\/sitio\/wp-content\/uploads\/2025\/07\/cropped-cropped-logitoweb21.png","width":199,"height":199,"caption":"Cuarteto en la Web"},"image":{"@id":"http:\/\/cuartetoenlaweb.com.ar\/sitio\/#\/schema\/logo\/image\/"}}]}},"_links":{"self":[{"href":"https:\/\/cuartetoenlaweb.com.ar\/sitio\/wp-json\/wp\/v2\/posts\/19046","targetHints":{"allow":["GET"]}}],"collection":[{"href":"https:\/\/cuartetoenlaweb.com.ar\/sitio\/wp-json\/wp\/v2\/posts"}],"about":[{"href":"https:\/\/cuartetoenlaweb.com.ar\/sitio\/wp-json\/wp\/v2\/types\/post"}],"replies":[{"embeddable":true,"href":"https:\/\/cuartetoenlaweb.com.ar\/sitio\/wp-json\/wp\/v2\/comments?post=19046"}],"version-history":[{"count":0,"href":"https:\/\/cuartetoenlaweb.com.ar\/sitio\/wp-json\/wp\/v2\/posts\/19046\/revisions"}],"wp:featuredmedia":[{"embeddable":true,"href":"https:\/\/cuartetoenlaweb.com.ar\/sitio\/wp-json\/wp\/v2\/media\/19047"}],"wp:attachment":[{"href":"https:\/\/cuartetoenlaweb.com.ar\/sitio\/wp-json\/wp\/v2\/media?parent=19046"}],"wp:term":[{"taxonomy":"category","embeddable":true,"href":"https:\/\/cuartetoenlaweb.com.ar\/sitio\/wp-json\/wp\/v2\/categories?post=19046"},{"taxonomy":"post_tag","embeddable":true,"href":"https:\/\/cuartetoenlaweb.com.ar\/sitio\/wp-json\/wp\/v2\/tags?post=19046"}],"curies":[{"name":"wp","href":"https:\/\/api.w.org\/{rel}","templated":true}]}}