
{"id":19042,"date":"2026-04-27T01:59:55","date_gmt":"2026-04-27T04:59:55","guid":{"rendered":"https:\/\/cuartetoenlaweb.com.ar\/sitio\/martin-fierro-de-la-moda-2026-uno-por-uno-todos-los-ganadores-con-el-oro-para-juana-viale\/"},"modified":"2026-04-27T01:59:55","modified_gmt":"2026-04-27T04:59:55","slug":"martin-fierro-de-la-moda-2026-uno-por-uno-todos-los-ganadores-con-el-oro-para-juana-viale","status":"publish","type":"post","link":"https:\/\/cuartetoenlaweb.com.ar\/sitio\/martin-fierro-de-la-moda-2026-uno-por-uno-todos-los-ganadores-con-el-oro-para-juana-viale\/","title":{"rendered":"Mart\u00edn Fierro de la Moda 2026: uno por uno todos los ganadores, con el Oro para Juana Viale"},"content":{"rendered":"<p>\u00a1La ansiedad termin\u00f3! La moda argentina vivi\u00f3 su gran noche con la cuarta edici\u00f3n de los <a href=\"https:\/\/www.paparazzi.com.ar\/?s=Mart%C3%ADn+Fierro+de+la+Moda+2026\"><strong>Mart\u00edn Fierro de la Moda 2026<\/strong><\/a>, el evento que <strong>premia a las personalidades m\u00e1s influyentes del dise\u00f1o, el estilismo y la industria fashion local<\/strong>. Con una alfombra roja que <a href=\"https:\/\/www.paparazzi.com.ar\/looks\/martin-fierro-de-la-moda-2026-los-mejores-y-peores-looks-de-la-alfombra-roja\/\">mostr\u00f3 looks impactantes \u2014pero tambi\u00e9n papelones\u2014<\/a> y una ceremonia cargada de glamour, la expectativa es total entre celebridades, dise\u00f1adores y fan\u00e1ticos.<\/p>\n<p>Esta vez, con la transmisi\u00f3n de Telefe, el <strong>Mart\u00edn Fierro de Oro fue para una de las figuras de El Trece<\/strong>: <strong>Juana Viale<\/strong>.<\/p>\n<p>La gala cont\u00f3 con la conducci\u00f3n de <strong>Iv\u00e1n de Pineda<\/strong> y <strong>Valeria Mazza<\/strong>, y re\u00fani\u00f3 a los nombres m\u00e1s importantes del espect\u00e1culo y la moda en una noche donde no solo se entregan premios, sino que tambi\u00e9n se marcan tendencias. Entre homenajes y sorpresas, y bajo la organizaci\u00f3n de <strong>APTRA<\/strong>, los Mart\u00edn Fierro de la Moda se consolidan como uno de los eventos m\u00e1s destacados del a\u00f1o en el espect\u00e1culo argentino.<\/p>\n<div class=\"mt-box \">\n<h4 class=\"mt-heading\">Mir\u00e1 Tambi\u00e9n<\/h4>\n<p><a href=\"https:\/\/www.paparazzi.com.ar\/looks\/martin-fierro-de-la-moda-2026-los-mejores-y-peores-looks-de-la-alfombra-roja\/\"><\/p>\n<div class=\"mt-content\">\n<div class=\"mt-image-container\"><img decoding=\"async\" src=\"https:\/\/www.paparazzi.com.ar\/wp-content\/uploads\/2026\/04\/Julieta-Poggio-y-Romina-Gaetani-en-los-Martin-Fierro-de-la-Moda-2026-RS-Fotos-359x226.jpg\" alt=\"Mart\u00edn Fierro de la Moda 2026: los mejores y peores looks de la alfombra roja\" class=\"mt-image\" loading=\"lazy\" \/><\/div>\n<h5 class=\"mt-title\">Mart\u00edn Fierro de la Moda 2026: los mejores y peores looks de la alfombra roja<\/h5>\n<\/div>\n<p><\/a><\/div>\n<p>Con decenas de ternas que reconocen desde dise\u00f1adores y modelos hasta influencers y figuras de la televisi\u00f3n, los Mart\u00edn Fierro de la Moda volvieron a poner en primer plano el talento local, con estas distinciones.<\/p>\n<h2 class=\"wp-block-heading\">TODOS LOS GANADORES DE LOS MART\u00cdN FIERRO DE LA MODA 2026<\/h2>\n<p><strong>Mart\u00edn Fierro de Oro:<\/strong><\/p>\n<ul class=\"wp-block-list\">\n<li><strong>Juana Viale<\/strong><\/li>\n<\/ul>\n<figure class=\"wp-block-image size-large\"><img decoding=\"async\" src=\"https:\/\/www.paparazzi.com.ar\/wp-content\/uploads\/2026\/04\/ALFOMBRA-PPZ-5959-680x1024.jpg.webp\" loading=\"lazy\" alt=\"Juana Viale. (RS Fotos)\" class=\"wp-image-475470\" \/><figcaption class=\"wp-element-caption\">Juana Viale.<\/figcaption><\/figure>\n<p><strong>\u00cdcono de la moda:<\/strong><\/p>\n<ul class=\"wp-block-list\">\n<li><strong>Susana Gim\u00e9nez<\/strong><\/li>\n<\/ul>\n<p><strong>Mejor estilo en conducci\u00f3n femenina en programa diario<\/strong>:<\/p>\n<ul class=\"wp-block-list\">\n<li><strong>Vero Lozano &#8211; GANADORA &#8211;<\/strong><\/li>\n<li>Yanina Latorre<\/li>\n<li>Mariana Fabbiani<\/li>\n<li>Flor de la V<\/li>\n<\/ul>\n<p><strong>Mejor influencer de moda<\/strong>:<\/p>\n<ul class=\"wp-block-list\">\n<li><strong>Zaira Nara &#8211; GANADORA &#8211;<\/strong><\/li>\n<li>Stephanie Demner<\/li>\n<li>Zuzu Codeu<\/li>\n<\/ul>\n<figure class=\"wp-block-image size-large is-resized\"><img decoding=\"async\" src=\"https:\/\/www.paparazzi.com.ar\/wp-content\/uploads\/2026\/04\/MND04178-683x1024.jpg.webp\" loading=\"lazy\" alt=\"Zaira Nara. (RS Fotos)\" class=\"wp-image-475488\" style=\"width:625px;height:auto\" \/><figcaption class=\"wp-element-caption\">Zaira Nara.<\/figcaption><\/figure>\n<p><strong>Actriz con mejor estilo en ficci\u00f3n<\/strong>:<\/p>\n<ul class=\"wp-block-list\">\n<li><strong>Julieta Zylberberg &#8211; GANADORA &#8211;<\/strong><\/li>\n<li>Griselda Siciliani<\/li>\n<li>M\u00f3nica Anton\u00f3pulos<\/li>\n<li>B\u00e1rbara Lombardo<\/li>\n<\/ul>\n<p><strong>Mejor estilo panelista femenina<\/strong>:<\/p>\n<ul class=\"wp-block-list\">\n<li><strong>Sol P\u00e9rez &#8211; GANADORA &#8211;<\/strong><\/li>\n<li>Anal\u00eda Franch\u00edn<\/li>\n<li>Carolina Molinari<\/li>\n<\/ul>\n<p><strong>Mejor estilo femenino en Big Show<\/strong>:<\/p>\n<ul class=\"wp-block-list\">\n<li><strong>Sof\u00eda Gonet &#8211; GANADORA &#8211;<\/strong><\/li>\n<li>Lali Esp\u00f3sito<\/li>\n<li>Wanda Nara<\/li>\n<li>Pampita<\/li>\n<\/ul>\n<figure class=\"wp-block-image size-large\"><img decoding=\"async\" src=\"https:\/\/www.paparazzi.com.ar\/wp-content\/uploads\/2026\/04\/ALFOMBRA-PPZ-5926-680x1024.jpg.webp\" loading=\"lazy\" alt=\"\" class=\"wp-image-475476\" \/><figcaption class=\"wp-element-caption\">Sof\u00eda Gonet.<\/figcaption><\/figure>\n<p><strong>Mejor estilo masculino en Big Show<\/strong>:<\/p>\n<ul class=\"wp-block-list\">\n<li><strong>Nico Occhiato &#8211; GANADOR &#8211;<\/strong><\/li>\n<li>Ale Sergi<\/li>\n<li>Luck Ra<\/li>\n<\/ul>\n<p><strong>Mejor estilo femenino en streaming<\/strong>:<\/p>\n<ul class=\"wp-block-list\">\n<li><strong>Evelyn Botto &#8211; GANADORA &#8211;<\/strong><\/li>\n<li>Momi Giardina<\/li>\n<li>Flor Jazm\u00edn Pe\u00f1a<\/li>\n<li>Nati Jota<\/li>\n<\/ul>\n<figure class=\"wp-block-image size-large\"><img decoding=\"async\" src=\"https:\/\/www.paparazzi.com.ar\/wp-content\/uploads\/2026\/04\/MND05020-683x1024.jpg.webp\" loading=\"lazy\" alt=\"Evelyn Botto. (RS Fotos)\" class=\"wp-image-475496\" \/><figcaption class=\"wp-element-caption\">Evelyn Botto.<\/figcaption><\/figure>\n<p><strong>Mejor estilo en redes<\/strong>:<\/p>\n<ul class=\"wp-block-list\">\n<li><strong>Pampita &#8211; GANADORA &#8211;<\/strong><\/li>\n<li>Valentina Zenere<\/li>\n<li>Martita Fort<\/li>\n<li>Tefi Russo<\/li>\n<\/ul>\n<figure class=\"wp-block-image size-large\"><img decoding=\"async\" src=\"https:\/\/www.paparazzi.com.ar\/wp-content\/uploads\/2026\/04\/52A8794-683x1024.jpg.webp\" loading=\"lazy\" alt=\"\" class=\"wp-image-475451\" \/><figcaption class=\"wp-element-caption\">Pampita.<\/figcaption><\/figure>\n<p><strong>Mejor estilo en conducci\u00f3n femenina en programa semanal<\/strong>:<\/p>\n<ul class=\"wp-block-list\">\n<li><strong>Juana Viale &#8211; JUANA VIALE &#8211;<\/strong> <\/li>\n<li>Mirtha Legrand<\/li>\n<li>Tet\u00e9 Coustarot<\/li>\n<li>China Ansa<\/li>\n<\/ul>\n<p><strong>Mejor dise\u00f1ador de moda masculina<\/strong>: <\/p>\n<ul class=\"wp-block-list\">\n<li><strong>Nicol\u00e1s Zaffora &#8211; GANADOR &#8211;<\/strong><\/li>\n<li>Mat\u00edas Carbone<\/li>\n<li>Sebasti\u00e1n Raimondi<\/li>\n<\/ul>\n<p><strong>Actor con mejor estilo en ficci\u00f3n<\/strong>:<\/p>\n<ul class=\"wp-block-list\">\n<li><strong>Benjam\u00edn Vicu\u00f1a &#8211; GANADOR &#8211;<\/strong><\/li>\n<li>Franco Masini<\/li>\n<li>Leonardo Sbaraglia<\/li>\n<\/ul>\n<figure class=\"wp-block-image size-large\"><img decoding=\"async\" src=\"https:\/\/www.paparazzi.com.ar\/wp-content\/uploads\/2026\/04\/ALFOMBRA-PPZ-5939-680x1024.jpg.webp\" loading=\"lazy\" alt=\"\" class=\"wp-image-475469\" \/><figcaption class=\"wp-element-caption\">Benjam\u00edn Vicu\u00f1a y su pareja, Anita Espasand\u00edn.<\/figcaption><\/figure>\n<p><strong>Mejor estilo panelista masculino<\/strong>:<\/p>\n<ul class=\"wp-block-list\">\n<li><strong>Lizardo Ponce &#8211; GANADOR &#8211;<\/strong><\/li>\n<li>Hern\u00e1n Drago<\/li>\n<li>Fabi\u00e1n Paz<\/li>\n<li>Gast\u00f3n Trezeguet<\/li>\n<\/ul>\n<p><strong>Mejor estilista<\/strong>:<\/p>\n<ul class=\"wp-block-list\">\n<li><strong>Los Garc\u00eda (Mariana Garc\u00eda Navarro y Nacho Garc\u00eda Rocha) &#8211; GANADORES &#8211;<\/strong><\/li>\n<li>Romina Giangreco<\/li>\n<li>Celina Lattanzio<\/li>\n<\/ul>\n<p><strong>Mejor peluquero<\/strong>:<\/p>\n<ul class=\"wp-block-list\">\n<li><strong>Max Jara &#8211; GANADOR &#8211;<\/strong><\/li>\n<li>Mauro Max De Brito<\/li>\n<li>Facu D\u00edaz<\/li>\n<li>Cristian Rey<\/li>\n<\/ul>\n<p><strong>Nuevo talento de la moda<\/strong>:<\/p>\n<ul class=\"wp-block-list\">\n<li><strong>Valentina Schuchner &#8211; GANADORA &#8211;<\/strong><\/li>\n<li>Luz Ballesteros<\/li>\n<li>Anushka Elliot<\/li>\n<\/ul>\n<p><strong>Mejor estilo masculino en streaming<\/strong>:<\/p>\n<ul class=\"wp-block-list\">\n<li><strong>Fer Dente &#8211; GANADOR &#8211;<\/strong><\/li>\n<li>Santi Talledo<\/li>\n<li>Grego Rossello<\/li>\n<li>Nacho Elizalde<\/li>\n<\/ul>\n<p><strong>Mejor maquillador\/a<\/strong>:<\/p>\n<ul class=\"wp-block-list\">\n<li><strong>Gervasio Larrivey &#8211; GANADOR &#8211;<\/strong><\/li>\n<li>Mabby Autino<\/li>\n<li>Vero Luna<\/li>\n<\/ul>\n<p><strong>Mejor estilo en conducci\u00f3n masculina<\/strong>:<\/p>\n<ul class=\"wp-block-list\">\n<li><strong>Iv\u00e1n de Pineda &#8211; GANADOR &#8211;<\/strong><\/li>\n<li>Mario Pergolini<\/li>\n<li>H\u00e9ctor Maugeri<\/li>\n<li>\u00c1ngel de Brito<\/li>\n<li>Mariano I\u00fadica<\/li>\n<\/ul>\n<p><strong>Mejor dise\u00f1ador\/a de moda femenina<\/strong>:<\/p>\n<ul class=\"wp-block-list\">\n<li><strong>Evangelina Bomparola &#8211; GANADORA &#8211;<\/strong><\/li>\n<li>Javier Saiach <\/li>\n<li>Marcelo Senra<\/li>\n<li>Juan Hern\u00e1ndez Daels<\/li>\n<\/ul>\n<p><strong>Homenajes:<\/strong><\/p>\n<ul class=\"wp-block-list\">\n<li><strong>Adri\u00e1n Appiazola<\/strong><\/li>\n<li><strong>Jessica Trosman<\/strong><\/li>\n<\/ul>\n<p><strong>&#8211; <em>Cr\u00e9dito Fotos: RS Fotos y Diego Garc\u00eda<\/em> &#8211;<\/strong><\/p>\n<div class=\"mt-box \">\n<h4 class=\"mt-heading\">Mir\u00e1 Tambi\u00e9n<\/h4>\n<p><a href=\"https:\/\/www.paparazzi.com.ar\/teve\/quienes-son-las-4-mega-famosas-que-estuvieron-en-la-lista-negra-de-los-martin-fierro-de-la-moda\/https:\/\/www.paparazzi.com.ar\/teve\/quienes-son-las-4-mega-famosas-que-estuvieron-en-la-lista-negra-de-los-martin-fierro-de-la-moda\/\"><\/p>\n<div class=\"mt-content\">\n<div class=\"mt-image-container\"><img decoding=\"async\" src=\"https:\/\/www.paparazzi.com.ar\/wp-content\/uploads\/2023\/12\/lista-negra-mf-moda.png-359x226.webp\" alt=\"Qui\u00e9nes son las 4 mega famosas que estuvieron en la lista negra de los Mart\u00edn Fierro de la Moda\" class=\"mt-image\" loading=\"lazy\" \/><\/div>\n<h5 class=\"mt-title\">Qui\u00e9nes son las 4 mega famosas que estuvieron en la lista negra de los Mart\u00edn Fierro de la Moda<\/h5>\n<\/div>\n<p><\/a><\/div>\n<\/p>\n<p>The post <a href=\"https:\/\/www.paparazzi.com.ar\/teve\/martin-fierro-de-la-moda-2026-uno-por-uno-todos-los-ganadores\/\">Mart\u00edn Fierro de la Moda 2026: uno por uno todos los ganadores, con el Oro para Juana Viale<\/a> appeared first on <a href=\"https:\/\/www.paparazzi.com.ar\">Revista Paparazzi<\/a>.<\/p>\n","protected":false},"excerpt":{"rendered":"<p>\u00a1La ansiedad termin\u00f3! La moda argentina vivi\u00f3 su gran noche<\/p>\n","protected":false},"author":0,"featured_media":19043,"comment_status":"","ping_status":"","sticky":false,"template":"","format":"standard","meta":{"footnotes":""},"categories":[12],"tags":[],"class_list":["post-19042","post","type-post","status-publish","format-standard","has-post-thumbnail","hentry","category-espectaculo"],"yoast_head":"<!-- This site is optimized with the Yoast SEO plugin v27.4 - https:\/\/yoast.com\/product\/yoast-seo-wordpress\/ -->\n<title>Mart\u00edn Fierro de la Moda 2026: uno por uno todos los ganadores, con el Oro para Juana Viale - Cuarteto en la Web<\/title>\n<meta name=\"robots\" content=\"index, follow, max-snippet:-1, max-image-preview:large, max-video-preview:-1\" \/>\n<link rel=\"canonical\" href=\"https:\/\/cuartetoenlaweb.com.ar\/sitio\/martin-fierro-de-la-moda-2026-uno-por-uno-todos-los-ganadores-con-el-oro-para-juana-viale\/\" \/>\n<meta property=\"og:locale\" content=\"es_ES\" \/>\n<meta property=\"og:type\" content=\"article\" \/>\n<meta property=\"og:title\" content=\"Mart\u00edn Fierro de la Moda 2026: uno por uno todos los ganadores, con el Oro para Juana Viale - Cuarteto en la Web\" \/>\n<meta property=\"og:description\" content=\"\u00a1La ansiedad termin\u00f3! La moda argentina vivi\u00f3 su gran noche\" \/>\n<meta property=\"og:url\" content=\"https:\/\/cuartetoenlaweb.com.ar\/sitio\/martin-fierro-de-la-moda-2026-uno-por-uno-todos-los-ganadores-con-el-oro-para-juana-viale\/\" \/>\n<meta property=\"og:site_name\" content=\"Cuarteto en la Web\" \/>\n<meta property=\"article:published_time\" content=\"2026-04-27T04:59:55+00:00\" \/>\n<meta property=\"og:image\" content=\"https:\/\/www.paparazzi.com.ar\/wp-content\/uploads\/2026\/04\/Julieta-Poggio-y-Romina-Gaetani-en-los-Martin-Fierro-de-la-Moda-2026-RS-Fotos-359x226.jpg\" \/>\n<meta name=\"twitter:card\" content=\"summary_large_image\" \/>\n<meta name=\"twitter:label1\" content=\"Tiempo de lectura\" \/>\n\t<meta name=\"twitter:data1\" content=\"3 minutos\" \/>\n<script type=\"application\/ld+json\" class=\"yoast-schema-graph\">{\"@context\":\"https:\\\/\\\/schema.org\",\"@graph\":[{\"@type\":\"Article\",\"@id\":\"https:\\\/\\\/cuartetoenlaweb.com.ar\\\/sitio\\\/martin-fierro-de-la-moda-2026-uno-por-uno-todos-los-ganadores-con-el-oro-para-juana-viale\\\/#article\",\"isPartOf\":{\"@id\":\"https:\\\/\\\/cuartetoenlaweb.com.ar\\\/sitio\\\/martin-fierro-de-la-moda-2026-uno-por-uno-todos-los-ganadores-con-el-oro-para-juana-viale\\\/\"},\"author\":{\"name\":\"\",\"@id\":\"\"},\"headline\":\"Mart\u00edn Fierro de la Moda 2026: uno por uno todos los ganadores, con el Oro para Juana Viale\",\"datePublished\":\"2026-04-27T04:59:55+00:00\",\"mainEntityOfPage\":{\"@id\":\"https:\\\/\\\/cuartetoenlaweb.com.ar\\\/sitio\\\/martin-fierro-de-la-moda-2026-uno-por-uno-todos-los-ganadores-con-el-oro-para-juana-viale\\\/\"},\"wordCount\":699,\"publisher\":{\"@id\":\"http:\\\/\\\/cuartetoenlaweb.com.ar\\\/sitio\\\/#organization\"},\"image\":{\"@id\":\"https:\\\/\\\/cuartetoenlaweb.com.ar\\\/sitio\\\/martin-fierro-de-la-moda-2026-uno-por-uno-todos-los-ganadores-con-el-oro-para-juana-viale\\\/#primaryimage\"},\"thumbnailUrl\":\"https:\\\/\\\/cuartetoenlaweb.com.ar\\\/sitio\\\/wp-content\\\/uploads\\\/2026\\\/04\\\/Julieta-Poggio-y-Romina-Gaetani-en-los-Martin-Fierro-de-la-Moda-2026-RS-Fotos-359x226-2.jpg\",\"articleSection\":[\"ESPECT\u00c1CULO\"],\"inLanguage\":\"es\"},{\"@type\":\"WebPage\",\"@id\":\"https:\\\/\\\/cuartetoenlaweb.com.ar\\\/sitio\\\/martin-fierro-de-la-moda-2026-uno-por-uno-todos-los-ganadores-con-el-oro-para-juana-viale\\\/\",\"url\":\"https:\\\/\\\/cuartetoenlaweb.com.ar\\\/sitio\\\/martin-fierro-de-la-moda-2026-uno-por-uno-todos-los-ganadores-con-el-oro-para-juana-viale\\\/\",\"name\":\"Mart\u00edn Fierro de la Moda 2026: uno por uno todos los ganadores, con el Oro para Juana Viale - Cuarteto en la Web\",\"isPartOf\":{\"@id\":\"http:\\\/\\\/cuartetoenlaweb.com.ar\\\/sitio\\\/#website\"},\"primaryImageOfPage\":{\"@id\":\"https:\\\/\\\/cuartetoenlaweb.com.ar\\\/sitio\\\/martin-fierro-de-la-moda-2026-uno-por-uno-todos-los-ganadores-con-el-oro-para-juana-viale\\\/#primaryimage\"},\"image\":{\"@id\":\"https:\\\/\\\/cuartetoenlaweb.com.ar\\\/sitio\\\/martin-fierro-de-la-moda-2026-uno-por-uno-todos-los-ganadores-con-el-oro-para-juana-viale\\\/#primaryimage\"},\"thumbnailUrl\":\"https:\\\/\\\/cuartetoenlaweb.com.ar\\\/sitio\\\/wp-content\\\/uploads\\\/2026\\\/04\\\/Julieta-Poggio-y-Romina-Gaetani-en-los-Martin-Fierro-de-la-Moda-2026-RS-Fotos-359x226-2.jpg\",\"datePublished\":\"2026-04-27T04:59:55+00:00\",\"breadcrumb\":{\"@id\":\"https:\\\/\\\/cuartetoenlaweb.com.ar\\\/sitio\\\/martin-fierro-de-la-moda-2026-uno-por-uno-todos-los-ganadores-con-el-oro-para-juana-viale\\\/#breadcrumb\"},\"inLanguage\":\"es\",\"potentialAction\":[{\"@type\":\"ReadAction\",\"target\":[\"https:\\\/\\\/cuartetoenlaweb.com.ar\\\/sitio\\\/martin-fierro-de-la-moda-2026-uno-por-uno-todos-los-ganadores-con-el-oro-para-juana-viale\\\/\"]}]},{\"@type\":\"ImageObject\",\"inLanguage\":\"es\",\"@id\":\"https:\\\/\\\/cuartetoenlaweb.com.ar\\\/sitio\\\/martin-fierro-de-la-moda-2026-uno-por-uno-todos-los-ganadores-con-el-oro-para-juana-viale\\\/#primaryimage\",\"url\":\"https:\\\/\\\/cuartetoenlaweb.com.ar\\\/sitio\\\/wp-content\\\/uploads\\\/2026\\\/04\\\/Julieta-Poggio-y-Romina-Gaetani-en-los-Martin-Fierro-de-la-Moda-2026-RS-Fotos-359x226-2.jpg\",\"contentUrl\":\"https:\\\/\\\/cuartetoenlaweb.com.ar\\\/sitio\\\/wp-content\\\/uploads\\\/2026\\\/04\\\/Julieta-Poggio-y-Romina-Gaetani-en-los-Martin-Fierro-de-la-Moda-2026-RS-Fotos-359x226-2.jpg\",\"width\":359,\"height\":226},{\"@type\":\"BreadcrumbList\",\"@id\":\"https:\\\/\\\/cuartetoenlaweb.com.ar\\\/sitio\\\/martin-fierro-de-la-moda-2026-uno-por-uno-todos-los-ganadores-con-el-oro-para-juana-viale\\\/#breadcrumb\",\"itemListElement\":[{\"@type\":\"ListItem\",\"position\":1,\"name\":\"Portada\",\"item\":\"http:\\\/\\\/cuartetoenlaweb.com.ar\\\/sitio\\\/\"},{\"@type\":\"ListItem\",\"position\":2,\"name\":\"Mart\u00edn Fierro de la Moda 2026: uno por uno todos los ganadores, con el Oro para Juana Viale\"}]},{\"@type\":\"WebSite\",\"@id\":\"http:\\\/\\\/cuartetoenlaweb.com.ar\\\/sitio\\\/#website\",\"url\":\"http:\\\/\\\/cuartetoenlaweb.com.ar\\\/sitio\\\/\",\"name\":\"Cuarteto en la Web\",\"description\":\"\",\"publisher\":{\"@id\":\"http:\\\/\\\/cuartetoenlaweb.com.ar\\\/sitio\\\/#organization\"},\"potentialAction\":[{\"@type\":\"SearchAction\",\"target\":{\"@type\":\"EntryPoint\",\"urlTemplate\":\"http:\\\/\\\/cuartetoenlaweb.com.ar\\\/sitio\\\/?s={search_term_string}\"},\"query-input\":{\"@type\":\"PropertyValueSpecification\",\"valueRequired\":true,\"valueName\":\"search_term_string\"}}],\"inLanguage\":\"es\"},{\"@type\":\"Organization\",\"@id\":\"http:\\\/\\\/cuartetoenlaweb.com.ar\\\/sitio\\\/#organization\",\"name\":\"Cuarteto en la Web\",\"url\":\"http:\\\/\\\/cuartetoenlaweb.com.ar\\\/sitio\\\/\",\"logo\":{\"@type\":\"ImageObject\",\"inLanguage\":\"es\",\"@id\":\"http:\\\/\\\/cuartetoenlaweb.com.ar\\\/sitio\\\/#\\\/schema\\\/logo\\\/image\\\/\",\"url\":\"https:\\\/\\\/cuartetoenlaweb.com.ar\\\/sitio\\\/wp-content\\\/uploads\\\/2025\\\/07\\\/cropped-cropped-logitoweb21.png\",\"contentUrl\":\"https:\\\/\\\/cuartetoenlaweb.com.ar\\\/sitio\\\/wp-content\\\/uploads\\\/2025\\\/07\\\/cropped-cropped-logitoweb21.png\",\"width\":199,\"height\":199,\"caption\":\"Cuarteto en la Web\"},\"image\":{\"@id\":\"http:\\\/\\\/cuartetoenlaweb.com.ar\\\/sitio\\\/#\\\/schema\\\/logo\\\/image\\\/\"}}]}<\/script>\n<!-- \/ Yoast SEO plugin. -->","yoast_head_json":{"title":"Mart\u00edn Fierro de la Moda 2026: uno por uno todos los ganadores, con el Oro para Juana Viale - Cuarteto en la Web","robots":{"index":"index","follow":"follow","max-snippet":"max-snippet:-1","max-image-preview":"max-image-preview:large","max-video-preview":"max-video-preview:-1"},"canonical":"https:\/\/cuartetoenlaweb.com.ar\/sitio\/martin-fierro-de-la-moda-2026-uno-por-uno-todos-los-ganadores-con-el-oro-para-juana-viale\/","og_locale":"es_ES","og_type":"article","og_title":"Mart\u00edn Fierro de la Moda 2026: uno por uno todos los ganadores, con el Oro para Juana Viale - Cuarteto en la Web","og_description":"\u00a1La ansiedad termin\u00f3! La moda argentina vivi\u00f3 su gran noche","og_url":"https:\/\/cuartetoenlaweb.com.ar\/sitio\/martin-fierro-de-la-moda-2026-uno-por-uno-todos-los-ganadores-con-el-oro-para-juana-viale\/","og_site_name":"Cuarteto en la Web","article_published_time":"2026-04-27T04:59:55+00:00","og_image":[{"url":"https:\/\/www.paparazzi.com.ar\/wp-content\/uploads\/2026\/04\/Julieta-Poggio-y-Romina-Gaetani-en-los-Martin-Fierro-de-la-Moda-2026-RS-Fotos-359x226.jpg","type":"","width":"","height":""}],"twitter_card":"summary_large_image","twitter_misc":{"Tiempo de lectura":"3 minutos"},"schema":{"@context":"https:\/\/schema.org","@graph":[{"@type":"Article","@id":"https:\/\/cuartetoenlaweb.com.ar\/sitio\/martin-fierro-de-la-moda-2026-uno-por-uno-todos-los-ganadores-con-el-oro-para-juana-viale\/#article","isPartOf":{"@id":"https:\/\/cuartetoenlaweb.com.ar\/sitio\/martin-fierro-de-la-moda-2026-uno-por-uno-todos-los-ganadores-con-el-oro-para-juana-viale\/"},"author":{"name":"","@id":""},"headline":"Mart\u00edn Fierro de la Moda 2026: uno por uno todos los ganadores, con el Oro para Juana Viale","datePublished":"2026-04-27T04:59:55+00:00","mainEntityOfPage":{"@id":"https:\/\/cuartetoenlaweb.com.ar\/sitio\/martin-fierro-de-la-moda-2026-uno-por-uno-todos-los-ganadores-con-el-oro-para-juana-viale\/"},"wordCount":699,"publisher":{"@id":"http:\/\/cuartetoenlaweb.com.ar\/sitio\/#organization"},"image":{"@id":"https:\/\/cuartetoenlaweb.com.ar\/sitio\/martin-fierro-de-la-moda-2026-uno-por-uno-todos-los-ganadores-con-el-oro-para-juana-viale\/#primaryimage"},"thumbnailUrl":"https:\/\/cuartetoenlaweb.com.ar\/sitio\/wp-content\/uploads\/2026\/04\/Julieta-Poggio-y-Romina-Gaetani-en-los-Martin-Fierro-de-la-Moda-2026-RS-Fotos-359x226-2.jpg","articleSection":["ESPECT\u00c1CULO"],"inLanguage":"es"},{"@type":"WebPage","@id":"https:\/\/cuartetoenlaweb.com.ar\/sitio\/martin-fierro-de-la-moda-2026-uno-por-uno-todos-los-ganadores-con-el-oro-para-juana-viale\/","url":"https:\/\/cuartetoenlaweb.com.ar\/sitio\/martin-fierro-de-la-moda-2026-uno-por-uno-todos-los-ganadores-con-el-oro-para-juana-viale\/","name":"Mart\u00edn Fierro de la Moda 2026: uno por uno todos los ganadores, con el Oro para Juana Viale - Cuarteto en la Web","isPartOf":{"@id":"http:\/\/cuartetoenlaweb.com.ar\/sitio\/#website"},"primaryImageOfPage":{"@id":"https:\/\/cuartetoenlaweb.com.ar\/sitio\/martin-fierro-de-la-moda-2026-uno-por-uno-todos-los-ganadores-con-el-oro-para-juana-viale\/#primaryimage"},"image":{"@id":"https:\/\/cuartetoenlaweb.com.ar\/sitio\/martin-fierro-de-la-moda-2026-uno-por-uno-todos-los-ganadores-con-el-oro-para-juana-viale\/#primaryimage"},"thumbnailUrl":"https:\/\/cuartetoenlaweb.com.ar\/sitio\/wp-content\/uploads\/2026\/04\/Julieta-Poggio-y-Romina-Gaetani-en-los-Martin-Fierro-de-la-Moda-2026-RS-Fotos-359x226-2.jpg","datePublished":"2026-04-27T04:59:55+00:00","breadcrumb":{"@id":"https:\/\/cuartetoenlaweb.com.ar\/sitio\/martin-fierro-de-la-moda-2026-uno-por-uno-todos-los-ganadores-con-el-oro-para-juana-viale\/#breadcrumb"},"inLanguage":"es","potentialAction":[{"@type":"ReadAction","target":["https:\/\/cuartetoenlaweb.com.ar\/sitio\/martin-fierro-de-la-moda-2026-uno-por-uno-todos-los-ganadores-con-el-oro-para-juana-viale\/"]}]},{"@type":"ImageObject","inLanguage":"es","@id":"https:\/\/cuartetoenlaweb.com.ar\/sitio\/martin-fierro-de-la-moda-2026-uno-por-uno-todos-los-ganadores-con-el-oro-para-juana-viale\/#primaryimage","url":"https:\/\/cuartetoenlaweb.com.ar\/sitio\/wp-content\/uploads\/2026\/04\/Julieta-Poggio-y-Romina-Gaetani-en-los-Martin-Fierro-de-la-Moda-2026-RS-Fotos-359x226-2.jpg","contentUrl":"https:\/\/cuartetoenlaweb.com.ar\/sitio\/wp-content\/uploads\/2026\/04\/Julieta-Poggio-y-Romina-Gaetani-en-los-Martin-Fierro-de-la-Moda-2026-RS-Fotos-359x226-2.jpg","width":359,"height":226},{"@type":"BreadcrumbList","@id":"https:\/\/cuartetoenlaweb.com.ar\/sitio\/martin-fierro-de-la-moda-2026-uno-por-uno-todos-los-ganadores-con-el-oro-para-juana-viale\/#breadcrumb","itemListElement":[{"@type":"ListItem","position":1,"name":"Portada","item":"http:\/\/cuartetoenlaweb.com.ar\/sitio\/"},{"@type":"ListItem","position":2,"name":"Mart\u00edn Fierro de la Moda 2026: uno por uno todos los ganadores, con el Oro para Juana Viale"}]},{"@type":"WebSite","@id":"http:\/\/cuartetoenlaweb.com.ar\/sitio\/#website","url":"http:\/\/cuartetoenlaweb.com.ar\/sitio\/","name":"Cuarteto en la Web","description":"","publisher":{"@id":"http:\/\/cuartetoenlaweb.com.ar\/sitio\/#organization"},"potentialAction":[{"@type":"SearchAction","target":{"@type":"EntryPoint","urlTemplate":"http:\/\/cuartetoenlaweb.com.ar\/sitio\/?s={search_term_string}"},"query-input":{"@type":"PropertyValueSpecification","valueRequired":true,"valueName":"search_term_string"}}],"inLanguage":"es"},{"@type":"Organization","@id":"http:\/\/cuartetoenlaweb.com.ar\/sitio\/#organization","name":"Cuarteto en la Web","url":"http:\/\/cuartetoenlaweb.com.ar\/sitio\/","logo":{"@type":"ImageObject","inLanguage":"es","@id":"http:\/\/cuartetoenlaweb.com.ar\/sitio\/#\/schema\/logo\/image\/","url":"https:\/\/cuartetoenlaweb.com.ar\/sitio\/wp-content\/uploads\/2025\/07\/cropped-cropped-logitoweb21.png","contentUrl":"https:\/\/cuartetoenlaweb.com.ar\/sitio\/wp-content\/uploads\/2025\/07\/cropped-cropped-logitoweb21.png","width":199,"height":199,"caption":"Cuarteto en la Web"},"image":{"@id":"http:\/\/cuartetoenlaweb.com.ar\/sitio\/#\/schema\/logo\/image\/"}}]}},"_links":{"self":[{"href":"https:\/\/cuartetoenlaweb.com.ar\/sitio\/wp-json\/wp\/v2\/posts\/19042","targetHints":{"allow":["GET"]}}],"collection":[{"href":"https:\/\/cuartetoenlaweb.com.ar\/sitio\/wp-json\/wp\/v2\/posts"}],"about":[{"href":"https:\/\/cuartetoenlaweb.com.ar\/sitio\/wp-json\/wp\/v2\/types\/post"}],"replies":[{"embeddable":true,"href":"https:\/\/cuartetoenlaweb.com.ar\/sitio\/wp-json\/wp\/v2\/comments?post=19042"}],"version-history":[{"count":0,"href":"https:\/\/cuartetoenlaweb.com.ar\/sitio\/wp-json\/wp\/v2\/posts\/19042\/revisions"}],"wp:featuredmedia":[{"embeddable":true,"href":"https:\/\/cuartetoenlaweb.com.ar\/sitio\/wp-json\/wp\/v2\/media\/19043"}],"wp:attachment":[{"href":"https:\/\/cuartetoenlaweb.com.ar\/sitio\/wp-json\/wp\/v2\/media?parent=19042"}],"wp:term":[{"taxonomy":"category","embeddable":true,"href":"https:\/\/cuartetoenlaweb.com.ar\/sitio\/wp-json\/wp\/v2\/categories?post=19042"},{"taxonomy":"post_tag","embeddable":true,"href":"https:\/\/cuartetoenlaweb.com.ar\/sitio\/wp-json\/wp\/v2\/tags?post=19042"}],"curies":[{"name":"wp","href":"https:\/\/api.w.org\/{rel}","templated":true}]}}