
{"id":19040,"date":"2026-04-27T01:59:54","date_gmt":"2026-04-27T04:59:54","guid":{"rendered":"https:\/\/cuartetoenlaweb.com.ar\/sitio\/martin-fierro-de-la-moda-2026-todos-los-looks-de-la-alfombra-roja\/"},"modified":"2026-04-27T01:59:54","modified_gmt":"2026-04-27T04:59:54","slug":"martin-fierro-de-la-moda-2026-todos-los-looks-de-la-alfombra-roja","status":"publish","type":"post","link":"https:\/\/cuartetoenlaweb.com.ar\/sitio\/martin-fierro-de-la-moda-2026-todos-los-looks-de-la-alfombra-roja\/","title":{"rendered":"Mart\u00edn Fierro de la Moda 2026: todos los looks de la alfombra roja"},"content":{"rendered":"<p>Este domingo se celebr\u00f3 una nueva edici\u00f3n de los <em><a href=\"https:\/\/www.paparazzi.com.ar\/?s=Mart%C3%ADn+Fierro+de+la+Moda\">Mart\u00edn Fierro de la Moda<\/a><\/em>, el evento que premia a lo mejor del estilo y la industria fashion en la televisi\u00f3n y el espect\u00e1culo argentino. La ceremonia runi\u00f3 a dise\u00f1adores, celebridades e influencers en una gala que despleg\u00f3 glamour, impacto visual y momentos inolvidables.<\/p>\n<p>La alfombra roja, <a href=\"https:\/\/www.paparazzi.com.ar\/teve\/hoy-se-entregan-los-martin-fierro-de-la-moda-2026-todos-los-nominados-las-polemicas-y-que-se-espera-de-la-gran-noche\/\">uno de los puntos m\u00e1s esperados de la noche<\/a>, volvi\u00f3 a mostrar una verdadera exhibici\u00f3n de tendencias, donde cada figura apost\u00f3 por looks cuidadosamente pensados para destacarse. Desde dise\u00f1os de alta costura hasta apuestas m\u00e1s arriesgadas y vanguardistas, el desfile previo a la entrega de premios se convirti\u00f3 en una vidriera del presente y futuro de la moda argentina.<\/p>\n<div class=\"mt-box \">\n<h4 class=\"mt-heading\">Mir\u00e1 Tambi\u00e9n<\/h4>\n<p><a href=\"https:\/\/www.paparazzi.com.ar\/looks\/martin-fierro-de-la-moda-2026-los-mejores-y-peores-looks-de-la-alfombra-roja\/\"><\/p>\n<div class=\"mt-content\">\n<div class=\"mt-image-container\"><img decoding=\"async\" src=\"https:\/\/www.paparazzi.com.ar\/wp-content\/uploads\/2026\/04\/Julieta-Poggio-y-Romina-Gaetani-en-los-Martin-Fierro-de-la-Moda-2026-RS-Fotos-359x226.jpg\" alt=\"Mart\u00edn Fierro de la Moda 2026: los mejores y peores looks de la alfombra roja\" class=\"mt-image\" loading=\"lazy\" \/><\/div>\n<h5 class=\"mt-title\">Mart\u00edn Fierro de la Moda 2026: los mejores y peores looks de la alfombra roja<\/h5>\n<\/div>\n<p><\/a><\/div>\n<p>Esta vez con la conducci\u00f3n de <strong>Valeria Mazza<\/strong> e <strong>Iv\u00e1n de Pineda<\/strong>, la ceremonia ya se consolida como uno de los eventos m\u00e1s importantes del a\u00f1o para la industria. Porque si algo est\u00e1 claro, es que en los Mart\u00edn Fierro de la Moda, el verdadero premio empieza mucho antes de que se entregue la primera estatuilla.<\/p>\n<h2 class=\"wp-block-heading\">LAS FOTOS DE LOS LOOKS DE LA ALFOMBRA ROJA DE LOS MART\u00cdN FIERRO DE LA MODA:<\/h2>\n<figure class=\"wp-block-image size-large\"><img decoding=\"async\" src=\"https:\/\/www.paparazzi.com.ar\/wp-content\/uploads\/2026\/04\/ALFOMBRA-PPZ-5872-680x1024.jpg.webp\" loading=\"lazy\" alt=\"\" class=\"wp-image-475467\" \/><figcaption class=\"wp-element-caption\">Yanina Latorre y Matilda Blanco.<\/figcaption><\/figure>\n<figure class=\"wp-block-image size-large\"><img decoding=\"async\" src=\"https:\/\/www.paparazzi.com.ar\/wp-content\/uploads\/2026\/04\/ALFOMBRA-PPZ-5959-680x1024.jpg.webp\" loading=\"lazy\" alt=\"\" class=\"wp-image-475470\" \/><figcaption class=\"wp-element-caption\">Juana Viale.<\/figcaption><\/figure>\n<figure class=\"wp-block-image size-large\"><img decoding=\"async\" src=\"https:\/\/www.paparazzi.com.ar\/wp-content\/uploads\/2026\/04\/ALFOMBRA-PPZ-5939-680x1024.jpg.webp\" loading=\"lazy\" alt=\"\" class=\"wp-image-475469\" \/><figcaption class=\"wp-element-caption\">Benjam\u00edn Vicu\u00f1a.<\/figcaption><\/figure>\n<figure class=\"wp-block-image size-large is-resized\"><img decoding=\"async\" src=\"https:\/\/www.paparazzi.com.ar\/wp-content\/uploads\/2026\/04\/ALFOMBRA-PPZ-5910-680x1024.jpg.webp\" loading=\"lazy\" alt=\"\" class=\"wp-image-475468\" style=\"width:681px;height:auto\" \/><figcaption class=\"wp-element-caption\">Florencia de la V y Fabi\u00e1n Medina Flores.<\/figcaption><\/figure>\n<figure class=\"wp-block-image size-large\"><img decoding=\"async\" src=\"https:\/\/www.paparazzi.com.ar\/wp-content\/uploads\/2026\/04\/ALFOMBRA-PPZ-5894-680x1024.jpg.webp\" loading=\"lazy\" alt=\"\" class=\"wp-image-475473\" \/><figcaption class=\"wp-element-caption\">Nacho Elizalde.<\/figcaption><\/figure>\n<figure class=\"wp-block-image size-large\"><img decoding=\"async\" src=\"https:\/\/www.paparazzi.com.ar\/wp-content\/uploads\/2026\/04\/ALFOMBRA-PPZ-5926-680x1024.jpg.webp\" loading=\"lazy\" alt=\"\" class=\"wp-image-475476\" \/><figcaption class=\"wp-element-caption\">Sof\u00eda Gonet.<\/figcaption><\/figure>\n<figure class=\"wp-block-image size-large\"><img decoding=\"async\" src=\"https:\/\/www.paparazzi.com.ar\/wp-content\/uploads\/2026\/04\/ALFOMBRA-PPZ-5720-680x1024.jpg.webp\" loading=\"lazy\" alt=\"\" class=\"wp-image-475463\" \/><figcaption class=\"wp-element-caption\">Tet\u00e9 Coustarot.<\/figcaption><\/figure>\n<figure class=\"wp-block-image size-large\"><img decoding=\"async\" src=\"https:\/\/www.paparazzi.com.ar\/wp-content\/uploads\/2026\/04\/ALFOMBRA-PPZ-5858-680x1024.jpg.webp\" loading=\"lazy\" alt=\"\" class=\"wp-image-475464\" \/><figcaption class=\"wp-element-caption\">Mariana Fabbiani.<\/figcaption><\/figure>\n<figure class=\"wp-block-image size-large\"><img decoding=\"async\" src=\"https:\/\/www.paparazzi.com.ar\/wp-content\/uploads\/2026\/04\/ALFOMBRA-PPZ-5680-680x1024.jpg.webp\" loading=\"lazy\" alt=\"\" class=\"wp-image-475465\" \/><figcaption class=\"wp-element-caption\">Grego Rossello.<\/figcaption><\/figure>\n<figure class=\"wp-block-image size-large\"><img decoding=\"async\" src=\"https:\/\/www.paparazzi.com.ar\/wp-content\/uploads\/2026\/04\/52A8794-683x1024.jpg.webp\" loading=\"lazy\" alt=\"\" class=\"wp-image-475451\" \/><figcaption class=\"wp-element-caption\">Pampita.<\/figcaption><\/figure>\n<figure class=\"wp-block-image size-large\"><img decoding=\"async\" src=\"https:\/\/www.paparazzi.com.ar\/wp-content\/uploads\/2026\/04\/52A8805-683x1024.jpg.webp\" loading=\"lazy\" alt=\"\" class=\"wp-image-475452\" \/><figcaption class=\"wp-element-caption\">Juli Poggio.<\/figcaption><\/figure>\n<figure class=\"wp-block-image size-large\"><img decoding=\"async\" src=\"https:\/\/www.paparazzi.com.ar\/wp-content\/uploads\/2026\/04\/52A8955-683x1024.jpg.webp\" loading=\"lazy\" alt=\"\" class=\"wp-image-475453\" \/><figcaption class=\"wp-element-caption\">Ingrid Grudke.<\/figcaption><\/figure>\n<figure class=\"wp-block-image size-large\"><img decoding=\"async\" src=\"https:\/\/www.paparazzi.com.ar\/wp-content\/uploads\/2026\/04\/52A8978-683x1024.jpg.webp\" loading=\"lazy\" alt=\"\" class=\"wp-image-475454\" \/><figcaption class=\"wp-element-caption\">Evelyn Botto.<\/figcaption><\/figure>\n<figure class=\"wp-block-image size-large\"><img decoding=\"async\" src=\"https:\/\/www.paparazzi.com.ar\/wp-content\/uploads\/2026\/04\/52A9057-683x1024.jpg.webp\" loading=\"lazy\" alt=\"\" class=\"wp-image-475455\" \/><figcaption class=\"wp-element-caption\">Momi Giardina.<\/figcaption><\/figure>\n<figure class=\"wp-block-image size-large\"><img decoding=\"async\" src=\"https:\/\/www.paparazzi.com.ar\/wp-content\/uploads\/2026\/04\/ADB3005-683x1024.jpg.webp\" loading=\"lazy\" alt=\"\" class=\"wp-image-475456\" \/><figcaption class=\"wp-element-caption\">Marta Fort.<\/figcaption><\/figure>\n<figure class=\"wp-block-image size-large\"><img decoding=\"async\" src=\"https:\/\/www.paparazzi.com.ar\/wp-content\/uploads\/2026\/04\/ADB3151-683x1024.jpg.webp\" loading=\"lazy\" alt=\"\" class=\"wp-image-475457\" \/><figcaption class=\"wp-element-caption\">La Tora.<\/figcaption><\/figure>\n<figure class=\"wp-block-image size-large\"><img decoding=\"async\" src=\"https:\/\/www.paparazzi.com.ar\/wp-content\/uploads\/2026\/04\/ADB3154-683x1024.jpg.webp\" loading=\"lazy\" alt=\"\" class=\"wp-image-475458\" \/><figcaption class=\"wp-element-caption\">China Ansa.<\/figcaption><\/figure>\n<p><strong><em>Cr\u00e9dito Fotos: RS Fotos y Diego Garc\u00eda<\/em><\/strong><\/p>\n<div class=\"mt-box \">\n<h4 class=\"mt-heading\">Mir\u00e1 Tambi\u00e9n<\/h4>\n<p><a href=\"https:\/\/www.paparazzi.com.ar\/teve\/hoy-se-entregan-los-martin-fierro-de-la-moda-2026-todos-los-nominados-las-polemicas-y-que-se-espera-de-la-gran-noche\/\"><\/p>\n<div class=\"mt-content\">\n<div class=\"mt-image-container\"><img decoding=\"async\" src=\"https:\/\/www.paparazzi.com.ar\/wp-content\/uploads\/2026\/04\/Martin-Fierro-Moda-359x226.jpg\" alt=\"Se entregan los Mart\u00edn Fierro de la Moda 2026: todos los nominados, las pol\u00e9micas y qu\u00e9 se espera de la gran noche\" class=\"mt-image\" loading=\"lazy\" \/><\/div>\n<h5 class=\"mt-title\">Se entregan los Mart\u00edn Fierro de la Moda 2026: todos los nominados, las pol\u00e9micas y qu\u00e9 se espera de la gran noche<\/h5>\n<\/div>\n<p><\/a><\/div>\n<div class=\"mt-box \">\n<h4 class=\"mt-heading\">Mir\u00e1 Tambi\u00e9n<\/h4>\n<p><a href=\"https:\/\/www.paparazzi.com.ar\/teve\/la-noche-mas-polemica-de-luis-brandoni-el-discurso-que-escandalizo-a-los-artistas-k-al-ganar-un-martin-fierro-basta-de-ladrones\/\"><\/p>\n<div class=\"mt-content\">\n<div class=\"mt-image-container\"><img decoding=\"async\" src=\"https:\/\/www.paparazzi.com.ar\/wp-content\/uploads\/2026\/04\/Brandoni-1-1-359x226.jpg\" alt=\"\u00a1La noche m\u00e1s pol\u00e9mica de Luis Brandoni! El discurso que escandaliz\u00f3 a los artistas K al ganar un Mart\u00edn Fierro: &quot;Basta de ladrones&quot;\" class=\"mt-image\" loading=\"lazy\" \/><\/div>\n<h5 class=\"mt-title\">\u00a1La noche m\u00e1s pol\u00e9mica de Luis Brandoni! El discurso que escandaliz\u00f3 a los artistas K al ganar un Mart\u00edn Fierro: \u00abBasta de ladrones\u00bb<\/h5>\n<\/div>\n<p><\/a><\/div>\n<p>The post <a href=\"https:\/\/www.paparazzi.com.ar\/looks\/martin-fierro-de-la-moda-2026-los-mejores-looks-de-la-alfombra-roja\/\">Mart\u00edn Fierro de la Moda 2026: todos los looks de la alfombra roja<\/a> appeared first on <a href=\"https:\/\/www.paparazzi.com.ar\">Revista Paparazzi<\/a>.<\/p>\n","protected":false},"excerpt":{"rendered":"<p>Este domingo se celebr\u00f3 una nueva edici\u00f3n de los Mart\u00edn<\/p>\n","protected":false},"author":0,"featured_media":19041,"comment_status":"","ping_status":"","sticky":false,"template":"","format":"standard","meta":{"footnotes":""},"categories":[12],"tags":[],"class_list":["post-19040","post","type-post","status-publish","format-standard","has-post-thumbnail","hentry","category-espectaculo"],"yoast_head":"<!-- This site is optimized with the Yoast SEO plugin v27.4 - https:\/\/yoast.com\/product\/yoast-seo-wordpress\/ -->\n<title>Mart\u00edn Fierro de la Moda 2026: todos los looks de la alfombra roja - Cuarteto en la Web<\/title>\n<meta name=\"robots\" content=\"index, follow, max-snippet:-1, max-image-preview:large, max-video-preview:-1\" \/>\n<link rel=\"canonical\" href=\"https:\/\/cuartetoenlaweb.com.ar\/sitio\/martin-fierro-de-la-moda-2026-todos-los-looks-de-la-alfombra-roja\/\" \/>\n<meta property=\"og:locale\" content=\"es_ES\" \/>\n<meta property=\"og:type\" content=\"article\" \/>\n<meta property=\"og:title\" content=\"Mart\u00edn Fierro de la Moda 2026: todos los looks de la alfombra roja - Cuarteto en la Web\" \/>\n<meta property=\"og:description\" content=\"Este domingo se celebr\u00f3 una nueva edici\u00f3n de los Mart\u00edn\" \/>\n<meta property=\"og:url\" content=\"https:\/\/cuartetoenlaweb.com.ar\/sitio\/martin-fierro-de-la-moda-2026-todos-los-looks-de-la-alfombra-roja\/\" \/>\n<meta property=\"og:site_name\" content=\"Cuarteto en la Web\" \/>\n<meta property=\"article:published_time\" content=\"2026-04-27T04:59:54+00:00\" \/>\n<meta property=\"og:image\" content=\"https:\/\/www.paparazzi.com.ar\/wp-content\/uploads\/2026\/04\/Julieta-Poggio-y-Romina-Gaetani-en-los-Martin-Fierro-de-la-Moda-2026-RS-Fotos-359x226.jpg\" \/>\n<meta name=\"twitter:card\" content=\"summary_large_image\" \/>\n<meta name=\"twitter:label1\" content=\"Tiempo de lectura\" \/>\n\t<meta name=\"twitter:data1\" content=\"2 minutos\" \/>\n<script type=\"application\/ld+json\" class=\"yoast-schema-graph\">{\"@context\":\"https:\\\/\\\/schema.org\",\"@graph\":[{\"@type\":\"Article\",\"@id\":\"https:\\\/\\\/cuartetoenlaweb.com.ar\\\/sitio\\\/martin-fierro-de-la-moda-2026-todos-los-looks-de-la-alfombra-roja\\\/#article\",\"isPartOf\":{\"@id\":\"https:\\\/\\\/cuartetoenlaweb.com.ar\\\/sitio\\\/martin-fierro-de-la-moda-2026-todos-los-looks-de-la-alfombra-roja\\\/\"},\"author\":{\"name\":\"\",\"@id\":\"\"},\"headline\":\"Mart\u00edn Fierro de la Moda 2026: todos los looks de la alfombra roja\",\"datePublished\":\"2026-04-27T04:59:54+00:00\",\"mainEntityOfPage\":{\"@id\":\"https:\\\/\\\/cuartetoenlaweb.com.ar\\\/sitio\\\/martin-fierro-de-la-moda-2026-todos-los-looks-de-la-alfombra-roja\\\/\"},\"wordCount\":363,\"publisher\":{\"@id\":\"http:\\\/\\\/cuartetoenlaweb.com.ar\\\/sitio\\\/#organization\"},\"image\":{\"@id\":\"https:\\\/\\\/cuartetoenlaweb.com.ar\\\/sitio\\\/martin-fierro-de-la-moda-2026-todos-los-looks-de-la-alfombra-roja\\\/#primaryimage\"},\"thumbnailUrl\":\"https:\\\/\\\/cuartetoenlaweb.com.ar\\\/sitio\\\/wp-content\\\/uploads\\\/2026\\\/04\\\/Julieta-Poggio-y-Romina-Gaetani-en-los-Martin-Fierro-de-la-Moda-2026-RS-Fotos-359x226-1.jpg\",\"articleSection\":[\"ESPECT\u00c1CULO\"],\"inLanguage\":\"es\"},{\"@type\":\"WebPage\",\"@id\":\"https:\\\/\\\/cuartetoenlaweb.com.ar\\\/sitio\\\/martin-fierro-de-la-moda-2026-todos-los-looks-de-la-alfombra-roja\\\/\",\"url\":\"https:\\\/\\\/cuartetoenlaweb.com.ar\\\/sitio\\\/martin-fierro-de-la-moda-2026-todos-los-looks-de-la-alfombra-roja\\\/\",\"name\":\"Mart\u00edn Fierro de la Moda 2026: todos los looks de la alfombra roja - Cuarteto en la Web\",\"isPartOf\":{\"@id\":\"http:\\\/\\\/cuartetoenlaweb.com.ar\\\/sitio\\\/#website\"},\"primaryImageOfPage\":{\"@id\":\"https:\\\/\\\/cuartetoenlaweb.com.ar\\\/sitio\\\/martin-fierro-de-la-moda-2026-todos-los-looks-de-la-alfombra-roja\\\/#primaryimage\"},\"image\":{\"@id\":\"https:\\\/\\\/cuartetoenlaweb.com.ar\\\/sitio\\\/martin-fierro-de-la-moda-2026-todos-los-looks-de-la-alfombra-roja\\\/#primaryimage\"},\"thumbnailUrl\":\"https:\\\/\\\/cuartetoenlaweb.com.ar\\\/sitio\\\/wp-content\\\/uploads\\\/2026\\\/04\\\/Julieta-Poggio-y-Romina-Gaetani-en-los-Martin-Fierro-de-la-Moda-2026-RS-Fotos-359x226-1.jpg\",\"datePublished\":\"2026-04-27T04:59:54+00:00\",\"breadcrumb\":{\"@id\":\"https:\\\/\\\/cuartetoenlaweb.com.ar\\\/sitio\\\/martin-fierro-de-la-moda-2026-todos-los-looks-de-la-alfombra-roja\\\/#breadcrumb\"},\"inLanguage\":\"es\",\"potentialAction\":[{\"@type\":\"ReadAction\",\"target\":[\"https:\\\/\\\/cuartetoenlaweb.com.ar\\\/sitio\\\/martin-fierro-de-la-moda-2026-todos-los-looks-de-la-alfombra-roja\\\/\"]}]},{\"@type\":\"ImageObject\",\"inLanguage\":\"es\",\"@id\":\"https:\\\/\\\/cuartetoenlaweb.com.ar\\\/sitio\\\/martin-fierro-de-la-moda-2026-todos-los-looks-de-la-alfombra-roja\\\/#primaryimage\",\"url\":\"https:\\\/\\\/cuartetoenlaweb.com.ar\\\/sitio\\\/wp-content\\\/uploads\\\/2026\\\/04\\\/Julieta-Poggio-y-Romina-Gaetani-en-los-Martin-Fierro-de-la-Moda-2026-RS-Fotos-359x226-1.jpg\",\"contentUrl\":\"https:\\\/\\\/cuartetoenlaweb.com.ar\\\/sitio\\\/wp-content\\\/uploads\\\/2026\\\/04\\\/Julieta-Poggio-y-Romina-Gaetani-en-los-Martin-Fierro-de-la-Moda-2026-RS-Fotos-359x226-1.jpg\",\"width\":359,\"height\":226},{\"@type\":\"BreadcrumbList\",\"@id\":\"https:\\\/\\\/cuartetoenlaweb.com.ar\\\/sitio\\\/martin-fierro-de-la-moda-2026-todos-los-looks-de-la-alfombra-roja\\\/#breadcrumb\",\"itemListElement\":[{\"@type\":\"ListItem\",\"position\":1,\"name\":\"Portada\",\"item\":\"http:\\\/\\\/cuartetoenlaweb.com.ar\\\/sitio\\\/\"},{\"@type\":\"ListItem\",\"position\":2,\"name\":\"Mart\u00edn Fierro de la Moda 2026: todos los looks de la alfombra roja\"}]},{\"@type\":\"WebSite\",\"@id\":\"http:\\\/\\\/cuartetoenlaweb.com.ar\\\/sitio\\\/#website\",\"url\":\"http:\\\/\\\/cuartetoenlaweb.com.ar\\\/sitio\\\/\",\"name\":\"Cuarteto en la Web\",\"description\":\"\",\"publisher\":{\"@id\":\"http:\\\/\\\/cuartetoenlaweb.com.ar\\\/sitio\\\/#organization\"},\"potentialAction\":[{\"@type\":\"SearchAction\",\"target\":{\"@type\":\"EntryPoint\",\"urlTemplate\":\"http:\\\/\\\/cuartetoenlaweb.com.ar\\\/sitio\\\/?s={search_term_string}\"},\"query-input\":{\"@type\":\"PropertyValueSpecification\",\"valueRequired\":true,\"valueName\":\"search_term_string\"}}],\"inLanguage\":\"es\"},{\"@type\":\"Organization\",\"@id\":\"http:\\\/\\\/cuartetoenlaweb.com.ar\\\/sitio\\\/#organization\",\"name\":\"Cuarteto en la Web\",\"url\":\"http:\\\/\\\/cuartetoenlaweb.com.ar\\\/sitio\\\/\",\"logo\":{\"@type\":\"ImageObject\",\"inLanguage\":\"es\",\"@id\":\"http:\\\/\\\/cuartetoenlaweb.com.ar\\\/sitio\\\/#\\\/schema\\\/logo\\\/image\\\/\",\"url\":\"https:\\\/\\\/cuartetoenlaweb.com.ar\\\/sitio\\\/wp-content\\\/uploads\\\/2025\\\/07\\\/cropped-cropped-logitoweb21.png\",\"contentUrl\":\"https:\\\/\\\/cuartetoenlaweb.com.ar\\\/sitio\\\/wp-content\\\/uploads\\\/2025\\\/07\\\/cropped-cropped-logitoweb21.png\",\"width\":199,\"height\":199,\"caption\":\"Cuarteto en la Web\"},\"image\":{\"@id\":\"http:\\\/\\\/cuartetoenlaweb.com.ar\\\/sitio\\\/#\\\/schema\\\/logo\\\/image\\\/\"}}]}<\/script>\n<!-- \/ Yoast SEO plugin. -->","yoast_head_json":{"title":"Mart\u00edn Fierro de la Moda 2026: todos los looks de la alfombra roja - Cuarteto en la Web","robots":{"index":"index","follow":"follow","max-snippet":"max-snippet:-1","max-image-preview":"max-image-preview:large","max-video-preview":"max-video-preview:-1"},"canonical":"https:\/\/cuartetoenlaweb.com.ar\/sitio\/martin-fierro-de-la-moda-2026-todos-los-looks-de-la-alfombra-roja\/","og_locale":"es_ES","og_type":"article","og_title":"Mart\u00edn Fierro de la Moda 2026: todos los looks de la alfombra roja - Cuarteto en la Web","og_description":"Este domingo se celebr\u00f3 una nueva edici\u00f3n de los Mart\u00edn","og_url":"https:\/\/cuartetoenlaweb.com.ar\/sitio\/martin-fierro-de-la-moda-2026-todos-los-looks-de-la-alfombra-roja\/","og_site_name":"Cuarteto en la Web","article_published_time":"2026-04-27T04:59:54+00:00","og_image":[{"url":"https:\/\/www.paparazzi.com.ar\/wp-content\/uploads\/2026\/04\/Julieta-Poggio-y-Romina-Gaetani-en-los-Martin-Fierro-de-la-Moda-2026-RS-Fotos-359x226.jpg","type":"","width":"","height":""}],"twitter_card":"summary_large_image","twitter_misc":{"Tiempo de lectura":"2 minutos"},"schema":{"@context":"https:\/\/schema.org","@graph":[{"@type":"Article","@id":"https:\/\/cuartetoenlaweb.com.ar\/sitio\/martin-fierro-de-la-moda-2026-todos-los-looks-de-la-alfombra-roja\/#article","isPartOf":{"@id":"https:\/\/cuartetoenlaweb.com.ar\/sitio\/martin-fierro-de-la-moda-2026-todos-los-looks-de-la-alfombra-roja\/"},"author":{"name":"","@id":""},"headline":"Mart\u00edn Fierro de la Moda 2026: todos los looks de la alfombra roja","datePublished":"2026-04-27T04:59:54+00:00","mainEntityOfPage":{"@id":"https:\/\/cuartetoenlaweb.com.ar\/sitio\/martin-fierro-de-la-moda-2026-todos-los-looks-de-la-alfombra-roja\/"},"wordCount":363,"publisher":{"@id":"http:\/\/cuartetoenlaweb.com.ar\/sitio\/#organization"},"image":{"@id":"https:\/\/cuartetoenlaweb.com.ar\/sitio\/martin-fierro-de-la-moda-2026-todos-los-looks-de-la-alfombra-roja\/#primaryimage"},"thumbnailUrl":"https:\/\/cuartetoenlaweb.com.ar\/sitio\/wp-content\/uploads\/2026\/04\/Julieta-Poggio-y-Romina-Gaetani-en-los-Martin-Fierro-de-la-Moda-2026-RS-Fotos-359x226-1.jpg","articleSection":["ESPECT\u00c1CULO"],"inLanguage":"es"},{"@type":"WebPage","@id":"https:\/\/cuartetoenlaweb.com.ar\/sitio\/martin-fierro-de-la-moda-2026-todos-los-looks-de-la-alfombra-roja\/","url":"https:\/\/cuartetoenlaweb.com.ar\/sitio\/martin-fierro-de-la-moda-2026-todos-los-looks-de-la-alfombra-roja\/","name":"Mart\u00edn Fierro de la Moda 2026: todos los looks de la alfombra roja - Cuarteto en la Web","isPartOf":{"@id":"http:\/\/cuartetoenlaweb.com.ar\/sitio\/#website"},"primaryImageOfPage":{"@id":"https:\/\/cuartetoenlaweb.com.ar\/sitio\/martin-fierro-de-la-moda-2026-todos-los-looks-de-la-alfombra-roja\/#primaryimage"},"image":{"@id":"https:\/\/cuartetoenlaweb.com.ar\/sitio\/martin-fierro-de-la-moda-2026-todos-los-looks-de-la-alfombra-roja\/#primaryimage"},"thumbnailUrl":"https:\/\/cuartetoenlaweb.com.ar\/sitio\/wp-content\/uploads\/2026\/04\/Julieta-Poggio-y-Romina-Gaetani-en-los-Martin-Fierro-de-la-Moda-2026-RS-Fotos-359x226-1.jpg","datePublished":"2026-04-27T04:59:54+00:00","breadcrumb":{"@id":"https:\/\/cuartetoenlaweb.com.ar\/sitio\/martin-fierro-de-la-moda-2026-todos-los-looks-de-la-alfombra-roja\/#breadcrumb"},"inLanguage":"es","potentialAction":[{"@type":"ReadAction","target":["https:\/\/cuartetoenlaweb.com.ar\/sitio\/martin-fierro-de-la-moda-2026-todos-los-looks-de-la-alfombra-roja\/"]}]},{"@type":"ImageObject","inLanguage":"es","@id":"https:\/\/cuartetoenlaweb.com.ar\/sitio\/martin-fierro-de-la-moda-2026-todos-los-looks-de-la-alfombra-roja\/#primaryimage","url":"https:\/\/cuartetoenlaweb.com.ar\/sitio\/wp-content\/uploads\/2026\/04\/Julieta-Poggio-y-Romina-Gaetani-en-los-Martin-Fierro-de-la-Moda-2026-RS-Fotos-359x226-1.jpg","contentUrl":"https:\/\/cuartetoenlaweb.com.ar\/sitio\/wp-content\/uploads\/2026\/04\/Julieta-Poggio-y-Romina-Gaetani-en-los-Martin-Fierro-de-la-Moda-2026-RS-Fotos-359x226-1.jpg","width":359,"height":226},{"@type":"BreadcrumbList","@id":"https:\/\/cuartetoenlaweb.com.ar\/sitio\/martin-fierro-de-la-moda-2026-todos-los-looks-de-la-alfombra-roja\/#breadcrumb","itemListElement":[{"@type":"ListItem","position":1,"name":"Portada","item":"http:\/\/cuartetoenlaweb.com.ar\/sitio\/"},{"@type":"ListItem","position":2,"name":"Mart\u00edn Fierro de la Moda 2026: todos los looks de la alfombra roja"}]},{"@type":"WebSite","@id":"http:\/\/cuartetoenlaweb.com.ar\/sitio\/#website","url":"http:\/\/cuartetoenlaweb.com.ar\/sitio\/","name":"Cuarteto en la Web","description":"","publisher":{"@id":"http:\/\/cuartetoenlaweb.com.ar\/sitio\/#organization"},"potentialAction":[{"@type":"SearchAction","target":{"@type":"EntryPoint","urlTemplate":"http:\/\/cuartetoenlaweb.com.ar\/sitio\/?s={search_term_string}"},"query-input":{"@type":"PropertyValueSpecification","valueRequired":true,"valueName":"search_term_string"}}],"inLanguage":"es"},{"@type":"Organization","@id":"http:\/\/cuartetoenlaweb.com.ar\/sitio\/#organization","name":"Cuarteto en la Web","url":"http:\/\/cuartetoenlaweb.com.ar\/sitio\/","logo":{"@type":"ImageObject","inLanguage":"es","@id":"http:\/\/cuartetoenlaweb.com.ar\/sitio\/#\/schema\/logo\/image\/","url":"https:\/\/cuartetoenlaweb.com.ar\/sitio\/wp-content\/uploads\/2025\/07\/cropped-cropped-logitoweb21.png","contentUrl":"https:\/\/cuartetoenlaweb.com.ar\/sitio\/wp-content\/uploads\/2025\/07\/cropped-cropped-logitoweb21.png","width":199,"height":199,"caption":"Cuarteto en la Web"},"image":{"@id":"http:\/\/cuartetoenlaweb.com.ar\/sitio\/#\/schema\/logo\/image\/"}}]}},"_links":{"self":[{"href":"https:\/\/cuartetoenlaweb.com.ar\/sitio\/wp-json\/wp\/v2\/posts\/19040","targetHints":{"allow":["GET"]}}],"collection":[{"href":"https:\/\/cuartetoenlaweb.com.ar\/sitio\/wp-json\/wp\/v2\/posts"}],"about":[{"href":"https:\/\/cuartetoenlaweb.com.ar\/sitio\/wp-json\/wp\/v2\/types\/post"}],"replies":[{"embeddable":true,"href":"https:\/\/cuartetoenlaweb.com.ar\/sitio\/wp-json\/wp\/v2\/comments?post=19040"}],"version-history":[{"count":0,"href":"https:\/\/cuartetoenlaweb.com.ar\/sitio\/wp-json\/wp\/v2\/posts\/19040\/revisions"}],"wp:featuredmedia":[{"embeddable":true,"href":"https:\/\/cuartetoenlaweb.com.ar\/sitio\/wp-json\/wp\/v2\/media\/19041"}],"wp:attachment":[{"href":"https:\/\/cuartetoenlaweb.com.ar\/sitio\/wp-json\/wp\/v2\/media?parent=19040"}],"wp:term":[{"taxonomy":"category","embeddable":true,"href":"https:\/\/cuartetoenlaweb.com.ar\/sitio\/wp-json\/wp\/v2\/categories?post=19040"},{"taxonomy":"post_tag","embeddable":true,"href":"https:\/\/cuartetoenlaweb.com.ar\/sitio\/wp-json\/wp\/v2\/tags?post=19040"}],"curies":[{"name":"wp","href":"https:\/\/api.w.org\/{rel}","templated":true}]}}