
{"id":19038,"date":"2026-04-27T01:59:52","date_gmt":"2026-04-27T04:59:52","guid":{"rendered":"https:\/\/cuartetoenlaweb.com.ar\/sitio\/martin-fierro-de-la-moda-2026-los-mejores-y-peores-looks-de-la-alfombra-roja\/"},"modified":"2026-04-27T01:59:52","modified_gmt":"2026-04-27T04:59:52","slug":"martin-fierro-de-la-moda-2026-los-mejores-y-peores-looks-de-la-alfombra-roja","status":"publish","type":"post","link":"https:\/\/cuartetoenlaweb.com.ar\/sitio\/martin-fierro-de-la-moda-2026-los-mejores-y-peores-looks-de-la-alfombra-roja\/","title":{"rendered":"Mart\u00edn Fierro de la Moda 2026: los mejores y peores looks de la alfombra roja"},"content":{"rendered":"<p>La alfombra roja de los <a href=\"https:\/\/www.paparazzi.com.ar\/?s=Mart%C3%ADn+Fierro+de+la+Moda+2026\"><strong>Mart\u00edn Fierro de la Moda 2026<\/strong><\/a> volvi\u00f3 a dejar en claro que la moda es riesgo\u2026 y que no todos saben jugar ese juego. Entre aciertos contundentes y errores que no pasaron desapercibidos, la noche m\u00e1s fashion del a\u00f1o dio mucho de qu\u00e9 hablar.<\/p>\n<p>Entre las que definitivamente brillaron, <strong>Yanina Latorre<\/strong> sorprendi\u00f3 con un vestido verde con brillos que la posicion\u00f3 como una de las mejores vestidas de la noche: elegante, ajustado y con el equilibrio justo entre impacto y sofisticaci\u00f3n. <\/p>\n<figure class=\"wp-block-image size-large\"><img decoding=\"async\" src=\"https:\/\/www.paparazzi.com.ar\/wp-content\/uploads\/2026\/04\/ADB3649-683x1024.jpg.webp\" loading=\"lazy\" alt=\"\" class=\"wp-image-475493\" \/><figcaption class=\"wp-element-caption\">Yanina Latorre.<\/figcaption><\/figure>\n<p>Tambi\u00e9n <strong>Juli Poggio<\/strong> volvi\u00f3 a confirmar su lugar como \u00edcono de estilo, con un look moderno, fresco y perfectamente alineado con las tendencias actuales.<\/p>\n<figure class=\"wp-block-image size-large\"><img decoding=\"async\" src=\"https:\/\/www.paparazzi.com.ar\/wp-content\/uploads\/2026\/04\/ADB3137-683x1024.jpg.webp\" loading=\"lazy\" alt=\"\" class=\"wp-image-475494\" \/><figcaption class=\"wp-element-caption\">Juli Poggio.<\/figcaption><\/figure>\n<div class=\"mt-box \">\n<h4 class=\"mt-heading\">Mir\u00e1 Tambi\u00e9n<\/h4>\n<p><a href=\"https:\/\/www.paparazzi.com.ar\/videos\/exclusivo-belen-francese-hablo-de-la-maternidad-el-sexo-en-el-matrimonio-y-su-futuro-en-20-anos-me-veo-como-una-diva-de-la-argentina\/\"><\/p>\n<div class=\"mt-content\">\n<div class=\"mt-image-container\"><img decoding=\"async\" src=\"https:\/\/www.paparazzi.com.ar\/wp-content\/uploads\/2026\/04\/PAPARAZZI-A-SOLAS-BELEN-FRANCESE-PORTADA-359x226.jpg\" alt=\"\u00a1Exclusivo! Bel\u00e9n Francese habl\u00f3 de la maternidad, el sexo en el matrimonio y su futuro: \u201cEn 20 a\u00f1os, me veo como una diva de la Argentina\u201d\" class=\"mt-image\" loading=\"lazy\" \/><\/div>\n<h5 class=\"mt-title\">\u00a1Exclusivo! Bel\u00e9n Francese habl\u00f3 de la maternidad, el sexo en el matrimonio y su futuro: \u201cEn 20 a\u00f1os, me veo como una diva de la Argentina\u201d<\/h5>\n<\/div>\n<p><\/a><\/div>\n<p>Otra que se llev\u00f3 elogios fue <strong>Tefi Russo<\/strong>, <a href=\"https:\/\/www.paparazzi.com.ar\/looks\/martin-fierro-de-la-moda-2026-los-mejores-looks-de-la-alfombra-roja\/\">quien apost\u00f3 por un vestido de terciopelo en tono berenjena que destac\u00f3 por su elegancia y sensualidad<\/a>. El color, la textura y el corte fueron celebrados, aunque algunos remarcaron que el busto tipo balc\u00f3n generaba cierto desbalance. Aun as\u00ed, el veredicto general fue claro: aprobada y con estilo.<\/p>\n<figure class=\"wp-block-image size-large\"><img decoding=\"async\" src=\"https:\/\/www.paparazzi.com.ar\/wp-content\/uploads\/2026\/04\/MND04809-683x1024.jpg.webp\" loading=\"lazy\" alt=\"\" class=\"wp-image-475497\" \/><figcaption class=\"wp-element-caption\">Tefi Russo\u00a0y Pollo \u00c1lvarez.<\/figcaption><\/figure>\n<p>Pero claro, no todo fue acierto. <strong>Flor de la V<\/strong> qued\u00f3 en el ojo de la tormenta con su vestido de lunares y mangas exageradas. La intenci\u00f3n de lograr un aire sofisticado al estilo <em>Carolina Herrera<\/em> no termin\u00f3 de convencer, y en redes no tuvieron piedad: \u201cdemasiado volumen\u201d y \u201cun estampado poco favorecedor\u201d fueron algunas de las cr\u00edticas m\u00e1s repetidas.<\/p>\n<figure class=\"wp-block-image size-large\"><img decoding=\"async\" src=\"https:\/\/www.paparazzi.com.ar\/wp-content\/uploads\/2026\/04\/ADB3635-683x1024.jpg.webp\" loading=\"lazy\" alt=\"\" class=\"wp-image-475498\" \/><figcaption class=\"wp-element-caption\">Flor de la V.<\/figcaption><\/figure>\n<div class=\"mt-box \">\n<h4 class=\"mt-heading\">Mir\u00e1 Tambi\u00e9n<\/h4>\n<p><a href=\"https:\/\/www.paparazzi.com.ar\/teve\/hoy-se-entregan-los-martin-fierro-de-la-moda-2026-todos-los-nominados-las-polemicas-y-que-se-espera-de-la-gran-noche\/\"><\/p>\n<div class=\"mt-content\">\n<div class=\"mt-image-container\"><img decoding=\"async\" src=\"https:\/\/www.paparazzi.com.ar\/wp-content\/uploads\/2026\/04\/Martin-Fierro-Moda-359x226.jpg\" alt=\"Se entregan los Mart\u00edn Fierro de la Moda 2026: todos los nominados, las pol\u00e9micas y qu\u00e9 se espera de la gran noche\" class=\"mt-image\" loading=\"lazy\" \/><\/div>\n<h5 class=\"mt-title\">Se entregan los Mart\u00edn Fierro de la Moda 2026: todos los nominados, las pol\u00e9micas y qu\u00e9 se espera de la gran noche<\/h5>\n<\/div>\n<p><\/a><\/div>\n<p>Peor suerte corri\u00f3 <strong>Romina Gaetani<\/strong>, cuyo look estructural en negro directamente desconcert\u00f3. Vol\u00famenes r\u00edgidos, una silueta dif\u00edcil de entender y una propuesta sin lectura clara la ubicaron entre las m\u00e1s criticadas de la noche. Para muchos, fue un intento fallido de vanguardia que termin\u00f3 generando m\u00e1s confusi\u00f3n que impacto.<\/p>\n<figure class=\"wp-block-image size-large\"><img decoding=\"async\" src=\"https:\/\/www.paparazzi.com.ar\/wp-content\/uploads\/2026\/04\/JBF09734-1024x683.jpg.webp\" loading=\"lazy\" alt=\"\" class=\"wp-image-475499\" \/><figcaption class=\"wp-element-caption\">Romina Gaetani.<\/figcaption><\/figure>\n<p>As\u00ed, la alfombra roja volvi\u00f3 a demostrar que en los Mart\u00edn Fierro de la Moda no alcanza con llamar la atenci\u00f3n: hay una l\u00ednea muy fina entre deslumbrar\u2026 y quedar en la lista negra del estilo. <\/p>\n<p><strong><em>Cr\u00e9dito Fotos: RS Fotos y Diego Garc\u00eda<\/em><\/strong><\/p>\n<div class=\"mt-box \">\n<h4 class=\"mt-heading\">Mir\u00e1 Tambi\u00e9n<\/h4>\n<p><a href=\"https:\/\/www.paparazzi.com.ar\/teve\/martin-fierro-de-la-moda-2026-uno-por-uno-todos-los-ganadores\/\"><\/p>\n<div class=\"mt-content\">\n<div class=\"mt-image-container\"><img decoding=\"async\" src=\"https:\/\/www.paparazzi.com.ar\/wp-content\/uploads\/2026\/04\/Martin-Fierro-de-la-Moda-alfombra-roja-RS-Fotos-359x226.jpg\" alt=\"Mart\u00edn Fierro de la Moda 2026: uno por uno, todos los ganadores\" class=\"mt-image\" loading=\"lazy\" \/><\/div>\n<h5 class=\"mt-title\">Mart\u00edn Fierro de la Moda 2026: uno por uno, todos los ganadores<\/h5>\n<\/div>\n<p><\/a><\/div>\n<div class=\"mt-box \">\n<h4 class=\"mt-heading\">Mir\u00e1 Tambi\u00e9n<\/h4>\n<p><a href=\"https:\/\/www.paparazzi.com.ar\/looks\/martin-fierro-de-la-moda-2026-los-mejores-looks-de-la-alfombra-roja\/\"><\/p>\n<div class=\"mt-content\">\n<div class=\"mt-image-container\"><img decoding=\"async\" src=\"https:\/\/www.paparazzi.com.ar\/wp-content\/uploads\/2026\/04\/Martin-Fierro-de-la-Moda-2026-alfombra-roja-RS-Fotos-359x226.jpg\" alt=\"Mart\u00edn Fierro de la Moda 2026: los mejores looks de la alfombra roja\" class=\"mt-image\" loading=\"lazy\" \/><\/div>\n<h5 class=\"mt-title\">Mart\u00edn Fierro de la Moda 2026: los mejores looks de la alfombra roja<\/h5>\n<\/div>\n<p><\/a><\/div>\n<p>The post <a href=\"https:\/\/www.paparazzi.com.ar\/looks\/martin-fierro-de-la-moda-2026-los-mejores-y-peores-looks-de-la-alfombra-roja\/\">Mart\u00edn Fierro de la Moda 2026: los mejores y peores looks de la alfombra roja<\/a> appeared first on <a href=\"https:\/\/www.paparazzi.com.ar\">Revista Paparazzi<\/a>.<\/p>\n","protected":false},"excerpt":{"rendered":"<p>La alfombra roja de los Mart\u00edn Fierro de la Moda<\/p>\n","protected":false},"author":0,"featured_media":19039,"comment_status":"","ping_status":"","sticky":false,"template":"","format":"standard","meta":{"footnotes":""},"categories":[12],"tags":[],"class_list":["post-19038","post","type-post","status-publish","format-standard","has-post-thumbnail","hentry","category-espectaculo"],"yoast_head":"<!-- This site is optimized with the Yoast SEO plugin v27.4 - https:\/\/yoast.com\/product\/yoast-seo-wordpress\/ -->\n<title>Mart\u00edn Fierro de la Moda 2026: los mejores y peores looks de la alfombra roja - Cuarteto en la Web<\/title>\n<meta name=\"robots\" content=\"index, follow, max-snippet:-1, max-image-preview:large, max-video-preview:-1\" \/>\n<link rel=\"canonical\" href=\"https:\/\/cuartetoenlaweb.com.ar\/sitio\/martin-fierro-de-la-moda-2026-los-mejores-y-peores-looks-de-la-alfombra-roja\/\" \/>\n<meta property=\"og:locale\" content=\"es_ES\" \/>\n<meta property=\"og:type\" content=\"article\" \/>\n<meta property=\"og:title\" content=\"Mart\u00edn Fierro de la Moda 2026: los mejores y peores looks de la alfombra roja - Cuarteto en la Web\" \/>\n<meta property=\"og:description\" content=\"La alfombra roja de los Mart\u00edn Fierro de la Moda\" \/>\n<meta property=\"og:url\" content=\"https:\/\/cuartetoenlaweb.com.ar\/sitio\/martin-fierro-de-la-moda-2026-los-mejores-y-peores-looks-de-la-alfombra-roja\/\" \/>\n<meta property=\"og:site_name\" content=\"Cuarteto en la Web\" \/>\n<meta property=\"article:published_time\" content=\"2026-04-27T04:59:52+00:00\" \/>\n<meta name=\"twitter:card\" content=\"summary_large_image\" \/>\n<meta name=\"twitter:label1\" content=\"Tiempo de lectura\" \/>\n\t<meta name=\"twitter:data1\" content=\"2 minutos\" \/>\n<script type=\"application\/ld+json\" class=\"yoast-schema-graph\">{\"@context\":\"https:\\\/\\\/schema.org\",\"@graph\":[{\"@type\":\"Article\",\"@id\":\"https:\\\/\\\/cuartetoenlaweb.com.ar\\\/sitio\\\/martin-fierro-de-la-moda-2026-los-mejores-y-peores-looks-de-la-alfombra-roja\\\/#article\",\"isPartOf\":{\"@id\":\"https:\\\/\\\/cuartetoenlaweb.com.ar\\\/sitio\\\/martin-fierro-de-la-moda-2026-los-mejores-y-peores-looks-de-la-alfombra-roja\\\/\"},\"author\":{\"name\":\"\",\"@id\":\"\"},\"headline\":\"Mart\u00edn Fierro de la Moda 2026: los mejores y peores looks de la alfombra roja\",\"datePublished\":\"2026-04-27T04:59:52+00:00\",\"mainEntityOfPage\":{\"@id\":\"https:\\\/\\\/cuartetoenlaweb.com.ar\\\/sitio\\\/martin-fierro-de-la-moda-2026-los-mejores-y-peores-looks-de-la-alfombra-roja\\\/\"},\"wordCount\":476,\"publisher\":{\"@id\":\"http:\\\/\\\/cuartetoenlaweb.com.ar\\\/sitio\\\/#organization\"},\"image\":{\"@id\":\"https:\\\/\\\/cuartetoenlaweb.com.ar\\\/sitio\\\/martin-fierro-de-la-moda-2026-los-mejores-y-peores-looks-de-la-alfombra-roja\\\/#primaryimage\"},\"thumbnailUrl\":\"https:\\\/\\\/cuartetoenlaweb.com.ar\\\/sitio\\\/wp-content\\\/uploads\\\/2026\\\/04\\\/ADB3649-683x1024.jpg.webp\",\"articleSection\":[\"ESPECT\u00c1CULO\"],\"inLanguage\":\"es\"},{\"@type\":\"WebPage\",\"@id\":\"https:\\\/\\\/cuartetoenlaweb.com.ar\\\/sitio\\\/martin-fierro-de-la-moda-2026-los-mejores-y-peores-looks-de-la-alfombra-roja\\\/\",\"url\":\"https:\\\/\\\/cuartetoenlaweb.com.ar\\\/sitio\\\/martin-fierro-de-la-moda-2026-los-mejores-y-peores-looks-de-la-alfombra-roja\\\/\",\"name\":\"Mart\u00edn Fierro de la Moda 2026: los mejores y peores looks de la alfombra roja - Cuarteto en la Web\",\"isPartOf\":{\"@id\":\"http:\\\/\\\/cuartetoenlaweb.com.ar\\\/sitio\\\/#website\"},\"primaryImageOfPage\":{\"@id\":\"https:\\\/\\\/cuartetoenlaweb.com.ar\\\/sitio\\\/martin-fierro-de-la-moda-2026-los-mejores-y-peores-looks-de-la-alfombra-roja\\\/#primaryimage\"},\"image\":{\"@id\":\"https:\\\/\\\/cuartetoenlaweb.com.ar\\\/sitio\\\/martin-fierro-de-la-moda-2026-los-mejores-y-peores-looks-de-la-alfombra-roja\\\/#primaryimage\"},\"thumbnailUrl\":\"https:\\\/\\\/cuartetoenlaweb.com.ar\\\/sitio\\\/wp-content\\\/uploads\\\/2026\\\/04\\\/ADB3649-683x1024.jpg.webp\",\"datePublished\":\"2026-04-27T04:59:52+00:00\",\"breadcrumb\":{\"@id\":\"https:\\\/\\\/cuartetoenlaweb.com.ar\\\/sitio\\\/martin-fierro-de-la-moda-2026-los-mejores-y-peores-looks-de-la-alfombra-roja\\\/#breadcrumb\"},\"inLanguage\":\"es\",\"potentialAction\":[{\"@type\":\"ReadAction\",\"target\":[\"https:\\\/\\\/cuartetoenlaweb.com.ar\\\/sitio\\\/martin-fierro-de-la-moda-2026-los-mejores-y-peores-looks-de-la-alfombra-roja\\\/\"]}]},{\"@type\":\"ImageObject\",\"inLanguage\":\"es\",\"@id\":\"https:\\\/\\\/cuartetoenlaweb.com.ar\\\/sitio\\\/martin-fierro-de-la-moda-2026-los-mejores-y-peores-looks-de-la-alfombra-roja\\\/#primaryimage\",\"url\":\"https:\\\/\\\/cuartetoenlaweb.com.ar\\\/sitio\\\/wp-content\\\/uploads\\\/2026\\\/04\\\/ADB3649-683x1024.jpg.webp\",\"contentUrl\":\"https:\\\/\\\/cuartetoenlaweb.com.ar\\\/sitio\\\/wp-content\\\/uploads\\\/2026\\\/04\\\/ADB3649-683x1024.jpg.webp\",\"width\":683,\"height\":1024},{\"@type\":\"BreadcrumbList\",\"@id\":\"https:\\\/\\\/cuartetoenlaweb.com.ar\\\/sitio\\\/martin-fierro-de-la-moda-2026-los-mejores-y-peores-looks-de-la-alfombra-roja\\\/#breadcrumb\",\"itemListElement\":[{\"@type\":\"ListItem\",\"position\":1,\"name\":\"Portada\",\"item\":\"http:\\\/\\\/cuartetoenlaweb.com.ar\\\/sitio\\\/\"},{\"@type\":\"ListItem\",\"position\":2,\"name\":\"Mart\u00edn Fierro de la Moda 2026: los mejores y peores looks de la alfombra roja\"}]},{\"@type\":\"WebSite\",\"@id\":\"http:\\\/\\\/cuartetoenlaweb.com.ar\\\/sitio\\\/#website\",\"url\":\"http:\\\/\\\/cuartetoenlaweb.com.ar\\\/sitio\\\/\",\"name\":\"Cuarteto en la Web\",\"description\":\"\",\"publisher\":{\"@id\":\"http:\\\/\\\/cuartetoenlaweb.com.ar\\\/sitio\\\/#organization\"},\"potentialAction\":[{\"@type\":\"SearchAction\",\"target\":{\"@type\":\"EntryPoint\",\"urlTemplate\":\"http:\\\/\\\/cuartetoenlaweb.com.ar\\\/sitio\\\/?s={search_term_string}\"},\"query-input\":{\"@type\":\"PropertyValueSpecification\",\"valueRequired\":true,\"valueName\":\"search_term_string\"}}],\"inLanguage\":\"es\"},{\"@type\":\"Organization\",\"@id\":\"http:\\\/\\\/cuartetoenlaweb.com.ar\\\/sitio\\\/#organization\",\"name\":\"Cuarteto en la Web\",\"url\":\"http:\\\/\\\/cuartetoenlaweb.com.ar\\\/sitio\\\/\",\"logo\":{\"@type\":\"ImageObject\",\"inLanguage\":\"es\",\"@id\":\"http:\\\/\\\/cuartetoenlaweb.com.ar\\\/sitio\\\/#\\\/schema\\\/logo\\\/image\\\/\",\"url\":\"https:\\\/\\\/cuartetoenlaweb.com.ar\\\/sitio\\\/wp-content\\\/uploads\\\/2025\\\/07\\\/cropped-cropped-logitoweb21.png\",\"contentUrl\":\"https:\\\/\\\/cuartetoenlaweb.com.ar\\\/sitio\\\/wp-content\\\/uploads\\\/2025\\\/07\\\/cropped-cropped-logitoweb21.png\",\"width\":199,\"height\":199,\"caption\":\"Cuarteto en la Web\"},\"image\":{\"@id\":\"http:\\\/\\\/cuartetoenlaweb.com.ar\\\/sitio\\\/#\\\/schema\\\/logo\\\/image\\\/\"}}]}<\/script>\n<!-- \/ Yoast SEO plugin. -->","yoast_head_json":{"title":"Mart\u00edn Fierro de la Moda 2026: los mejores y peores looks de la alfombra roja - Cuarteto en la Web","robots":{"index":"index","follow":"follow","max-snippet":"max-snippet:-1","max-image-preview":"max-image-preview:large","max-video-preview":"max-video-preview:-1"},"canonical":"https:\/\/cuartetoenlaweb.com.ar\/sitio\/martin-fierro-de-la-moda-2026-los-mejores-y-peores-looks-de-la-alfombra-roja\/","og_locale":"es_ES","og_type":"article","og_title":"Mart\u00edn Fierro de la Moda 2026: los mejores y peores looks de la alfombra roja - Cuarteto en la Web","og_description":"La alfombra roja de los Mart\u00edn Fierro de la Moda","og_url":"https:\/\/cuartetoenlaweb.com.ar\/sitio\/martin-fierro-de-la-moda-2026-los-mejores-y-peores-looks-de-la-alfombra-roja\/","og_site_name":"Cuarteto en la Web","article_published_time":"2026-04-27T04:59:52+00:00","twitter_card":"summary_large_image","twitter_misc":{"Tiempo de lectura":"2 minutos"},"schema":{"@context":"https:\/\/schema.org","@graph":[{"@type":"Article","@id":"https:\/\/cuartetoenlaweb.com.ar\/sitio\/martin-fierro-de-la-moda-2026-los-mejores-y-peores-looks-de-la-alfombra-roja\/#article","isPartOf":{"@id":"https:\/\/cuartetoenlaweb.com.ar\/sitio\/martin-fierro-de-la-moda-2026-los-mejores-y-peores-looks-de-la-alfombra-roja\/"},"author":{"name":"","@id":""},"headline":"Mart\u00edn Fierro de la Moda 2026: los mejores y peores looks de la alfombra roja","datePublished":"2026-04-27T04:59:52+00:00","mainEntityOfPage":{"@id":"https:\/\/cuartetoenlaweb.com.ar\/sitio\/martin-fierro-de-la-moda-2026-los-mejores-y-peores-looks-de-la-alfombra-roja\/"},"wordCount":476,"publisher":{"@id":"http:\/\/cuartetoenlaweb.com.ar\/sitio\/#organization"},"image":{"@id":"https:\/\/cuartetoenlaweb.com.ar\/sitio\/martin-fierro-de-la-moda-2026-los-mejores-y-peores-looks-de-la-alfombra-roja\/#primaryimage"},"thumbnailUrl":"https:\/\/cuartetoenlaweb.com.ar\/sitio\/wp-content\/uploads\/2026\/04\/ADB3649-683x1024.jpg.webp","articleSection":["ESPECT\u00c1CULO"],"inLanguage":"es"},{"@type":"WebPage","@id":"https:\/\/cuartetoenlaweb.com.ar\/sitio\/martin-fierro-de-la-moda-2026-los-mejores-y-peores-looks-de-la-alfombra-roja\/","url":"https:\/\/cuartetoenlaweb.com.ar\/sitio\/martin-fierro-de-la-moda-2026-los-mejores-y-peores-looks-de-la-alfombra-roja\/","name":"Mart\u00edn Fierro de la Moda 2026: los mejores y peores looks de la alfombra roja - Cuarteto en la Web","isPartOf":{"@id":"http:\/\/cuartetoenlaweb.com.ar\/sitio\/#website"},"primaryImageOfPage":{"@id":"https:\/\/cuartetoenlaweb.com.ar\/sitio\/martin-fierro-de-la-moda-2026-los-mejores-y-peores-looks-de-la-alfombra-roja\/#primaryimage"},"image":{"@id":"https:\/\/cuartetoenlaweb.com.ar\/sitio\/martin-fierro-de-la-moda-2026-los-mejores-y-peores-looks-de-la-alfombra-roja\/#primaryimage"},"thumbnailUrl":"https:\/\/cuartetoenlaweb.com.ar\/sitio\/wp-content\/uploads\/2026\/04\/ADB3649-683x1024.jpg.webp","datePublished":"2026-04-27T04:59:52+00:00","breadcrumb":{"@id":"https:\/\/cuartetoenlaweb.com.ar\/sitio\/martin-fierro-de-la-moda-2026-los-mejores-y-peores-looks-de-la-alfombra-roja\/#breadcrumb"},"inLanguage":"es","potentialAction":[{"@type":"ReadAction","target":["https:\/\/cuartetoenlaweb.com.ar\/sitio\/martin-fierro-de-la-moda-2026-los-mejores-y-peores-looks-de-la-alfombra-roja\/"]}]},{"@type":"ImageObject","inLanguage":"es","@id":"https:\/\/cuartetoenlaweb.com.ar\/sitio\/martin-fierro-de-la-moda-2026-los-mejores-y-peores-looks-de-la-alfombra-roja\/#primaryimage","url":"https:\/\/cuartetoenlaweb.com.ar\/sitio\/wp-content\/uploads\/2026\/04\/ADB3649-683x1024.jpg.webp","contentUrl":"https:\/\/cuartetoenlaweb.com.ar\/sitio\/wp-content\/uploads\/2026\/04\/ADB3649-683x1024.jpg.webp","width":683,"height":1024},{"@type":"BreadcrumbList","@id":"https:\/\/cuartetoenlaweb.com.ar\/sitio\/martin-fierro-de-la-moda-2026-los-mejores-y-peores-looks-de-la-alfombra-roja\/#breadcrumb","itemListElement":[{"@type":"ListItem","position":1,"name":"Portada","item":"http:\/\/cuartetoenlaweb.com.ar\/sitio\/"},{"@type":"ListItem","position":2,"name":"Mart\u00edn Fierro de la Moda 2026: los mejores y peores looks de la alfombra roja"}]},{"@type":"WebSite","@id":"http:\/\/cuartetoenlaweb.com.ar\/sitio\/#website","url":"http:\/\/cuartetoenlaweb.com.ar\/sitio\/","name":"Cuarteto en la Web","description":"","publisher":{"@id":"http:\/\/cuartetoenlaweb.com.ar\/sitio\/#organization"},"potentialAction":[{"@type":"SearchAction","target":{"@type":"EntryPoint","urlTemplate":"http:\/\/cuartetoenlaweb.com.ar\/sitio\/?s={search_term_string}"},"query-input":{"@type":"PropertyValueSpecification","valueRequired":true,"valueName":"search_term_string"}}],"inLanguage":"es"},{"@type":"Organization","@id":"http:\/\/cuartetoenlaweb.com.ar\/sitio\/#organization","name":"Cuarteto en la Web","url":"http:\/\/cuartetoenlaweb.com.ar\/sitio\/","logo":{"@type":"ImageObject","inLanguage":"es","@id":"http:\/\/cuartetoenlaweb.com.ar\/sitio\/#\/schema\/logo\/image\/","url":"https:\/\/cuartetoenlaweb.com.ar\/sitio\/wp-content\/uploads\/2025\/07\/cropped-cropped-logitoweb21.png","contentUrl":"https:\/\/cuartetoenlaweb.com.ar\/sitio\/wp-content\/uploads\/2025\/07\/cropped-cropped-logitoweb21.png","width":199,"height":199,"caption":"Cuarteto en la Web"},"image":{"@id":"http:\/\/cuartetoenlaweb.com.ar\/sitio\/#\/schema\/logo\/image\/"}}]}},"_links":{"self":[{"href":"https:\/\/cuartetoenlaweb.com.ar\/sitio\/wp-json\/wp\/v2\/posts\/19038","targetHints":{"allow":["GET"]}}],"collection":[{"href":"https:\/\/cuartetoenlaweb.com.ar\/sitio\/wp-json\/wp\/v2\/posts"}],"about":[{"href":"https:\/\/cuartetoenlaweb.com.ar\/sitio\/wp-json\/wp\/v2\/types\/post"}],"replies":[{"embeddable":true,"href":"https:\/\/cuartetoenlaweb.com.ar\/sitio\/wp-json\/wp\/v2\/comments?post=19038"}],"version-history":[{"count":0,"href":"https:\/\/cuartetoenlaweb.com.ar\/sitio\/wp-json\/wp\/v2\/posts\/19038\/revisions"}],"wp:featuredmedia":[{"embeddable":true,"href":"https:\/\/cuartetoenlaweb.com.ar\/sitio\/wp-json\/wp\/v2\/media\/19039"}],"wp:attachment":[{"href":"https:\/\/cuartetoenlaweb.com.ar\/sitio\/wp-json\/wp\/v2\/media?parent=19038"}],"wp:term":[{"taxonomy":"category","embeddable":true,"href":"https:\/\/cuartetoenlaweb.com.ar\/sitio\/wp-json\/wp\/v2\/categories?post=19038"},{"taxonomy":"post_tag","embeddable":true,"href":"https:\/\/cuartetoenlaweb.com.ar\/sitio\/wp-json\/wp\/v2\/tags?post=19038"}],"curies":[{"name":"wp","href":"https:\/\/api.w.org\/{rel}","templated":true}]}}