
{"id":19014,"date":"2026-04-26T16:00:02","date_gmt":"2026-04-26T19:00:02","guid":{"rendered":"https:\/\/cuartetoenlaweb.com.ar\/sitio\/fpa-efectuo-tres-allanamientos-en-bell-ville-y-marcos-sud-una-detenida\/"},"modified":"2026-04-26T16:00:02","modified_gmt":"2026-04-26T19:00:02","slug":"fpa-efectuo-tres-allanamientos-en-bell-ville-y-marcos-sud-una-detenida","status":"publish","type":"post","link":"https:\/\/cuartetoenlaweb.com.ar\/sitio\/fpa-efectuo-tres-allanamientos-en-bell-ville-y-marcos-sud-una-detenida\/","title":{"rendered":"FPA EFECTU\u00d3 TRES ALLANAMIENTOS EN BELL VILLE Y MARCOS SUD. UNA DETENIDA"},"content":{"rendered":"<p>En el marco de una investigaci\u00f3n por comercializaci\u00f3n de estupefacientes, la Fuerza Policial Antinarcotr\u00e1fico llev\u00f3 a cabo tres allanamientos, dos en la ciudad de Bell Ville y uno en la localidad de Marcos Sud, donde se secuestraron drogas il\u00edcitas y se detuvo a una mujer mayor de edad.<\/p>\n<p>Durante los registros, personal de la Brigada de Investigaciones de Bell Ville incaut\u00f3 270 dosis de marihuana, 23.035.000 pesos, una carabina calibre .22 y diversos elementos de inter\u00e9s para la causa.<\/p>\n<p>Como resultado del operativo, fue detenida una mujer de 42 a\u00f1os, quien qued\u00f3 a disposici\u00f3n de la Justicia.<\/p>\n<p>Para finalizar, la Fiscal\u00eda de Lucha contra el Narcotr\u00e1fico de Bell Ville dispuso el traslado de la aprehendida a sede judicial junto con todos los elementos secuestrados, en el marco de una causa por supuesta infracci\u00f3n a la Ley Nacional de Estupefacientes.<\/p>\n<p>&nbsp;<\/p>\n<p><img loading=\"lazy\" decoding=\"async\" class=\"alignnone  wp-image-56915\" src=\"https:\/\/www.mpfcordoba.gob.ar\/wp-content\/uploads\/2026\/04\/WhatsApp-Image-2026-04-25-at-11.06.50-PM-1-1-940x874.jpeg\" alt=\"\" width=\"780\" height=\"725\" \/><\/p>\n<p><img loading=\"lazy\" decoding=\"async\" class=\"alignnone  wp-image-56918\" src=\"https:\/\/www.mpfcordoba.gob.ar\/wp-content\/uploads\/2026\/04\/WhatsApp-Image-2026-04-25-at-11.06.50-PM-2-780x940.jpeg\" alt=\"\" width=\"774\" height=\"933\" \/><\/p>\n","protected":false},"excerpt":{"rendered":"<p>En el marco de una investigaci\u00f3n por comercializaci\u00f3n de estupefacientes,<\/p>\n","protected":false},"author":0,"featured_media":19015,"comment_status":"","ping_status":"","sticky":false,"template":"","format":"standard","meta":{"footnotes":""},"categories":[65],"tags":[],"class_list":["post-19014","post","type-post","status-publish","format-standard","has-post-thumbnail","hentry","category-pais"],"yoast_head":"<!-- This site is optimized with the Yoast SEO plugin v27.4 - https:\/\/yoast.com\/product\/yoast-seo-wordpress\/ -->\n<title>FPA EFECTU\u00d3 TRES ALLANAMIENTOS EN BELL VILLE Y MARCOS SUD. UNA DETENIDA - Cuarteto en la Web<\/title>\n<meta name=\"robots\" content=\"index, follow, max-snippet:-1, max-image-preview:large, max-video-preview:-1\" \/>\n<link rel=\"canonical\" href=\"https:\/\/cuartetoenlaweb.com.ar\/sitio\/fpa-efectuo-tres-allanamientos-en-bell-ville-y-marcos-sud-una-detenida\/\" \/>\n<meta property=\"og:locale\" content=\"es_ES\" \/>\n<meta property=\"og:type\" content=\"article\" \/>\n<meta property=\"og:title\" content=\"FPA EFECTU\u00d3 TRES ALLANAMIENTOS EN BELL VILLE Y MARCOS SUD. UNA DETENIDA - Cuarteto en la Web\" \/>\n<meta property=\"og:description\" content=\"En el marco de una investigaci\u00f3n por comercializaci\u00f3n de estupefacientes,\" \/>\n<meta property=\"og:url\" content=\"https:\/\/cuartetoenlaweb.com.ar\/sitio\/fpa-efectuo-tres-allanamientos-en-bell-ville-y-marcos-sud-una-detenida\/\" \/>\n<meta property=\"og:site_name\" content=\"Cuarteto en la Web\" \/>\n<meta property=\"article:published_time\" content=\"2026-04-26T19:00:02+00:00\" \/>\n<meta name=\"twitter:card\" content=\"summary_large_image\" \/>\n<meta name=\"twitter:label1\" content=\"Tiempo de lectura\" \/>\n\t<meta name=\"twitter:data1\" content=\"1 minuto\" \/>\n<script type=\"application\/ld+json\" class=\"yoast-schema-graph\">{\"@context\":\"https:\\\/\\\/schema.org\",\"@graph\":[{\"@type\":\"Article\",\"@id\":\"https:\\\/\\\/cuartetoenlaweb.com.ar\\\/sitio\\\/fpa-efectuo-tres-allanamientos-en-bell-ville-y-marcos-sud-una-detenida\\\/#article\",\"isPartOf\":{\"@id\":\"https:\\\/\\\/cuartetoenlaweb.com.ar\\\/sitio\\\/fpa-efectuo-tres-allanamientos-en-bell-ville-y-marcos-sud-una-detenida\\\/\"},\"author\":{\"name\":\"\",\"@id\":\"\"},\"headline\":\"FPA EFECTU\u00d3 TRES ALLANAMIENTOS EN BELL VILLE Y MARCOS SUD. UNA DETENIDA\",\"datePublished\":\"2026-04-26T19:00:02+00:00\",\"mainEntityOfPage\":{\"@id\":\"https:\\\/\\\/cuartetoenlaweb.com.ar\\\/sitio\\\/fpa-efectuo-tres-allanamientos-en-bell-ville-y-marcos-sud-una-detenida\\\/\"},\"wordCount\":158,\"publisher\":{\"@id\":\"http:\\\/\\\/cuartetoenlaweb.com.ar\\\/sitio\\\/#organization\"},\"image\":{\"@id\":\"https:\\\/\\\/cuartetoenlaweb.com.ar\\\/sitio\\\/fpa-efectuo-tres-allanamientos-en-bell-ville-y-marcos-sud-una-detenida\\\/#primaryimage\"},\"thumbnailUrl\":\"https:\\\/\\\/cuartetoenlaweb.com.ar\\\/sitio\\\/wp-content\\\/uploads\\\/2026\\\/04\\\/WhatsApp-Image-2026-04-25-at-11.06.50-PM-1-1-940x874-1.jpeg\",\"articleSection\":[\"PAIS\"],\"inLanguage\":\"es\"},{\"@type\":\"WebPage\",\"@id\":\"https:\\\/\\\/cuartetoenlaweb.com.ar\\\/sitio\\\/fpa-efectuo-tres-allanamientos-en-bell-ville-y-marcos-sud-una-detenida\\\/\",\"url\":\"https:\\\/\\\/cuartetoenlaweb.com.ar\\\/sitio\\\/fpa-efectuo-tres-allanamientos-en-bell-ville-y-marcos-sud-una-detenida\\\/\",\"name\":\"FPA EFECTU\u00d3 TRES ALLANAMIENTOS EN BELL VILLE Y MARCOS SUD. UNA DETENIDA - Cuarteto en la Web\",\"isPartOf\":{\"@id\":\"http:\\\/\\\/cuartetoenlaweb.com.ar\\\/sitio\\\/#website\"},\"primaryImageOfPage\":{\"@id\":\"https:\\\/\\\/cuartetoenlaweb.com.ar\\\/sitio\\\/fpa-efectuo-tres-allanamientos-en-bell-ville-y-marcos-sud-una-detenida\\\/#primaryimage\"},\"image\":{\"@id\":\"https:\\\/\\\/cuartetoenlaweb.com.ar\\\/sitio\\\/fpa-efectuo-tres-allanamientos-en-bell-ville-y-marcos-sud-una-detenida\\\/#primaryimage\"},\"thumbnailUrl\":\"https:\\\/\\\/cuartetoenlaweb.com.ar\\\/sitio\\\/wp-content\\\/uploads\\\/2026\\\/04\\\/WhatsApp-Image-2026-04-25-at-11.06.50-PM-1-1-940x874-1.jpeg\",\"datePublished\":\"2026-04-26T19:00:02+00:00\",\"breadcrumb\":{\"@id\":\"https:\\\/\\\/cuartetoenlaweb.com.ar\\\/sitio\\\/fpa-efectuo-tres-allanamientos-en-bell-ville-y-marcos-sud-una-detenida\\\/#breadcrumb\"},\"inLanguage\":\"es\",\"potentialAction\":[{\"@type\":\"ReadAction\",\"target\":[\"https:\\\/\\\/cuartetoenlaweb.com.ar\\\/sitio\\\/fpa-efectuo-tres-allanamientos-en-bell-ville-y-marcos-sud-una-detenida\\\/\"]}]},{\"@type\":\"ImageObject\",\"inLanguage\":\"es\",\"@id\":\"https:\\\/\\\/cuartetoenlaweb.com.ar\\\/sitio\\\/fpa-efectuo-tres-allanamientos-en-bell-ville-y-marcos-sud-una-detenida\\\/#primaryimage\",\"url\":\"https:\\\/\\\/cuartetoenlaweb.com.ar\\\/sitio\\\/wp-content\\\/uploads\\\/2026\\\/04\\\/WhatsApp-Image-2026-04-25-at-11.06.50-PM-1-1-940x874-1.jpeg\",\"contentUrl\":\"https:\\\/\\\/cuartetoenlaweb.com.ar\\\/sitio\\\/wp-content\\\/uploads\\\/2026\\\/04\\\/WhatsApp-Image-2026-04-25-at-11.06.50-PM-1-1-940x874-1.jpeg\",\"width\":940,\"height\":874},{\"@type\":\"BreadcrumbList\",\"@id\":\"https:\\\/\\\/cuartetoenlaweb.com.ar\\\/sitio\\\/fpa-efectuo-tres-allanamientos-en-bell-ville-y-marcos-sud-una-detenida\\\/#breadcrumb\",\"itemListElement\":[{\"@type\":\"ListItem\",\"position\":1,\"name\":\"Portada\",\"item\":\"http:\\\/\\\/cuartetoenlaweb.com.ar\\\/sitio\\\/\"},{\"@type\":\"ListItem\",\"position\":2,\"name\":\"FPA EFECTU\u00d3 TRES ALLANAMIENTOS EN BELL VILLE Y MARCOS SUD. UNA DETENIDA\"}]},{\"@type\":\"WebSite\",\"@id\":\"http:\\\/\\\/cuartetoenlaweb.com.ar\\\/sitio\\\/#website\",\"url\":\"http:\\\/\\\/cuartetoenlaweb.com.ar\\\/sitio\\\/\",\"name\":\"Cuarteto en la Web\",\"description\":\"\",\"publisher\":{\"@id\":\"http:\\\/\\\/cuartetoenlaweb.com.ar\\\/sitio\\\/#organization\"},\"potentialAction\":[{\"@type\":\"SearchAction\",\"target\":{\"@type\":\"EntryPoint\",\"urlTemplate\":\"http:\\\/\\\/cuartetoenlaweb.com.ar\\\/sitio\\\/?s={search_term_string}\"},\"query-input\":{\"@type\":\"PropertyValueSpecification\",\"valueRequired\":true,\"valueName\":\"search_term_string\"}}],\"inLanguage\":\"es\"},{\"@type\":\"Organization\",\"@id\":\"http:\\\/\\\/cuartetoenlaweb.com.ar\\\/sitio\\\/#organization\",\"name\":\"Cuarteto en la Web\",\"url\":\"http:\\\/\\\/cuartetoenlaweb.com.ar\\\/sitio\\\/\",\"logo\":{\"@type\":\"ImageObject\",\"inLanguage\":\"es\",\"@id\":\"http:\\\/\\\/cuartetoenlaweb.com.ar\\\/sitio\\\/#\\\/schema\\\/logo\\\/image\\\/\",\"url\":\"https:\\\/\\\/cuartetoenlaweb.com.ar\\\/sitio\\\/wp-content\\\/uploads\\\/2025\\\/07\\\/cropped-cropped-logitoweb21.png\",\"contentUrl\":\"https:\\\/\\\/cuartetoenlaweb.com.ar\\\/sitio\\\/wp-content\\\/uploads\\\/2025\\\/07\\\/cropped-cropped-logitoweb21.png\",\"width\":199,\"height\":199,\"caption\":\"Cuarteto en la Web\"},\"image\":{\"@id\":\"http:\\\/\\\/cuartetoenlaweb.com.ar\\\/sitio\\\/#\\\/schema\\\/logo\\\/image\\\/\"}}]}<\/script>\n<!-- \/ Yoast SEO plugin. -->","yoast_head_json":{"title":"FPA EFECTU\u00d3 TRES ALLANAMIENTOS EN BELL VILLE Y MARCOS SUD. UNA DETENIDA - Cuarteto en la Web","robots":{"index":"index","follow":"follow","max-snippet":"max-snippet:-1","max-image-preview":"max-image-preview:large","max-video-preview":"max-video-preview:-1"},"canonical":"https:\/\/cuartetoenlaweb.com.ar\/sitio\/fpa-efectuo-tres-allanamientos-en-bell-ville-y-marcos-sud-una-detenida\/","og_locale":"es_ES","og_type":"article","og_title":"FPA EFECTU\u00d3 TRES ALLANAMIENTOS EN BELL VILLE Y MARCOS SUD. UNA DETENIDA - Cuarteto en la Web","og_description":"En el marco de una investigaci\u00f3n por comercializaci\u00f3n de estupefacientes,","og_url":"https:\/\/cuartetoenlaweb.com.ar\/sitio\/fpa-efectuo-tres-allanamientos-en-bell-ville-y-marcos-sud-una-detenida\/","og_site_name":"Cuarteto en la Web","article_published_time":"2026-04-26T19:00:02+00:00","twitter_card":"summary_large_image","twitter_misc":{"Tiempo de lectura":"1 minuto"},"schema":{"@context":"https:\/\/schema.org","@graph":[{"@type":"Article","@id":"https:\/\/cuartetoenlaweb.com.ar\/sitio\/fpa-efectuo-tres-allanamientos-en-bell-ville-y-marcos-sud-una-detenida\/#article","isPartOf":{"@id":"https:\/\/cuartetoenlaweb.com.ar\/sitio\/fpa-efectuo-tres-allanamientos-en-bell-ville-y-marcos-sud-una-detenida\/"},"author":{"name":"","@id":""},"headline":"FPA EFECTU\u00d3 TRES ALLANAMIENTOS EN BELL VILLE Y MARCOS SUD. UNA DETENIDA","datePublished":"2026-04-26T19:00:02+00:00","mainEntityOfPage":{"@id":"https:\/\/cuartetoenlaweb.com.ar\/sitio\/fpa-efectuo-tres-allanamientos-en-bell-ville-y-marcos-sud-una-detenida\/"},"wordCount":158,"publisher":{"@id":"http:\/\/cuartetoenlaweb.com.ar\/sitio\/#organization"},"image":{"@id":"https:\/\/cuartetoenlaweb.com.ar\/sitio\/fpa-efectuo-tres-allanamientos-en-bell-ville-y-marcos-sud-una-detenida\/#primaryimage"},"thumbnailUrl":"https:\/\/cuartetoenlaweb.com.ar\/sitio\/wp-content\/uploads\/2026\/04\/WhatsApp-Image-2026-04-25-at-11.06.50-PM-1-1-940x874-1.jpeg","articleSection":["PAIS"],"inLanguage":"es"},{"@type":"WebPage","@id":"https:\/\/cuartetoenlaweb.com.ar\/sitio\/fpa-efectuo-tres-allanamientos-en-bell-ville-y-marcos-sud-una-detenida\/","url":"https:\/\/cuartetoenlaweb.com.ar\/sitio\/fpa-efectuo-tres-allanamientos-en-bell-ville-y-marcos-sud-una-detenida\/","name":"FPA EFECTU\u00d3 TRES ALLANAMIENTOS EN BELL VILLE Y MARCOS SUD. UNA DETENIDA - Cuarteto en la Web","isPartOf":{"@id":"http:\/\/cuartetoenlaweb.com.ar\/sitio\/#website"},"primaryImageOfPage":{"@id":"https:\/\/cuartetoenlaweb.com.ar\/sitio\/fpa-efectuo-tres-allanamientos-en-bell-ville-y-marcos-sud-una-detenida\/#primaryimage"},"image":{"@id":"https:\/\/cuartetoenlaweb.com.ar\/sitio\/fpa-efectuo-tres-allanamientos-en-bell-ville-y-marcos-sud-una-detenida\/#primaryimage"},"thumbnailUrl":"https:\/\/cuartetoenlaweb.com.ar\/sitio\/wp-content\/uploads\/2026\/04\/WhatsApp-Image-2026-04-25-at-11.06.50-PM-1-1-940x874-1.jpeg","datePublished":"2026-04-26T19:00:02+00:00","breadcrumb":{"@id":"https:\/\/cuartetoenlaweb.com.ar\/sitio\/fpa-efectuo-tres-allanamientos-en-bell-ville-y-marcos-sud-una-detenida\/#breadcrumb"},"inLanguage":"es","potentialAction":[{"@type":"ReadAction","target":["https:\/\/cuartetoenlaweb.com.ar\/sitio\/fpa-efectuo-tres-allanamientos-en-bell-ville-y-marcos-sud-una-detenida\/"]}]},{"@type":"ImageObject","inLanguage":"es","@id":"https:\/\/cuartetoenlaweb.com.ar\/sitio\/fpa-efectuo-tres-allanamientos-en-bell-ville-y-marcos-sud-una-detenida\/#primaryimage","url":"https:\/\/cuartetoenlaweb.com.ar\/sitio\/wp-content\/uploads\/2026\/04\/WhatsApp-Image-2026-04-25-at-11.06.50-PM-1-1-940x874-1.jpeg","contentUrl":"https:\/\/cuartetoenlaweb.com.ar\/sitio\/wp-content\/uploads\/2026\/04\/WhatsApp-Image-2026-04-25-at-11.06.50-PM-1-1-940x874-1.jpeg","width":940,"height":874},{"@type":"BreadcrumbList","@id":"https:\/\/cuartetoenlaweb.com.ar\/sitio\/fpa-efectuo-tres-allanamientos-en-bell-ville-y-marcos-sud-una-detenida\/#breadcrumb","itemListElement":[{"@type":"ListItem","position":1,"name":"Portada","item":"http:\/\/cuartetoenlaweb.com.ar\/sitio\/"},{"@type":"ListItem","position":2,"name":"FPA EFECTU\u00d3 TRES ALLANAMIENTOS EN BELL VILLE Y MARCOS SUD. UNA DETENIDA"}]},{"@type":"WebSite","@id":"http:\/\/cuartetoenlaweb.com.ar\/sitio\/#website","url":"http:\/\/cuartetoenlaweb.com.ar\/sitio\/","name":"Cuarteto en la Web","description":"","publisher":{"@id":"http:\/\/cuartetoenlaweb.com.ar\/sitio\/#organization"},"potentialAction":[{"@type":"SearchAction","target":{"@type":"EntryPoint","urlTemplate":"http:\/\/cuartetoenlaweb.com.ar\/sitio\/?s={search_term_string}"},"query-input":{"@type":"PropertyValueSpecification","valueRequired":true,"valueName":"search_term_string"}}],"inLanguage":"es"},{"@type":"Organization","@id":"http:\/\/cuartetoenlaweb.com.ar\/sitio\/#organization","name":"Cuarteto en la Web","url":"http:\/\/cuartetoenlaweb.com.ar\/sitio\/","logo":{"@type":"ImageObject","inLanguage":"es","@id":"http:\/\/cuartetoenlaweb.com.ar\/sitio\/#\/schema\/logo\/image\/","url":"https:\/\/cuartetoenlaweb.com.ar\/sitio\/wp-content\/uploads\/2025\/07\/cropped-cropped-logitoweb21.png","contentUrl":"https:\/\/cuartetoenlaweb.com.ar\/sitio\/wp-content\/uploads\/2025\/07\/cropped-cropped-logitoweb21.png","width":199,"height":199,"caption":"Cuarteto en la Web"},"image":{"@id":"http:\/\/cuartetoenlaweb.com.ar\/sitio\/#\/schema\/logo\/image\/"}}]}},"_links":{"self":[{"href":"https:\/\/cuartetoenlaweb.com.ar\/sitio\/wp-json\/wp\/v2\/posts\/19014","targetHints":{"allow":["GET"]}}],"collection":[{"href":"https:\/\/cuartetoenlaweb.com.ar\/sitio\/wp-json\/wp\/v2\/posts"}],"about":[{"href":"https:\/\/cuartetoenlaweb.com.ar\/sitio\/wp-json\/wp\/v2\/types\/post"}],"replies":[{"embeddable":true,"href":"https:\/\/cuartetoenlaweb.com.ar\/sitio\/wp-json\/wp\/v2\/comments?post=19014"}],"version-history":[{"count":0,"href":"https:\/\/cuartetoenlaweb.com.ar\/sitio\/wp-json\/wp\/v2\/posts\/19014\/revisions"}],"wp:featuredmedia":[{"embeddable":true,"href":"https:\/\/cuartetoenlaweb.com.ar\/sitio\/wp-json\/wp\/v2\/media\/19015"}],"wp:attachment":[{"href":"https:\/\/cuartetoenlaweb.com.ar\/sitio\/wp-json\/wp\/v2\/media?parent=19014"}],"wp:term":[{"taxonomy":"category","embeddable":true,"href":"https:\/\/cuartetoenlaweb.com.ar\/sitio\/wp-json\/wp\/v2\/categories?post=19014"},{"taxonomy":"post_tag","embeddable":true,"href":"https:\/\/cuartetoenlaweb.com.ar\/sitio\/wp-json\/wp\/v2\/tags?post=19014"}],"curies":[{"name":"wp","href":"https:\/\/api.w.org\/{rel}","templated":true}]}}