
{"id":18992,"date":"2026-04-26T14:00:18","date_gmt":"2026-04-26T17:00:18","guid":{"rendered":"https:\/\/cuartetoenlaweb.com.ar\/sitio\/los-pescadores-piden-la-intervencion-de-prefectura-en-el-dique-cabra-corral\/"},"modified":"2026-04-26T14:00:18","modified_gmt":"2026-04-26T17:00:18","slug":"los-pescadores-piden-la-intervencion-de-prefectura-en-el-dique-cabra-corral","status":"publish","type":"post","link":"https:\/\/cuartetoenlaweb.com.ar\/sitio\/los-pescadores-piden-la-intervencion-de-prefectura-en-el-dique-cabra-corral\/","title":{"rendered":"Los pescadores piden la intervenci\u00f3n de Prefectura en el dique Cabra Corral"},"content":{"rendered":"<p>La pesca ilegal en el dique Cabra Corral volvi\u00f3 a quedar en el centro del debate tras la detecci\u00f3n de una red de m\u00e1s de 500 metros que incluso habr\u00eda provocado un incidente con una embarcaci\u00f3n. Para el pescador Ra\u00fal Cenardo, sin embargo, el hecho dista de ser excepcional: \u201cLo raro ser\u00eda no encontrar redes\u201d, advirti\u00f3, al describir una pr\u00e1ctica que, seg\u00fan afirma y confirma, se repite desde hace a\u00f1os con total naturalidad.<\/p>\n<p>\u201cDurante toda la semana hay kil\u00f3metros de redes en el agua, y cualquier pescador lo sabe\u201d, sostuvo. En ese contexto, se\u00f1al\u00f3 que los operativos suelen terminar con el secuestro de los elementos, pero no con la identificaci\u00f3n de los responsables. \u201cCaen las redes, pero no los tipos. Eso es lo grave\u201d, resumi\u00f3.<\/p>\n<p>Controles desiguales<\/p>\n<p>Uno de los principales cuestionamientos de Cenardo apunta a lo que considera un enfoque equivocado en los controles. Mientras los pescadores deportivos son sometidos a inspecciones constantes -incluso en rutas- y sancionados por excederse en la cantidad permitida de piezas, la pesca ilegal a gran escala parece operar sin mayores obst\u00e1culos.<\/p>\n<p>\u201cTodo este verano hubo controles. Te revisan, te multan si llev\u00e1s un bagre de m\u00e1s. Pero al mismo tiempo tenemos kil\u00f3metros de redes trabajando todos los d\u00edas en el dique y ah\u00ed no hay control\u201d, explic\u00f3. Para el pescador, la situaci\u00f3n refleja una l\u00f3gica inversa: \u201cSe est\u00e1 siendo duro con el que cumple y blando con el problema grande\u201d.<\/p>\n<p>Adem\u00e1s, advirti\u00f3 que muchos de estos casos solo toman estado p\u00fablico ante situaciones fortuitas. \u201cSi el catamar\u00e1n no se enganchaba con una red de 500 metros, hoy no estar\u00edamos hablando de esto\u201d, afirm\u00f3.<\/p>\n<p><img decoding=\"async\" src=\"https:\/\/uscdn.eltribuno.com\/042026\/1777221764400.jpg\" \/><\/p>\n<p>\u00abEstructura organizada\u00bb<\/p>\n<p>Cenardo tambi\u00e9n diferenci\u00f3 entre la pesca ilegal de subsistencia y aquella que responde a esquemas organizados. Explic\u00f3 que algunos pescadores informales utilizan redes peque\u00f1as y precarias como forma de supervivencia, muchas veces dividi\u00e9ndolas para reducir p\u00e9rdidas.<\/p>\n<p>Sin embargo, el hallazgo de una red de gran extensi\u00f3n revela otra escala de actividad. \u201cEso no es de un improvisado. Una red de 500 metros implica log\u00edstica, recursos, embarcaciones grandes. Hay que ponerse a pensar en la cantidad de gente que s\u00f3lo hay que tener para limpiar los pescados; <strong>sin dudas que se trata de una organizaci\u00f3n<\/strong>\u201d, sostuvo.<\/p>\n<p>En esa l\u00ednea, asegur\u00f3 que existe un circuito de comercializaci\u00f3n de grandes vol\u00famenes de pescado que incluso trasciende la provincia. \u201cTodo el ambiente lo sabe. No es ninguna novedad\u201d, remarc\u00f3, al mencionar antecedentes de transporte ilegal en rutas.<\/p>\n<p>El pescador tambi\u00e9n puso en duda la eficacia de los procedimientos actuales y la transparencia del sistema. \u201c\u00bfQu\u00e9 se hace con las redes que se secuestran? \u00bfPor qu\u00e9 no se destruyen? \u00bfQu\u00e9 pasa con las lanchas? \u00bfQui\u00e9n decide si se devuelven?\u201d, plante\u00f3.<\/p>\n<p>A su entender, la ausencia de respuestas claras alimenta una percepci\u00f3n generalizada de impunidad. \u201cEsto sucede en las narices de todos. No es solo el pescador, cualquier salte\u00f1o percibe que ocurre con total normalidad\u201d, se\u00f1al\u00f3.<\/p>\n<p>\u00abEl pescador molesta\u00bb<\/p>\n<p>En paralelo, Cenardo cuestion\u00f3 decisiones del municipio de Coronel Moldes que restringieron la pesca nocturna bajo argumentos de seguridad. \u201cLo que no se entiende es por qu\u00e9 se limita al pescador cuando el problema verdadero ocurre de noche\u201d, sostuvo.<\/p>\n<p>Seg\u00fan indic\u00f3, la medida refuerza la idea de que el pescador recreativo es visto como un inconveniente, mientras las pr\u00e1cticas ilegales contin\u00faan sin control. <strong>\u201cQueda la sensaci\u00f3n de que el pescador molesta\u201d<\/strong>, afirm\u00f3.<\/p>\n<p>Frente a este escenario, comenz\u00f3 a tomar fuerza entre los pescadores un pedido concreto: la intervenci\u00f3n de la Prefectura Naval Argentina en el dique.<\/p>\n<p>Cenardo sostuvo que la presencia de una fuerza especializada en seguridad n\u00e1utica podr\u00eda marcar un cambio sustancial. \u201cYo creo que hablo por la mayor\u00eda de los pescadores deportivos de Salta. El pescador quiere pescar y disfrutar con su familia. Lo que pasa en la ilegalidad no forma parte de su idiosincrasia. Por eso muchos ver\u00edan con buenos ojos que est\u00e9 Prefectura\u201d, explic\u00f3.<\/p>\n<p>Adem\u00e1s de combatir la pesca ilegal organizada, consider\u00f3 que su intervenci\u00f3n aportar\u00eda mayor seguridad general. \u201cCuando hay un accidente, alguien se descompensa o pasa algo en una embarcaci\u00f3n, uno se sentir\u00eda m\u00e1s seguro con Prefectura\u201d, agreg\u00f3.<\/p>\n<p>El planteo, dijo, no es aislado. Existe un consenso creciente sobre la necesidad de reforzar la vigilancia con personal capacitado espec\u00edficamente para operar en el agua. \u201cSi lo que tenemos no funciona, hay que buscar una mejora\u201d, insisti\u00f3.<\/p>\n<p><img decoding=\"async\" src=\"https:\/\/uscdn.eltribuno.com\/042026\/1777221826899.jpg\" \/><\/p>\n<p>Un recurso, en riesgo<\/p>\n<p>Finalmente, Cenardo subray\u00f3 la importancia del dique como patrimonio de toda la provincia. \u201cNo es solo de Moldes, es de todos los salte\u00f1os\u201d, afirm\u00f3, y pidi\u00f3 una gesti\u00f3n acorde a su valor ambiental, tur\u00edstico y recreativo.<\/p>\n<p>En ese marco, dej\u00f3 planteado un interrogante que atraviesa toda la problem\u00e1tica: \u201c\u00bfSe quiere solucionar esto o no se quiere?\u201d.<\/p>\n<p>Mientras tanto, la pesca ilegal, con redes cada vez m\u00e1s extensas y estructuras m\u00e1s complejas, contin\u00faa avanzando en uno de los principales espejos de agua del norte argentino, sin que hasta el momento haya se\u00f1ales claras de un control efectivo.<\/p>\n<\/p><\/p>\n","protected":false},"excerpt":{"rendered":"<p>La pesca ilegal en el dique Cabra Corral volvi\u00f3 a<\/p>\n","protected":false},"author":0,"featured_media":18993,"comment_status":"","ping_status":"","sticky":false,"template":"","format":"standard","meta":{"footnotes":""},"categories":[65],"tags":[],"class_list":["post-18992","post","type-post","status-publish","format-standard","has-post-thumbnail","hentry","category-pais"],"yoast_head":"<!-- This site is optimized with the Yoast SEO plugin v27.4 - https:\/\/yoast.com\/product\/yoast-seo-wordpress\/ -->\n<title>Los pescadores piden la intervenci\u00f3n de Prefectura en el dique Cabra Corral - Cuarteto en la Web<\/title>\n<meta name=\"robots\" content=\"index, follow, max-snippet:-1, max-image-preview:large, max-video-preview:-1\" \/>\n<link rel=\"canonical\" href=\"https:\/\/cuartetoenlaweb.com.ar\/sitio\/los-pescadores-piden-la-intervencion-de-prefectura-en-el-dique-cabra-corral\/\" \/>\n<meta property=\"og:locale\" content=\"es_ES\" \/>\n<meta property=\"og:type\" content=\"article\" \/>\n<meta property=\"og:title\" content=\"Los pescadores piden la intervenci\u00f3n de Prefectura en el dique Cabra Corral - Cuarteto en la Web\" \/>\n<meta property=\"og:description\" content=\"La pesca ilegal en el dique Cabra Corral volvi\u00f3 a\" \/>\n<meta property=\"og:url\" content=\"https:\/\/cuartetoenlaweb.com.ar\/sitio\/los-pescadores-piden-la-intervencion-de-prefectura-en-el-dique-cabra-corral\/\" \/>\n<meta property=\"og:site_name\" content=\"Cuarteto en la Web\" \/>\n<meta property=\"article:published_time\" content=\"2026-04-26T17:00:18+00:00\" \/>\n<meta property=\"og:image\" content=\"https:\/\/uscdn.eltribuno.com\/042026\/1777221764400.jpg\" \/>\n<meta name=\"twitter:card\" content=\"summary_large_image\" \/>\n<meta name=\"twitter:label1\" content=\"Tiempo de lectura\" \/>\n\t<meta name=\"twitter:data1\" content=\"4 minutos\" \/>\n<script type=\"application\/ld+json\" class=\"yoast-schema-graph\">{\"@context\":\"https:\\\/\\\/schema.org\",\"@graph\":[{\"@type\":\"Article\",\"@id\":\"https:\\\/\\\/cuartetoenlaweb.com.ar\\\/sitio\\\/los-pescadores-piden-la-intervencion-de-prefectura-en-el-dique-cabra-corral\\\/#article\",\"isPartOf\":{\"@id\":\"https:\\\/\\\/cuartetoenlaweb.com.ar\\\/sitio\\\/los-pescadores-piden-la-intervencion-de-prefectura-en-el-dique-cabra-corral\\\/\"},\"author\":{\"name\":\"\",\"@id\":\"\"},\"headline\":\"Los pescadores piden la intervenci\u00f3n de Prefectura en el dique Cabra Corral\",\"datePublished\":\"2026-04-26T17:00:18+00:00\",\"mainEntityOfPage\":{\"@id\":\"https:\\\/\\\/cuartetoenlaweb.com.ar\\\/sitio\\\/los-pescadores-piden-la-intervencion-de-prefectura-en-el-dique-cabra-corral\\\/\"},\"wordCount\":888,\"publisher\":{\"@id\":\"http:\\\/\\\/cuartetoenlaweb.com.ar\\\/sitio\\\/#organization\"},\"image\":{\"@id\":\"https:\\\/\\\/cuartetoenlaweb.com.ar\\\/sitio\\\/los-pescadores-piden-la-intervencion-de-prefectura-en-el-dique-cabra-corral\\\/#primaryimage\"},\"thumbnailUrl\":\"https:\\\/\\\/cuartetoenlaweb.com.ar\\\/sitio\\\/wp-content\\\/uploads\\\/2026\\\/04\\\/1777221764400.jpg\",\"articleSection\":[\"PAIS\"],\"inLanguage\":\"es\"},{\"@type\":\"WebPage\",\"@id\":\"https:\\\/\\\/cuartetoenlaweb.com.ar\\\/sitio\\\/los-pescadores-piden-la-intervencion-de-prefectura-en-el-dique-cabra-corral\\\/\",\"url\":\"https:\\\/\\\/cuartetoenlaweb.com.ar\\\/sitio\\\/los-pescadores-piden-la-intervencion-de-prefectura-en-el-dique-cabra-corral\\\/\",\"name\":\"Los pescadores piden la intervenci\u00f3n de Prefectura en el dique Cabra Corral - Cuarteto en la Web\",\"isPartOf\":{\"@id\":\"http:\\\/\\\/cuartetoenlaweb.com.ar\\\/sitio\\\/#website\"},\"primaryImageOfPage\":{\"@id\":\"https:\\\/\\\/cuartetoenlaweb.com.ar\\\/sitio\\\/los-pescadores-piden-la-intervencion-de-prefectura-en-el-dique-cabra-corral\\\/#primaryimage\"},\"image\":{\"@id\":\"https:\\\/\\\/cuartetoenlaweb.com.ar\\\/sitio\\\/los-pescadores-piden-la-intervencion-de-prefectura-en-el-dique-cabra-corral\\\/#primaryimage\"},\"thumbnailUrl\":\"https:\\\/\\\/cuartetoenlaweb.com.ar\\\/sitio\\\/wp-content\\\/uploads\\\/2026\\\/04\\\/1777221764400.jpg\",\"datePublished\":\"2026-04-26T17:00:18+00:00\",\"breadcrumb\":{\"@id\":\"https:\\\/\\\/cuartetoenlaweb.com.ar\\\/sitio\\\/los-pescadores-piden-la-intervencion-de-prefectura-en-el-dique-cabra-corral\\\/#breadcrumb\"},\"inLanguage\":\"es\",\"potentialAction\":[{\"@type\":\"ReadAction\",\"target\":[\"https:\\\/\\\/cuartetoenlaweb.com.ar\\\/sitio\\\/los-pescadores-piden-la-intervencion-de-prefectura-en-el-dique-cabra-corral\\\/\"]}]},{\"@type\":\"ImageObject\",\"inLanguage\":\"es\",\"@id\":\"https:\\\/\\\/cuartetoenlaweb.com.ar\\\/sitio\\\/los-pescadores-piden-la-intervencion-de-prefectura-en-el-dique-cabra-corral\\\/#primaryimage\",\"url\":\"https:\\\/\\\/cuartetoenlaweb.com.ar\\\/sitio\\\/wp-content\\\/uploads\\\/2026\\\/04\\\/1777221764400.jpg\",\"contentUrl\":\"https:\\\/\\\/cuartetoenlaweb.com.ar\\\/sitio\\\/wp-content\\\/uploads\\\/2026\\\/04\\\/1777221764400.jpg\",\"width\":1000,\"height\":676},{\"@type\":\"BreadcrumbList\",\"@id\":\"https:\\\/\\\/cuartetoenlaweb.com.ar\\\/sitio\\\/los-pescadores-piden-la-intervencion-de-prefectura-en-el-dique-cabra-corral\\\/#breadcrumb\",\"itemListElement\":[{\"@type\":\"ListItem\",\"position\":1,\"name\":\"Portada\",\"item\":\"http:\\\/\\\/cuartetoenlaweb.com.ar\\\/sitio\\\/\"},{\"@type\":\"ListItem\",\"position\":2,\"name\":\"Los pescadores piden la intervenci\u00f3n de Prefectura en el dique Cabra Corral\"}]},{\"@type\":\"WebSite\",\"@id\":\"http:\\\/\\\/cuartetoenlaweb.com.ar\\\/sitio\\\/#website\",\"url\":\"http:\\\/\\\/cuartetoenlaweb.com.ar\\\/sitio\\\/\",\"name\":\"Cuarteto en la Web\",\"description\":\"\",\"publisher\":{\"@id\":\"http:\\\/\\\/cuartetoenlaweb.com.ar\\\/sitio\\\/#organization\"},\"potentialAction\":[{\"@type\":\"SearchAction\",\"target\":{\"@type\":\"EntryPoint\",\"urlTemplate\":\"http:\\\/\\\/cuartetoenlaweb.com.ar\\\/sitio\\\/?s={search_term_string}\"},\"query-input\":{\"@type\":\"PropertyValueSpecification\",\"valueRequired\":true,\"valueName\":\"search_term_string\"}}],\"inLanguage\":\"es\"},{\"@type\":\"Organization\",\"@id\":\"http:\\\/\\\/cuartetoenlaweb.com.ar\\\/sitio\\\/#organization\",\"name\":\"Cuarteto en la Web\",\"url\":\"http:\\\/\\\/cuartetoenlaweb.com.ar\\\/sitio\\\/\",\"logo\":{\"@type\":\"ImageObject\",\"inLanguage\":\"es\",\"@id\":\"http:\\\/\\\/cuartetoenlaweb.com.ar\\\/sitio\\\/#\\\/schema\\\/logo\\\/image\\\/\",\"url\":\"https:\\\/\\\/cuartetoenlaweb.com.ar\\\/sitio\\\/wp-content\\\/uploads\\\/2025\\\/07\\\/cropped-cropped-logitoweb21.png\",\"contentUrl\":\"https:\\\/\\\/cuartetoenlaweb.com.ar\\\/sitio\\\/wp-content\\\/uploads\\\/2025\\\/07\\\/cropped-cropped-logitoweb21.png\",\"width\":199,\"height\":199,\"caption\":\"Cuarteto en la Web\"},\"image\":{\"@id\":\"http:\\\/\\\/cuartetoenlaweb.com.ar\\\/sitio\\\/#\\\/schema\\\/logo\\\/image\\\/\"}}]}<\/script>\n<!-- \/ Yoast SEO plugin. -->","yoast_head_json":{"title":"Los pescadores piden la intervenci\u00f3n de Prefectura en el dique Cabra Corral - Cuarteto en la Web","robots":{"index":"index","follow":"follow","max-snippet":"max-snippet:-1","max-image-preview":"max-image-preview:large","max-video-preview":"max-video-preview:-1"},"canonical":"https:\/\/cuartetoenlaweb.com.ar\/sitio\/los-pescadores-piden-la-intervencion-de-prefectura-en-el-dique-cabra-corral\/","og_locale":"es_ES","og_type":"article","og_title":"Los pescadores piden la intervenci\u00f3n de Prefectura en el dique Cabra Corral - Cuarteto en la Web","og_description":"La pesca ilegal en el dique Cabra Corral volvi\u00f3 a","og_url":"https:\/\/cuartetoenlaweb.com.ar\/sitio\/los-pescadores-piden-la-intervencion-de-prefectura-en-el-dique-cabra-corral\/","og_site_name":"Cuarteto en la Web","article_published_time":"2026-04-26T17:00:18+00:00","og_image":[{"url":"https:\/\/uscdn.eltribuno.com\/042026\/1777221764400.jpg","type":"","width":"","height":""}],"twitter_card":"summary_large_image","twitter_misc":{"Tiempo de lectura":"4 minutos"},"schema":{"@context":"https:\/\/schema.org","@graph":[{"@type":"Article","@id":"https:\/\/cuartetoenlaweb.com.ar\/sitio\/los-pescadores-piden-la-intervencion-de-prefectura-en-el-dique-cabra-corral\/#article","isPartOf":{"@id":"https:\/\/cuartetoenlaweb.com.ar\/sitio\/los-pescadores-piden-la-intervencion-de-prefectura-en-el-dique-cabra-corral\/"},"author":{"name":"","@id":""},"headline":"Los pescadores piden la intervenci\u00f3n de Prefectura en el dique Cabra Corral","datePublished":"2026-04-26T17:00:18+00:00","mainEntityOfPage":{"@id":"https:\/\/cuartetoenlaweb.com.ar\/sitio\/los-pescadores-piden-la-intervencion-de-prefectura-en-el-dique-cabra-corral\/"},"wordCount":888,"publisher":{"@id":"http:\/\/cuartetoenlaweb.com.ar\/sitio\/#organization"},"image":{"@id":"https:\/\/cuartetoenlaweb.com.ar\/sitio\/los-pescadores-piden-la-intervencion-de-prefectura-en-el-dique-cabra-corral\/#primaryimage"},"thumbnailUrl":"https:\/\/cuartetoenlaweb.com.ar\/sitio\/wp-content\/uploads\/2026\/04\/1777221764400.jpg","articleSection":["PAIS"],"inLanguage":"es"},{"@type":"WebPage","@id":"https:\/\/cuartetoenlaweb.com.ar\/sitio\/los-pescadores-piden-la-intervencion-de-prefectura-en-el-dique-cabra-corral\/","url":"https:\/\/cuartetoenlaweb.com.ar\/sitio\/los-pescadores-piden-la-intervencion-de-prefectura-en-el-dique-cabra-corral\/","name":"Los pescadores piden la intervenci\u00f3n de Prefectura en el dique Cabra Corral - Cuarteto en la Web","isPartOf":{"@id":"http:\/\/cuartetoenlaweb.com.ar\/sitio\/#website"},"primaryImageOfPage":{"@id":"https:\/\/cuartetoenlaweb.com.ar\/sitio\/los-pescadores-piden-la-intervencion-de-prefectura-en-el-dique-cabra-corral\/#primaryimage"},"image":{"@id":"https:\/\/cuartetoenlaweb.com.ar\/sitio\/los-pescadores-piden-la-intervencion-de-prefectura-en-el-dique-cabra-corral\/#primaryimage"},"thumbnailUrl":"https:\/\/cuartetoenlaweb.com.ar\/sitio\/wp-content\/uploads\/2026\/04\/1777221764400.jpg","datePublished":"2026-04-26T17:00:18+00:00","breadcrumb":{"@id":"https:\/\/cuartetoenlaweb.com.ar\/sitio\/los-pescadores-piden-la-intervencion-de-prefectura-en-el-dique-cabra-corral\/#breadcrumb"},"inLanguage":"es","potentialAction":[{"@type":"ReadAction","target":["https:\/\/cuartetoenlaweb.com.ar\/sitio\/los-pescadores-piden-la-intervencion-de-prefectura-en-el-dique-cabra-corral\/"]}]},{"@type":"ImageObject","inLanguage":"es","@id":"https:\/\/cuartetoenlaweb.com.ar\/sitio\/los-pescadores-piden-la-intervencion-de-prefectura-en-el-dique-cabra-corral\/#primaryimage","url":"https:\/\/cuartetoenlaweb.com.ar\/sitio\/wp-content\/uploads\/2026\/04\/1777221764400.jpg","contentUrl":"https:\/\/cuartetoenlaweb.com.ar\/sitio\/wp-content\/uploads\/2026\/04\/1777221764400.jpg","width":1000,"height":676},{"@type":"BreadcrumbList","@id":"https:\/\/cuartetoenlaweb.com.ar\/sitio\/los-pescadores-piden-la-intervencion-de-prefectura-en-el-dique-cabra-corral\/#breadcrumb","itemListElement":[{"@type":"ListItem","position":1,"name":"Portada","item":"http:\/\/cuartetoenlaweb.com.ar\/sitio\/"},{"@type":"ListItem","position":2,"name":"Los pescadores piden la intervenci\u00f3n de Prefectura en el dique Cabra Corral"}]},{"@type":"WebSite","@id":"http:\/\/cuartetoenlaweb.com.ar\/sitio\/#website","url":"http:\/\/cuartetoenlaweb.com.ar\/sitio\/","name":"Cuarteto en la Web","description":"","publisher":{"@id":"http:\/\/cuartetoenlaweb.com.ar\/sitio\/#organization"},"potentialAction":[{"@type":"SearchAction","target":{"@type":"EntryPoint","urlTemplate":"http:\/\/cuartetoenlaweb.com.ar\/sitio\/?s={search_term_string}"},"query-input":{"@type":"PropertyValueSpecification","valueRequired":true,"valueName":"search_term_string"}}],"inLanguage":"es"},{"@type":"Organization","@id":"http:\/\/cuartetoenlaweb.com.ar\/sitio\/#organization","name":"Cuarteto en la Web","url":"http:\/\/cuartetoenlaweb.com.ar\/sitio\/","logo":{"@type":"ImageObject","inLanguage":"es","@id":"http:\/\/cuartetoenlaweb.com.ar\/sitio\/#\/schema\/logo\/image\/","url":"https:\/\/cuartetoenlaweb.com.ar\/sitio\/wp-content\/uploads\/2025\/07\/cropped-cropped-logitoweb21.png","contentUrl":"https:\/\/cuartetoenlaweb.com.ar\/sitio\/wp-content\/uploads\/2025\/07\/cropped-cropped-logitoweb21.png","width":199,"height":199,"caption":"Cuarteto en la Web"},"image":{"@id":"http:\/\/cuartetoenlaweb.com.ar\/sitio\/#\/schema\/logo\/image\/"}}]}},"_links":{"self":[{"href":"https:\/\/cuartetoenlaweb.com.ar\/sitio\/wp-json\/wp\/v2\/posts\/18992","targetHints":{"allow":["GET"]}}],"collection":[{"href":"https:\/\/cuartetoenlaweb.com.ar\/sitio\/wp-json\/wp\/v2\/posts"}],"about":[{"href":"https:\/\/cuartetoenlaweb.com.ar\/sitio\/wp-json\/wp\/v2\/types\/post"}],"replies":[{"embeddable":true,"href":"https:\/\/cuartetoenlaweb.com.ar\/sitio\/wp-json\/wp\/v2\/comments?post=18992"}],"version-history":[{"count":0,"href":"https:\/\/cuartetoenlaweb.com.ar\/sitio\/wp-json\/wp\/v2\/posts\/18992\/revisions"}],"wp:featuredmedia":[{"embeddable":true,"href":"https:\/\/cuartetoenlaweb.com.ar\/sitio\/wp-json\/wp\/v2\/media\/18993"}],"wp:attachment":[{"href":"https:\/\/cuartetoenlaweb.com.ar\/sitio\/wp-json\/wp\/v2\/media?parent=18992"}],"wp:term":[{"taxonomy":"category","embeddable":true,"href":"https:\/\/cuartetoenlaweb.com.ar\/sitio\/wp-json\/wp\/v2\/categories?post=18992"},{"taxonomy":"post_tag","embeddable":true,"href":"https:\/\/cuartetoenlaweb.com.ar\/sitio\/wp-json\/wp\/v2\/tags?post=18992"}],"curies":[{"name":"wp","href":"https:\/\/api.w.org\/{rel}","templated":true}]}}