
{"id":18986,"date":"2026-04-26T14:00:08","date_gmt":"2026-04-26T17:00:08","guid":{"rendered":"https:\/\/cuartetoenlaweb.com.ar\/sitio\/el-sentido-homenaje-de-boca-a-carlos-bianchi-por-su-cumpleanos\/"},"modified":"2026-04-26T14:00:08","modified_gmt":"2026-04-26T17:00:08","slug":"el-sentido-homenaje-de-boca-a-carlos-bianchi-por-su-cumpleanos","status":"publish","type":"post","link":"https:\/\/cuartetoenlaweb.com.ar\/sitio\/el-sentido-homenaje-de-boca-a-carlos-bianchi-por-su-cumpleanos\/","title":{"rendered":"El sentido homenaje de Boca a Carlos Bianchi por su cumplea\u00f1os"},"content":{"rendered":"<p><img decoding=\"async\" src=\"https:\/\/alpha-assets.tadevel-cdn.com\/681d5b7991571c31fbdfd0c9\/720.jpeg\" \/><\/p>\n<p>Buenos Aires, 26 abril (NA) &#8212; Boca centr\u00f3 su homenaje al exnetrenador Carlos Bianchi en un video especial por su cumplea\u00f1os 77, con un recorrido emotivo por su legado y su v\u00ednculo con el club.<\/p>\n<p>El saludo principal lleg\u00f3 a trav\u00e9s de las redes oficiales del club, donde una producci\u00f3n audiovisual puso en primer plano la figura del Virrey, seg\u00fan pudo recopilar la Agencia Noticias Argentinas.<\/p>\n<p>El material combina im\u00e1genes de archivo, fragmentos de entrevistas y una narrativa construida a partir de sus propias frases m\u00e1s recordadas, en una pieza que busca resumir su impacto en la historia xeneize.<\/p>\n<p>El video, presentado con una cita de Juan Rom\u00e1n Riquelme: \u201cLleg\u00f3 un d\u00eda con mucho fr\u00edo en el &#8217;98, dijo \u2018hola soy Carlos Bianchi\u2019 y reci\u00e9n perdi\u00f3 en el &#8217;99\u201d, refuerza la idea de un ciclo irrepetible.<\/p>\n<p>La publicaci\u00f3n se completa con otra definici\u00f3n contundente del actual presidente: \u201cNo habr\u00e1 otro igual\u201d.<\/p>\n<p>La producci\u00f3n gira en torno a un concepto central: mostrar a Carlos Bianchi como \u201cel coleccionista\u201d, en alusi\u00f3n a los t\u00edtulos obtenidos durante sus ciclos en Boca.<\/p>\n<p>A trav\u00e9s de una est\u00e9tica que simula una revista de \u00e9poca, el club repasa sus conquistas con recortes, tapas y referencias hist\u00f3ricas, mientras la voz del propio entrenador aparece mediante declaraciones ic\u00f3nicas.<\/p>\n<p>Entre las frases elegidas sobresalen algunas que marcaron su carrera, como la iron\u00eda tras la final de la Libertadores 2004: \u201cEs la primera vez que perdemos, entonces yo no sab\u00eda que a los segundos le daban medalla\u201d o su recordado festejo en Tokio tras vencer al Real Madrid: \u201cFen\u00f3meno, fen\u00f3meno. Campeones del mundo pap\u00e1 somos, no lo pod\u00edas creer, \u00bfeh?\u201d.<\/p>\n<p>El video se sum\u00f3 a otros saludos institucionales, como una placa conmemorativa y la enumeraci\u00f3n de los nueve t\u00edtulos que gan\u00f3 como entrenador del club.<\/p>\n<p>#AgenciaNA<\/p>\n","protected":false},"excerpt":{"rendered":"<p>Buenos Aires, 26 abril (NA) &#8212; Boca centr\u00f3 su homenaje<\/p>\n","protected":false},"author":0,"featured_media":18987,"comment_status":"","ping_status":"","sticky":false,"template":"","format":"standard","meta":{"footnotes":""},"categories":[229],"tags":[],"class_list":["post-18986","post","type-post","status-publish","format-standard","has-post-thumbnail","hentry","category-deportes"],"yoast_head":"<!-- This site is optimized with the Yoast SEO plugin v27.4 - https:\/\/yoast.com\/product\/yoast-seo-wordpress\/ -->\n<title>El sentido homenaje de Boca a Carlos Bianchi por su cumplea\u00f1os - Cuarteto en la Web<\/title>\n<meta name=\"robots\" content=\"index, follow, max-snippet:-1, max-image-preview:large, max-video-preview:-1\" \/>\n<link rel=\"canonical\" href=\"https:\/\/cuartetoenlaweb.com.ar\/sitio\/el-sentido-homenaje-de-boca-a-carlos-bianchi-por-su-cumpleanos\/\" \/>\n<meta property=\"og:locale\" content=\"es_ES\" \/>\n<meta property=\"og:type\" content=\"article\" \/>\n<meta property=\"og:title\" content=\"El sentido homenaje de Boca a Carlos Bianchi por su cumplea\u00f1os - Cuarteto en la Web\" \/>\n<meta property=\"og:description\" content=\"Buenos Aires, 26 abril (NA) &#8212; Boca centr\u00f3 su homenaje\" \/>\n<meta property=\"og:url\" content=\"https:\/\/cuartetoenlaweb.com.ar\/sitio\/el-sentido-homenaje-de-boca-a-carlos-bianchi-por-su-cumpleanos\/\" \/>\n<meta property=\"og:site_name\" content=\"Cuarteto en la Web\" \/>\n<meta property=\"article:published_time\" content=\"2026-04-26T17:00:08+00:00\" \/>\n<meta property=\"og:image\" content=\"https:\/\/alpha-assets.tadevel-cdn.com\/681d5b7991571c31fbdfd0c9\/720.jpeg\" \/>\n<meta name=\"twitter:card\" content=\"summary_large_image\" \/>\n<meta name=\"twitter:label1\" content=\"Tiempo de lectura\" \/>\n\t<meta name=\"twitter:data1\" content=\"2 minutos\" \/>\n<script type=\"application\/ld+json\" class=\"yoast-schema-graph\">{\"@context\":\"https:\\\/\\\/schema.org\",\"@graph\":[{\"@type\":\"Article\",\"@id\":\"https:\\\/\\\/cuartetoenlaweb.com.ar\\\/sitio\\\/el-sentido-homenaje-de-boca-a-carlos-bianchi-por-su-cumpleanos\\\/#article\",\"isPartOf\":{\"@id\":\"https:\\\/\\\/cuartetoenlaweb.com.ar\\\/sitio\\\/el-sentido-homenaje-de-boca-a-carlos-bianchi-por-su-cumpleanos\\\/\"},\"author\":{\"name\":\"\",\"@id\":\"\"},\"headline\":\"El sentido homenaje de Boca a Carlos Bianchi por su cumplea\u00f1os\",\"datePublished\":\"2026-04-26T17:00:08+00:00\",\"mainEntityOfPage\":{\"@id\":\"https:\\\/\\\/cuartetoenlaweb.com.ar\\\/sitio\\\/el-sentido-homenaje-de-boca-a-carlos-bianchi-por-su-cumpleanos\\\/\"},\"wordCount\":330,\"publisher\":{\"@id\":\"http:\\\/\\\/cuartetoenlaweb.com.ar\\\/sitio\\\/#organization\"},\"image\":{\"@id\":\"https:\\\/\\\/cuartetoenlaweb.com.ar\\\/sitio\\\/el-sentido-homenaje-de-boca-a-carlos-bianchi-por-su-cumpleanos\\\/#primaryimage\"},\"thumbnailUrl\":\"https:\\\/\\\/cuartetoenlaweb.com.ar\\\/sitio\\\/wp-content\\\/uploads\\\/2026\\\/04\\\/720-621.jpeg\",\"articleSection\":[\"DEPORTES\"],\"inLanguage\":\"es\"},{\"@type\":\"WebPage\",\"@id\":\"https:\\\/\\\/cuartetoenlaweb.com.ar\\\/sitio\\\/el-sentido-homenaje-de-boca-a-carlos-bianchi-por-su-cumpleanos\\\/\",\"url\":\"https:\\\/\\\/cuartetoenlaweb.com.ar\\\/sitio\\\/el-sentido-homenaje-de-boca-a-carlos-bianchi-por-su-cumpleanos\\\/\",\"name\":\"El sentido homenaje de Boca a Carlos Bianchi por su cumplea\u00f1os - Cuarteto en la Web\",\"isPartOf\":{\"@id\":\"http:\\\/\\\/cuartetoenlaweb.com.ar\\\/sitio\\\/#website\"},\"primaryImageOfPage\":{\"@id\":\"https:\\\/\\\/cuartetoenlaweb.com.ar\\\/sitio\\\/el-sentido-homenaje-de-boca-a-carlos-bianchi-por-su-cumpleanos\\\/#primaryimage\"},\"image\":{\"@id\":\"https:\\\/\\\/cuartetoenlaweb.com.ar\\\/sitio\\\/el-sentido-homenaje-de-boca-a-carlos-bianchi-por-su-cumpleanos\\\/#primaryimage\"},\"thumbnailUrl\":\"https:\\\/\\\/cuartetoenlaweb.com.ar\\\/sitio\\\/wp-content\\\/uploads\\\/2026\\\/04\\\/720-621.jpeg\",\"datePublished\":\"2026-04-26T17:00:08+00:00\",\"breadcrumb\":{\"@id\":\"https:\\\/\\\/cuartetoenlaweb.com.ar\\\/sitio\\\/el-sentido-homenaje-de-boca-a-carlos-bianchi-por-su-cumpleanos\\\/#breadcrumb\"},\"inLanguage\":\"es\",\"potentialAction\":[{\"@type\":\"ReadAction\",\"target\":[\"https:\\\/\\\/cuartetoenlaweb.com.ar\\\/sitio\\\/el-sentido-homenaje-de-boca-a-carlos-bianchi-por-su-cumpleanos\\\/\"]}]},{\"@type\":\"ImageObject\",\"inLanguage\":\"es\",\"@id\":\"https:\\\/\\\/cuartetoenlaweb.com.ar\\\/sitio\\\/el-sentido-homenaje-de-boca-a-carlos-bianchi-por-su-cumpleanos\\\/#primaryimage\",\"url\":\"https:\\\/\\\/cuartetoenlaweb.com.ar\\\/sitio\\\/wp-content\\\/uploads\\\/2026\\\/04\\\/720-621.jpeg\",\"contentUrl\":\"https:\\\/\\\/cuartetoenlaweb.com.ar\\\/sitio\\\/wp-content\\\/uploads\\\/2026\\\/04\\\/720-621.jpeg\",\"width\":989,\"height\":720},{\"@type\":\"BreadcrumbList\",\"@id\":\"https:\\\/\\\/cuartetoenlaweb.com.ar\\\/sitio\\\/el-sentido-homenaje-de-boca-a-carlos-bianchi-por-su-cumpleanos\\\/#breadcrumb\",\"itemListElement\":[{\"@type\":\"ListItem\",\"position\":1,\"name\":\"Portada\",\"item\":\"http:\\\/\\\/cuartetoenlaweb.com.ar\\\/sitio\\\/\"},{\"@type\":\"ListItem\",\"position\":2,\"name\":\"El sentido homenaje de Boca a Carlos Bianchi por su cumplea\u00f1os\"}]},{\"@type\":\"WebSite\",\"@id\":\"http:\\\/\\\/cuartetoenlaweb.com.ar\\\/sitio\\\/#website\",\"url\":\"http:\\\/\\\/cuartetoenlaweb.com.ar\\\/sitio\\\/\",\"name\":\"Cuarteto en la Web\",\"description\":\"\",\"publisher\":{\"@id\":\"http:\\\/\\\/cuartetoenlaweb.com.ar\\\/sitio\\\/#organization\"},\"potentialAction\":[{\"@type\":\"SearchAction\",\"target\":{\"@type\":\"EntryPoint\",\"urlTemplate\":\"http:\\\/\\\/cuartetoenlaweb.com.ar\\\/sitio\\\/?s={search_term_string}\"},\"query-input\":{\"@type\":\"PropertyValueSpecification\",\"valueRequired\":true,\"valueName\":\"search_term_string\"}}],\"inLanguage\":\"es\"},{\"@type\":\"Organization\",\"@id\":\"http:\\\/\\\/cuartetoenlaweb.com.ar\\\/sitio\\\/#organization\",\"name\":\"Cuarteto en la Web\",\"url\":\"http:\\\/\\\/cuartetoenlaweb.com.ar\\\/sitio\\\/\",\"logo\":{\"@type\":\"ImageObject\",\"inLanguage\":\"es\",\"@id\":\"http:\\\/\\\/cuartetoenlaweb.com.ar\\\/sitio\\\/#\\\/schema\\\/logo\\\/image\\\/\",\"url\":\"https:\\\/\\\/cuartetoenlaweb.com.ar\\\/sitio\\\/wp-content\\\/uploads\\\/2025\\\/07\\\/cropped-cropped-logitoweb21.png\",\"contentUrl\":\"https:\\\/\\\/cuartetoenlaweb.com.ar\\\/sitio\\\/wp-content\\\/uploads\\\/2025\\\/07\\\/cropped-cropped-logitoweb21.png\",\"width\":199,\"height\":199,\"caption\":\"Cuarteto en la Web\"},\"image\":{\"@id\":\"http:\\\/\\\/cuartetoenlaweb.com.ar\\\/sitio\\\/#\\\/schema\\\/logo\\\/image\\\/\"}}]}<\/script>\n<!-- \/ Yoast SEO plugin. -->","yoast_head_json":{"title":"El sentido homenaje de Boca a Carlos Bianchi por su cumplea\u00f1os - Cuarteto en la Web","robots":{"index":"index","follow":"follow","max-snippet":"max-snippet:-1","max-image-preview":"max-image-preview:large","max-video-preview":"max-video-preview:-1"},"canonical":"https:\/\/cuartetoenlaweb.com.ar\/sitio\/el-sentido-homenaje-de-boca-a-carlos-bianchi-por-su-cumpleanos\/","og_locale":"es_ES","og_type":"article","og_title":"El sentido homenaje de Boca a Carlos Bianchi por su cumplea\u00f1os - Cuarteto en la Web","og_description":"Buenos Aires, 26 abril (NA) &#8212; Boca centr\u00f3 su homenaje","og_url":"https:\/\/cuartetoenlaweb.com.ar\/sitio\/el-sentido-homenaje-de-boca-a-carlos-bianchi-por-su-cumpleanos\/","og_site_name":"Cuarteto en la Web","article_published_time":"2026-04-26T17:00:08+00:00","og_image":[{"url":"https:\/\/alpha-assets.tadevel-cdn.com\/681d5b7991571c31fbdfd0c9\/720.jpeg","type":"","width":"","height":""}],"twitter_card":"summary_large_image","twitter_misc":{"Tiempo de lectura":"2 minutos"},"schema":{"@context":"https:\/\/schema.org","@graph":[{"@type":"Article","@id":"https:\/\/cuartetoenlaweb.com.ar\/sitio\/el-sentido-homenaje-de-boca-a-carlos-bianchi-por-su-cumpleanos\/#article","isPartOf":{"@id":"https:\/\/cuartetoenlaweb.com.ar\/sitio\/el-sentido-homenaje-de-boca-a-carlos-bianchi-por-su-cumpleanos\/"},"author":{"name":"","@id":""},"headline":"El sentido homenaje de Boca a Carlos Bianchi por su cumplea\u00f1os","datePublished":"2026-04-26T17:00:08+00:00","mainEntityOfPage":{"@id":"https:\/\/cuartetoenlaweb.com.ar\/sitio\/el-sentido-homenaje-de-boca-a-carlos-bianchi-por-su-cumpleanos\/"},"wordCount":330,"publisher":{"@id":"http:\/\/cuartetoenlaweb.com.ar\/sitio\/#organization"},"image":{"@id":"https:\/\/cuartetoenlaweb.com.ar\/sitio\/el-sentido-homenaje-de-boca-a-carlos-bianchi-por-su-cumpleanos\/#primaryimage"},"thumbnailUrl":"https:\/\/cuartetoenlaweb.com.ar\/sitio\/wp-content\/uploads\/2026\/04\/720-621.jpeg","articleSection":["DEPORTES"],"inLanguage":"es"},{"@type":"WebPage","@id":"https:\/\/cuartetoenlaweb.com.ar\/sitio\/el-sentido-homenaje-de-boca-a-carlos-bianchi-por-su-cumpleanos\/","url":"https:\/\/cuartetoenlaweb.com.ar\/sitio\/el-sentido-homenaje-de-boca-a-carlos-bianchi-por-su-cumpleanos\/","name":"El sentido homenaje de Boca a Carlos Bianchi por su cumplea\u00f1os - Cuarteto en la Web","isPartOf":{"@id":"http:\/\/cuartetoenlaweb.com.ar\/sitio\/#website"},"primaryImageOfPage":{"@id":"https:\/\/cuartetoenlaweb.com.ar\/sitio\/el-sentido-homenaje-de-boca-a-carlos-bianchi-por-su-cumpleanos\/#primaryimage"},"image":{"@id":"https:\/\/cuartetoenlaweb.com.ar\/sitio\/el-sentido-homenaje-de-boca-a-carlos-bianchi-por-su-cumpleanos\/#primaryimage"},"thumbnailUrl":"https:\/\/cuartetoenlaweb.com.ar\/sitio\/wp-content\/uploads\/2026\/04\/720-621.jpeg","datePublished":"2026-04-26T17:00:08+00:00","breadcrumb":{"@id":"https:\/\/cuartetoenlaweb.com.ar\/sitio\/el-sentido-homenaje-de-boca-a-carlos-bianchi-por-su-cumpleanos\/#breadcrumb"},"inLanguage":"es","potentialAction":[{"@type":"ReadAction","target":["https:\/\/cuartetoenlaweb.com.ar\/sitio\/el-sentido-homenaje-de-boca-a-carlos-bianchi-por-su-cumpleanos\/"]}]},{"@type":"ImageObject","inLanguage":"es","@id":"https:\/\/cuartetoenlaweb.com.ar\/sitio\/el-sentido-homenaje-de-boca-a-carlos-bianchi-por-su-cumpleanos\/#primaryimage","url":"https:\/\/cuartetoenlaweb.com.ar\/sitio\/wp-content\/uploads\/2026\/04\/720-621.jpeg","contentUrl":"https:\/\/cuartetoenlaweb.com.ar\/sitio\/wp-content\/uploads\/2026\/04\/720-621.jpeg","width":989,"height":720},{"@type":"BreadcrumbList","@id":"https:\/\/cuartetoenlaweb.com.ar\/sitio\/el-sentido-homenaje-de-boca-a-carlos-bianchi-por-su-cumpleanos\/#breadcrumb","itemListElement":[{"@type":"ListItem","position":1,"name":"Portada","item":"http:\/\/cuartetoenlaweb.com.ar\/sitio\/"},{"@type":"ListItem","position":2,"name":"El sentido homenaje de Boca a Carlos Bianchi por su cumplea\u00f1os"}]},{"@type":"WebSite","@id":"http:\/\/cuartetoenlaweb.com.ar\/sitio\/#website","url":"http:\/\/cuartetoenlaweb.com.ar\/sitio\/","name":"Cuarteto en la Web","description":"","publisher":{"@id":"http:\/\/cuartetoenlaweb.com.ar\/sitio\/#organization"},"potentialAction":[{"@type":"SearchAction","target":{"@type":"EntryPoint","urlTemplate":"http:\/\/cuartetoenlaweb.com.ar\/sitio\/?s={search_term_string}"},"query-input":{"@type":"PropertyValueSpecification","valueRequired":true,"valueName":"search_term_string"}}],"inLanguage":"es"},{"@type":"Organization","@id":"http:\/\/cuartetoenlaweb.com.ar\/sitio\/#organization","name":"Cuarteto en la Web","url":"http:\/\/cuartetoenlaweb.com.ar\/sitio\/","logo":{"@type":"ImageObject","inLanguage":"es","@id":"http:\/\/cuartetoenlaweb.com.ar\/sitio\/#\/schema\/logo\/image\/","url":"https:\/\/cuartetoenlaweb.com.ar\/sitio\/wp-content\/uploads\/2025\/07\/cropped-cropped-logitoweb21.png","contentUrl":"https:\/\/cuartetoenlaweb.com.ar\/sitio\/wp-content\/uploads\/2025\/07\/cropped-cropped-logitoweb21.png","width":199,"height":199,"caption":"Cuarteto en la Web"},"image":{"@id":"http:\/\/cuartetoenlaweb.com.ar\/sitio\/#\/schema\/logo\/image\/"}}]}},"_links":{"self":[{"href":"https:\/\/cuartetoenlaweb.com.ar\/sitio\/wp-json\/wp\/v2\/posts\/18986","targetHints":{"allow":["GET"]}}],"collection":[{"href":"https:\/\/cuartetoenlaweb.com.ar\/sitio\/wp-json\/wp\/v2\/posts"}],"about":[{"href":"https:\/\/cuartetoenlaweb.com.ar\/sitio\/wp-json\/wp\/v2\/types\/post"}],"replies":[{"embeddable":true,"href":"https:\/\/cuartetoenlaweb.com.ar\/sitio\/wp-json\/wp\/v2\/comments?post=18986"}],"version-history":[{"count":0,"href":"https:\/\/cuartetoenlaweb.com.ar\/sitio\/wp-json\/wp\/v2\/posts\/18986\/revisions"}],"wp:featuredmedia":[{"embeddable":true,"href":"https:\/\/cuartetoenlaweb.com.ar\/sitio\/wp-json\/wp\/v2\/media\/18987"}],"wp:attachment":[{"href":"https:\/\/cuartetoenlaweb.com.ar\/sitio\/wp-json\/wp\/v2\/media?parent=18986"}],"wp:term":[{"taxonomy":"category","embeddable":true,"href":"https:\/\/cuartetoenlaweb.com.ar\/sitio\/wp-json\/wp\/v2\/categories?post=18986"},{"taxonomy":"post_tag","embeddable":true,"href":"https:\/\/cuartetoenlaweb.com.ar\/sitio\/wp-json\/wp\/v2\/tags?post=18986"}],"curies":[{"name":"wp","href":"https:\/\/api.w.org\/{rel}","templated":true}]}}