
{"id":18984,"date":"2026-04-26T14:00:04","date_gmt":"2026-04-26T17:00:04","guid":{"rendered":"https:\/\/cuartetoenlaweb.com.ar\/sitio\/todos-estos-autos-no-deberan-pagar-la-vtv-en-mayo-2026\/"},"modified":"2026-04-26T14:00:04","modified_gmt":"2026-04-26T17:00:04","slug":"todos-estos-autos-no-deberan-pagar-la-vtv-en-mayo-2026","status":"publish","type":"post","link":"https:\/\/cuartetoenlaweb.com.ar\/sitio\/todos-estos-autos-no-deberan-pagar-la-vtv-en-mayo-2026\/","title":{"rendered":"Todos estos autos no deber\u00e1n pagar la VTV en mayo 2026"},"content":{"rendered":"<p>El tr\u00e1mite de la Verificaci\u00f3n T\u00e9cnica Vehicular (VTV) representa uno de los compromisos ineludibles para los propietarios de autom\u00f3viles en gran parte del pa\u00eds, pero el calendario de mayo de 2026 trae consigo una serie de excepciones que muchos conductores desconocen.<\/p>\n<p>Para este periodo, la normativa vigente contempla un grupo espec\u00edfico de veh\u00edculos que, debido a su antig\u00fcedad, su uso o la fecha de su patentamiento original, quedan legalmente eximidos de realizar la inspecci\u00f3n o de abonar el costo del tr\u00e1mite. Esta medida busca simplificar la carga administrativa sobre ciertos usuarios.<\/p>\n<p>QU\u00c9 AUTOS NO DEBEN PAGAR LA VTV EN MAYO 2026<\/p>\n<p>Aunque la VTV es un requisito obligatorio para circular, existen grupos espec\u00edficos que est\u00e1n eximidos de pagar el costo del tr\u00e1mite, tanto en la Ciudad Aut\u00f3noma de Buenos Aires como en territorio bonaerense.<\/p>\n<p>Es importante aclarar que la exenci\u00f3n es sobre el pago, pero no sobre la inspecci\u00f3n: el veh\u00edculo debe presentarse igual a la planta para certificar que est\u00e1 en condiciones de seguridad. Los beneficios espec\u00edficamente son: <\/p>\n<p>En CABA:<\/p>\n<p> * Jubilados y pensionados que cobran la m\u00ednima.<br \/>\n * Personas con discapacidad.<\/p>\n<p>En PBA:<\/p>\n<p> * Jubilados y pensionados que cobren hasta dos haberes m\u00ednimos.<br \/>\n * Personas con discapacidad.<br \/>\n * Veh\u00edculos de los Cuerpos de Bomberos.<br \/>\n * Unidades que pertenecen a los municipios.<\/p>\n<p>El objetivo central de esto es aliviar el bolsillo de los sectores m\u00e1s vulnerables y de las instituciones de bien p\u00fablico.<\/p>\n","protected":false},"excerpt":{"rendered":"<p>El tr\u00e1mite de la Verificaci\u00f3n T\u00e9cnica Vehicular (VTV) representa uno<\/p>\n","protected":false},"author":0,"featured_media":18985,"comment_status":"","ping_status":"","sticky":false,"template":"","format":"standard","meta":{"footnotes":""},"categories":[65],"tags":[],"class_list":["post-18984","post","type-post","status-publish","format-standard","has-post-thumbnail","hentry","category-pais"],"yoast_head":"<!-- This site is optimized with the Yoast SEO plugin v27.4 - https:\/\/yoast.com\/product\/yoast-seo-wordpress\/ -->\n<title>Todos estos autos no deber\u00e1n pagar la VTV en mayo 2026 - Cuarteto en la Web<\/title>\n<meta name=\"robots\" content=\"index, follow, max-snippet:-1, max-image-preview:large, max-video-preview:-1\" \/>\n<link rel=\"canonical\" href=\"https:\/\/cuartetoenlaweb.com.ar\/sitio\/todos-estos-autos-no-deberan-pagar-la-vtv-en-mayo-2026\/\" \/>\n<meta property=\"og:locale\" content=\"es_ES\" \/>\n<meta property=\"og:type\" content=\"article\" \/>\n<meta property=\"og:title\" content=\"Todos estos autos no deber\u00e1n pagar la VTV en mayo 2026 - Cuarteto en la Web\" \/>\n<meta property=\"og:description\" content=\"El tr\u00e1mite de la Verificaci\u00f3n T\u00e9cnica Vehicular (VTV) representa uno\" \/>\n<meta property=\"og:url\" content=\"https:\/\/cuartetoenlaweb.com.ar\/sitio\/todos-estos-autos-no-deberan-pagar-la-vtv-en-mayo-2026\/\" \/>\n<meta property=\"og:site_name\" content=\"Cuarteto en la Web\" \/>\n<meta property=\"article:published_time\" content=\"2026-04-26T17:00:04+00:00\" \/>\n<meta name=\"twitter:card\" content=\"summary_large_image\" \/>\n<meta name=\"twitter:label1\" content=\"Tiempo de lectura\" \/>\n\t<meta name=\"twitter:data1\" content=\"1 minuto\" \/>\n<script type=\"application\/ld+json\" class=\"yoast-schema-graph\">{\"@context\":\"https:\\\/\\\/schema.org\",\"@graph\":[{\"@type\":\"Article\",\"@id\":\"https:\\\/\\\/cuartetoenlaweb.com.ar\\\/sitio\\\/todos-estos-autos-no-deberan-pagar-la-vtv-en-mayo-2026\\\/#article\",\"isPartOf\":{\"@id\":\"https:\\\/\\\/cuartetoenlaweb.com.ar\\\/sitio\\\/todos-estos-autos-no-deberan-pagar-la-vtv-en-mayo-2026\\\/\"},\"author\":{\"name\":\"\",\"@id\":\"\"},\"headline\":\"Todos estos autos no deber\u00e1n pagar la VTV en mayo 2026\",\"datePublished\":\"2026-04-26T17:00:04+00:00\",\"mainEntityOfPage\":{\"@id\":\"https:\\\/\\\/cuartetoenlaweb.com.ar\\\/sitio\\\/todos-estos-autos-no-deberan-pagar-la-vtv-en-mayo-2026\\\/\"},\"wordCount\":260,\"publisher\":{\"@id\":\"http:\\\/\\\/cuartetoenlaweb.com.ar\\\/sitio\\\/#organization\"},\"image\":{\"@id\":\"https:\\\/\\\/cuartetoenlaweb.com.ar\\\/sitio\\\/todos-estos-autos-no-deberan-pagar-la-vtv-en-mayo-2026\\\/#primaryimage\"},\"thumbnailUrl\":\"https:\\\/\\\/cuartetoenlaweb.com.ar\\\/sitio\\\/wp-content\\\/uploads\\\/2026\\\/04\\\/720-620.jpeg\",\"articleSection\":[\"PAIS\"],\"inLanguage\":\"es\"},{\"@type\":\"WebPage\",\"@id\":\"https:\\\/\\\/cuartetoenlaweb.com.ar\\\/sitio\\\/todos-estos-autos-no-deberan-pagar-la-vtv-en-mayo-2026\\\/\",\"url\":\"https:\\\/\\\/cuartetoenlaweb.com.ar\\\/sitio\\\/todos-estos-autos-no-deberan-pagar-la-vtv-en-mayo-2026\\\/\",\"name\":\"Todos estos autos no deber\u00e1n pagar la VTV en mayo 2026 - Cuarteto en la Web\",\"isPartOf\":{\"@id\":\"http:\\\/\\\/cuartetoenlaweb.com.ar\\\/sitio\\\/#website\"},\"primaryImageOfPage\":{\"@id\":\"https:\\\/\\\/cuartetoenlaweb.com.ar\\\/sitio\\\/todos-estos-autos-no-deberan-pagar-la-vtv-en-mayo-2026\\\/#primaryimage\"},\"image\":{\"@id\":\"https:\\\/\\\/cuartetoenlaweb.com.ar\\\/sitio\\\/todos-estos-autos-no-deberan-pagar-la-vtv-en-mayo-2026\\\/#primaryimage\"},\"thumbnailUrl\":\"https:\\\/\\\/cuartetoenlaweb.com.ar\\\/sitio\\\/wp-content\\\/uploads\\\/2026\\\/04\\\/720-620.jpeg\",\"datePublished\":\"2026-04-26T17:00:04+00:00\",\"breadcrumb\":{\"@id\":\"https:\\\/\\\/cuartetoenlaweb.com.ar\\\/sitio\\\/todos-estos-autos-no-deberan-pagar-la-vtv-en-mayo-2026\\\/#breadcrumb\"},\"inLanguage\":\"es\",\"potentialAction\":[{\"@type\":\"ReadAction\",\"target\":[\"https:\\\/\\\/cuartetoenlaweb.com.ar\\\/sitio\\\/todos-estos-autos-no-deberan-pagar-la-vtv-en-mayo-2026\\\/\"]}]},{\"@type\":\"ImageObject\",\"inLanguage\":\"es\",\"@id\":\"https:\\\/\\\/cuartetoenlaweb.com.ar\\\/sitio\\\/todos-estos-autos-no-deberan-pagar-la-vtv-en-mayo-2026\\\/#primaryimage\",\"url\":\"https:\\\/\\\/cuartetoenlaweb.com.ar\\\/sitio\\\/wp-content\\\/uploads\\\/2026\\\/04\\\/720-620.jpeg\",\"contentUrl\":\"https:\\\/\\\/cuartetoenlaweb.com.ar\\\/sitio\\\/wp-content\\\/uploads\\\/2026\\\/04\\\/720-620.jpeg\",\"width\":1280,\"height\":719},{\"@type\":\"BreadcrumbList\",\"@id\":\"https:\\\/\\\/cuartetoenlaweb.com.ar\\\/sitio\\\/todos-estos-autos-no-deberan-pagar-la-vtv-en-mayo-2026\\\/#breadcrumb\",\"itemListElement\":[{\"@type\":\"ListItem\",\"position\":1,\"name\":\"Portada\",\"item\":\"http:\\\/\\\/cuartetoenlaweb.com.ar\\\/sitio\\\/\"},{\"@type\":\"ListItem\",\"position\":2,\"name\":\"Todos estos autos no deber\u00e1n pagar la VTV en mayo 2026\"}]},{\"@type\":\"WebSite\",\"@id\":\"http:\\\/\\\/cuartetoenlaweb.com.ar\\\/sitio\\\/#website\",\"url\":\"http:\\\/\\\/cuartetoenlaweb.com.ar\\\/sitio\\\/\",\"name\":\"Cuarteto en la Web\",\"description\":\"\",\"publisher\":{\"@id\":\"http:\\\/\\\/cuartetoenlaweb.com.ar\\\/sitio\\\/#organization\"},\"potentialAction\":[{\"@type\":\"SearchAction\",\"target\":{\"@type\":\"EntryPoint\",\"urlTemplate\":\"http:\\\/\\\/cuartetoenlaweb.com.ar\\\/sitio\\\/?s={search_term_string}\"},\"query-input\":{\"@type\":\"PropertyValueSpecification\",\"valueRequired\":true,\"valueName\":\"search_term_string\"}}],\"inLanguage\":\"es\"},{\"@type\":\"Organization\",\"@id\":\"http:\\\/\\\/cuartetoenlaweb.com.ar\\\/sitio\\\/#organization\",\"name\":\"Cuarteto en la Web\",\"url\":\"http:\\\/\\\/cuartetoenlaweb.com.ar\\\/sitio\\\/\",\"logo\":{\"@type\":\"ImageObject\",\"inLanguage\":\"es\",\"@id\":\"http:\\\/\\\/cuartetoenlaweb.com.ar\\\/sitio\\\/#\\\/schema\\\/logo\\\/image\\\/\",\"url\":\"https:\\\/\\\/cuartetoenlaweb.com.ar\\\/sitio\\\/wp-content\\\/uploads\\\/2025\\\/07\\\/cropped-cropped-logitoweb21.png\",\"contentUrl\":\"https:\\\/\\\/cuartetoenlaweb.com.ar\\\/sitio\\\/wp-content\\\/uploads\\\/2025\\\/07\\\/cropped-cropped-logitoweb21.png\",\"width\":199,\"height\":199,\"caption\":\"Cuarteto en la Web\"},\"image\":{\"@id\":\"http:\\\/\\\/cuartetoenlaweb.com.ar\\\/sitio\\\/#\\\/schema\\\/logo\\\/image\\\/\"}}]}<\/script>\n<!-- \/ Yoast SEO plugin. -->","yoast_head_json":{"title":"Todos estos autos no deber\u00e1n pagar la VTV en mayo 2026 - Cuarteto en la Web","robots":{"index":"index","follow":"follow","max-snippet":"max-snippet:-1","max-image-preview":"max-image-preview:large","max-video-preview":"max-video-preview:-1"},"canonical":"https:\/\/cuartetoenlaweb.com.ar\/sitio\/todos-estos-autos-no-deberan-pagar-la-vtv-en-mayo-2026\/","og_locale":"es_ES","og_type":"article","og_title":"Todos estos autos no deber\u00e1n pagar la VTV en mayo 2026 - Cuarteto en la Web","og_description":"El tr\u00e1mite de la Verificaci\u00f3n T\u00e9cnica Vehicular (VTV) representa uno","og_url":"https:\/\/cuartetoenlaweb.com.ar\/sitio\/todos-estos-autos-no-deberan-pagar-la-vtv-en-mayo-2026\/","og_site_name":"Cuarteto en la Web","article_published_time":"2026-04-26T17:00:04+00:00","twitter_card":"summary_large_image","twitter_misc":{"Tiempo de lectura":"1 minuto"},"schema":{"@context":"https:\/\/schema.org","@graph":[{"@type":"Article","@id":"https:\/\/cuartetoenlaweb.com.ar\/sitio\/todos-estos-autos-no-deberan-pagar-la-vtv-en-mayo-2026\/#article","isPartOf":{"@id":"https:\/\/cuartetoenlaweb.com.ar\/sitio\/todos-estos-autos-no-deberan-pagar-la-vtv-en-mayo-2026\/"},"author":{"name":"","@id":""},"headline":"Todos estos autos no deber\u00e1n pagar la VTV en mayo 2026","datePublished":"2026-04-26T17:00:04+00:00","mainEntityOfPage":{"@id":"https:\/\/cuartetoenlaweb.com.ar\/sitio\/todos-estos-autos-no-deberan-pagar-la-vtv-en-mayo-2026\/"},"wordCount":260,"publisher":{"@id":"http:\/\/cuartetoenlaweb.com.ar\/sitio\/#organization"},"image":{"@id":"https:\/\/cuartetoenlaweb.com.ar\/sitio\/todos-estos-autos-no-deberan-pagar-la-vtv-en-mayo-2026\/#primaryimage"},"thumbnailUrl":"https:\/\/cuartetoenlaweb.com.ar\/sitio\/wp-content\/uploads\/2026\/04\/720-620.jpeg","articleSection":["PAIS"],"inLanguage":"es"},{"@type":"WebPage","@id":"https:\/\/cuartetoenlaweb.com.ar\/sitio\/todos-estos-autos-no-deberan-pagar-la-vtv-en-mayo-2026\/","url":"https:\/\/cuartetoenlaweb.com.ar\/sitio\/todos-estos-autos-no-deberan-pagar-la-vtv-en-mayo-2026\/","name":"Todos estos autos no deber\u00e1n pagar la VTV en mayo 2026 - Cuarteto en la Web","isPartOf":{"@id":"http:\/\/cuartetoenlaweb.com.ar\/sitio\/#website"},"primaryImageOfPage":{"@id":"https:\/\/cuartetoenlaweb.com.ar\/sitio\/todos-estos-autos-no-deberan-pagar-la-vtv-en-mayo-2026\/#primaryimage"},"image":{"@id":"https:\/\/cuartetoenlaweb.com.ar\/sitio\/todos-estos-autos-no-deberan-pagar-la-vtv-en-mayo-2026\/#primaryimage"},"thumbnailUrl":"https:\/\/cuartetoenlaweb.com.ar\/sitio\/wp-content\/uploads\/2026\/04\/720-620.jpeg","datePublished":"2026-04-26T17:00:04+00:00","breadcrumb":{"@id":"https:\/\/cuartetoenlaweb.com.ar\/sitio\/todos-estos-autos-no-deberan-pagar-la-vtv-en-mayo-2026\/#breadcrumb"},"inLanguage":"es","potentialAction":[{"@type":"ReadAction","target":["https:\/\/cuartetoenlaweb.com.ar\/sitio\/todos-estos-autos-no-deberan-pagar-la-vtv-en-mayo-2026\/"]}]},{"@type":"ImageObject","inLanguage":"es","@id":"https:\/\/cuartetoenlaweb.com.ar\/sitio\/todos-estos-autos-no-deberan-pagar-la-vtv-en-mayo-2026\/#primaryimage","url":"https:\/\/cuartetoenlaweb.com.ar\/sitio\/wp-content\/uploads\/2026\/04\/720-620.jpeg","contentUrl":"https:\/\/cuartetoenlaweb.com.ar\/sitio\/wp-content\/uploads\/2026\/04\/720-620.jpeg","width":1280,"height":719},{"@type":"BreadcrumbList","@id":"https:\/\/cuartetoenlaweb.com.ar\/sitio\/todos-estos-autos-no-deberan-pagar-la-vtv-en-mayo-2026\/#breadcrumb","itemListElement":[{"@type":"ListItem","position":1,"name":"Portada","item":"http:\/\/cuartetoenlaweb.com.ar\/sitio\/"},{"@type":"ListItem","position":2,"name":"Todos estos autos no deber\u00e1n pagar la VTV en mayo 2026"}]},{"@type":"WebSite","@id":"http:\/\/cuartetoenlaweb.com.ar\/sitio\/#website","url":"http:\/\/cuartetoenlaweb.com.ar\/sitio\/","name":"Cuarteto en la Web","description":"","publisher":{"@id":"http:\/\/cuartetoenlaweb.com.ar\/sitio\/#organization"},"potentialAction":[{"@type":"SearchAction","target":{"@type":"EntryPoint","urlTemplate":"http:\/\/cuartetoenlaweb.com.ar\/sitio\/?s={search_term_string}"},"query-input":{"@type":"PropertyValueSpecification","valueRequired":true,"valueName":"search_term_string"}}],"inLanguage":"es"},{"@type":"Organization","@id":"http:\/\/cuartetoenlaweb.com.ar\/sitio\/#organization","name":"Cuarteto en la Web","url":"http:\/\/cuartetoenlaweb.com.ar\/sitio\/","logo":{"@type":"ImageObject","inLanguage":"es","@id":"http:\/\/cuartetoenlaweb.com.ar\/sitio\/#\/schema\/logo\/image\/","url":"https:\/\/cuartetoenlaweb.com.ar\/sitio\/wp-content\/uploads\/2025\/07\/cropped-cropped-logitoweb21.png","contentUrl":"https:\/\/cuartetoenlaweb.com.ar\/sitio\/wp-content\/uploads\/2025\/07\/cropped-cropped-logitoweb21.png","width":199,"height":199,"caption":"Cuarteto en la Web"},"image":{"@id":"http:\/\/cuartetoenlaweb.com.ar\/sitio\/#\/schema\/logo\/image\/"}}]}},"_links":{"self":[{"href":"https:\/\/cuartetoenlaweb.com.ar\/sitio\/wp-json\/wp\/v2\/posts\/18984","targetHints":{"allow":["GET"]}}],"collection":[{"href":"https:\/\/cuartetoenlaweb.com.ar\/sitio\/wp-json\/wp\/v2\/posts"}],"about":[{"href":"https:\/\/cuartetoenlaweb.com.ar\/sitio\/wp-json\/wp\/v2\/types\/post"}],"replies":[{"embeddable":true,"href":"https:\/\/cuartetoenlaweb.com.ar\/sitio\/wp-json\/wp\/v2\/comments?post=18984"}],"version-history":[{"count":0,"href":"https:\/\/cuartetoenlaweb.com.ar\/sitio\/wp-json\/wp\/v2\/posts\/18984\/revisions"}],"wp:featuredmedia":[{"embeddable":true,"href":"https:\/\/cuartetoenlaweb.com.ar\/sitio\/wp-json\/wp\/v2\/media\/18985"}],"wp:attachment":[{"href":"https:\/\/cuartetoenlaweb.com.ar\/sitio\/wp-json\/wp\/v2\/media?parent=18984"}],"wp:term":[{"taxonomy":"category","embeddable":true,"href":"https:\/\/cuartetoenlaweb.com.ar\/sitio\/wp-json\/wp\/v2\/categories?post=18984"},{"taxonomy":"post_tag","embeddable":true,"href":"https:\/\/cuartetoenlaweb.com.ar\/sitio\/wp-json\/wp\/v2\/tags?post=18984"}],"curies":[{"name":"wp","href":"https:\/\/api.w.org\/{rel}","templated":true}]}}