
{"id":18982,"date":"2026-04-26T13:59:59","date_gmt":"2026-04-26T16:59:59","guid":{"rendered":"https:\/\/cuartetoenlaweb.com.ar\/sitio\/desconcierto-en-el-aire-de-futurock-por-la-inesperada-reaccion-de-carlos-bianco-que-descoloco-a-todos-se-bajo-de-la-nota\/"},"modified":"2026-04-26T13:59:59","modified_gmt":"2026-04-26T16:59:59","slug":"desconcierto-en-el-aire-de-futurock-por-la-inesperada-reaccion-de-carlos-bianco-que-descoloco-a-todos-se-bajo-de-la-nota","status":"publish","type":"post","link":"https:\/\/cuartetoenlaweb.com.ar\/sitio\/desconcierto-en-el-aire-de-futurock-por-la-inesperada-reaccion-de-carlos-bianco-que-descoloco-a-todos-se-bajo-de-la-nota\/","title":{"rendered":"Desconcierto en el aire de Futurock por la inesperada reacci\u00f3n de Carlos Bianco que descoloc\u00f3 a todos: \u201cSe baj\u00f3 de la nota\u201d"},"content":{"rendered":"<p>El programa \u00bfC\u00f3mo la ves?, que conduce Gabriel Sued por Futurock, vivi\u00f3 un momento sorpresivo cuando estaba todo dado para una entrevista con Carlos Bianco, uno de los hombres de m\u00e1xima confianza de Axel Kicillof. <\/p>\n<p>Sin embargo, a \u00faltimo momento, el funcionario decidi\u00f3 bajarse de la charla en vivo y dej\u00f3 a los conductores completamente descolocados. <\/p>\n<p>\u201cSe baj\u00f3 de la nota\u201d, coment\u00f3 en Sued, y explic\u00f3 a la audiencia que Bianco ten\u00eda otra nota programada y que no quiso retrasarla. Luego, el conductor del ciclo public\u00f3 un posteo para aclarar la situaci\u00f3n.<\/p>\n","protected":false},"excerpt":{"rendered":"<p>El programa \u00bfC\u00f3mo la ves?, que conduce Gabriel Sued por<\/p>\n","protected":false},"author":0,"featured_media":18983,"comment_status":"","ping_status":"","sticky":false,"template":"","format":"standard","meta":{"footnotes":""},"categories":[65],"tags":[],"class_list":["post-18982","post","type-post","status-publish","format-standard","has-post-thumbnail","hentry","category-pais"],"yoast_head":"<!-- This site is optimized with the Yoast SEO plugin v27.4 - https:\/\/yoast.com\/product\/yoast-seo-wordpress\/ -->\n<title>Desconcierto en el aire de Futurock por la inesperada reacci\u00f3n de Carlos Bianco que descoloc\u00f3 a todos: \u201cSe baj\u00f3 de la nota\u201d - Cuarteto en la Web<\/title>\n<meta name=\"robots\" content=\"index, follow, max-snippet:-1, max-image-preview:large, max-video-preview:-1\" \/>\n<link rel=\"canonical\" href=\"https:\/\/cuartetoenlaweb.com.ar\/sitio\/desconcierto-en-el-aire-de-futurock-por-la-inesperada-reaccion-de-carlos-bianco-que-descoloco-a-todos-se-bajo-de-la-nota\/\" \/>\n<meta property=\"og:locale\" content=\"es_ES\" \/>\n<meta property=\"og:type\" content=\"article\" \/>\n<meta property=\"og:title\" content=\"Desconcierto en el aire de Futurock por la inesperada reacci\u00f3n de Carlos Bianco que descoloc\u00f3 a todos: \u201cSe baj\u00f3 de la nota\u201d - Cuarteto en la Web\" \/>\n<meta property=\"og:description\" content=\"El programa \u00bfC\u00f3mo la ves?, que conduce Gabriel Sued por\" \/>\n<meta property=\"og:url\" content=\"https:\/\/cuartetoenlaweb.com.ar\/sitio\/desconcierto-en-el-aire-de-futurock-por-la-inesperada-reaccion-de-carlos-bianco-que-descoloco-a-todos-se-bajo-de-la-nota\/\" \/>\n<meta property=\"og:site_name\" content=\"Cuarteto en la Web\" \/>\n<meta property=\"article:published_time\" content=\"2026-04-26T16:59:59+00:00\" \/>\n<meta name=\"twitter:card\" content=\"summary_large_image\" \/>\n<script type=\"application\/ld+json\" class=\"yoast-schema-graph\">{\"@context\":\"https:\\\/\\\/schema.org\",\"@graph\":[{\"@type\":\"Article\",\"@id\":\"https:\\\/\\\/cuartetoenlaweb.com.ar\\\/sitio\\\/desconcierto-en-el-aire-de-futurock-por-la-inesperada-reaccion-de-carlos-bianco-que-descoloco-a-todos-se-bajo-de-la-nota\\\/#article\",\"isPartOf\":{\"@id\":\"https:\\\/\\\/cuartetoenlaweb.com.ar\\\/sitio\\\/desconcierto-en-el-aire-de-futurock-por-la-inesperada-reaccion-de-carlos-bianco-que-descoloco-a-todos-se-bajo-de-la-nota\\\/\"},\"author\":{\"name\":\"\",\"@id\":\"\"},\"headline\":\"Desconcierto en el aire de Futurock por la inesperada reacci\u00f3n de Carlos Bianco que descoloc\u00f3 a todos: \u201cSe baj\u00f3 de la nota\u201d\",\"datePublished\":\"2026-04-26T16:59:59+00:00\",\"mainEntityOfPage\":{\"@id\":\"https:\\\/\\\/cuartetoenlaweb.com.ar\\\/sitio\\\/desconcierto-en-el-aire-de-futurock-por-la-inesperada-reaccion-de-carlos-bianco-que-descoloco-a-todos-se-bajo-de-la-nota\\\/\"},\"wordCount\":119,\"publisher\":{\"@id\":\"http:\\\/\\\/cuartetoenlaweb.com.ar\\\/sitio\\\/#organization\"},\"image\":{\"@id\":\"https:\\\/\\\/cuartetoenlaweb.com.ar\\\/sitio\\\/desconcierto-en-el-aire-de-futurock-por-la-inesperada-reaccion-de-carlos-bianco-que-descoloco-a-todos-se-bajo-de-la-nota\\\/#primaryimage\"},\"thumbnailUrl\":\"https:\\\/\\\/cuartetoenlaweb.com.ar\\\/sitio\\\/wp-content\\\/uploads\\\/2026\\\/04\\\/720-619.jpeg\",\"articleSection\":[\"PAIS\"],\"inLanguage\":\"es\"},{\"@type\":\"WebPage\",\"@id\":\"https:\\\/\\\/cuartetoenlaweb.com.ar\\\/sitio\\\/desconcierto-en-el-aire-de-futurock-por-la-inesperada-reaccion-de-carlos-bianco-que-descoloco-a-todos-se-bajo-de-la-nota\\\/\",\"url\":\"https:\\\/\\\/cuartetoenlaweb.com.ar\\\/sitio\\\/desconcierto-en-el-aire-de-futurock-por-la-inesperada-reaccion-de-carlos-bianco-que-descoloco-a-todos-se-bajo-de-la-nota\\\/\",\"name\":\"Desconcierto en el aire de Futurock por la inesperada reacci\u00f3n de Carlos Bianco que descoloc\u00f3 a todos: \u201cSe baj\u00f3 de la nota\u201d - Cuarteto en la Web\",\"isPartOf\":{\"@id\":\"http:\\\/\\\/cuartetoenlaweb.com.ar\\\/sitio\\\/#website\"},\"primaryImageOfPage\":{\"@id\":\"https:\\\/\\\/cuartetoenlaweb.com.ar\\\/sitio\\\/desconcierto-en-el-aire-de-futurock-por-la-inesperada-reaccion-de-carlos-bianco-que-descoloco-a-todos-se-bajo-de-la-nota\\\/#primaryimage\"},\"image\":{\"@id\":\"https:\\\/\\\/cuartetoenlaweb.com.ar\\\/sitio\\\/desconcierto-en-el-aire-de-futurock-por-la-inesperada-reaccion-de-carlos-bianco-que-descoloco-a-todos-se-bajo-de-la-nota\\\/#primaryimage\"},\"thumbnailUrl\":\"https:\\\/\\\/cuartetoenlaweb.com.ar\\\/sitio\\\/wp-content\\\/uploads\\\/2026\\\/04\\\/720-619.jpeg\",\"datePublished\":\"2026-04-26T16:59:59+00:00\",\"breadcrumb\":{\"@id\":\"https:\\\/\\\/cuartetoenlaweb.com.ar\\\/sitio\\\/desconcierto-en-el-aire-de-futurock-por-la-inesperada-reaccion-de-carlos-bianco-que-descoloco-a-todos-se-bajo-de-la-nota\\\/#breadcrumb\"},\"inLanguage\":\"es\",\"potentialAction\":[{\"@type\":\"ReadAction\",\"target\":[\"https:\\\/\\\/cuartetoenlaweb.com.ar\\\/sitio\\\/desconcierto-en-el-aire-de-futurock-por-la-inesperada-reaccion-de-carlos-bianco-que-descoloco-a-todos-se-bajo-de-la-nota\\\/\"]}]},{\"@type\":\"ImageObject\",\"inLanguage\":\"es\",\"@id\":\"https:\\\/\\\/cuartetoenlaweb.com.ar\\\/sitio\\\/desconcierto-en-el-aire-de-futurock-por-la-inesperada-reaccion-de-carlos-bianco-que-descoloco-a-todos-se-bajo-de-la-nota\\\/#primaryimage\",\"url\":\"https:\\\/\\\/cuartetoenlaweb.com.ar\\\/sitio\\\/wp-content\\\/uploads\\\/2026\\\/04\\\/720-619.jpeg\",\"contentUrl\":\"https:\\\/\\\/cuartetoenlaweb.com.ar\\\/sitio\\\/wp-content\\\/uploads\\\/2026\\\/04\\\/720-619.jpeg\",\"width\":1154,\"height\":720},{\"@type\":\"BreadcrumbList\",\"@id\":\"https:\\\/\\\/cuartetoenlaweb.com.ar\\\/sitio\\\/desconcierto-en-el-aire-de-futurock-por-la-inesperada-reaccion-de-carlos-bianco-que-descoloco-a-todos-se-bajo-de-la-nota\\\/#breadcrumb\",\"itemListElement\":[{\"@type\":\"ListItem\",\"position\":1,\"name\":\"Portada\",\"item\":\"http:\\\/\\\/cuartetoenlaweb.com.ar\\\/sitio\\\/\"},{\"@type\":\"ListItem\",\"position\":2,\"name\":\"Desconcierto en el aire de Futurock por la inesperada reacci\u00f3n de Carlos Bianco que descoloc\u00f3 a todos: \u201cSe baj\u00f3 de la nota\u201d\"}]},{\"@type\":\"WebSite\",\"@id\":\"http:\\\/\\\/cuartetoenlaweb.com.ar\\\/sitio\\\/#website\",\"url\":\"http:\\\/\\\/cuartetoenlaweb.com.ar\\\/sitio\\\/\",\"name\":\"Cuarteto en la Web\",\"description\":\"\",\"publisher\":{\"@id\":\"http:\\\/\\\/cuartetoenlaweb.com.ar\\\/sitio\\\/#organization\"},\"potentialAction\":[{\"@type\":\"SearchAction\",\"target\":{\"@type\":\"EntryPoint\",\"urlTemplate\":\"http:\\\/\\\/cuartetoenlaweb.com.ar\\\/sitio\\\/?s={search_term_string}\"},\"query-input\":{\"@type\":\"PropertyValueSpecification\",\"valueRequired\":true,\"valueName\":\"search_term_string\"}}],\"inLanguage\":\"es\"},{\"@type\":\"Organization\",\"@id\":\"http:\\\/\\\/cuartetoenlaweb.com.ar\\\/sitio\\\/#organization\",\"name\":\"Cuarteto en la Web\",\"url\":\"http:\\\/\\\/cuartetoenlaweb.com.ar\\\/sitio\\\/\",\"logo\":{\"@type\":\"ImageObject\",\"inLanguage\":\"es\",\"@id\":\"http:\\\/\\\/cuartetoenlaweb.com.ar\\\/sitio\\\/#\\\/schema\\\/logo\\\/image\\\/\",\"url\":\"https:\\\/\\\/cuartetoenlaweb.com.ar\\\/sitio\\\/wp-content\\\/uploads\\\/2025\\\/07\\\/cropped-cropped-logitoweb21.png\",\"contentUrl\":\"https:\\\/\\\/cuartetoenlaweb.com.ar\\\/sitio\\\/wp-content\\\/uploads\\\/2025\\\/07\\\/cropped-cropped-logitoweb21.png\",\"width\":199,\"height\":199,\"caption\":\"Cuarteto en la Web\"},\"image\":{\"@id\":\"http:\\\/\\\/cuartetoenlaweb.com.ar\\\/sitio\\\/#\\\/schema\\\/logo\\\/image\\\/\"}}]}<\/script>\n<!-- \/ Yoast SEO plugin. -->","yoast_head_json":{"title":"Desconcierto en el aire de Futurock por la inesperada reacci\u00f3n de Carlos Bianco que descoloc\u00f3 a todos: \u201cSe baj\u00f3 de la nota\u201d - Cuarteto en la Web","robots":{"index":"index","follow":"follow","max-snippet":"max-snippet:-1","max-image-preview":"max-image-preview:large","max-video-preview":"max-video-preview:-1"},"canonical":"https:\/\/cuartetoenlaweb.com.ar\/sitio\/desconcierto-en-el-aire-de-futurock-por-la-inesperada-reaccion-de-carlos-bianco-que-descoloco-a-todos-se-bajo-de-la-nota\/","og_locale":"es_ES","og_type":"article","og_title":"Desconcierto en el aire de Futurock por la inesperada reacci\u00f3n de Carlos Bianco que descoloc\u00f3 a todos: \u201cSe baj\u00f3 de la nota\u201d - Cuarteto en la Web","og_description":"El programa \u00bfC\u00f3mo la ves?, que conduce Gabriel Sued por","og_url":"https:\/\/cuartetoenlaweb.com.ar\/sitio\/desconcierto-en-el-aire-de-futurock-por-la-inesperada-reaccion-de-carlos-bianco-que-descoloco-a-todos-se-bajo-de-la-nota\/","og_site_name":"Cuarteto en la Web","article_published_time":"2026-04-26T16:59:59+00:00","twitter_card":"summary_large_image","schema":{"@context":"https:\/\/schema.org","@graph":[{"@type":"Article","@id":"https:\/\/cuartetoenlaweb.com.ar\/sitio\/desconcierto-en-el-aire-de-futurock-por-la-inesperada-reaccion-de-carlos-bianco-que-descoloco-a-todos-se-bajo-de-la-nota\/#article","isPartOf":{"@id":"https:\/\/cuartetoenlaweb.com.ar\/sitio\/desconcierto-en-el-aire-de-futurock-por-la-inesperada-reaccion-de-carlos-bianco-que-descoloco-a-todos-se-bajo-de-la-nota\/"},"author":{"name":"","@id":""},"headline":"Desconcierto en el aire de Futurock por la inesperada reacci\u00f3n de Carlos Bianco que descoloc\u00f3 a todos: \u201cSe baj\u00f3 de la nota\u201d","datePublished":"2026-04-26T16:59:59+00:00","mainEntityOfPage":{"@id":"https:\/\/cuartetoenlaweb.com.ar\/sitio\/desconcierto-en-el-aire-de-futurock-por-la-inesperada-reaccion-de-carlos-bianco-que-descoloco-a-todos-se-bajo-de-la-nota\/"},"wordCount":119,"publisher":{"@id":"http:\/\/cuartetoenlaweb.com.ar\/sitio\/#organization"},"image":{"@id":"https:\/\/cuartetoenlaweb.com.ar\/sitio\/desconcierto-en-el-aire-de-futurock-por-la-inesperada-reaccion-de-carlos-bianco-que-descoloco-a-todos-se-bajo-de-la-nota\/#primaryimage"},"thumbnailUrl":"https:\/\/cuartetoenlaweb.com.ar\/sitio\/wp-content\/uploads\/2026\/04\/720-619.jpeg","articleSection":["PAIS"],"inLanguage":"es"},{"@type":"WebPage","@id":"https:\/\/cuartetoenlaweb.com.ar\/sitio\/desconcierto-en-el-aire-de-futurock-por-la-inesperada-reaccion-de-carlos-bianco-que-descoloco-a-todos-se-bajo-de-la-nota\/","url":"https:\/\/cuartetoenlaweb.com.ar\/sitio\/desconcierto-en-el-aire-de-futurock-por-la-inesperada-reaccion-de-carlos-bianco-que-descoloco-a-todos-se-bajo-de-la-nota\/","name":"Desconcierto en el aire de Futurock por la inesperada reacci\u00f3n de Carlos Bianco que descoloc\u00f3 a todos: \u201cSe baj\u00f3 de la nota\u201d - Cuarteto en la Web","isPartOf":{"@id":"http:\/\/cuartetoenlaweb.com.ar\/sitio\/#website"},"primaryImageOfPage":{"@id":"https:\/\/cuartetoenlaweb.com.ar\/sitio\/desconcierto-en-el-aire-de-futurock-por-la-inesperada-reaccion-de-carlos-bianco-que-descoloco-a-todos-se-bajo-de-la-nota\/#primaryimage"},"image":{"@id":"https:\/\/cuartetoenlaweb.com.ar\/sitio\/desconcierto-en-el-aire-de-futurock-por-la-inesperada-reaccion-de-carlos-bianco-que-descoloco-a-todos-se-bajo-de-la-nota\/#primaryimage"},"thumbnailUrl":"https:\/\/cuartetoenlaweb.com.ar\/sitio\/wp-content\/uploads\/2026\/04\/720-619.jpeg","datePublished":"2026-04-26T16:59:59+00:00","breadcrumb":{"@id":"https:\/\/cuartetoenlaweb.com.ar\/sitio\/desconcierto-en-el-aire-de-futurock-por-la-inesperada-reaccion-de-carlos-bianco-que-descoloco-a-todos-se-bajo-de-la-nota\/#breadcrumb"},"inLanguage":"es","potentialAction":[{"@type":"ReadAction","target":["https:\/\/cuartetoenlaweb.com.ar\/sitio\/desconcierto-en-el-aire-de-futurock-por-la-inesperada-reaccion-de-carlos-bianco-que-descoloco-a-todos-se-bajo-de-la-nota\/"]}]},{"@type":"ImageObject","inLanguage":"es","@id":"https:\/\/cuartetoenlaweb.com.ar\/sitio\/desconcierto-en-el-aire-de-futurock-por-la-inesperada-reaccion-de-carlos-bianco-que-descoloco-a-todos-se-bajo-de-la-nota\/#primaryimage","url":"https:\/\/cuartetoenlaweb.com.ar\/sitio\/wp-content\/uploads\/2026\/04\/720-619.jpeg","contentUrl":"https:\/\/cuartetoenlaweb.com.ar\/sitio\/wp-content\/uploads\/2026\/04\/720-619.jpeg","width":1154,"height":720},{"@type":"BreadcrumbList","@id":"https:\/\/cuartetoenlaweb.com.ar\/sitio\/desconcierto-en-el-aire-de-futurock-por-la-inesperada-reaccion-de-carlos-bianco-que-descoloco-a-todos-se-bajo-de-la-nota\/#breadcrumb","itemListElement":[{"@type":"ListItem","position":1,"name":"Portada","item":"http:\/\/cuartetoenlaweb.com.ar\/sitio\/"},{"@type":"ListItem","position":2,"name":"Desconcierto en el aire de Futurock por la inesperada reacci\u00f3n de Carlos Bianco que descoloc\u00f3 a todos: \u201cSe baj\u00f3 de la nota\u201d"}]},{"@type":"WebSite","@id":"http:\/\/cuartetoenlaweb.com.ar\/sitio\/#website","url":"http:\/\/cuartetoenlaweb.com.ar\/sitio\/","name":"Cuarteto en la Web","description":"","publisher":{"@id":"http:\/\/cuartetoenlaweb.com.ar\/sitio\/#organization"},"potentialAction":[{"@type":"SearchAction","target":{"@type":"EntryPoint","urlTemplate":"http:\/\/cuartetoenlaweb.com.ar\/sitio\/?s={search_term_string}"},"query-input":{"@type":"PropertyValueSpecification","valueRequired":true,"valueName":"search_term_string"}}],"inLanguage":"es"},{"@type":"Organization","@id":"http:\/\/cuartetoenlaweb.com.ar\/sitio\/#organization","name":"Cuarteto en la Web","url":"http:\/\/cuartetoenlaweb.com.ar\/sitio\/","logo":{"@type":"ImageObject","inLanguage":"es","@id":"http:\/\/cuartetoenlaweb.com.ar\/sitio\/#\/schema\/logo\/image\/","url":"https:\/\/cuartetoenlaweb.com.ar\/sitio\/wp-content\/uploads\/2025\/07\/cropped-cropped-logitoweb21.png","contentUrl":"https:\/\/cuartetoenlaweb.com.ar\/sitio\/wp-content\/uploads\/2025\/07\/cropped-cropped-logitoweb21.png","width":199,"height":199,"caption":"Cuarteto en la Web"},"image":{"@id":"http:\/\/cuartetoenlaweb.com.ar\/sitio\/#\/schema\/logo\/image\/"}}]}},"_links":{"self":[{"href":"https:\/\/cuartetoenlaweb.com.ar\/sitio\/wp-json\/wp\/v2\/posts\/18982","targetHints":{"allow":["GET"]}}],"collection":[{"href":"https:\/\/cuartetoenlaweb.com.ar\/sitio\/wp-json\/wp\/v2\/posts"}],"about":[{"href":"https:\/\/cuartetoenlaweb.com.ar\/sitio\/wp-json\/wp\/v2\/types\/post"}],"replies":[{"embeddable":true,"href":"https:\/\/cuartetoenlaweb.com.ar\/sitio\/wp-json\/wp\/v2\/comments?post=18982"}],"version-history":[{"count":0,"href":"https:\/\/cuartetoenlaweb.com.ar\/sitio\/wp-json\/wp\/v2\/posts\/18982\/revisions"}],"wp:featuredmedia":[{"embeddable":true,"href":"https:\/\/cuartetoenlaweb.com.ar\/sitio\/wp-json\/wp\/v2\/media\/18983"}],"wp:attachment":[{"href":"https:\/\/cuartetoenlaweb.com.ar\/sitio\/wp-json\/wp\/v2\/media?parent=18982"}],"wp:term":[{"taxonomy":"category","embeddable":true,"href":"https:\/\/cuartetoenlaweb.com.ar\/sitio\/wp-json\/wp\/v2\/categories?post=18982"},{"taxonomy":"post_tag","embeddable":true,"href":"https:\/\/cuartetoenlaweb.com.ar\/sitio\/wp-json\/wp\/v2\/tags?post=18982"}],"curies":[{"name":"wp","href":"https:\/\/api.w.org\/{rel}","templated":true}]}}