
{"id":18980,"date":"2026-04-26T13:59:57","date_gmt":"2026-04-26T16:59:57","guid":{"rendered":"https:\/\/cuartetoenlaweb.com.ar\/sitio\/este-grupo-de-auh-de-anses-cobrara-mas-de-450-000-en-mayo-2026-que-extras-suma\/"},"modified":"2026-04-26T13:59:57","modified_gmt":"2026-04-26T16:59:57","slug":"este-grupo-de-auh-de-anses-cobrara-mas-de-450-000-en-mayo-2026-que-extras-suma","status":"publish","type":"post","link":"https:\/\/cuartetoenlaweb.com.ar\/sitio\/este-grupo-de-auh-de-anses-cobrara-mas-de-450-000-en-mayo-2026-que-extras-suma\/","title":{"rendered":"Este grupo de AUH de ANSES cobrar\u00e1 m\u00e1s de $450.000 en mayo 2026: qu\u00e9 extras suma"},"content":{"rendered":"<p>El calendario de pagos de la Administraci\u00f3n Nacional de la Seguridad Social (ANSES) para el mes de mayo de 2026 trae novedades significativas para un sector espec\u00edfico de beneficiarios. Es fundamental que los titulares verifiquen su situaci\u00f3n en la plataforma oficial del organismo para confirmar si forman parte del grupo que recibir\u00e1 el monto extra.<\/p>\n<p>Debido a la actualizaci\u00f3n de los montos base y la liquidaci\u00f3n de diversos complementos que se perciben de forma simult\u00e1nea, un grupo particular de titulares de la Asignaci\u00f3n Universal por Hijo (AUH) ver\u00e1 reflejado en su cuenta un monto total que supera la barrera de los $450.000. Para alcanzar esta suma, los beneficiarios deben cumplir con ciertos requisitos que detallamos a continuaci\u00f3n.<\/p>\n<p>C\u00d3MO SE COMPONE EL MONTO DE AUH DE ANSES EN MAYO 2026<\/p>\n<p>Con la aplicaci\u00f3n del Decreto 274\/2024, los beneficios de ANSES contin\u00faan ajust\u00e1ndose mes a mes siguiendo el ritmo de la inflaci\u00f3n.<\/p>\n<p>Para mayo, se ha confirmado un incremento del 3,7%, lo que eleva el valor nominal de la Asignaci\u00f3n Universal por Hijo, aunque los beneficiarios deben recordar que se percibe el 80% de forma directa. Por lo tanto, lo que vas a ver depositado en mano de la AUH son $85.204 por cada hijo.<\/p>\n<p>La gran noticia para muchas familias es que, al sumar la AUH con otros apoyos fundamentales como la Tarjeta Alimentar y el Complemento Leche (dentro del Plan 1000 D\u00edas), el total depositado puede experimentar un salto muy importante:<\/p>\n<p> * Si ten\u00e9s un solo hijo, el monto de la Tarjeta Alimentar es de $52.250; por dos hijos sube a $81.936. Las familias con tres hijos o m\u00e1s reciben el monto m\u00e1ximo: $108.062.<br \/>\n * Se suma tambi\u00e9n el Complemento Leche, que gracias al ajuste ahora es de $40.166 por cada nene de hasta 3 a\u00f1os.<\/p>\n<p>Entonces, una familia con tres hijos chiquitos puede llegar a cobrar cerca de $470.000 en total. Esto refuerza significativamente el presupuesto familiar, ayudando a cubrir la canasta b\u00e1sica y las necesidades nutricionales de los m\u00e1s chicos.<\/p>\n","protected":false},"excerpt":{"rendered":"<p>El calendario de pagos de la Administraci\u00f3n Nacional de la<\/p>\n","protected":false},"author":0,"featured_media":18981,"comment_status":"","ping_status":"","sticky":false,"template":"","format":"standard","meta":{"footnotes":""},"categories":[65],"tags":[],"class_list":["post-18980","post","type-post","status-publish","format-standard","has-post-thumbnail","hentry","category-pais"],"yoast_head":"<!-- This site is optimized with the Yoast SEO plugin v27.4 - https:\/\/yoast.com\/product\/yoast-seo-wordpress\/ -->\n<title>Este grupo de AUH de ANSES cobrar\u00e1 m\u00e1s de $450.000 en mayo 2026: qu\u00e9 extras suma - Cuarteto en la Web<\/title>\n<meta name=\"robots\" content=\"index, follow, max-snippet:-1, max-image-preview:large, max-video-preview:-1\" \/>\n<link rel=\"canonical\" href=\"https:\/\/cuartetoenlaweb.com.ar\/sitio\/este-grupo-de-auh-de-anses-cobrara-mas-de-450-000-en-mayo-2026-que-extras-suma\/\" \/>\n<meta property=\"og:locale\" content=\"es_ES\" \/>\n<meta property=\"og:type\" content=\"article\" \/>\n<meta property=\"og:title\" content=\"Este grupo de AUH de ANSES cobrar\u00e1 m\u00e1s de $450.000 en mayo 2026: qu\u00e9 extras suma - Cuarteto en la Web\" \/>\n<meta property=\"og:description\" content=\"El calendario de pagos de la Administraci\u00f3n Nacional de la\" \/>\n<meta property=\"og:url\" content=\"https:\/\/cuartetoenlaweb.com.ar\/sitio\/este-grupo-de-auh-de-anses-cobrara-mas-de-450-000-en-mayo-2026-que-extras-suma\/\" \/>\n<meta property=\"og:site_name\" content=\"Cuarteto en la Web\" \/>\n<meta property=\"article:published_time\" content=\"2026-04-26T16:59:57+00:00\" \/>\n<meta name=\"twitter:card\" content=\"summary_large_image\" \/>\n<meta name=\"twitter:label1\" content=\"Tiempo de lectura\" \/>\n\t<meta name=\"twitter:data1\" content=\"2 minutos\" \/>\n<script type=\"application\/ld+json\" class=\"yoast-schema-graph\">{\"@context\":\"https:\\\/\\\/schema.org\",\"@graph\":[{\"@type\":\"Article\",\"@id\":\"https:\\\/\\\/cuartetoenlaweb.com.ar\\\/sitio\\\/este-grupo-de-auh-de-anses-cobrara-mas-de-450-000-en-mayo-2026-que-extras-suma\\\/#article\",\"isPartOf\":{\"@id\":\"https:\\\/\\\/cuartetoenlaweb.com.ar\\\/sitio\\\/este-grupo-de-auh-de-anses-cobrara-mas-de-450-000-en-mayo-2026-que-extras-suma\\\/\"},\"author\":{\"name\":\"\",\"@id\":\"\"},\"headline\":\"Este grupo de AUH de ANSES cobrar\u00e1 m\u00e1s de $450.000 en mayo 2026: qu\u00e9 extras suma\",\"datePublished\":\"2026-04-26T16:59:57+00:00\",\"mainEntityOfPage\":{\"@id\":\"https:\\\/\\\/cuartetoenlaweb.com.ar\\\/sitio\\\/este-grupo-de-auh-de-anses-cobrara-mas-de-450-000-en-mayo-2026-que-extras-suma\\\/\"},\"wordCount\":353,\"publisher\":{\"@id\":\"http:\\\/\\\/cuartetoenlaweb.com.ar\\\/sitio\\\/#organization\"},\"image\":{\"@id\":\"https:\\\/\\\/cuartetoenlaweb.com.ar\\\/sitio\\\/este-grupo-de-auh-de-anses-cobrara-mas-de-450-000-en-mayo-2026-que-extras-suma\\\/#primaryimage\"},\"thumbnailUrl\":\"https:\\\/\\\/cuartetoenlaweb.com.ar\\\/sitio\\\/wp-content\\\/uploads\\\/2026\\\/04\\\/720-618.jpeg\",\"articleSection\":[\"PAIS\"],\"inLanguage\":\"es\"},{\"@type\":\"WebPage\",\"@id\":\"https:\\\/\\\/cuartetoenlaweb.com.ar\\\/sitio\\\/este-grupo-de-auh-de-anses-cobrara-mas-de-450-000-en-mayo-2026-que-extras-suma\\\/\",\"url\":\"https:\\\/\\\/cuartetoenlaweb.com.ar\\\/sitio\\\/este-grupo-de-auh-de-anses-cobrara-mas-de-450-000-en-mayo-2026-que-extras-suma\\\/\",\"name\":\"Este grupo de AUH de ANSES cobrar\u00e1 m\u00e1s de $450.000 en mayo 2026: qu\u00e9 extras suma - Cuarteto en la Web\",\"isPartOf\":{\"@id\":\"http:\\\/\\\/cuartetoenlaweb.com.ar\\\/sitio\\\/#website\"},\"primaryImageOfPage\":{\"@id\":\"https:\\\/\\\/cuartetoenlaweb.com.ar\\\/sitio\\\/este-grupo-de-auh-de-anses-cobrara-mas-de-450-000-en-mayo-2026-que-extras-suma\\\/#primaryimage\"},\"image\":{\"@id\":\"https:\\\/\\\/cuartetoenlaweb.com.ar\\\/sitio\\\/este-grupo-de-auh-de-anses-cobrara-mas-de-450-000-en-mayo-2026-que-extras-suma\\\/#primaryimage\"},\"thumbnailUrl\":\"https:\\\/\\\/cuartetoenlaweb.com.ar\\\/sitio\\\/wp-content\\\/uploads\\\/2026\\\/04\\\/720-618.jpeg\",\"datePublished\":\"2026-04-26T16:59:57+00:00\",\"breadcrumb\":{\"@id\":\"https:\\\/\\\/cuartetoenlaweb.com.ar\\\/sitio\\\/este-grupo-de-auh-de-anses-cobrara-mas-de-450-000-en-mayo-2026-que-extras-suma\\\/#breadcrumb\"},\"inLanguage\":\"es\",\"potentialAction\":[{\"@type\":\"ReadAction\",\"target\":[\"https:\\\/\\\/cuartetoenlaweb.com.ar\\\/sitio\\\/este-grupo-de-auh-de-anses-cobrara-mas-de-450-000-en-mayo-2026-que-extras-suma\\\/\"]}]},{\"@type\":\"ImageObject\",\"inLanguage\":\"es\",\"@id\":\"https:\\\/\\\/cuartetoenlaweb.com.ar\\\/sitio\\\/este-grupo-de-auh-de-anses-cobrara-mas-de-450-000-en-mayo-2026-que-extras-suma\\\/#primaryimage\",\"url\":\"https:\\\/\\\/cuartetoenlaweb.com.ar\\\/sitio\\\/wp-content\\\/uploads\\\/2026\\\/04\\\/720-618.jpeg\",\"contentUrl\":\"https:\\\/\\\/cuartetoenlaweb.com.ar\\\/sitio\\\/wp-content\\\/uploads\\\/2026\\\/04\\\/720-618.jpeg\",\"width\":1280,\"height\":720},{\"@type\":\"BreadcrumbList\",\"@id\":\"https:\\\/\\\/cuartetoenlaweb.com.ar\\\/sitio\\\/este-grupo-de-auh-de-anses-cobrara-mas-de-450-000-en-mayo-2026-que-extras-suma\\\/#breadcrumb\",\"itemListElement\":[{\"@type\":\"ListItem\",\"position\":1,\"name\":\"Portada\",\"item\":\"http:\\\/\\\/cuartetoenlaweb.com.ar\\\/sitio\\\/\"},{\"@type\":\"ListItem\",\"position\":2,\"name\":\"Este grupo de AUH de ANSES cobrar\u00e1 m\u00e1s de $450.000 en mayo 2026: qu\u00e9 extras suma\"}]},{\"@type\":\"WebSite\",\"@id\":\"http:\\\/\\\/cuartetoenlaweb.com.ar\\\/sitio\\\/#website\",\"url\":\"http:\\\/\\\/cuartetoenlaweb.com.ar\\\/sitio\\\/\",\"name\":\"Cuarteto en la Web\",\"description\":\"\",\"publisher\":{\"@id\":\"http:\\\/\\\/cuartetoenlaweb.com.ar\\\/sitio\\\/#organization\"},\"potentialAction\":[{\"@type\":\"SearchAction\",\"target\":{\"@type\":\"EntryPoint\",\"urlTemplate\":\"http:\\\/\\\/cuartetoenlaweb.com.ar\\\/sitio\\\/?s={search_term_string}\"},\"query-input\":{\"@type\":\"PropertyValueSpecification\",\"valueRequired\":true,\"valueName\":\"search_term_string\"}}],\"inLanguage\":\"es\"},{\"@type\":\"Organization\",\"@id\":\"http:\\\/\\\/cuartetoenlaweb.com.ar\\\/sitio\\\/#organization\",\"name\":\"Cuarteto en la Web\",\"url\":\"http:\\\/\\\/cuartetoenlaweb.com.ar\\\/sitio\\\/\",\"logo\":{\"@type\":\"ImageObject\",\"inLanguage\":\"es\",\"@id\":\"http:\\\/\\\/cuartetoenlaweb.com.ar\\\/sitio\\\/#\\\/schema\\\/logo\\\/image\\\/\",\"url\":\"https:\\\/\\\/cuartetoenlaweb.com.ar\\\/sitio\\\/wp-content\\\/uploads\\\/2025\\\/07\\\/cropped-cropped-logitoweb21.png\",\"contentUrl\":\"https:\\\/\\\/cuartetoenlaweb.com.ar\\\/sitio\\\/wp-content\\\/uploads\\\/2025\\\/07\\\/cropped-cropped-logitoweb21.png\",\"width\":199,\"height\":199,\"caption\":\"Cuarteto en la Web\"},\"image\":{\"@id\":\"http:\\\/\\\/cuartetoenlaweb.com.ar\\\/sitio\\\/#\\\/schema\\\/logo\\\/image\\\/\"}}]}<\/script>\n<!-- \/ Yoast SEO plugin. -->","yoast_head_json":{"title":"Este grupo de AUH de ANSES cobrar\u00e1 m\u00e1s de $450.000 en mayo 2026: qu\u00e9 extras suma - Cuarteto en la Web","robots":{"index":"index","follow":"follow","max-snippet":"max-snippet:-1","max-image-preview":"max-image-preview:large","max-video-preview":"max-video-preview:-1"},"canonical":"https:\/\/cuartetoenlaweb.com.ar\/sitio\/este-grupo-de-auh-de-anses-cobrara-mas-de-450-000-en-mayo-2026-que-extras-suma\/","og_locale":"es_ES","og_type":"article","og_title":"Este grupo de AUH de ANSES cobrar\u00e1 m\u00e1s de $450.000 en mayo 2026: qu\u00e9 extras suma - Cuarteto en la Web","og_description":"El calendario de pagos de la Administraci\u00f3n Nacional de la","og_url":"https:\/\/cuartetoenlaweb.com.ar\/sitio\/este-grupo-de-auh-de-anses-cobrara-mas-de-450-000-en-mayo-2026-que-extras-suma\/","og_site_name":"Cuarteto en la Web","article_published_time":"2026-04-26T16:59:57+00:00","twitter_card":"summary_large_image","twitter_misc":{"Tiempo de lectura":"2 minutos"},"schema":{"@context":"https:\/\/schema.org","@graph":[{"@type":"Article","@id":"https:\/\/cuartetoenlaweb.com.ar\/sitio\/este-grupo-de-auh-de-anses-cobrara-mas-de-450-000-en-mayo-2026-que-extras-suma\/#article","isPartOf":{"@id":"https:\/\/cuartetoenlaweb.com.ar\/sitio\/este-grupo-de-auh-de-anses-cobrara-mas-de-450-000-en-mayo-2026-que-extras-suma\/"},"author":{"name":"","@id":""},"headline":"Este grupo de AUH de ANSES cobrar\u00e1 m\u00e1s de $450.000 en mayo 2026: qu\u00e9 extras suma","datePublished":"2026-04-26T16:59:57+00:00","mainEntityOfPage":{"@id":"https:\/\/cuartetoenlaweb.com.ar\/sitio\/este-grupo-de-auh-de-anses-cobrara-mas-de-450-000-en-mayo-2026-que-extras-suma\/"},"wordCount":353,"publisher":{"@id":"http:\/\/cuartetoenlaweb.com.ar\/sitio\/#organization"},"image":{"@id":"https:\/\/cuartetoenlaweb.com.ar\/sitio\/este-grupo-de-auh-de-anses-cobrara-mas-de-450-000-en-mayo-2026-que-extras-suma\/#primaryimage"},"thumbnailUrl":"https:\/\/cuartetoenlaweb.com.ar\/sitio\/wp-content\/uploads\/2026\/04\/720-618.jpeg","articleSection":["PAIS"],"inLanguage":"es"},{"@type":"WebPage","@id":"https:\/\/cuartetoenlaweb.com.ar\/sitio\/este-grupo-de-auh-de-anses-cobrara-mas-de-450-000-en-mayo-2026-que-extras-suma\/","url":"https:\/\/cuartetoenlaweb.com.ar\/sitio\/este-grupo-de-auh-de-anses-cobrara-mas-de-450-000-en-mayo-2026-que-extras-suma\/","name":"Este grupo de AUH de ANSES cobrar\u00e1 m\u00e1s de $450.000 en mayo 2026: qu\u00e9 extras suma - Cuarteto en la Web","isPartOf":{"@id":"http:\/\/cuartetoenlaweb.com.ar\/sitio\/#website"},"primaryImageOfPage":{"@id":"https:\/\/cuartetoenlaweb.com.ar\/sitio\/este-grupo-de-auh-de-anses-cobrara-mas-de-450-000-en-mayo-2026-que-extras-suma\/#primaryimage"},"image":{"@id":"https:\/\/cuartetoenlaweb.com.ar\/sitio\/este-grupo-de-auh-de-anses-cobrara-mas-de-450-000-en-mayo-2026-que-extras-suma\/#primaryimage"},"thumbnailUrl":"https:\/\/cuartetoenlaweb.com.ar\/sitio\/wp-content\/uploads\/2026\/04\/720-618.jpeg","datePublished":"2026-04-26T16:59:57+00:00","breadcrumb":{"@id":"https:\/\/cuartetoenlaweb.com.ar\/sitio\/este-grupo-de-auh-de-anses-cobrara-mas-de-450-000-en-mayo-2026-que-extras-suma\/#breadcrumb"},"inLanguage":"es","potentialAction":[{"@type":"ReadAction","target":["https:\/\/cuartetoenlaweb.com.ar\/sitio\/este-grupo-de-auh-de-anses-cobrara-mas-de-450-000-en-mayo-2026-que-extras-suma\/"]}]},{"@type":"ImageObject","inLanguage":"es","@id":"https:\/\/cuartetoenlaweb.com.ar\/sitio\/este-grupo-de-auh-de-anses-cobrara-mas-de-450-000-en-mayo-2026-que-extras-suma\/#primaryimage","url":"https:\/\/cuartetoenlaweb.com.ar\/sitio\/wp-content\/uploads\/2026\/04\/720-618.jpeg","contentUrl":"https:\/\/cuartetoenlaweb.com.ar\/sitio\/wp-content\/uploads\/2026\/04\/720-618.jpeg","width":1280,"height":720},{"@type":"BreadcrumbList","@id":"https:\/\/cuartetoenlaweb.com.ar\/sitio\/este-grupo-de-auh-de-anses-cobrara-mas-de-450-000-en-mayo-2026-que-extras-suma\/#breadcrumb","itemListElement":[{"@type":"ListItem","position":1,"name":"Portada","item":"http:\/\/cuartetoenlaweb.com.ar\/sitio\/"},{"@type":"ListItem","position":2,"name":"Este grupo de AUH de ANSES cobrar\u00e1 m\u00e1s de $450.000 en mayo 2026: qu\u00e9 extras suma"}]},{"@type":"WebSite","@id":"http:\/\/cuartetoenlaweb.com.ar\/sitio\/#website","url":"http:\/\/cuartetoenlaweb.com.ar\/sitio\/","name":"Cuarteto en la Web","description":"","publisher":{"@id":"http:\/\/cuartetoenlaweb.com.ar\/sitio\/#organization"},"potentialAction":[{"@type":"SearchAction","target":{"@type":"EntryPoint","urlTemplate":"http:\/\/cuartetoenlaweb.com.ar\/sitio\/?s={search_term_string}"},"query-input":{"@type":"PropertyValueSpecification","valueRequired":true,"valueName":"search_term_string"}}],"inLanguage":"es"},{"@type":"Organization","@id":"http:\/\/cuartetoenlaweb.com.ar\/sitio\/#organization","name":"Cuarteto en la Web","url":"http:\/\/cuartetoenlaweb.com.ar\/sitio\/","logo":{"@type":"ImageObject","inLanguage":"es","@id":"http:\/\/cuartetoenlaweb.com.ar\/sitio\/#\/schema\/logo\/image\/","url":"https:\/\/cuartetoenlaweb.com.ar\/sitio\/wp-content\/uploads\/2025\/07\/cropped-cropped-logitoweb21.png","contentUrl":"https:\/\/cuartetoenlaweb.com.ar\/sitio\/wp-content\/uploads\/2025\/07\/cropped-cropped-logitoweb21.png","width":199,"height":199,"caption":"Cuarteto en la Web"},"image":{"@id":"http:\/\/cuartetoenlaweb.com.ar\/sitio\/#\/schema\/logo\/image\/"}}]}},"_links":{"self":[{"href":"https:\/\/cuartetoenlaweb.com.ar\/sitio\/wp-json\/wp\/v2\/posts\/18980","targetHints":{"allow":["GET"]}}],"collection":[{"href":"https:\/\/cuartetoenlaweb.com.ar\/sitio\/wp-json\/wp\/v2\/posts"}],"about":[{"href":"https:\/\/cuartetoenlaweb.com.ar\/sitio\/wp-json\/wp\/v2\/types\/post"}],"replies":[{"embeddable":true,"href":"https:\/\/cuartetoenlaweb.com.ar\/sitio\/wp-json\/wp\/v2\/comments?post=18980"}],"version-history":[{"count":0,"href":"https:\/\/cuartetoenlaweb.com.ar\/sitio\/wp-json\/wp\/v2\/posts\/18980\/revisions"}],"wp:featuredmedia":[{"embeddable":true,"href":"https:\/\/cuartetoenlaweb.com.ar\/sitio\/wp-json\/wp\/v2\/media\/18981"}],"wp:attachment":[{"href":"https:\/\/cuartetoenlaweb.com.ar\/sitio\/wp-json\/wp\/v2\/media?parent=18980"}],"wp:term":[{"taxonomy":"category","embeddable":true,"href":"https:\/\/cuartetoenlaweb.com.ar\/sitio\/wp-json\/wp\/v2\/categories?post=18980"},{"taxonomy":"post_tag","embeddable":true,"href":"https:\/\/cuartetoenlaweb.com.ar\/sitio\/wp-json\/wp\/v2\/tags?post=18980"}],"curies":[{"name":"wp","href":"https:\/\/api.w.org\/{rel}","templated":true}]}}