
{"id":18974,"date":"2026-04-26T13:59:44","date_gmt":"2026-04-26T16:59:44","guid":{"rendered":"https:\/\/cuartetoenlaweb.com.ar\/sitio\/mica-viciconte-conto-como-fue-la-fiesta-de-15-anos-de-allegra-tras-su-pelea-con-nicole-neumann\/"},"modified":"2026-04-26T13:59:44","modified_gmt":"2026-04-26T16:59:44","slug":"mica-viciconte-conto-como-fue-la-fiesta-de-15-anos-de-allegra-tras-su-pelea-con-nicole-neumann","status":"publish","type":"post","link":"https:\/\/cuartetoenlaweb.com.ar\/sitio\/mica-viciconte-conto-como-fue-la-fiesta-de-15-anos-de-allegra-tras-su-pelea-con-nicole-neumann\/","title":{"rendered":"Mica Viciconte cont\u00f3 c\u00f3mo fue la fiesta de 15 a\u00f1os de Allegra tras su pelea con Nicole Neumann"},"content":{"rendered":"<p>Despu\u00e9s de varias semanas en las que la fiesta de 15 de <strong>Allegra Cubero<\/strong> qued\u00f3 en el centro de todas las miradas por la guerra medi\u00e1tica y familiar, <strong>Mica Viciconte<\/strong> decidi\u00f3 hablar. Lo hizo a trav\u00e9s de un posteo en sus redes sociales, donde dej\u00f3 ver c\u00f3mo vivi\u00f3 una noche que para ella tuvo un significado mucho m\u00e1s profundo que el brillo del evento.<\/p>\n<p>Desde que comenz\u00f3 su posteo, <strong><a href=\"https:\/\/www.paparazzi.com.ar\/teve\/la-foto-que-expone-la-verdadera-relacion-de-allegra-con-mica-viciconte-tras-el-escandalo-con-nicole-neumann\/\">Mica<\/a><\/strong> quiso marcar que no ocup\u00f3 un rol perif\u00e9rico en la organizaci\u00f3n. Estuvo involucrada desde el minuto uno. Sigui\u00f3 de cerca cada detalle del festejo: la ambientaci\u00f3n, el dise\u00f1o y la coordinaci\u00f3n de proveedores, todo pensado para estar a la altura de las expectativas de <strong>Allegra<\/strong>.<\/p>\n<p>Y eso no fue un detalle menor. Porque parte de lo que gener\u00f3 tanto comentario alrededor de la fiesta fue justamente su nivel de producci\u00f3n. Hubo acuerdos con marcas, canjes y un detr\u00e1s de escena que, en paralelo a los 15 de <strong><a href=\"https:\/\/www.paparazzi.com.ar\/teve\/los-looks-de-allegra-cubero-en-su-fiesta-de-15-que-paso-con-el-vestido-que-eligio-con-nicole-neumann\/\">Allegra<\/a><\/strong>, tuvo vida propia en las redes. Hasta en la previa, la propia <strong>Mica<\/strong> hab\u00eda hecho un gui\u00f1o en redes para que sigan a la cuenta de Instagram del sal\u00f3n para las fotos.<\/p>\n<div class=\"mt-box \">\n<h4 class=\"mt-heading\">Mir\u00e1 Tambi\u00e9n<\/h4>\n<p><a href=\"https:\/\/www.paparazzi.com.ar\/romances\/la-contundente-foto-de-rodrigo-de-paul-en-medio-de-la-polemica-infidelidad-a-tini-stoessel-con-flor-regidor\/\"><\/p>\n<div class=\"mt-content\">\n<div class=\"mt-image-container\"><img decoding=\"async\" src=\"https:\/\/www.paparazzi.com.ar\/wp-content\/uploads\/2026\/04\/Rodrigo-de-Paul-Tini-Stoessel-Flor-Regidor-359x226.jpg\" alt=\"La fuerte foto de Rodrigo de Paul en medio de la pol\u00e9mica infidelidad a Tini Stoessel con Flor Regidor\" class=\"mt-image\" loading=\"lazy\" \/><\/div>\n<h5 class=\"mt-title\">La fuerte foto de Rodrigo de Paul en medio de la pol\u00e9mica infidelidad a Tini Stoessel con Flor Regidor<\/h5>\n<\/div>\n<p><\/a><\/div>\n<p>En ese contexto, el mensaje de <strong><a href=\"https:\/\/www.paparazzi.com.ar\/teve\/asi-fue-la-espectacular-y-sonada-fiesta-de-15-anos-de-allegra-cubero-fotos-y-video\/\">Viciconte<\/a><\/strong> apareci\u00f3 casi como un giro emocional a semanas de mucho trabajo y de marcas que estuvieron a cargo de la fiesta. Se ley\u00f3 como un posteo donde m\u00e1s all\u00e1 de destacar lo bien que la pasaron, de fondo escond\u00eda un agradecimiento a las empresas que estuvieron alrededor de la fiesta.<\/p>\n<h2 class=\"wp-block-heading\">EL POSTEO DE MICA VICICONTE TRAS LA FIESTA DE 15 A\u00d1OS DE ALLEGRA, LA HIJA DE NICOLE NEUMANN<\/h2>\n<p>\u201cLleg\u00f3 el gran d\u00eda y no pudo haber sido mejor. De la mano de un equipo que estuvo en cada detalle que dese\u00f3 Alli. Eligi\u00f3 entrar con Luca mientras toda su familia y amigos la esper\u00e1bamos para no dejar de bailar y saltar ni un minuto\u201d, escribi\u00f3 <strong>Mica<\/strong> en su cuenta de Instagram.<\/p>\n<p>La publicaci\u00f3n de <strong>Viciconte<\/strong> englob\u00f3 dos aspectos. Por un lado, el agradecimiento expl\u00edcito a quienes hicieron posible el evento. Por otro, una escena que gener\u00f3 mucha emoci\u00f3n: el ingreso de <strong>Allegra<\/strong> junto a <strong>Luca<\/strong> -el hijo de la influencer con Cubero-, algo con una fuerte carga simb\u00f3lica. En esto \u00faltimo, se pudo ver la uni\u00f3n de hermanos y c\u00f3mo los menores dejan de lado la grieta familiar.<\/p>\n<div class=\"mt-box \">\n<h4 class=\"mt-heading\">Mir\u00e1 Tambi\u00e9n<\/h4>\n<p><a href=\"https:\/\/www.paparazzi.com.ar\/teve\/la-foto-que-expone-la-verdadera-relacion-de-allegra-con-mica-viciconte-tras-el-escandalo-con-nicole-neumann\/\"><\/p>\n<div class=\"mt-content\">\n<div class=\"mt-image-container\"><img decoding=\"async\" src=\"https:\/\/www.paparazzi.com.ar\/wp-content\/uploads\/2026\/04\/allegra-cubero-mica-viciconte-15-359x226.jpg\" alt=\"La foto que expone la verdadera relaci\u00f3n de Allegra con Mica Viciconte tras el esc\u00e1ndalo con Nicole Neumann\" class=\"mt-image\" loading=\"lazy\" \/><\/div>\n<h5 class=\"mt-title\">La foto que expone la verdadera relaci\u00f3n de Allegra con Mica Viciconte tras el esc\u00e1ndalo con Nicole Neumann<\/h5>\n<\/div>\n<p><\/a><\/div>\n<p>No fue casual que eligiera remarcar ese momento. Porque entre luces, m\u00fasica, catering y toda la producci\u00f3n, ese gesto termin\u00f3 funcionando como una imagen afectiva del cumplea\u00f1os <strong>Allegra<\/strong>. Por otro lado, <strong>Mica<\/strong> tambi\u00e9n reconoci\u00f3 a las marcas que participaron, otro punto que hab\u00eda generado repercusi\u00f3n -y de hecho por ese motivo no quer\u00edan que Nicole Neumann le organice su fiesta-.<\/p>\n<figure class=\"wp-block-image size-full\"><img decoding=\"async\" width=\"546\" height=\"484\" src=\"https:\/\/www.paparazzi.com.ar\/wp-content\/uploads\/2026\/04\/mica-viciconte-allegra-1.png.webp\" loading=\"lazy\" alt=\"\" class=\"wp-image-475379\" \/><\/figure>\n<figure class=\"wp-block-image size-large\"><img decoding=\"async\" src=\"https:\/\/www.paparazzi.com.ar\/wp-content\/uploads\/2026\/04\/viciconte-allegra-1-576x1024.jpg.webp\" loading=\"lazy\" alt=\"\" class=\"wp-image-475378\" \/><\/figure>\n<div class=\"mt-box \">\n<h4 class=\"mt-heading\">Mir\u00e1 Tambi\u00e9n<\/h4>\n<p><a href=\"https:\/\/www.paparazzi.com.ar\/teve\/los-looks-de-allegra-cubero-en-su-fiesta-de-15-que-paso-con-el-vestido-que-eligio-con-nicole-neumann\/\"><\/p>\n<div class=\"mt-content\">\n<div class=\"mt-image-container\"><img decoding=\"async\" src=\"https:\/\/www.paparazzi.com.ar\/wp-content\/uploads\/2026\/04\/Allegra-Cubero-Nicole-Neumann-1-359x226.jpg\" alt=\"Los looks de Allegra Cubero en su fiesta de 15: qu\u00e9 pas\u00f3 con el vestido que eligi\u00f3 con Nicole Neumann\" class=\"mt-image\" loading=\"lazy\" \/><\/div>\n<h5 class=\"mt-title\">Los looks de Allegra Cubero en su fiesta de 15: qu\u00e9 pas\u00f3 con el vestido que eligi\u00f3 con Nicole Neumann<\/h5>\n<\/div>\n<p><\/a><\/div>\n<div class=\"mt-box \">\n<h4 class=\"mt-heading\">Mir\u00e1 Tambi\u00e9n<\/h4>\n<p><a href=\"https:\/\/www.paparazzi.com.ar\/teve\/asi-fue-la-espectacular-y-sonada-fiesta-de-15-anos-de-allegra-cubero-fotos-y-video\/\"><\/p>\n<div class=\"mt-content\">\n<div class=\"mt-image-container\"><img decoding=\"async\" src=\"https:\/\/www.paparazzi.com.ar\/wp-content\/uploads\/2026\/04\/Allegra-Cubero-15-359x226.jpg\" alt=\"As\u00ed fue la espectacular y so\u00f1ada fiesta de 15 a\u00f1os de Allegra Cubero: fotos y video\" class=\"mt-image\" loading=\"lazy\" \/><\/div>\n<h5 class=\"mt-title\">As\u00ed fue la espectacular y so\u00f1ada fiesta de 15 a\u00f1os de Allegra Cubero: fotos y video<\/h5>\n<\/div>\n<p><\/a><\/div>\n<p>The post <a href=\"https:\/\/www.paparazzi.com.ar\/teve\/mica-viciconte-conto-como-fue-la-fiesta-de-15-anos-de-allegra-tras-su-pelea-con-nicole-neumann\/\">Mica Viciconte cont\u00f3 c\u00f3mo fue la fiesta de 15 a\u00f1os de Allegra tras su pelea con Nicole Neumann<\/a> appeared first on <a href=\"https:\/\/www.paparazzi.com.ar\">Revista Paparazzi<\/a>.<\/p>\n","protected":false},"excerpt":{"rendered":"<p>Despu\u00e9s de varias semanas en las que la fiesta de<\/p>\n","protected":false},"author":0,"featured_media":18975,"comment_status":"","ping_status":"","sticky":false,"template":"","format":"standard","meta":{"footnotes":""},"categories":[12],"tags":[],"class_list":["post-18974","post","type-post","status-publish","format-standard","has-post-thumbnail","hentry","category-espectaculo"],"yoast_head":"<!-- This site is optimized with the Yoast SEO plugin v27.4 - https:\/\/yoast.com\/product\/yoast-seo-wordpress\/ -->\n<title>Mica Viciconte cont\u00f3 c\u00f3mo fue la fiesta de 15 a\u00f1os de Allegra tras su pelea con Nicole Neumann - Cuarteto en la Web<\/title>\n<meta name=\"robots\" content=\"index, follow, max-snippet:-1, max-image-preview:large, max-video-preview:-1\" \/>\n<link rel=\"canonical\" href=\"https:\/\/cuartetoenlaweb.com.ar\/sitio\/mica-viciconte-conto-como-fue-la-fiesta-de-15-anos-de-allegra-tras-su-pelea-con-nicole-neumann\/\" \/>\n<meta property=\"og:locale\" content=\"es_ES\" \/>\n<meta property=\"og:type\" content=\"article\" \/>\n<meta property=\"og:title\" content=\"Mica Viciconte cont\u00f3 c\u00f3mo fue la fiesta de 15 a\u00f1os de Allegra tras su pelea con Nicole Neumann - Cuarteto en la Web\" \/>\n<meta property=\"og:description\" content=\"Despu\u00e9s de varias semanas en las que la fiesta de\" \/>\n<meta property=\"og:url\" content=\"https:\/\/cuartetoenlaweb.com.ar\/sitio\/mica-viciconte-conto-como-fue-la-fiesta-de-15-anos-de-allegra-tras-su-pelea-con-nicole-neumann\/\" \/>\n<meta property=\"og:site_name\" content=\"Cuarteto en la Web\" \/>\n<meta property=\"article:published_time\" content=\"2026-04-26T16:59:44+00:00\" \/>\n<meta property=\"og:image\" content=\"https:\/\/www.paparazzi.com.ar\/wp-content\/uploads\/2026\/04\/Rodrigo-de-Paul-Tini-Stoessel-Flor-Regidor-359x226.jpg\" \/>\n<meta name=\"twitter:card\" content=\"summary_large_image\" \/>\n<meta name=\"twitter:label1\" content=\"Tiempo de lectura\" \/>\n\t<meta name=\"twitter:data1\" content=\"3 minutos\" \/>\n<script type=\"application\/ld+json\" class=\"yoast-schema-graph\">{\"@context\":\"https:\\\/\\\/schema.org\",\"@graph\":[{\"@type\":\"Article\",\"@id\":\"https:\\\/\\\/cuartetoenlaweb.com.ar\\\/sitio\\\/mica-viciconte-conto-como-fue-la-fiesta-de-15-anos-de-allegra-tras-su-pelea-con-nicole-neumann\\\/#article\",\"isPartOf\":{\"@id\":\"https:\\\/\\\/cuartetoenlaweb.com.ar\\\/sitio\\\/mica-viciconte-conto-como-fue-la-fiesta-de-15-anos-de-allegra-tras-su-pelea-con-nicole-neumann\\\/\"},\"author\":{\"name\":\"\",\"@id\":\"\"},\"headline\":\"Mica Viciconte cont\u00f3 c\u00f3mo fue la fiesta de 15 a\u00f1os de Allegra tras su pelea con Nicole Neumann\",\"datePublished\":\"2026-04-26T16:59:44+00:00\",\"mainEntityOfPage\":{\"@id\":\"https:\\\/\\\/cuartetoenlaweb.com.ar\\\/sitio\\\/mica-viciconte-conto-como-fue-la-fiesta-de-15-anos-de-allegra-tras-su-pelea-con-nicole-neumann\\\/\"},\"wordCount\":608,\"publisher\":{\"@id\":\"http:\\\/\\\/cuartetoenlaweb.com.ar\\\/sitio\\\/#organization\"},\"image\":{\"@id\":\"https:\\\/\\\/cuartetoenlaweb.com.ar\\\/sitio\\\/mica-viciconte-conto-como-fue-la-fiesta-de-15-anos-de-allegra-tras-su-pelea-con-nicole-neumann\\\/#primaryimage\"},\"thumbnailUrl\":\"https:\\\/\\\/cuartetoenlaweb.com.ar\\\/sitio\\\/wp-content\\\/uploads\\\/2026\\\/04\\\/Rodrigo-de-Paul-Tini-Stoessel-Flor-Regidor-359x226-3.jpg\",\"articleSection\":[\"ESPECT\u00c1CULO\"],\"inLanguage\":\"es\"},{\"@type\":\"WebPage\",\"@id\":\"https:\\\/\\\/cuartetoenlaweb.com.ar\\\/sitio\\\/mica-viciconte-conto-como-fue-la-fiesta-de-15-anos-de-allegra-tras-su-pelea-con-nicole-neumann\\\/\",\"url\":\"https:\\\/\\\/cuartetoenlaweb.com.ar\\\/sitio\\\/mica-viciconte-conto-como-fue-la-fiesta-de-15-anos-de-allegra-tras-su-pelea-con-nicole-neumann\\\/\",\"name\":\"Mica Viciconte cont\u00f3 c\u00f3mo fue la fiesta de 15 a\u00f1os de Allegra tras su pelea con Nicole Neumann - Cuarteto en la Web\",\"isPartOf\":{\"@id\":\"http:\\\/\\\/cuartetoenlaweb.com.ar\\\/sitio\\\/#website\"},\"primaryImageOfPage\":{\"@id\":\"https:\\\/\\\/cuartetoenlaweb.com.ar\\\/sitio\\\/mica-viciconte-conto-como-fue-la-fiesta-de-15-anos-de-allegra-tras-su-pelea-con-nicole-neumann\\\/#primaryimage\"},\"image\":{\"@id\":\"https:\\\/\\\/cuartetoenlaweb.com.ar\\\/sitio\\\/mica-viciconte-conto-como-fue-la-fiesta-de-15-anos-de-allegra-tras-su-pelea-con-nicole-neumann\\\/#primaryimage\"},\"thumbnailUrl\":\"https:\\\/\\\/cuartetoenlaweb.com.ar\\\/sitio\\\/wp-content\\\/uploads\\\/2026\\\/04\\\/Rodrigo-de-Paul-Tini-Stoessel-Flor-Regidor-359x226-3.jpg\",\"datePublished\":\"2026-04-26T16:59:44+00:00\",\"breadcrumb\":{\"@id\":\"https:\\\/\\\/cuartetoenlaweb.com.ar\\\/sitio\\\/mica-viciconte-conto-como-fue-la-fiesta-de-15-anos-de-allegra-tras-su-pelea-con-nicole-neumann\\\/#breadcrumb\"},\"inLanguage\":\"es\",\"potentialAction\":[{\"@type\":\"ReadAction\",\"target\":[\"https:\\\/\\\/cuartetoenlaweb.com.ar\\\/sitio\\\/mica-viciconte-conto-como-fue-la-fiesta-de-15-anos-de-allegra-tras-su-pelea-con-nicole-neumann\\\/\"]}]},{\"@type\":\"ImageObject\",\"inLanguage\":\"es\",\"@id\":\"https:\\\/\\\/cuartetoenlaweb.com.ar\\\/sitio\\\/mica-viciconte-conto-como-fue-la-fiesta-de-15-anos-de-allegra-tras-su-pelea-con-nicole-neumann\\\/#primaryimage\",\"url\":\"https:\\\/\\\/cuartetoenlaweb.com.ar\\\/sitio\\\/wp-content\\\/uploads\\\/2026\\\/04\\\/Rodrigo-de-Paul-Tini-Stoessel-Flor-Regidor-359x226-3.jpg\",\"contentUrl\":\"https:\\\/\\\/cuartetoenlaweb.com.ar\\\/sitio\\\/wp-content\\\/uploads\\\/2026\\\/04\\\/Rodrigo-de-Paul-Tini-Stoessel-Flor-Regidor-359x226-3.jpg\",\"width\":359,\"height\":226},{\"@type\":\"BreadcrumbList\",\"@id\":\"https:\\\/\\\/cuartetoenlaweb.com.ar\\\/sitio\\\/mica-viciconte-conto-como-fue-la-fiesta-de-15-anos-de-allegra-tras-su-pelea-con-nicole-neumann\\\/#breadcrumb\",\"itemListElement\":[{\"@type\":\"ListItem\",\"position\":1,\"name\":\"Portada\",\"item\":\"http:\\\/\\\/cuartetoenlaweb.com.ar\\\/sitio\\\/\"},{\"@type\":\"ListItem\",\"position\":2,\"name\":\"Mica Viciconte cont\u00f3 c\u00f3mo fue la fiesta de 15 a\u00f1os de Allegra tras su pelea con Nicole Neumann\"}]},{\"@type\":\"WebSite\",\"@id\":\"http:\\\/\\\/cuartetoenlaweb.com.ar\\\/sitio\\\/#website\",\"url\":\"http:\\\/\\\/cuartetoenlaweb.com.ar\\\/sitio\\\/\",\"name\":\"Cuarteto en la Web\",\"description\":\"\",\"publisher\":{\"@id\":\"http:\\\/\\\/cuartetoenlaweb.com.ar\\\/sitio\\\/#organization\"},\"potentialAction\":[{\"@type\":\"SearchAction\",\"target\":{\"@type\":\"EntryPoint\",\"urlTemplate\":\"http:\\\/\\\/cuartetoenlaweb.com.ar\\\/sitio\\\/?s={search_term_string}\"},\"query-input\":{\"@type\":\"PropertyValueSpecification\",\"valueRequired\":true,\"valueName\":\"search_term_string\"}}],\"inLanguage\":\"es\"},{\"@type\":\"Organization\",\"@id\":\"http:\\\/\\\/cuartetoenlaweb.com.ar\\\/sitio\\\/#organization\",\"name\":\"Cuarteto en la Web\",\"url\":\"http:\\\/\\\/cuartetoenlaweb.com.ar\\\/sitio\\\/\",\"logo\":{\"@type\":\"ImageObject\",\"inLanguage\":\"es\",\"@id\":\"http:\\\/\\\/cuartetoenlaweb.com.ar\\\/sitio\\\/#\\\/schema\\\/logo\\\/image\\\/\",\"url\":\"https:\\\/\\\/cuartetoenlaweb.com.ar\\\/sitio\\\/wp-content\\\/uploads\\\/2025\\\/07\\\/cropped-cropped-logitoweb21.png\",\"contentUrl\":\"https:\\\/\\\/cuartetoenlaweb.com.ar\\\/sitio\\\/wp-content\\\/uploads\\\/2025\\\/07\\\/cropped-cropped-logitoweb21.png\",\"width\":199,\"height\":199,\"caption\":\"Cuarteto en la Web\"},\"image\":{\"@id\":\"http:\\\/\\\/cuartetoenlaweb.com.ar\\\/sitio\\\/#\\\/schema\\\/logo\\\/image\\\/\"}}]}<\/script>\n<!-- \/ Yoast SEO plugin. -->","yoast_head_json":{"title":"Mica Viciconte cont\u00f3 c\u00f3mo fue la fiesta de 15 a\u00f1os de Allegra tras su pelea con Nicole Neumann - Cuarteto en la Web","robots":{"index":"index","follow":"follow","max-snippet":"max-snippet:-1","max-image-preview":"max-image-preview:large","max-video-preview":"max-video-preview:-1"},"canonical":"https:\/\/cuartetoenlaweb.com.ar\/sitio\/mica-viciconte-conto-como-fue-la-fiesta-de-15-anos-de-allegra-tras-su-pelea-con-nicole-neumann\/","og_locale":"es_ES","og_type":"article","og_title":"Mica Viciconte cont\u00f3 c\u00f3mo fue la fiesta de 15 a\u00f1os de Allegra tras su pelea con Nicole Neumann - Cuarteto en la Web","og_description":"Despu\u00e9s de varias semanas en las que la fiesta de","og_url":"https:\/\/cuartetoenlaweb.com.ar\/sitio\/mica-viciconte-conto-como-fue-la-fiesta-de-15-anos-de-allegra-tras-su-pelea-con-nicole-neumann\/","og_site_name":"Cuarteto en la Web","article_published_time":"2026-04-26T16:59:44+00:00","og_image":[{"url":"https:\/\/www.paparazzi.com.ar\/wp-content\/uploads\/2026\/04\/Rodrigo-de-Paul-Tini-Stoessel-Flor-Regidor-359x226.jpg","type":"","width":"","height":""}],"twitter_card":"summary_large_image","twitter_misc":{"Tiempo de lectura":"3 minutos"},"schema":{"@context":"https:\/\/schema.org","@graph":[{"@type":"Article","@id":"https:\/\/cuartetoenlaweb.com.ar\/sitio\/mica-viciconte-conto-como-fue-la-fiesta-de-15-anos-de-allegra-tras-su-pelea-con-nicole-neumann\/#article","isPartOf":{"@id":"https:\/\/cuartetoenlaweb.com.ar\/sitio\/mica-viciconte-conto-como-fue-la-fiesta-de-15-anos-de-allegra-tras-su-pelea-con-nicole-neumann\/"},"author":{"name":"","@id":""},"headline":"Mica Viciconte cont\u00f3 c\u00f3mo fue la fiesta de 15 a\u00f1os de Allegra tras su pelea con Nicole Neumann","datePublished":"2026-04-26T16:59:44+00:00","mainEntityOfPage":{"@id":"https:\/\/cuartetoenlaweb.com.ar\/sitio\/mica-viciconte-conto-como-fue-la-fiesta-de-15-anos-de-allegra-tras-su-pelea-con-nicole-neumann\/"},"wordCount":608,"publisher":{"@id":"http:\/\/cuartetoenlaweb.com.ar\/sitio\/#organization"},"image":{"@id":"https:\/\/cuartetoenlaweb.com.ar\/sitio\/mica-viciconte-conto-como-fue-la-fiesta-de-15-anos-de-allegra-tras-su-pelea-con-nicole-neumann\/#primaryimage"},"thumbnailUrl":"https:\/\/cuartetoenlaweb.com.ar\/sitio\/wp-content\/uploads\/2026\/04\/Rodrigo-de-Paul-Tini-Stoessel-Flor-Regidor-359x226-3.jpg","articleSection":["ESPECT\u00c1CULO"],"inLanguage":"es"},{"@type":"WebPage","@id":"https:\/\/cuartetoenlaweb.com.ar\/sitio\/mica-viciconte-conto-como-fue-la-fiesta-de-15-anos-de-allegra-tras-su-pelea-con-nicole-neumann\/","url":"https:\/\/cuartetoenlaweb.com.ar\/sitio\/mica-viciconte-conto-como-fue-la-fiesta-de-15-anos-de-allegra-tras-su-pelea-con-nicole-neumann\/","name":"Mica Viciconte cont\u00f3 c\u00f3mo fue la fiesta de 15 a\u00f1os de Allegra tras su pelea con Nicole Neumann - Cuarteto en la Web","isPartOf":{"@id":"http:\/\/cuartetoenlaweb.com.ar\/sitio\/#website"},"primaryImageOfPage":{"@id":"https:\/\/cuartetoenlaweb.com.ar\/sitio\/mica-viciconte-conto-como-fue-la-fiesta-de-15-anos-de-allegra-tras-su-pelea-con-nicole-neumann\/#primaryimage"},"image":{"@id":"https:\/\/cuartetoenlaweb.com.ar\/sitio\/mica-viciconte-conto-como-fue-la-fiesta-de-15-anos-de-allegra-tras-su-pelea-con-nicole-neumann\/#primaryimage"},"thumbnailUrl":"https:\/\/cuartetoenlaweb.com.ar\/sitio\/wp-content\/uploads\/2026\/04\/Rodrigo-de-Paul-Tini-Stoessel-Flor-Regidor-359x226-3.jpg","datePublished":"2026-04-26T16:59:44+00:00","breadcrumb":{"@id":"https:\/\/cuartetoenlaweb.com.ar\/sitio\/mica-viciconte-conto-como-fue-la-fiesta-de-15-anos-de-allegra-tras-su-pelea-con-nicole-neumann\/#breadcrumb"},"inLanguage":"es","potentialAction":[{"@type":"ReadAction","target":["https:\/\/cuartetoenlaweb.com.ar\/sitio\/mica-viciconte-conto-como-fue-la-fiesta-de-15-anos-de-allegra-tras-su-pelea-con-nicole-neumann\/"]}]},{"@type":"ImageObject","inLanguage":"es","@id":"https:\/\/cuartetoenlaweb.com.ar\/sitio\/mica-viciconte-conto-como-fue-la-fiesta-de-15-anos-de-allegra-tras-su-pelea-con-nicole-neumann\/#primaryimage","url":"https:\/\/cuartetoenlaweb.com.ar\/sitio\/wp-content\/uploads\/2026\/04\/Rodrigo-de-Paul-Tini-Stoessel-Flor-Regidor-359x226-3.jpg","contentUrl":"https:\/\/cuartetoenlaweb.com.ar\/sitio\/wp-content\/uploads\/2026\/04\/Rodrigo-de-Paul-Tini-Stoessel-Flor-Regidor-359x226-3.jpg","width":359,"height":226},{"@type":"BreadcrumbList","@id":"https:\/\/cuartetoenlaweb.com.ar\/sitio\/mica-viciconte-conto-como-fue-la-fiesta-de-15-anos-de-allegra-tras-su-pelea-con-nicole-neumann\/#breadcrumb","itemListElement":[{"@type":"ListItem","position":1,"name":"Portada","item":"http:\/\/cuartetoenlaweb.com.ar\/sitio\/"},{"@type":"ListItem","position":2,"name":"Mica Viciconte cont\u00f3 c\u00f3mo fue la fiesta de 15 a\u00f1os de Allegra tras su pelea con Nicole Neumann"}]},{"@type":"WebSite","@id":"http:\/\/cuartetoenlaweb.com.ar\/sitio\/#website","url":"http:\/\/cuartetoenlaweb.com.ar\/sitio\/","name":"Cuarteto en la Web","description":"","publisher":{"@id":"http:\/\/cuartetoenlaweb.com.ar\/sitio\/#organization"},"potentialAction":[{"@type":"SearchAction","target":{"@type":"EntryPoint","urlTemplate":"http:\/\/cuartetoenlaweb.com.ar\/sitio\/?s={search_term_string}"},"query-input":{"@type":"PropertyValueSpecification","valueRequired":true,"valueName":"search_term_string"}}],"inLanguage":"es"},{"@type":"Organization","@id":"http:\/\/cuartetoenlaweb.com.ar\/sitio\/#organization","name":"Cuarteto en la Web","url":"http:\/\/cuartetoenlaweb.com.ar\/sitio\/","logo":{"@type":"ImageObject","inLanguage":"es","@id":"http:\/\/cuartetoenlaweb.com.ar\/sitio\/#\/schema\/logo\/image\/","url":"https:\/\/cuartetoenlaweb.com.ar\/sitio\/wp-content\/uploads\/2025\/07\/cropped-cropped-logitoweb21.png","contentUrl":"https:\/\/cuartetoenlaweb.com.ar\/sitio\/wp-content\/uploads\/2025\/07\/cropped-cropped-logitoweb21.png","width":199,"height":199,"caption":"Cuarteto en la Web"},"image":{"@id":"http:\/\/cuartetoenlaweb.com.ar\/sitio\/#\/schema\/logo\/image\/"}}]}},"_links":{"self":[{"href":"https:\/\/cuartetoenlaweb.com.ar\/sitio\/wp-json\/wp\/v2\/posts\/18974","targetHints":{"allow":["GET"]}}],"collection":[{"href":"https:\/\/cuartetoenlaweb.com.ar\/sitio\/wp-json\/wp\/v2\/posts"}],"about":[{"href":"https:\/\/cuartetoenlaweb.com.ar\/sitio\/wp-json\/wp\/v2\/types\/post"}],"replies":[{"embeddable":true,"href":"https:\/\/cuartetoenlaweb.com.ar\/sitio\/wp-json\/wp\/v2\/comments?post=18974"}],"version-history":[{"count":0,"href":"https:\/\/cuartetoenlaweb.com.ar\/sitio\/wp-json\/wp\/v2\/posts\/18974\/revisions"}],"wp:featuredmedia":[{"embeddable":true,"href":"https:\/\/cuartetoenlaweb.com.ar\/sitio\/wp-json\/wp\/v2\/media\/18975"}],"wp:attachment":[{"href":"https:\/\/cuartetoenlaweb.com.ar\/sitio\/wp-json\/wp\/v2\/media?parent=18974"}],"wp:term":[{"taxonomy":"category","embeddable":true,"href":"https:\/\/cuartetoenlaweb.com.ar\/sitio\/wp-json\/wp\/v2\/categories?post=18974"},{"taxonomy":"post_tag","embeddable":true,"href":"https:\/\/cuartetoenlaweb.com.ar\/sitio\/wp-json\/wp\/v2\/tags?post=18974"}],"curies":[{"name":"wp","href":"https:\/\/api.w.org\/{rel}","templated":true}]}}