
{"id":18972,"date":"2026-04-26T13:59:43","date_gmt":"2026-04-26T16:59:43","guid":{"rendered":"https:\/\/cuartetoenlaweb.com.ar\/sitio\/juana-viale-confeso-los-problemas-que-padece-mirtha-legrand-en-medio-de-la-preocupacion-por-su-salud\/"},"modified":"2026-04-26T13:59:43","modified_gmt":"2026-04-26T16:59:43","slug":"juana-viale-confeso-los-problemas-que-padece-mirtha-legrand-en-medio-de-la-preocupacion-por-su-salud","status":"publish","type":"post","link":"https:\/\/cuartetoenlaweb.com.ar\/sitio\/juana-viale-confeso-los-problemas-que-padece-mirtha-legrand-en-medio-de-la-preocupacion-por-su-salud\/","title":{"rendered":"Juana Viale confes\u00f3 los problemas que padece Mirtha Legrand en medio de la preocupaci\u00f3n por su salud"},"content":{"rendered":"<p>La nueva ausencia de <strong>Mirtha Legrand<\/strong> en su programa volvi\u00f3 a instalar preguntas. Porque trat\u00e1ndose de ella, cualquier pausa genera ruido, especulaciones y alarma. M\u00e1s todav\u00eda cuando la conductora viene arrastrando un problema de salud. Y este s\u00e1bado por la noche, <strong>Juana Viale<\/strong> volvi\u00f3 a tomar la posta y, lejos de esquivar el tema, habl\u00f3 desde el arranque para llevar tranquilidad.<\/p>\n<p>El clima era inevitable. Hab\u00eda preocupaci\u00f3n, hab\u00eda rumores y hab\u00eda expectativa por escuchar una voz cercana. Y esa voz fue la de <strong><a href=\"https:\/\/www.paparazzi.com.ar\/teve\/crece-la-preocupacion-por-la-salud-de-mirtha-legrand-a-los-99-anos-por-que-culpan-a-nico-vazquez-de-su-enfermedad\/\">Juana<\/a><\/strong>, que eligi\u00f3 desdramatizar desde el primer minuto, incluso con humor. \u201cOtro s\u00e1bado m\u00e1s ac\u00e1, haci\u00e9ndole el aguante a la abuela que est\u00e1 muy bien pero necesitaba unos d\u00edas m\u00e1s, as\u00ed que aqu\u00ed estoy yo en su herencia\u201d, lanz\u00f3 apenas comenz\u00f3 el programa.<\/p>\n<p>La referencia no fue casual. Horas antes, la propia <strong><a href=\"https:\/\/www.paparazzi.com.ar\/teve\/revelaron-los-detalles-mas-delicados-de-la-salud-de-mirtha-legrand-y-hay-incertidumbre-los-medicos-tienen-miedo\/\">Mirtha<\/a> <\/strong>ya hab\u00eda usado sus redes para explicar por qu\u00e9 seguir\u00eda fuera del estudio. \u201cFue un cuadro viral normal de esta \u00e9poca del a\u00f1o&#8230; tendr\u00e9 que hacer un poco m\u00e1s de reposo y cuidarme\u201d, resalt\u00f3. La conductora tambi\u00e9n agradeci\u00f3 el cari\u00f1o que recibi\u00f3 en estos d\u00edas. Ese fue el primer intento de calmar las aguas, y luego lleg\u00f3 lo que dijo <strong>Juana<\/strong>.<\/p>\n<div class=\"mt-box \">\n<h4 class=\"mt-heading\">Mir\u00e1 Tambi\u00e9n<\/h4>\n<p><a href=\"https:\/\/www.paparazzi.com.ar\/teve\/la-foto-que-expone-la-verdadera-relacion-de-allegra-con-mica-viciconte-tras-el-escandalo-con-nicole-neumann\/\"><\/p>\n<div class=\"mt-content\">\n<div class=\"mt-image-container\"><img decoding=\"async\" src=\"https:\/\/www.paparazzi.com.ar\/wp-content\/uploads\/2026\/04\/allegra-cubero-mica-viciconte-15-359x226.jpg\" alt=\"La foto que expone la verdadera relaci\u00f3n de Allegra con Mica Viciconte tras el esc\u00e1ndalo con Nicole Neumann\" class=\"mt-image\" loading=\"lazy\" \/><\/div>\n<h5 class=\"mt-title\">La foto que expone la verdadera relaci\u00f3n de Allegra con Mica Viciconte tras el esc\u00e1ndalo con Nicole Neumann<\/h5>\n<\/div>\n<p><\/a><\/div>\n<p>Ya con los invitados en la mesa, <strong><a href=\"https:\/\/www.paparazzi.com.ar\/teve\/satrapas-son-unos-la-furia-de-juana-viale-por-mirtha-legrand-que-genero-polemica\/\">Juana<\/a> <\/strong>ampli\u00f3 lo que hab\u00eda insinuado en la apertura y dej\u00f3 una descripci\u00f3n mucho m\u00e1s concreta del presente de su abuela. \u201cBueno, segundo programa consecutivo en el que estoy ac\u00e1. Nada grave, nada para alarmar, solamente que se estir\u00f3 un poco la gripe y catarro que tiene\u201d, explic\u00f3, insistiendo en que la salud de su abuela no es para preocuparse.<\/p>\n<h2 class=\"wp-block-heading\">JUANA VIALE CONT\u00d3 C\u00d3MO SIGUE LA SALUD DE MIRTHA LEGRAND EN MEDIO DE LA PREOCUPACI\u00d3N<\/h2>\n<p>Fue entonces cuando sum\u00f3 una escena \u00edntima, de esas que suelen tener m\u00e1s fuerza que cualquier parte m\u00e9dico. De hecho <strong>Juana<\/strong> explic\u00f3 que la visit\u00f3 y todo se dio en una din\u00e1mica habitual. \u201cNo pasa nada de verdad. Estuve tomando un t\u00e9 con ella y eran las 9 de la noche y le dije, \u2018bueno abue, yo me voy a descansar, no s\u00e9 vos, me voy a dormir\u2019. Pero est\u00e1 perfecta, nada alarmante\u201d, cont\u00f3.<\/p>\n<p>\u201cFui a tomar el t\u00e9 y estaba vestida con pa\u00f1uelo de la marca francesa, coquet\u00edsima, y unos zapatitos Ferragamo para caminar\u2026 cero pantuflas\u2026 \u00a1otro nivel! Estaba muy bien\u201d, relat\u00f3 <strong>Juana<\/strong> entre risas. Y ah\u00ed apareci\u00f3 esa imagen tan propia de <strong>Mirtha<\/strong>: incluso atravesando un cuadro viral, sin perder glamour y esa espontaneidad que tanto la caracteriza.<\/p>\n<div class=\"mt-box \">\n<h4 class=\"mt-heading\">Mir\u00e1 Tambi\u00e9n<\/h4>\n<p><a href=\"https:\/\/www.paparazzi.com.ar\/teve\/crece-la-preocupacion-por-la-salud-de-mirtha-legrand-a-los-99-anos-por-que-culpan-a-nico-vazquez-de-su-enfermedad\/\"><\/p>\n<div class=\"mt-content\">\n<div class=\"mt-image-container\"><img decoding=\"async\" src=\"https:\/\/www.paparazzi.com.ar\/wp-content\/uploads\/2026\/01\/Mirtha-Legrand-abandono-Mar-del-Plata-en-plena-temporada-que-paso-con-La-Chiqui-359x226.jpg\" alt=\"Crece la preocupaci\u00f3n por la salud de Mirtha Legrand a los 99 a\u00f1os: d\u00f3nde empez\u00f3 su bronquitis\" class=\"mt-image\" loading=\"lazy\" \/><\/div>\n<h5 class=\"mt-title\">Crece la preocupaci\u00f3n por la salud de Mirtha Legrand a los 99 a\u00f1os: d\u00f3nde empez\u00f3 su bronquitis<\/h5>\n<\/div>\n<p><\/a><\/div>\n<p>Mientras tanto, tambi\u00e9n qued\u00f3 confirmado que <strong>Juana <\/strong>seguir\u00e1 cuidando el programa de su abuela y volver\u00e1 a hacerse cargo del ciclo mientras <strong>Mirtha <\/strong>completa el reposo indicado. Todo esto se suma al hecho de que la diva tampoco estar\u00e1 este domingo por la noche en la ceremonia de los Mart\u00edn Fierro de la Moda, ausencia que tambi\u00e9n se sentir\u00e1 y mucho.<\/p>\n<div class=\"mt-box \">\n<h4 class=\"mt-heading\">Mir\u00e1 Tambi\u00e9n<\/h4>\n<p><a href=\"https:\/\/www.paparazzi.com.ar\/teve\/revelaron-los-detalles-mas-delicados-de-la-salud-de-mirtha-legrand-y-hay-incertidumbre-los-medicos-tienen-miedo\/\"><\/p>\n<div class=\"mt-content\">\n<div class=\"mt-image-container\"><img decoding=\"async\" src=\"https:\/\/www.paparazzi.com.ar\/wp-content\/uploads\/2026\/04\/Mirtha-Legrand-1-359x226.jpg\" alt=\"Revelaron los detalles m\u00e1s delicados de la salud de Mirtha Legrand y hay incertidumbre: \u201cLos m\u00e9dicos tienen miedo\u201d\" class=\"mt-image\" loading=\"lazy\" \/><\/div>\n<h5 class=\"mt-title\">Revelaron los detalles m\u00e1s delicados de la salud de Mirtha Legrand y hay incertidumbre: \u201cLos m\u00e9dicos tienen miedo\u201d<\/h5>\n<\/div>\n<p><\/a><\/div>\n<div class=\"mt-box \">\n<h4 class=\"mt-heading\">Mir\u00e1 Tambi\u00e9n<\/h4>\n<p><a href=\"https:\/\/www.paparazzi.com.ar\/teve\/satrapas-son-unos-la-furia-de-juana-viale-por-mirtha-legrand-que-genero-polemica\/\"><\/p>\n<div class=\"mt-content\">\n<div class=\"mt-image-container\"><img decoding=\"async\" src=\"https:\/\/www.paparazzi.com.ar\/wp-content\/uploads\/2026\/04\/Juana-Viale-Mirtha-Legrand-1-359x226.jpg\" alt=\"El ataque de bronca de Juana Viale por Mirtha Legrand que gener\u00f3 pol\u00e9mica: \u201cS\u00e1trapas, son unos\u2026\u201d\" class=\"mt-image\" loading=\"lazy\" \/><\/div>\n<h5 class=\"mt-title\">El ataque de bronca de Juana Viale por Mirtha Legrand que gener\u00f3 pol\u00e9mica: \u201cS\u00e1trapas, son unos\u2026\u201d<\/h5>\n<\/div>\n<p><\/a><\/div>\n<p>The post <a href=\"https:\/\/www.paparazzi.com.ar\/teve\/juana-viale-confeso-los-problemas-que-padece-mirtha-legrand-en-medio-de-la-preocupacion-por-su-salud\/\">Juana Viale confes\u00f3 los problemas que padece Mirtha Legrand en medio de la preocupaci\u00f3n por su salud<\/a> appeared first on <a href=\"https:\/\/www.paparazzi.com.ar\">Revista Paparazzi<\/a>.<\/p>\n","protected":false},"excerpt":{"rendered":"<p>La nueva ausencia de Mirtha Legrand en su programa volvi\u00f3<\/p>\n","protected":false},"author":0,"featured_media":18973,"comment_status":"","ping_status":"","sticky":false,"template":"","format":"standard","meta":{"footnotes":""},"categories":[12],"tags":[],"class_list":["post-18972","post","type-post","status-publish","format-standard","has-post-thumbnail","hentry","category-espectaculo"],"yoast_head":"<!-- This site is optimized with the Yoast SEO plugin v27.4 - https:\/\/yoast.com\/product\/yoast-seo-wordpress\/ -->\n<title>Juana Viale confes\u00f3 los problemas que padece Mirtha Legrand en medio de la preocupaci\u00f3n por su salud - Cuarteto en la Web<\/title>\n<meta name=\"robots\" content=\"index, follow, max-snippet:-1, max-image-preview:large, max-video-preview:-1\" \/>\n<link rel=\"canonical\" href=\"https:\/\/cuartetoenlaweb.com.ar\/sitio\/juana-viale-confeso-los-problemas-que-padece-mirtha-legrand-en-medio-de-la-preocupacion-por-su-salud\/\" \/>\n<meta property=\"og:locale\" content=\"es_ES\" \/>\n<meta property=\"og:type\" content=\"article\" \/>\n<meta property=\"og:title\" content=\"Juana Viale confes\u00f3 los problemas que padece Mirtha Legrand en medio de la preocupaci\u00f3n por su salud - Cuarteto en la Web\" \/>\n<meta property=\"og:description\" content=\"La nueva ausencia de Mirtha Legrand en su programa volvi\u00f3\" \/>\n<meta property=\"og:url\" content=\"https:\/\/cuartetoenlaweb.com.ar\/sitio\/juana-viale-confeso-los-problemas-que-padece-mirtha-legrand-en-medio-de-la-preocupacion-por-su-salud\/\" \/>\n<meta property=\"og:site_name\" content=\"Cuarteto en la Web\" \/>\n<meta property=\"article:published_time\" content=\"2026-04-26T16:59:43+00:00\" \/>\n<meta property=\"og:image\" content=\"https:\/\/www.paparazzi.com.ar\/wp-content\/uploads\/2026\/04\/allegra-cubero-mica-viciconte-15-359x226.jpg\" \/>\n<meta name=\"twitter:card\" content=\"summary_large_image\" \/>\n<meta name=\"twitter:label1\" content=\"Tiempo de lectura\" \/>\n\t<meta name=\"twitter:data1\" content=\"3 minutos\" \/>\n<script type=\"application\/ld+json\" class=\"yoast-schema-graph\">{\"@context\":\"https:\\\/\\\/schema.org\",\"@graph\":[{\"@type\":\"Article\",\"@id\":\"https:\\\/\\\/cuartetoenlaweb.com.ar\\\/sitio\\\/juana-viale-confeso-los-problemas-que-padece-mirtha-legrand-en-medio-de-la-preocupacion-por-su-salud\\\/#article\",\"isPartOf\":{\"@id\":\"https:\\\/\\\/cuartetoenlaweb.com.ar\\\/sitio\\\/juana-viale-confeso-los-problemas-que-padece-mirtha-legrand-en-medio-de-la-preocupacion-por-su-salud\\\/\"},\"author\":{\"name\":\"\",\"@id\":\"\"},\"headline\":\"Juana Viale confes\u00f3 los problemas que padece Mirtha Legrand en medio de la preocupaci\u00f3n por su salud\",\"datePublished\":\"2026-04-26T16:59:43+00:00\",\"mainEntityOfPage\":{\"@id\":\"https:\\\/\\\/cuartetoenlaweb.com.ar\\\/sitio\\\/juana-viale-confeso-los-problemas-que-padece-mirtha-legrand-en-medio-de-la-preocupacion-por-su-salud\\\/\"},\"wordCount\":634,\"publisher\":{\"@id\":\"http:\\\/\\\/cuartetoenlaweb.com.ar\\\/sitio\\\/#organization\"},\"image\":{\"@id\":\"https:\\\/\\\/cuartetoenlaweb.com.ar\\\/sitio\\\/juana-viale-confeso-los-problemas-que-padece-mirtha-legrand-en-medio-de-la-preocupacion-por-su-salud\\\/#primaryimage\"},\"thumbnailUrl\":\"https:\\\/\\\/cuartetoenlaweb.com.ar\\\/sitio\\\/wp-content\\\/uploads\\\/2026\\\/04\\\/allegra-cubero-mica-viciconte-15-359x226-2.jpg\",\"articleSection\":[\"ESPECT\u00c1CULO\"],\"inLanguage\":\"es\"},{\"@type\":\"WebPage\",\"@id\":\"https:\\\/\\\/cuartetoenlaweb.com.ar\\\/sitio\\\/juana-viale-confeso-los-problemas-que-padece-mirtha-legrand-en-medio-de-la-preocupacion-por-su-salud\\\/\",\"url\":\"https:\\\/\\\/cuartetoenlaweb.com.ar\\\/sitio\\\/juana-viale-confeso-los-problemas-que-padece-mirtha-legrand-en-medio-de-la-preocupacion-por-su-salud\\\/\",\"name\":\"Juana Viale confes\u00f3 los problemas que padece Mirtha Legrand en medio de la preocupaci\u00f3n por su salud - Cuarteto en la Web\",\"isPartOf\":{\"@id\":\"http:\\\/\\\/cuartetoenlaweb.com.ar\\\/sitio\\\/#website\"},\"primaryImageOfPage\":{\"@id\":\"https:\\\/\\\/cuartetoenlaweb.com.ar\\\/sitio\\\/juana-viale-confeso-los-problemas-que-padece-mirtha-legrand-en-medio-de-la-preocupacion-por-su-salud\\\/#primaryimage\"},\"image\":{\"@id\":\"https:\\\/\\\/cuartetoenlaweb.com.ar\\\/sitio\\\/juana-viale-confeso-los-problemas-que-padece-mirtha-legrand-en-medio-de-la-preocupacion-por-su-salud\\\/#primaryimage\"},\"thumbnailUrl\":\"https:\\\/\\\/cuartetoenlaweb.com.ar\\\/sitio\\\/wp-content\\\/uploads\\\/2026\\\/04\\\/allegra-cubero-mica-viciconte-15-359x226-2.jpg\",\"datePublished\":\"2026-04-26T16:59:43+00:00\",\"breadcrumb\":{\"@id\":\"https:\\\/\\\/cuartetoenlaweb.com.ar\\\/sitio\\\/juana-viale-confeso-los-problemas-que-padece-mirtha-legrand-en-medio-de-la-preocupacion-por-su-salud\\\/#breadcrumb\"},\"inLanguage\":\"es\",\"potentialAction\":[{\"@type\":\"ReadAction\",\"target\":[\"https:\\\/\\\/cuartetoenlaweb.com.ar\\\/sitio\\\/juana-viale-confeso-los-problemas-que-padece-mirtha-legrand-en-medio-de-la-preocupacion-por-su-salud\\\/\"]}]},{\"@type\":\"ImageObject\",\"inLanguage\":\"es\",\"@id\":\"https:\\\/\\\/cuartetoenlaweb.com.ar\\\/sitio\\\/juana-viale-confeso-los-problemas-que-padece-mirtha-legrand-en-medio-de-la-preocupacion-por-su-salud\\\/#primaryimage\",\"url\":\"https:\\\/\\\/cuartetoenlaweb.com.ar\\\/sitio\\\/wp-content\\\/uploads\\\/2026\\\/04\\\/allegra-cubero-mica-viciconte-15-359x226-2.jpg\",\"contentUrl\":\"https:\\\/\\\/cuartetoenlaweb.com.ar\\\/sitio\\\/wp-content\\\/uploads\\\/2026\\\/04\\\/allegra-cubero-mica-viciconte-15-359x226-2.jpg\",\"width\":359,\"height\":226},{\"@type\":\"BreadcrumbList\",\"@id\":\"https:\\\/\\\/cuartetoenlaweb.com.ar\\\/sitio\\\/juana-viale-confeso-los-problemas-que-padece-mirtha-legrand-en-medio-de-la-preocupacion-por-su-salud\\\/#breadcrumb\",\"itemListElement\":[{\"@type\":\"ListItem\",\"position\":1,\"name\":\"Portada\",\"item\":\"http:\\\/\\\/cuartetoenlaweb.com.ar\\\/sitio\\\/\"},{\"@type\":\"ListItem\",\"position\":2,\"name\":\"Juana Viale confes\u00f3 los problemas que padece Mirtha Legrand en medio de la preocupaci\u00f3n por su salud\"}]},{\"@type\":\"WebSite\",\"@id\":\"http:\\\/\\\/cuartetoenlaweb.com.ar\\\/sitio\\\/#website\",\"url\":\"http:\\\/\\\/cuartetoenlaweb.com.ar\\\/sitio\\\/\",\"name\":\"Cuarteto en la Web\",\"description\":\"\",\"publisher\":{\"@id\":\"http:\\\/\\\/cuartetoenlaweb.com.ar\\\/sitio\\\/#organization\"},\"potentialAction\":[{\"@type\":\"SearchAction\",\"target\":{\"@type\":\"EntryPoint\",\"urlTemplate\":\"http:\\\/\\\/cuartetoenlaweb.com.ar\\\/sitio\\\/?s={search_term_string}\"},\"query-input\":{\"@type\":\"PropertyValueSpecification\",\"valueRequired\":true,\"valueName\":\"search_term_string\"}}],\"inLanguage\":\"es\"},{\"@type\":\"Organization\",\"@id\":\"http:\\\/\\\/cuartetoenlaweb.com.ar\\\/sitio\\\/#organization\",\"name\":\"Cuarteto en la Web\",\"url\":\"http:\\\/\\\/cuartetoenlaweb.com.ar\\\/sitio\\\/\",\"logo\":{\"@type\":\"ImageObject\",\"inLanguage\":\"es\",\"@id\":\"http:\\\/\\\/cuartetoenlaweb.com.ar\\\/sitio\\\/#\\\/schema\\\/logo\\\/image\\\/\",\"url\":\"https:\\\/\\\/cuartetoenlaweb.com.ar\\\/sitio\\\/wp-content\\\/uploads\\\/2025\\\/07\\\/cropped-cropped-logitoweb21.png\",\"contentUrl\":\"https:\\\/\\\/cuartetoenlaweb.com.ar\\\/sitio\\\/wp-content\\\/uploads\\\/2025\\\/07\\\/cropped-cropped-logitoweb21.png\",\"width\":199,\"height\":199,\"caption\":\"Cuarteto en la Web\"},\"image\":{\"@id\":\"http:\\\/\\\/cuartetoenlaweb.com.ar\\\/sitio\\\/#\\\/schema\\\/logo\\\/image\\\/\"}}]}<\/script>\n<!-- \/ Yoast SEO plugin. -->","yoast_head_json":{"title":"Juana Viale confes\u00f3 los problemas que padece Mirtha Legrand en medio de la preocupaci\u00f3n por su salud - Cuarteto en la Web","robots":{"index":"index","follow":"follow","max-snippet":"max-snippet:-1","max-image-preview":"max-image-preview:large","max-video-preview":"max-video-preview:-1"},"canonical":"https:\/\/cuartetoenlaweb.com.ar\/sitio\/juana-viale-confeso-los-problemas-que-padece-mirtha-legrand-en-medio-de-la-preocupacion-por-su-salud\/","og_locale":"es_ES","og_type":"article","og_title":"Juana Viale confes\u00f3 los problemas que padece Mirtha Legrand en medio de la preocupaci\u00f3n por su salud - Cuarteto en la Web","og_description":"La nueva ausencia de Mirtha Legrand en su programa volvi\u00f3","og_url":"https:\/\/cuartetoenlaweb.com.ar\/sitio\/juana-viale-confeso-los-problemas-que-padece-mirtha-legrand-en-medio-de-la-preocupacion-por-su-salud\/","og_site_name":"Cuarteto en la Web","article_published_time":"2026-04-26T16:59:43+00:00","og_image":[{"url":"https:\/\/www.paparazzi.com.ar\/wp-content\/uploads\/2026\/04\/allegra-cubero-mica-viciconte-15-359x226.jpg","type":"","width":"","height":""}],"twitter_card":"summary_large_image","twitter_misc":{"Tiempo de lectura":"3 minutos"},"schema":{"@context":"https:\/\/schema.org","@graph":[{"@type":"Article","@id":"https:\/\/cuartetoenlaweb.com.ar\/sitio\/juana-viale-confeso-los-problemas-que-padece-mirtha-legrand-en-medio-de-la-preocupacion-por-su-salud\/#article","isPartOf":{"@id":"https:\/\/cuartetoenlaweb.com.ar\/sitio\/juana-viale-confeso-los-problemas-que-padece-mirtha-legrand-en-medio-de-la-preocupacion-por-su-salud\/"},"author":{"name":"","@id":""},"headline":"Juana Viale confes\u00f3 los problemas que padece Mirtha Legrand en medio de la preocupaci\u00f3n por su salud","datePublished":"2026-04-26T16:59:43+00:00","mainEntityOfPage":{"@id":"https:\/\/cuartetoenlaweb.com.ar\/sitio\/juana-viale-confeso-los-problemas-que-padece-mirtha-legrand-en-medio-de-la-preocupacion-por-su-salud\/"},"wordCount":634,"publisher":{"@id":"http:\/\/cuartetoenlaweb.com.ar\/sitio\/#organization"},"image":{"@id":"https:\/\/cuartetoenlaweb.com.ar\/sitio\/juana-viale-confeso-los-problemas-que-padece-mirtha-legrand-en-medio-de-la-preocupacion-por-su-salud\/#primaryimage"},"thumbnailUrl":"https:\/\/cuartetoenlaweb.com.ar\/sitio\/wp-content\/uploads\/2026\/04\/allegra-cubero-mica-viciconte-15-359x226-2.jpg","articleSection":["ESPECT\u00c1CULO"],"inLanguage":"es"},{"@type":"WebPage","@id":"https:\/\/cuartetoenlaweb.com.ar\/sitio\/juana-viale-confeso-los-problemas-que-padece-mirtha-legrand-en-medio-de-la-preocupacion-por-su-salud\/","url":"https:\/\/cuartetoenlaweb.com.ar\/sitio\/juana-viale-confeso-los-problemas-que-padece-mirtha-legrand-en-medio-de-la-preocupacion-por-su-salud\/","name":"Juana Viale confes\u00f3 los problemas que padece Mirtha Legrand en medio de la preocupaci\u00f3n por su salud - Cuarteto en la Web","isPartOf":{"@id":"http:\/\/cuartetoenlaweb.com.ar\/sitio\/#website"},"primaryImageOfPage":{"@id":"https:\/\/cuartetoenlaweb.com.ar\/sitio\/juana-viale-confeso-los-problemas-que-padece-mirtha-legrand-en-medio-de-la-preocupacion-por-su-salud\/#primaryimage"},"image":{"@id":"https:\/\/cuartetoenlaweb.com.ar\/sitio\/juana-viale-confeso-los-problemas-que-padece-mirtha-legrand-en-medio-de-la-preocupacion-por-su-salud\/#primaryimage"},"thumbnailUrl":"https:\/\/cuartetoenlaweb.com.ar\/sitio\/wp-content\/uploads\/2026\/04\/allegra-cubero-mica-viciconte-15-359x226-2.jpg","datePublished":"2026-04-26T16:59:43+00:00","breadcrumb":{"@id":"https:\/\/cuartetoenlaweb.com.ar\/sitio\/juana-viale-confeso-los-problemas-que-padece-mirtha-legrand-en-medio-de-la-preocupacion-por-su-salud\/#breadcrumb"},"inLanguage":"es","potentialAction":[{"@type":"ReadAction","target":["https:\/\/cuartetoenlaweb.com.ar\/sitio\/juana-viale-confeso-los-problemas-que-padece-mirtha-legrand-en-medio-de-la-preocupacion-por-su-salud\/"]}]},{"@type":"ImageObject","inLanguage":"es","@id":"https:\/\/cuartetoenlaweb.com.ar\/sitio\/juana-viale-confeso-los-problemas-que-padece-mirtha-legrand-en-medio-de-la-preocupacion-por-su-salud\/#primaryimage","url":"https:\/\/cuartetoenlaweb.com.ar\/sitio\/wp-content\/uploads\/2026\/04\/allegra-cubero-mica-viciconte-15-359x226-2.jpg","contentUrl":"https:\/\/cuartetoenlaweb.com.ar\/sitio\/wp-content\/uploads\/2026\/04\/allegra-cubero-mica-viciconte-15-359x226-2.jpg","width":359,"height":226},{"@type":"BreadcrumbList","@id":"https:\/\/cuartetoenlaweb.com.ar\/sitio\/juana-viale-confeso-los-problemas-que-padece-mirtha-legrand-en-medio-de-la-preocupacion-por-su-salud\/#breadcrumb","itemListElement":[{"@type":"ListItem","position":1,"name":"Portada","item":"http:\/\/cuartetoenlaweb.com.ar\/sitio\/"},{"@type":"ListItem","position":2,"name":"Juana Viale confes\u00f3 los problemas que padece Mirtha Legrand en medio de la preocupaci\u00f3n por su salud"}]},{"@type":"WebSite","@id":"http:\/\/cuartetoenlaweb.com.ar\/sitio\/#website","url":"http:\/\/cuartetoenlaweb.com.ar\/sitio\/","name":"Cuarteto en la Web","description":"","publisher":{"@id":"http:\/\/cuartetoenlaweb.com.ar\/sitio\/#organization"},"potentialAction":[{"@type":"SearchAction","target":{"@type":"EntryPoint","urlTemplate":"http:\/\/cuartetoenlaweb.com.ar\/sitio\/?s={search_term_string}"},"query-input":{"@type":"PropertyValueSpecification","valueRequired":true,"valueName":"search_term_string"}}],"inLanguage":"es"},{"@type":"Organization","@id":"http:\/\/cuartetoenlaweb.com.ar\/sitio\/#organization","name":"Cuarteto en la Web","url":"http:\/\/cuartetoenlaweb.com.ar\/sitio\/","logo":{"@type":"ImageObject","inLanguage":"es","@id":"http:\/\/cuartetoenlaweb.com.ar\/sitio\/#\/schema\/logo\/image\/","url":"https:\/\/cuartetoenlaweb.com.ar\/sitio\/wp-content\/uploads\/2025\/07\/cropped-cropped-logitoweb21.png","contentUrl":"https:\/\/cuartetoenlaweb.com.ar\/sitio\/wp-content\/uploads\/2025\/07\/cropped-cropped-logitoweb21.png","width":199,"height":199,"caption":"Cuarteto en la Web"},"image":{"@id":"http:\/\/cuartetoenlaweb.com.ar\/sitio\/#\/schema\/logo\/image\/"}}]}},"_links":{"self":[{"href":"https:\/\/cuartetoenlaweb.com.ar\/sitio\/wp-json\/wp\/v2\/posts\/18972","targetHints":{"allow":["GET"]}}],"collection":[{"href":"https:\/\/cuartetoenlaweb.com.ar\/sitio\/wp-json\/wp\/v2\/posts"}],"about":[{"href":"https:\/\/cuartetoenlaweb.com.ar\/sitio\/wp-json\/wp\/v2\/types\/post"}],"replies":[{"embeddable":true,"href":"https:\/\/cuartetoenlaweb.com.ar\/sitio\/wp-json\/wp\/v2\/comments?post=18972"}],"version-history":[{"count":0,"href":"https:\/\/cuartetoenlaweb.com.ar\/sitio\/wp-json\/wp\/v2\/posts\/18972\/revisions"}],"wp:featuredmedia":[{"embeddable":true,"href":"https:\/\/cuartetoenlaweb.com.ar\/sitio\/wp-json\/wp\/v2\/media\/18973"}],"wp:attachment":[{"href":"https:\/\/cuartetoenlaweb.com.ar\/sitio\/wp-json\/wp\/v2\/media?parent=18972"}],"wp:term":[{"taxonomy":"category","embeddable":true,"href":"https:\/\/cuartetoenlaweb.com.ar\/sitio\/wp-json\/wp\/v2\/categories?post=18972"},{"taxonomy":"post_tag","embeddable":true,"href":"https:\/\/cuartetoenlaweb.com.ar\/sitio\/wp-json\/wp\/v2\/tags?post=18972"}],"curies":[{"name":"wp","href":"https:\/\/api.w.org\/{rel}","templated":true}]}}