
{"id":18970,"date":"2026-04-26T13:59:42","date_gmt":"2026-04-26T16:59:42","guid":{"rendered":"https:\/\/cuartetoenlaweb.com.ar\/sitio\/exploto-todo-se-filtro-la-pelea-que-provoco-el-vestido-de-15-de-allegra-por-venganza-contra-nicole-neumann\/"},"modified":"2026-04-26T13:59:42","modified_gmt":"2026-04-26T16:59:42","slug":"exploto-todo-se-filtro-la-pelea-que-provoco-el-vestido-de-15-de-allegra-por-venganza-contra-nicole-neumann","status":"publish","type":"post","link":"https:\/\/cuartetoenlaweb.com.ar\/sitio\/exploto-todo-se-filtro-la-pelea-que-provoco-el-vestido-de-15-de-allegra-por-venganza-contra-nicole-neumann\/","title":{"rendered":"Explot\u00f3 todo: se filtr\u00f3 la pelea que provoc\u00f3 el vestido de 15 de Allegra por venganza contra Nicole Neumann"},"content":{"rendered":"<p>La fiesta de 15 de <strong>Allegra Cubero<\/strong> promet\u00eda ser una noche inolvidable. Y lo fue. Hubo despliegue, emoci\u00f3n, una puesta impactante y toda la expectativa que arrastr\u00f3 durante meses un evento atravesado por la interna familiar. Pero en medio de todo esto hubo un detalle clave: el vestido principal que us\u00f3 la ni\u00f1a, el cual eligi\u00f3 junto a su mam\u00e1<strong> Nicole Neumann<\/strong> y que en su momento estuvo muy bajo la lupa.<\/p>\n<p>Porque despu\u00e9s de la fiesta de 15 y cuando parec\u00eda que el tema empezaba a calmarse, empez\u00f3 a hacerse una pregunta. \u00bfPor qu\u00e9 <strong>Laurencio Adot<\/strong> -el dise\u00f1ador del vestido de <strong><a href=\"https:\/\/www.paparazzi.com.ar\/teve\/mica-viciconte-conto-como-fue-la-fiesta-de-15-anos-de-allegra-tras-su-pelea-con-nicole-neumann\/\">Allegra<\/a><\/strong>&#8211; no fue invitado?. Y si bien es verdad que no hab\u00eda una \u201cobligaci\u00f3n\u201d para hacerlo, el detalle llama fuertemente la atenci\u00f3n. \u00bfQui\u00e9n lo dej\u00f3 afuera de la lista?<\/p>\n<p><strong>Adot<\/strong> confeccion\u00f3 los vestidos de la cumplea\u00f1era y, pese a su rol central en una noche tan importante, no estuvo invitado al cumplea\u00f1os de <strong>Allegra<\/strong>. El dato no pas\u00f3 desapercibido porque, cuando la adolescente celebr\u00f3 sus primeros 15 en febrero, en aquella fiesta que organiz\u00f3 <strong><a href=\"https:\/\/www.paparazzi.com.ar\/teve\/la-foto-que-expone-la-verdadera-relacion-de-allegra-con-mica-viciconte-tras-el-escandalo-con-nicole-neumann\/\">Nicole<\/a><\/strong>, el dise\u00f1ador estuvo en el evento y hasta hubo fotos con la joven protagonista. Pero ahora, en esta celebraci\u00f3n que estuvo a cargo de <strong>Fabi\u00e1n Cubero<\/strong> y <strong>Mica Viciconte<\/strong>, el hombre no fue invitado.<\/p>\n<div class=\"mt-box \">\n<h4 class=\"mt-heading\">Mir\u00e1 Tambi\u00e9n<\/h4>\n<p><a href=\"https:\/\/www.paparazzi.com.ar\/romances\/la-contundente-foto-de-rodrigo-de-paul-en-medio-de-la-polemica-infidelidad-a-tini-stoessel-con-flor-regidor\/\"><\/p>\n<div class=\"mt-content\">\n<div class=\"mt-image-container\"><img decoding=\"async\" src=\"https:\/\/www.paparazzi.com.ar\/wp-content\/uploads\/2026\/04\/Rodrigo-de-Paul-Tini-Stoessel-Flor-Regidor-359x226.jpg\" alt=\"La fuerte foto de Rodrigo de Paul en medio de la pol\u00e9mica infidelidad a Tini Stoessel con Flor Regidor\" class=\"mt-image\" loading=\"lazy\" \/><\/div>\n<h5 class=\"mt-title\">La fuerte foto de Rodrigo de Paul en medio de la pol\u00e9mica infidelidad a Tini Stoessel con Flor Regidor<\/h5>\n<\/div>\n<p><\/a><\/div>\n<p>El dato sorprendi\u00f3 porque no se trataba de un actor secundario dentro del festejo. Todo lo contrario. <strong>Adot<\/strong> fue quien trabaj\u00f3 junto a <strong><a href=\"https:\/\/www.paparazzi.com.ar\/teve\/los-looks-de-allegra-cubero-en-su-fiesta-de-15-que-paso-con-el-vestido-que-eligio-con-nicole-neumann\/\">Allegra<\/a><\/strong> en uno de los aspectos m\u00e1s simb\u00f3licos de una fiesta de 15 como lo es el vestido. Y ahora sali\u00f3 un video donde el propio dise\u00f1ador termin\u00f3 confirmando la noticia, lo que hace tensar el conflicto.<\/p>\n<h2 class=\"wp-block-heading\">POR QU\u00c9 EL DISE\u00d1ADOR DEL VESTIDO DE 15 DE ALLEGRA CUBERO NO FUE INVITADO A LA FIESTA<\/h2>\n<p>\u201cNo estoy invitado, pero le hice el vestido y estuvo todo muy bien. Creo que lo va a usar&#8230; digo creo porque ya no s\u00e9&#8230; las chicas cambian\u201d, dijo el dise\u00f1ador en un video de <em>Pronto<\/em>. La bomba sorprendi\u00f3. Porque si bien sus palabras fueron previas al festejo de <strong>Allegra<\/strong>, tambi\u00e9n desliz\u00f3 la posibilidad de que la ni\u00f1a no llegara a usar el vestido. \u00bfSe manej\u00f3 la posibilidad de cambiar el vestido?<\/p>\n<p>En medio de un festejo que ya ven\u00eda cargado de lecturas por la relaci\u00f3n tirante entre <strong>Nicole<\/strong>, <strong>Cubero<\/strong> y <strong>Viciconte<\/strong>, la situaci\u00f3n de <strong>Adot<\/strong> se ley\u00f3 como otro reflejo del clima que rode\u00f3 toda la celebraci\u00f3n. No porque el dise\u00f1ador haya querido entrar en pol\u00e9micas, sino porque su exclusi\u00f3n termin\u00f3 funcionando como un dato m\u00e1s dentro de una trama donde cada movimiento se analiza.<\/p>\n<div class=\"mt-box \">\n<h4 class=\"mt-heading\">Mir\u00e1 Tambi\u00e9n<\/h4>\n<p><a href=\"https:\/\/www.paparazzi.com.ar\/teve\/mica-viciconte-conto-como-fue-la-fiesta-de-15-anos-de-allegra-tras-su-pelea-con-nicole-neumann\/\"><\/p>\n<div class=\"mt-content\">\n<div class=\"mt-image-container\"><img decoding=\"async\" src=\"https:\/\/www.paparazzi.com.ar\/wp-content\/uploads\/2026\/04\/Mica-Viciconte-Allegra-Cubero-2-359x226.jpg\" alt=\"Mica Viciconte cont\u00f3 c\u00f3mo fue la fiesta de 15 a\u00f1os de Allegra tras su pelea con Nicole Neumann\" class=\"mt-image\" loading=\"lazy\" \/><\/div>\n<h5 class=\"mt-title\">Mica Viciconte cont\u00f3 c\u00f3mo fue la fiesta de 15 a\u00f1os de Allegra tras su pelea con Nicole Neumann<\/h5>\n<\/div>\n<p><\/a><\/div>\n<p>Pero hay un dato clave en todo esto: <strong>Laurencio <\/strong>no es una figura ajena en esta historia. Tiene v\u00ednculo con <strong>Neumann<\/strong>, cercan\u00eda construida hace a\u00f1os y, en ese contexto, su palabra ten\u00eda inevitablemente una lectura extra. \u00bfEntonces fueron <strong>Cubero<\/strong> y <strong>Viciconte<\/strong> quienes dejaron afuera al dise\u00f1ador por el v\u00ednculo que tiene con la modelo?&nbsp;<\/p>\n<p>La conexi\u00f3n del profesional de la modelo y <strong>Nicole<\/strong> qued\u00f3 a\u00fan m\u00e1s en evidencia cuando habl\u00f3 de ella y sali\u00f3 a respaldarla p\u00fablicamente. \u201cEst\u00e1 feliz con sus hijas, las acompa\u00f1a siempre y la verdad, la tiene ella. Es una madraza\u201d, asegur\u00f3. Una definici\u00f3n fuerte. Y especialmente sensible en un contexto donde toda la previa de los 15 de <strong>Allegra<\/strong> estuvo atravesada por la tensi\u00f3n familiar.<\/p>\n<div class=\"mt-box \">\n<h4 class=\"mt-heading\">Mir\u00e1 Tambi\u00e9n<\/h4>\n<p><a href=\"https:\/\/www.paparazzi.com.ar\/teve\/la-foto-que-expone-la-verdadera-relacion-de-allegra-con-mica-viciconte-tras-el-escandalo-con-nicole-neumann\/\"><\/p>\n<div class=\"mt-content\">\n<div class=\"mt-image-container\"><img decoding=\"async\" src=\"https:\/\/www.paparazzi.com.ar\/wp-content\/uploads\/2026\/04\/allegra-cubero-mica-viciconte-15-359x226.jpg\" alt=\"La foto que expone la verdadera relaci\u00f3n de Allegra con Mica Viciconte tras el esc\u00e1ndalo con Nicole Neumann\" class=\"mt-image\" loading=\"lazy\" \/><\/div>\n<h5 class=\"mt-title\">La foto que expone la verdadera relaci\u00f3n de Allegra con Mica Viciconte tras el esc\u00e1ndalo con Nicole Neumann<\/h5>\n<\/div>\n<p><\/a><\/div>\n<div class=\"mt-box \">\n<h4 class=\"mt-heading\">Mir\u00e1 Tambi\u00e9n<\/h4>\n<p><a href=\"https:\/\/www.paparazzi.com.ar\/teve\/los-looks-de-allegra-cubero-en-su-fiesta-de-15-que-paso-con-el-vestido-que-eligio-con-nicole-neumann\/\"><\/p>\n<div class=\"mt-content\">\n<div class=\"mt-image-container\"><img decoding=\"async\" src=\"https:\/\/www.paparazzi.com.ar\/wp-content\/uploads\/2026\/04\/Allegra-Cubero-Nicole-Neumann-1-359x226.jpg\" alt=\"Los looks de Allegra Cubero en su fiesta de 15: qu\u00e9 pas\u00f3 con el vestido que eligi\u00f3 con Nicole Neumann\" class=\"mt-image\" loading=\"lazy\" \/><\/div>\n<h5 class=\"mt-title\">Los looks de Allegra Cubero en su fiesta de 15: qu\u00e9 pas\u00f3 con el vestido que eligi\u00f3 con Nicole Neumann<\/h5>\n<\/div>\n<p><\/a><\/div>\n<p>The post <a href=\"https:\/\/www.paparazzi.com.ar\/teve\/exploto-todo-se-filtro-la-pelea-que-provoco-el-vestido-de-15-de-allegra-por-venganza-contra-nicole-neumann\/\">Explot\u00f3 todo: se filtr\u00f3 la pelea que provoc\u00f3 el vestido de 15 de Allegra por venganza contra Nicole Neumann<\/a> appeared first on <a href=\"https:\/\/www.paparazzi.com.ar\">Revista Paparazzi<\/a>.<\/p>\n","protected":false},"excerpt":{"rendered":"<p>La fiesta de 15 de Allegra Cubero promet\u00eda ser una<\/p>\n","protected":false},"author":0,"featured_media":18971,"comment_status":"","ping_status":"","sticky":false,"template":"","format":"standard","meta":{"footnotes":""},"categories":[12],"tags":[],"class_list":["post-18970","post","type-post","status-publish","format-standard","has-post-thumbnail","hentry","category-espectaculo"],"yoast_head":"<!-- This site is optimized with the Yoast SEO plugin v27.4 - https:\/\/yoast.com\/product\/yoast-seo-wordpress\/ -->\n<title>Explot\u00f3 todo: se filtr\u00f3 la pelea que provoc\u00f3 el vestido de 15 de Allegra por venganza contra Nicole Neumann - Cuarteto en la Web<\/title>\n<meta name=\"robots\" content=\"index, follow, max-snippet:-1, max-image-preview:large, max-video-preview:-1\" \/>\n<link rel=\"canonical\" href=\"https:\/\/cuartetoenlaweb.com.ar\/sitio\/exploto-todo-se-filtro-la-pelea-que-provoco-el-vestido-de-15-de-allegra-por-venganza-contra-nicole-neumann\/\" \/>\n<meta property=\"og:locale\" content=\"es_ES\" \/>\n<meta property=\"og:type\" content=\"article\" \/>\n<meta property=\"og:title\" content=\"Explot\u00f3 todo: se filtr\u00f3 la pelea que provoc\u00f3 el vestido de 15 de Allegra por venganza contra Nicole Neumann - Cuarteto en la Web\" \/>\n<meta property=\"og:description\" content=\"La fiesta de 15 de Allegra Cubero promet\u00eda ser una\" \/>\n<meta property=\"og:url\" content=\"https:\/\/cuartetoenlaweb.com.ar\/sitio\/exploto-todo-se-filtro-la-pelea-que-provoco-el-vestido-de-15-de-allegra-por-venganza-contra-nicole-neumann\/\" \/>\n<meta property=\"og:site_name\" content=\"Cuarteto en la Web\" \/>\n<meta property=\"article:published_time\" content=\"2026-04-26T16:59:42+00:00\" \/>\n<meta property=\"og:image\" content=\"https:\/\/www.paparazzi.com.ar\/wp-content\/uploads\/2026\/04\/Rodrigo-de-Paul-Tini-Stoessel-Flor-Regidor-359x226.jpg\" \/>\n<meta name=\"twitter:card\" content=\"summary_large_image\" \/>\n<meta name=\"twitter:label1\" content=\"Tiempo de lectura\" \/>\n\t<meta name=\"twitter:data1\" content=\"3 minutos\" \/>\n<script type=\"application\/ld+json\" class=\"yoast-schema-graph\">{\"@context\":\"https:\\\/\\\/schema.org\",\"@graph\":[{\"@type\":\"Article\",\"@id\":\"https:\\\/\\\/cuartetoenlaweb.com.ar\\\/sitio\\\/exploto-todo-se-filtro-la-pelea-que-provoco-el-vestido-de-15-de-allegra-por-venganza-contra-nicole-neumann\\\/#article\",\"isPartOf\":{\"@id\":\"https:\\\/\\\/cuartetoenlaweb.com.ar\\\/sitio\\\/exploto-todo-se-filtro-la-pelea-que-provoco-el-vestido-de-15-de-allegra-por-venganza-contra-nicole-neumann\\\/\"},\"author\":{\"name\":\"\",\"@id\":\"\"},\"headline\":\"Explot\u00f3 todo: se filtr\u00f3 la pelea que provoc\u00f3 el vestido de 15 de Allegra por venganza contra Nicole Neumann\",\"datePublished\":\"2026-04-26T16:59:42+00:00\",\"mainEntityOfPage\":{\"@id\":\"https:\\\/\\\/cuartetoenlaweb.com.ar\\\/sitio\\\/exploto-todo-se-filtro-la-pelea-que-provoco-el-vestido-de-15-de-allegra-por-venganza-contra-nicole-neumann\\\/\"},\"wordCount\":715,\"publisher\":{\"@id\":\"http:\\\/\\\/cuartetoenlaweb.com.ar\\\/sitio\\\/#organization\"},\"image\":{\"@id\":\"https:\\\/\\\/cuartetoenlaweb.com.ar\\\/sitio\\\/exploto-todo-se-filtro-la-pelea-que-provoco-el-vestido-de-15-de-allegra-por-venganza-contra-nicole-neumann\\\/#primaryimage\"},\"thumbnailUrl\":\"https:\\\/\\\/cuartetoenlaweb.com.ar\\\/sitio\\\/wp-content\\\/uploads\\\/2026\\\/04\\\/Rodrigo-de-Paul-Tini-Stoessel-Flor-Regidor-359x226-2.jpg\",\"articleSection\":[\"ESPECT\u00c1CULO\"],\"inLanguage\":\"es\"},{\"@type\":\"WebPage\",\"@id\":\"https:\\\/\\\/cuartetoenlaweb.com.ar\\\/sitio\\\/exploto-todo-se-filtro-la-pelea-que-provoco-el-vestido-de-15-de-allegra-por-venganza-contra-nicole-neumann\\\/\",\"url\":\"https:\\\/\\\/cuartetoenlaweb.com.ar\\\/sitio\\\/exploto-todo-se-filtro-la-pelea-que-provoco-el-vestido-de-15-de-allegra-por-venganza-contra-nicole-neumann\\\/\",\"name\":\"Explot\u00f3 todo: se filtr\u00f3 la pelea que provoc\u00f3 el vestido de 15 de Allegra por venganza contra Nicole Neumann - Cuarteto en la Web\",\"isPartOf\":{\"@id\":\"http:\\\/\\\/cuartetoenlaweb.com.ar\\\/sitio\\\/#website\"},\"primaryImageOfPage\":{\"@id\":\"https:\\\/\\\/cuartetoenlaweb.com.ar\\\/sitio\\\/exploto-todo-se-filtro-la-pelea-que-provoco-el-vestido-de-15-de-allegra-por-venganza-contra-nicole-neumann\\\/#primaryimage\"},\"image\":{\"@id\":\"https:\\\/\\\/cuartetoenlaweb.com.ar\\\/sitio\\\/exploto-todo-se-filtro-la-pelea-que-provoco-el-vestido-de-15-de-allegra-por-venganza-contra-nicole-neumann\\\/#primaryimage\"},\"thumbnailUrl\":\"https:\\\/\\\/cuartetoenlaweb.com.ar\\\/sitio\\\/wp-content\\\/uploads\\\/2026\\\/04\\\/Rodrigo-de-Paul-Tini-Stoessel-Flor-Regidor-359x226-2.jpg\",\"datePublished\":\"2026-04-26T16:59:42+00:00\",\"breadcrumb\":{\"@id\":\"https:\\\/\\\/cuartetoenlaweb.com.ar\\\/sitio\\\/exploto-todo-se-filtro-la-pelea-que-provoco-el-vestido-de-15-de-allegra-por-venganza-contra-nicole-neumann\\\/#breadcrumb\"},\"inLanguage\":\"es\",\"potentialAction\":[{\"@type\":\"ReadAction\",\"target\":[\"https:\\\/\\\/cuartetoenlaweb.com.ar\\\/sitio\\\/exploto-todo-se-filtro-la-pelea-que-provoco-el-vestido-de-15-de-allegra-por-venganza-contra-nicole-neumann\\\/\"]}]},{\"@type\":\"ImageObject\",\"inLanguage\":\"es\",\"@id\":\"https:\\\/\\\/cuartetoenlaweb.com.ar\\\/sitio\\\/exploto-todo-se-filtro-la-pelea-que-provoco-el-vestido-de-15-de-allegra-por-venganza-contra-nicole-neumann\\\/#primaryimage\",\"url\":\"https:\\\/\\\/cuartetoenlaweb.com.ar\\\/sitio\\\/wp-content\\\/uploads\\\/2026\\\/04\\\/Rodrigo-de-Paul-Tini-Stoessel-Flor-Regidor-359x226-2.jpg\",\"contentUrl\":\"https:\\\/\\\/cuartetoenlaweb.com.ar\\\/sitio\\\/wp-content\\\/uploads\\\/2026\\\/04\\\/Rodrigo-de-Paul-Tini-Stoessel-Flor-Regidor-359x226-2.jpg\",\"width\":359,\"height\":226},{\"@type\":\"BreadcrumbList\",\"@id\":\"https:\\\/\\\/cuartetoenlaweb.com.ar\\\/sitio\\\/exploto-todo-se-filtro-la-pelea-que-provoco-el-vestido-de-15-de-allegra-por-venganza-contra-nicole-neumann\\\/#breadcrumb\",\"itemListElement\":[{\"@type\":\"ListItem\",\"position\":1,\"name\":\"Portada\",\"item\":\"http:\\\/\\\/cuartetoenlaweb.com.ar\\\/sitio\\\/\"},{\"@type\":\"ListItem\",\"position\":2,\"name\":\"Explot\u00f3 todo: se filtr\u00f3 la pelea que provoc\u00f3 el vestido de 15 de Allegra por venganza contra Nicole Neumann\"}]},{\"@type\":\"WebSite\",\"@id\":\"http:\\\/\\\/cuartetoenlaweb.com.ar\\\/sitio\\\/#website\",\"url\":\"http:\\\/\\\/cuartetoenlaweb.com.ar\\\/sitio\\\/\",\"name\":\"Cuarteto en la Web\",\"description\":\"\",\"publisher\":{\"@id\":\"http:\\\/\\\/cuartetoenlaweb.com.ar\\\/sitio\\\/#organization\"},\"potentialAction\":[{\"@type\":\"SearchAction\",\"target\":{\"@type\":\"EntryPoint\",\"urlTemplate\":\"http:\\\/\\\/cuartetoenlaweb.com.ar\\\/sitio\\\/?s={search_term_string}\"},\"query-input\":{\"@type\":\"PropertyValueSpecification\",\"valueRequired\":true,\"valueName\":\"search_term_string\"}}],\"inLanguage\":\"es\"},{\"@type\":\"Organization\",\"@id\":\"http:\\\/\\\/cuartetoenlaweb.com.ar\\\/sitio\\\/#organization\",\"name\":\"Cuarteto en la Web\",\"url\":\"http:\\\/\\\/cuartetoenlaweb.com.ar\\\/sitio\\\/\",\"logo\":{\"@type\":\"ImageObject\",\"inLanguage\":\"es\",\"@id\":\"http:\\\/\\\/cuartetoenlaweb.com.ar\\\/sitio\\\/#\\\/schema\\\/logo\\\/image\\\/\",\"url\":\"https:\\\/\\\/cuartetoenlaweb.com.ar\\\/sitio\\\/wp-content\\\/uploads\\\/2025\\\/07\\\/cropped-cropped-logitoweb21.png\",\"contentUrl\":\"https:\\\/\\\/cuartetoenlaweb.com.ar\\\/sitio\\\/wp-content\\\/uploads\\\/2025\\\/07\\\/cropped-cropped-logitoweb21.png\",\"width\":199,\"height\":199,\"caption\":\"Cuarteto en la Web\"},\"image\":{\"@id\":\"http:\\\/\\\/cuartetoenlaweb.com.ar\\\/sitio\\\/#\\\/schema\\\/logo\\\/image\\\/\"}}]}<\/script>\n<!-- \/ Yoast SEO plugin. -->","yoast_head_json":{"title":"Explot\u00f3 todo: se filtr\u00f3 la pelea que provoc\u00f3 el vestido de 15 de Allegra por venganza contra Nicole Neumann - Cuarteto en la Web","robots":{"index":"index","follow":"follow","max-snippet":"max-snippet:-1","max-image-preview":"max-image-preview:large","max-video-preview":"max-video-preview:-1"},"canonical":"https:\/\/cuartetoenlaweb.com.ar\/sitio\/exploto-todo-se-filtro-la-pelea-que-provoco-el-vestido-de-15-de-allegra-por-venganza-contra-nicole-neumann\/","og_locale":"es_ES","og_type":"article","og_title":"Explot\u00f3 todo: se filtr\u00f3 la pelea que provoc\u00f3 el vestido de 15 de Allegra por venganza contra Nicole Neumann - Cuarteto en la Web","og_description":"La fiesta de 15 de Allegra Cubero promet\u00eda ser una","og_url":"https:\/\/cuartetoenlaweb.com.ar\/sitio\/exploto-todo-se-filtro-la-pelea-que-provoco-el-vestido-de-15-de-allegra-por-venganza-contra-nicole-neumann\/","og_site_name":"Cuarteto en la Web","article_published_time":"2026-04-26T16:59:42+00:00","og_image":[{"url":"https:\/\/www.paparazzi.com.ar\/wp-content\/uploads\/2026\/04\/Rodrigo-de-Paul-Tini-Stoessel-Flor-Regidor-359x226.jpg","type":"","width":"","height":""}],"twitter_card":"summary_large_image","twitter_misc":{"Tiempo de lectura":"3 minutos"},"schema":{"@context":"https:\/\/schema.org","@graph":[{"@type":"Article","@id":"https:\/\/cuartetoenlaweb.com.ar\/sitio\/exploto-todo-se-filtro-la-pelea-que-provoco-el-vestido-de-15-de-allegra-por-venganza-contra-nicole-neumann\/#article","isPartOf":{"@id":"https:\/\/cuartetoenlaweb.com.ar\/sitio\/exploto-todo-se-filtro-la-pelea-que-provoco-el-vestido-de-15-de-allegra-por-venganza-contra-nicole-neumann\/"},"author":{"name":"","@id":""},"headline":"Explot\u00f3 todo: se filtr\u00f3 la pelea que provoc\u00f3 el vestido de 15 de Allegra por venganza contra Nicole Neumann","datePublished":"2026-04-26T16:59:42+00:00","mainEntityOfPage":{"@id":"https:\/\/cuartetoenlaweb.com.ar\/sitio\/exploto-todo-se-filtro-la-pelea-que-provoco-el-vestido-de-15-de-allegra-por-venganza-contra-nicole-neumann\/"},"wordCount":715,"publisher":{"@id":"http:\/\/cuartetoenlaweb.com.ar\/sitio\/#organization"},"image":{"@id":"https:\/\/cuartetoenlaweb.com.ar\/sitio\/exploto-todo-se-filtro-la-pelea-que-provoco-el-vestido-de-15-de-allegra-por-venganza-contra-nicole-neumann\/#primaryimage"},"thumbnailUrl":"https:\/\/cuartetoenlaweb.com.ar\/sitio\/wp-content\/uploads\/2026\/04\/Rodrigo-de-Paul-Tini-Stoessel-Flor-Regidor-359x226-2.jpg","articleSection":["ESPECT\u00c1CULO"],"inLanguage":"es"},{"@type":"WebPage","@id":"https:\/\/cuartetoenlaweb.com.ar\/sitio\/exploto-todo-se-filtro-la-pelea-que-provoco-el-vestido-de-15-de-allegra-por-venganza-contra-nicole-neumann\/","url":"https:\/\/cuartetoenlaweb.com.ar\/sitio\/exploto-todo-se-filtro-la-pelea-que-provoco-el-vestido-de-15-de-allegra-por-venganza-contra-nicole-neumann\/","name":"Explot\u00f3 todo: se filtr\u00f3 la pelea que provoc\u00f3 el vestido de 15 de Allegra por venganza contra Nicole Neumann - Cuarteto en la Web","isPartOf":{"@id":"http:\/\/cuartetoenlaweb.com.ar\/sitio\/#website"},"primaryImageOfPage":{"@id":"https:\/\/cuartetoenlaweb.com.ar\/sitio\/exploto-todo-se-filtro-la-pelea-que-provoco-el-vestido-de-15-de-allegra-por-venganza-contra-nicole-neumann\/#primaryimage"},"image":{"@id":"https:\/\/cuartetoenlaweb.com.ar\/sitio\/exploto-todo-se-filtro-la-pelea-que-provoco-el-vestido-de-15-de-allegra-por-venganza-contra-nicole-neumann\/#primaryimage"},"thumbnailUrl":"https:\/\/cuartetoenlaweb.com.ar\/sitio\/wp-content\/uploads\/2026\/04\/Rodrigo-de-Paul-Tini-Stoessel-Flor-Regidor-359x226-2.jpg","datePublished":"2026-04-26T16:59:42+00:00","breadcrumb":{"@id":"https:\/\/cuartetoenlaweb.com.ar\/sitio\/exploto-todo-se-filtro-la-pelea-que-provoco-el-vestido-de-15-de-allegra-por-venganza-contra-nicole-neumann\/#breadcrumb"},"inLanguage":"es","potentialAction":[{"@type":"ReadAction","target":["https:\/\/cuartetoenlaweb.com.ar\/sitio\/exploto-todo-se-filtro-la-pelea-que-provoco-el-vestido-de-15-de-allegra-por-venganza-contra-nicole-neumann\/"]}]},{"@type":"ImageObject","inLanguage":"es","@id":"https:\/\/cuartetoenlaweb.com.ar\/sitio\/exploto-todo-se-filtro-la-pelea-que-provoco-el-vestido-de-15-de-allegra-por-venganza-contra-nicole-neumann\/#primaryimage","url":"https:\/\/cuartetoenlaweb.com.ar\/sitio\/wp-content\/uploads\/2026\/04\/Rodrigo-de-Paul-Tini-Stoessel-Flor-Regidor-359x226-2.jpg","contentUrl":"https:\/\/cuartetoenlaweb.com.ar\/sitio\/wp-content\/uploads\/2026\/04\/Rodrigo-de-Paul-Tini-Stoessel-Flor-Regidor-359x226-2.jpg","width":359,"height":226},{"@type":"BreadcrumbList","@id":"https:\/\/cuartetoenlaweb.com.ar\/sitio\/exploto-todo-se-filtro-la-pelea-que-provoco-el-vestido-de-15-de-allegra-por-venganza-contra-nicole-neumann\/#breadcrumb","itemListElement":[{"@type":"ListItem","position":1,"name":"Portada","item":"http:\/\/cuartetoenlaweb.com.ar\/sitio\/"},{"@type":"ListItem","position":2,"name":"Explot\u00f3 todo: se filtr\u00f3 la pelea que provoc\u00f3 el vestido de 15 de Allegra por venganza contra Nicole Neumann"}]},{"@type":"WebSite","@id":"http:\/\/cuartetoenlaweb.com.ar\/sitio\/#website","url":"http:\/\/cuartetoenlaweb.com.ar\/sitio\/","name":"Cuarteto en la Web","description":"","publisher":{"@id":"http:\/\/cuartetoenlaweb.com.ar\/sitio\/#organization"},"potentialAction":[{"@type":"SearchAction","target":{"@type":"EntryPoint","urlTemplate":"http:\/\/cuartetoenlaweb.com.ar\/sitio\/?s={search_term_string}"},"query-input":{"@type":"PropertyValueSpecification","valueRequired":true,"valueName":"search_term_string"}}],"inLanguage":"es"},{"@type":"Organization","@id":"http:\/\/cuartetoenlaweb.com.ar\/sitio\/#organization","name":"Cuarteto en la Web","url":"http:\/\/cuartetoenlaweb.com.ar\/sitio\/","logo":{"@type":"ImageObject","inLanguage":"es","@id":"http:\/\/cuartetoenlaweb.com.ar\/sitio\/#\/schema\/logo\/image\/","url":"https:\/\/cuartetoenlaweb.com.ar\/sitio\/wp-content\/uploads\/2025\/07\/cropped-cropped-logitoweb21.png","contentUrl":"https:\/\/cuartetoenlaweb.com.ar\/sitio\/wp-content\/uploads\/2025\/07\/cropped-cropped-logitoweb21.png","width":199,"height":199,"caption":"Cuarteto en la Web"},"image":{"@id":"http:\/\/cuartetoenlaweb.com.ar\/sitio\/#\/schema\/logo\/image\/"}}]}},"_links":{"self":[{"href":"https:\/\/cuartetoenlaweb.com.ar\/sitio\/wp-json\/wp\/v2\/posts\/18970","targetHints":{"allow":["GET"]}}],"collection":[{"href":"https:\/\/cuartetoenlaweb.com.ar\/sitio\/wp-json\/wp\/v2\/posts"}],"about":[{"href":"https:\/\/cuartetoenlaweb.com.ar\/sitio\/wp-json\/wp\/v2\/types\/post"}],"replies":[{"embeddable":true,"href":"https:\/\/cuartetoenlaweb.com.ar\/sitio\/wp-json\/wp\/v2\/comments?post=18970"}],"version-history":[{"count":0,"href":"https:\/\/cuartetoenlaweb.com.ar\/sitio\/wp-json\/wp\/v2\/posts\/18970\/revisions"}],"wp:featuredmedia":[{"embeddable":true,"href":"https:\/\/cuartetoenlaweb.com.ar\/sitio\/wp-json\/wp\/v2\/media\/18971"}],"wp:attachment":[{"href":"https:\/\/cuartetoenlaweb.com.ar\/sitio\/wp-json\/wp\/v2\/media?parent=18970"}],"wp:term":[{"taxonomy":"category","embeddable":true,"href":"https:\/\/cuartetoenlaweb.com.ar\/sitio\/wp-json\/wp\/v2\/categories?post=18970"},{"taxonomy":"post_tag","embeddable":true,"href":"https:\/\/cuartetoenlaweb.com.ar\/sitio\/wp-json\/wp\/v2\/tags?post=18970"}],"curies":[{"name":"wp","href":"https:\/\/api.w.org\/{rel}","templated":true}]}}