
{"id":18966,"date":"2026-04-26T13:59:38","date_gmt":"2026-04-26T16:59:38","guid":{"rendered":"https:\/\/cuartetoenlaweb.com.ar\/sitio\/la-actitud-de-mica-viciconte-y-fabian-cubero-en-la-fiesta-de-15-de-allegra-que-genero-un-escandalo-no-es-la-madre\/"},"modified":"2026-04-26T13:59:38","modified_gmt":"2026-04-26T16:59:38","slug":"la-actitud-de-mica-viciconte-y-fabian-cubero-en-la-fiesta-de-15-de-allegra-que-genero-un-escandalo-no-es-la-madre","status":"publish","type":"post","link":"https:\/\/cuartetoenlaweb.com.ar\/sitio\/la-actitud-de-mica-viciconte-y-fabian-cubero-en-la-fiesta-de-15-de-allegra-que-genero-un-escandalo-no-es-la-madre\/","title":{"rendered":"La actitud de Mica Viciconte y Fabi\u00e1n Cubero en la fiesta de 15 de Allegra que gener\u00f3 un esc\u00e1ndalo: \u201cNo es la madre\u2026\u201d"},"content":{"rendered":"<p>Lo que se pens\u00f3 como una noche inolvidable para <strong>Allegra Cubero<\/strong> volvi\u00f3 a generar una pol\u00e9mica. Porque despu\u00e9s de las luces, el brillo, los vestidos y las im\u00e1genes del megaevento organizado por <strong>Fabi\u00e1n Cubero<\/strong> y <strong>Mica Viciconte<\/strong>, el foco cambi\u00f3 de lugar. Ya no estuvo puesto en la fiesta sino en lo que empez\u00f3 a pasar despu\u00e9s, cuando los videos y las fotos comenzaron a circular en redes y hubo situaciones que a muchos no les cerraron.<\/p>\n<p>Las fotos y videos se mostraron principalmente en la cuenta de Instagram del sal\u00f3n, mostrando la entrada de <strong><a href=\"https:\/\/www.paparazzi.com.ar\/teve\/la-actitud-de-mica-viciconte-y-fabian-cubero-en-la-fiesta-de-15-de-allegra-que-genero-un-escandalo-no-es-la-madre\/\">Allegra<\/a><\/strong>, diferentes momentos en la pista y otros pasajes de la noche. Luego, tanto la cumplea\u00f1era como la familia replicaron ese contenido. Pero en vez de instalar \u00fanicamente la idea de una fiesta so\u00f1ada, las publicaciones despertaron cuestionamientos.<\/p>\n<p>\u00bfEl punto m\u00e1s comentado? El supuesto protagonismo que muchos usuarios percibieron en <strong>Cubero<\/strong> y <strong><a href=\"https:\/\/www.paparazzi.com.ar\/teve\/mica-viciconte-conto-como-fue-la-fiesta-de-15-anos-de-allegra-tras-su-pelea-con-nicole-neumann\/\">Viciconte<\/a><\/strong>, al punto de considerar que, en varias escenas, la atenci\u00f3n parec\u00eda correrse de la homenajeada. Ese fue el eje de una catarata de comentarios, donde la pareja fue bastante criticada por su presencia constante ante las c\u00e1maras.<\/p>\n<div class=\"mt-box \">\n<h4 class=\"mt-heading\">Mir\u00e1 Tambi\u00e9n<\/h4>\n<p><a href=\"https:\/\/www.paparazzi.com.ar\/romances\/la-contundente-foto-de-rodrigo-de-paul-en-medio-de-la-polemica-infidelidad-a-tini-stoessel-con-flor-regidor\/\"><\/p>\n<div class=\"mt-content\">\n<div class=\"mt-image-container\"><img decoding=\"async\" src=\"https:\/\/www.paparazzi.com.ar\/wp-content\/uploads\/2026\/04\/Rodrigo-de-Paul-Tini-Stoessel-Flor-Regidor-359x226.jpg\" alt=\"La fuerte foto de Rodrigo de Paul en medio de la pol\u00e9mica infidelidad a Tini Stoessel con Flor Regidor\" class=\"mt-image\" loading=\"lazy\" \/><\/div>\n<h5 class=\"mt-title\">La fuerte foto de Rodrigo de Paul en medio de la pol\u00e9mica infidelidad a Tini Stoessel con Flor Regidor<\/h5>\n<\/div>\n<p><\/a><\/div>\n<p>Pero este protagonismo de <strong>Mica<\/strong> y <strong><em>Poroto<\/em><\/strong> no fue lo \u00fanico a lo que se apunt\u00f3. Otros fueron m\u00e1s all\u00e1 y cuestionaron incluso decisiones del evento. Especialmente una: que <strong><a href=\"https:\/\/www.paparazzi.com.ar\/teve\/la-foto-que-expone-la-verdadera-relacion-de-allegra-con-mica-viciconte-tras-el-escandalo-con-nicole-neumann\/\">Allegra<\/a><\/strong> hiciera su entrada junto a <strong>Luca<\/strong>, su hermano menor. Si bien esa fue una decisi\u00f3n de la propia cumplea\u00f1era, en redes la escena gener\u00f3 opiniones encontradas para alimentar la guerra que la pareja tiene hace a\u00f1os con <strong>Nicole Neumann<\/strong>.<\/p>\n<h2 class=\"wp-block-heading\">LA OLA DE CR\u00cdTICAS A FABI\u00c1N CUBERO Y MICA VICICONTE POR SU PROTAGONISMO EN LOS 15 DE ALLEGRA CUBERO<\/h2>\n<p>Desde <em>TN Show<\/em> recogieron algunos testimonios que se pudieron ver en las redes, con fuertes ataques hacia <strong>Cubero<\/strong> y <strong>Mica<\/strong>, como si hubiesen querido correr del foco a <strong>Allegra<\/strong>. \u201cNo entend\u00ed, \u00bfde qui\u00e9n era el cumple, de Viciconte o del hijo?\u201d, \u201cImaginate que la hicieron ingresar a la nena protagonista con el nenito! Locura\u201d, \u201cMucho protagonismo de alguien que no es la madre\u201d y \u201cY los figuretis del padre y la Viciconte, salen m\u00e1s ellos que la chica\u201d, fueron algunos de los mensajes.<\/p>\n<p>Pero el debate no qued\u00f3 ah\u00ed. Tambi\u00e9n aparecieron cr\u00edticas por los canjes que hubo en el armado del evento. Esto ya hab\u00eda generado revuelo antes de la fiesta. De hecho varios lo compararon con el festejo que Nicole le hizo a la nena en febrero: \u201cLa mejor fiesta fue la de Nicole, una grasada esta!\u201d, \u201cNunca una dedicatoria hacia la nena abajo del v\u00eddeo. Naaaa el canje es m\u00e1s importante\u201d y \u201cEl cumple con la familia de la mam\u00e1 se vio m\u00e1s divertido y top\u201d.<\/p>\n<div class=\"mt-box \">\n<h4 class=\"mt-heading\">Mir\u00e1 Tambi\u00e9n<\/h4>\n<p><a href=\"https:\/\/www.paparazzi.com.ar\/teve\/la-actitud-de-mica-viciconte-y-fabian-cubero-en-la-fiesta-de-15-de-allegra-que-genero-un-escandalo-no-es-la-madre\/\"><\/p>\n<div class=\"mt-content\">\n<div class=\"mt-image-container\"><img decoding=\"async\" src=\"https:\/\/www.paparazzi.com.ar\/wp-content\/uploads\/2026\/04\/Fabian-Cubero-Mica-Viciconte-Allegra-Cubero-359x226.jpg\" alt=\"La actitud de Mica Viciconte y Fabi\u00e1n Cubero en la fiesta de 15 de Allegra que gener\u00f3 un esc\u00e1ndalo: \u201cNo es la madre\u2026\u201d\" class=\"mt-image\" loading=\"lazy\" \/><\/div>\n<h5 class=\"mt-title\">La actitud de Mica Viciconte y Fabi\u00e1n Cubero en la fiesta de 15 de Allegra que gener\u00f3 un esc\u00e1ndalo: \u201cNo es la madre\u2026\u201d<\/h5>\n<\/div>\n<p><\/a><\/div>\n<p>Hasta hubo incluso referencias al episodio de <strong>Laurencio Adot<\/strong>, el dise\u00f1ador del vestido, cuya ausencia en la fiesta ya hab\u00eda generado comentarios. \u201cFalt\u00f3 agradecer al que realiz\u00f3 el vestido. Ah nooo, pero eso no era canje, era el dise\u00f1ador de Nikita\u201d, dispararon.<\/p>\n<p>En paralelo, algunos comentarios tambi\u00e9n apuntaron al rol de <strong>Cubero<\/strong> dentro de la organizaci\u00f3n. \u201cNi la fiesta de 15 se paga el padre\u201d, \u201cPor fin llego el d\u00eda que pudiste pagar a los del canje con la propaganda\u201d y \u201cEn la vida no es todo canje\u201d. La fiesta de 15 de <strong>Allegra<\/strong>, en esta oportunidad, fue el momento esperado para que muchos en las redes atacaran al exfutbolista y <strong>Viciconte<\/strong> por su eterna pelea con <strong>Nicole<\/strong>. \u00bfY ahora?<\/p>\n<figure class=\"wp-block-image size-large\"><img decoding=\"async\" src=\"https:\/\/www.paparazzi.com.ar\/wp-content\/uploads\/2026\/04\/mica-viciconte-cubero-allegra-1-1024x574.png.webp\" loading=\"lazy\" alt=\"\" class=\"wp-image-475393\" \/><\/figure>\n<figure class=\"wp-block-image size-large\"><img decoding=\"async\" src=\"https:\/\/www.paparazzi.com.ar\/wp-content\/uploads\/2026\/04\/mica-viciconte-cubero-allegra-2-1024x575.png.webp\" loading=\"lazy\" alt=\"\" class=\"wp-image-475394\" \/><\/figure>\n<div class=\"mt-box \">\n<h4 class=\"mt-heading\">Mir\u00e1 Tambi\u00e9n<\/h4>\n<p><a href=\"https:\/\/www.paparazzi.com.ar\/teve\/mica-viciconte-conto-como-fue-la-fiesta-de-15-anos-de-allegra-tras-su-pelea-con-nicole-neumann\/\"><\/p>\n<div class=\"mt-content\">\n<div class=\"mt-image-container\"><img decoding=\"async\" src=\"https:\/\/www.paparazzi.com.ar\/wp-content\/uploads\/2026\/04\/Mica-Viciconte-Allegra-Cubero-2-359x226.jpg\" alt=\"Mica Viciconte cont\u00f3 c\u00f3mo fue la fiesta de 15 a\u00f1os de Allegra tras su pelea con Nicole Neumann\" class=\"mt-image\" loading=\"lazy\" \/><\/div>\n<h5 class=\"mt-title\">Mica Viciconte cont\u00f3 c\u00f3mo fue la fiesta de 15 a\u00f1os de Allegra tras su pelea con Nicole Neumann<\/h5>\n<\/div>\n<p><\/a><\/div>\n<div class=\"mt-box \">\n<h4 class=\"mt-heading\">Mir\u00e1 Tambi\u00e9n<\/h4>\n<p><a href=\"https:\/\/www.paparazzi.com.ar\/teve\/la-foto-que-expone-la-verdadera-relacion-de-allegra-con-mica-viciconte-tras-el-escandalo-con-nicole-neumann\/\"><\/p>\n<div class=\"mt-content\">\n<div class=\"mt-image-container\"><img decoding=\"async\" src=\"https:\/\/www.paparazzi.com.ar\/wp-content\/uploads\/2026\/04\/allegra-cubero-mica-viciconte-15-359x226.jpg\" alt=\"La foto que expone la verdadera relaci\u00f3n de Allegra con Mica Viciconte tras el esc\u00e1ndalo con Nicole Neumann\" class=\"mt-image\" loading=\"lazy\" \/><\/div>\n<h5 class=\"mt-title\">La foto que expone la verdadera relaci\u00f3n de Allegra con Mica Viciconte tras el esc\u00e1ndalo con Nicole Neumann<\/h5>\n<\/div>\n<p><\/a><\/div>\n<p>The post <a href=\"https:\/\/www.paparazzi.com.ar\/teve\/la-actitud-de-mica-viciconte-y-fabian-cubero-en-la-fiesta-de-15-de-allegra-que-genero-un-escandalo-no-es-la-madre\/\">La actitud de Mica Viciconte y Fabi\u00e1n Cubero en la fiesta de 15 de Allegra que gener\u00f3 un esc\u00e1ndalo: \u201cNo es la madre\u2026\u201d<\/a> appeared first on <a href=\"https:\/\/www.paparazzi.com.ar\">Revista Paparazzi<\/a>.<\/p>\n","protected":false},"excerpt":{"rendered":"<p>Lo que se pens\u00f3 como una noche inolvidable para Allegra<\/p>\n","protected":false},"author":0,"featured_media":18967,"comment_status":"","ping_status":"","sticky":false,"template":"","format":"standard","meta":{"footnotes":""},"categories":[12],"tags":[],"class_list":["post-18966","post","type-post","status-publish","format-standard","has-post-thumbnail","hentry","category-espectaculo"],"yoast_head":"<!-- This site is optimized with the Yoast SEO plugin v27.4 - https:\/\/yoast.com\/product\/yoast-seo-wordpress\/ -->\n<title>La actitud de Mica Viciconte y Fabi\u00e1n Cubero en la fiesta de 15 de Allegra que gener\u00f3 un esc\u00e1ndalo: \u201cNo es la madre\u2026\u201d - Cuarteto en la Web<\/title>\n<meta name=\"robots\" content=\"index, follow, max-snippet:-1, max-image-preview:large, max-video-preview:-1\" \/>\n<link rel=\"canonical\" href=\"https:\/\/cuartetoenlaweb.com.ar\/sitio\/la-actitud-de-mica-viciconte-y-fabian-cubero-en-la-fiesta-de-15-de-allegra-que-genero-un-escandalo-no-es-la-madre\/\" \/>\n<meta property=\"og:locale\" content=\"es_ES\" \/>\n<meta property=\"og:type\" content=\"article\" \/>\n<meta property=\"og:title\" content=\"La actitud de Mica Viciconte y Fabi\u00e1n Cubero en la fiesta de 15 de Allegra que gener\u00f3 un esc\u00e1ndalo: \u201cNo es la madre\u2026\u201d - Cuarteto en la Web\" \/>\n<meta property=\"og:description\" content=\"Lo que se pens\u00f3 como una noche inolvidable para Allegra\" \/>\n<meta property=\"og:url\" content=\"https:\/\/cuartetoenlaweb.com.ar\/sitio\/la-actitud-de-mica-viciconte-y-fabian-cubero-en-la-fiesta-de-15-de-allegra-que-genero-un-escandalo-no-es-la-madre\/\" \/>\n<meta property=\"og:site_name\" content=\"Cuarteto en la Web\" \/>\n<meta property=\"article:published_time\" content=\"2026-04-26T16:59:38+00:00\" \/>\n<meta property=\"og:image\" content=\"https:\/\/www.paparazzi.com.ar\/wp-content\/uploads\/2026\/04\/Rodrigo-de-Paul-Tini-Stoessel-Flor-Regidor-359x226.jpg\" \/>\n<meta name=\"twitter:card\" content=\"summary_large_image\" \/>\n<meta name=\"twitter:label1\" content=\"Tiempo de lectura\" \/>\n\t<meta name=\"twitter:data1\" content=\"4 minutos\" \/>\n<script type=\"application\/ld+json\" class=\"yoast-schema-graph\">{\"@context\":\"https:\\\/\\\/schema.org\",\"@graph\":[{\"@type\":\"Article\",\"@id\":\"https:\\\/\\\/cuartetoenlaweb.com.ar\\\/sitio\\\/la-actitud-de-mica-viciconte-y-fabian-cubero-en-la-fiesta-de-15-de-allegra-que-genero-un-escandalo-no-es-la-madre\\\/#article\",\"isPartOf\":{\"@id\":\"https:\\\/\\\/cuartetoenlaweb.com.ar\\\/sitio\\\/la-actitud-de-mica-viciconte-y-fabian-cubero-en-la-fiesta-de-15-de-allegra-que-genero-un-escandalo-no-es-la-madre\\\/\"},\"author\":{\"name\":\"\",\"@id\":\"\"},\"headline\":\"La actitud de Mica Viciconte y Fabi\u00e1n Cubero en la fiesta de 15 de Allegra que gener\u00f3 un esc\u00e1ndalo: \u201cNo es la madre\u2026\u201d\",\"datePublished\":\"2026-04-26T16:59:38+00:00\",\"mainEntityOfPage\":{\"@id\":\"https:\\\/\\\/cuartetoenlaweb.com.ar\\\/sitio\\\/la-actitud-de-mica-viciconte-y-fabian-cubero-en-la-fiesta-de-15-de-allegra-que-genero-un-escandalo-no-es-la-madre\\\/\"},\"wordCount\":740,\"publisher\":{\"@id\":\"http:\\\/\\\/cuartetoenlaweb.com.ar\\\/sitio\\\/#organization\"},\"image\":{\"@id\":\"https:\\\/\\\/cuartetoenlaweb.com.ar\\\/sitio\\\/la-actitud-de-mica-viciconte-y-fabian-cubero-en-la-fiesta-de-15-de-allegra-que-genero-un-escandalo-no-es-la-madre\\\/#primaryimage\"},\"thumbnailUrl\":\"https:\\\/\\\/cuartetoenlaweb.com.ar\\\/sitio\\\/wp-content\\\/uploads\\\/2026\\\/04\\\/Rodrigo-de-Paul-Tini-Stoessel-Flor-Regidor-359x226-1.jpg\",\"articleSection\":[\"ESPECT\u00c1CULO\"],\"inLanguage\":\"es\"},{\"@type\":\"WebPage\",\"@id\":\"https:\\\/\\\/cuartetoenlaweb.com.ar\\\/sitio\\\/la-actitud-de-mica-viciconte-y-fabian-cubero-en-la-fiesta-de-15-de-allegra-que-genero-un-escandalo-no-es-la-madre\\\/\",\"url\":\"https:\\\/\\\/cuartetoenlaweb.com.ar\\\/sitio\\\/la-actitud-de-mica-viciconte-y-fabian-cubero-en-la-fiesta-de-15-de-allegra-que-genero-un-escandalo-no-es-la-madre\\\/\",\"name\":\"La actitud de Mica Viciconte y Fabi\u00e1n Cubero en la fiesta de 15 de Allegra que gener\u00f3 un esc\u00e1ndalo: \u201cNo es la madre\u2026\u201d - Cuarteto en la Web\",\"isPartOf\":{\"@id\":\"http:\\\/\\\/cuartetoenlaweb.com.ar\\\/sitio\\\/#website\"},\"primaryImageOfPage\":{\"@id\":\"https:\\\/\\\/cuartetoenlaweb.com.ar\\\/sitio\\\/la-actitud-de-mica-viciconte-y-fabian-cubero-en-la-fiesta-de-15-de-allegra-que-genero-un-escandalo-no-es-la-madre\\\/#primaryimage\"},\"image\":{\"@id\":\"https:\\\/\\\/cuartetoenlaweb.com.ar\\\/sitio\\\/la-actitud-de-mica-viciconte-y-fabian-cubero-en-la-fiesta-de-15-de-allegra-que-genero-un-escandalo-no-es-la-madre\\\/#primaryimage\"},\"thumbnailUrl\":\"https:\\\/\\\/cuartetoenlaweb.com.ar\\\/sitio\\\/wp-content\\\/uploads\\\/2026\\\/04\\\/Rodrigo-de-Paul-Tini-Stoessel-Flor-Regidor-359x226-1.jpg\",\"datePublished\":\"2026-04-26T16:59:38+00:00\",\"breadcrumb\":{\"@id\":\"https:\\\/\\\/cuartetoenlaweb.com.ar\\\/sitio\\\/la-actitud-de-mica-viciconte-y-fabian-cubero-en-la-fiesta-de-15-de-allegra-que-genero-un-escandalo-no-es-la-madre\\\/#breadcrumb\"},\"inLanguage\":\"es\",\"potentialAction\":[{\"@type\":\"ReadAction\",\"target\":[\"https:\\\/\\\/cuartetoenlaweb.com.ar\\\/sitio\\\/la-actitud-de-mica-viciconte-y-fabian-cubero-en-la-fiesta-de-15-de-allegra-que-genero-un-escandalo-no-es-la-madre\\\/\"]}]},{\"@type\":\"ImageObject\",\"inLanguage\":\"es\",\"@id\":\"https:\\\/\\\/cuartetoenlaweb.com.ar\\\/sitio\\\/la-actitud-de-mica-viciconte-y-fabian-cubero-en-la-fiesta-de-15-de-allegra-que-genero-un-escandalo-no-es-la-madre\\\/#primaryimage\",\"url\":\"https:\\\/\\\/cuartetoenlaweb.com.ar\\\/sitio\\\/wp-content\\\/uploads\\\/2026\\\/04\\\/Rodrigo-de-Paul-Tini-Stoessel-Flor-Regidor-359x226-1.jpg\",\"contentUrl\":\"https:\\\/\\\/cuartetoenlaweb.com.ar\\\/sitio\\\/wp-content\\\/uploads\\\/2026\\\/04\\\/Rodrigo-de-Paul-Tini-Stoessel-Flor-Regidor-359x226-1.jpg\",\"width\":359,\"height\":226},{\"@type\":\"BreadcrumbList\",\"@id\":\"https:\\\/\\\/cuartetoenlaweb.com.ar\\\/sitio\\\/la-actitud-de-mica-viciconte-y-fabian-cubero-en-la-fiesta-de-15-de-allegra-que-genero-un-escandalo-no-es-la-madre\\\/#breadcrumb\",\"itemListElement\":[{\"@type\":\"ListItem\",\"position\":1,\"name\":\"Portada\",\"item\":\"http:\\\/\\\/cuartetoenlaweb.com.ar\\\/sitio\\\/\"},{\"@type\":\"ListItem\",\"position\":2,\"name\":\"La actitud de Mica Viciconte y Fabi\u00e1n Cubero en la fiesta de 15 de Allegra que gener\u00f3 un esc\u00e1ndalo: \u201cNo es la madre\u2026\u201d\"}]},{\"@type\":\"WebSite\",\"@id\":\"http:\\\/\\\/cuartetoenlaweb.com.ar\\\/sitio\\\/#website\",\"url\":\"http:\\\/\\\/cuartetoenlaweb.com.ar\\\/sitio\\\/\",\"name\":\"Cuarteto en la Web\",\"description\":\"\",\"publisher\":{\"@id\":\"http:\\\/\\\/cuartetoenlaweb.com.ar\\\/sitio\\\/#organization\"},\"potentialAction\":[{\"@type\":\"SearchAction\",\"target\":{\"@type\":\"EntryPoint\",\"urlTemplate\":\"http:\\\/\\\/cuartetoenlaweb.com.ar\\\/sitio\\\/?s={search_term_string}\"},\"query-input\":{\"@type\":\"PropertyValueSpecification\",\"valueRequired\":true,\"valueName\":\"search_term_string\"}}],\"inLanguage\":\"es\"},{\"@type\":\"Organization\",\"@id\":\"http:\\\/\\\/cuartetoenlaweb.com.ar\\\/sitio\\\/#organization\",\"name\":\"Cuarteto en la Web\",\"url\":\"http:\\\/\\\/cuartetoenlaweb.com.ar\\\/sitio\\\/\",\"logo\":{\"@type\":\"ImageObject\",\"inLanguage\":\"es\",\"@id\":\"http:\\\/\\\/cuartetoenlaweb.com.ar\\\/sitio\\\/#\\\/schema\\\/logo\\\/image\\\/\",\"url\":\"https:\\\/\\\/cuartetoenlaweb.com.ar\\\/sitio\\\/wp-content\\\/uploads\\\/2025\\\/07\\\/cropped-cropped-logitoweb21.png\",\"contentUrl\":\"https:\\\/\\\/cuartetoenlaweb.com.ar\\\/sitio\\\/wp-content\\\/uploads\\\/2025\\\/07\\\/cropped-cropped-logitoweb21.png\",\"width\":199,\"height\":199,\"caption\":\"Cuarteto en la Web\"},\"image\":{\"@id\":\"http:\\\/\\\/cuartetoenlaweb.com.ar\\\/sitio\\\/#\\\/schema\\\/logo\\\/image\\\/\"}}]}<\/script>\n<!-- \/ Yoast SEO plugin. -->","yoast_head_json":{"title":"La actitud de Mica Viciconte y Fabi\u00e1n Cubero en la fiesta de 15 de Allegra que gener\u00f3 un esc\u00e1ndalo: \u201cNo es la madre\u2026\u201d - Cuarteto en la Web","robots":{"index":"index","follow":"follow","max-snippet":"max-snippet:-1","max-image-preview":"max-image-preview:large","max-video-preview":"max-video-preview:-1"},"canonical":"https:\/\/cuartetoenlaweb.com.ar\/sitio\/la-actitud-de-mica-viciconte-y-fabian-cubero-en-la-fiesta-de-15-de-allegra-que-genero-un-escandalo-no-es-la-madre\/","og_locale":"es_ES","og_type":"article","og_title":"La actitud de Mica Viciconte y Fabi\u00e1n Cubero en la fiesta de 15 de Allegra que gener\u00f3 un esc\u00e1ndalo: \u201cNo es la madre\u2026\u201d - Cuarteto en la Web","og_description":"Lo que se pens\u00f3 como una noche inolvidable para Allegra","og_url":"https:\/\/cuartetoenlaweb.com.ar\/sitio\/la-actitud-de-mica-viciconte-y-fabian-cubero-en-la-fiesta-de-15-de-allegra-que-genero-un-escandalo-no-es-la-madre\/","og_site_name":"Cuarteto en la Web","article_published_time":"2026-04-26T16:59:38+00:00","og_image":[{"url":"https:\/\/www.paparazzi.com.ar\/wp-content\/uploads\/2026\/04\/Rodrigo-de-Paul-Tini-Stoessel-Flor-Regidor-359x226.jpg","type":"","width":"","height":""}],"twitter_card":"summary_large_image","twitter_misc":{"Tiempo de lectura":"4 minutos"},"schema":{"@context":"https:\/\/schema.org","@graph":[{"@type":"Article","@id":"https:\/\/cuartetoenlaweb.com.ar\/sitio\/la-actitud-de-mica-viciconte-y-fabian-cubero-en-la-fiesta-de-15-de-allegra-que-genero-un-escandalo-no-es-la-madre\/#article","isPartOf":{"@id":"https:\/\/cuartetoenlaweb.com.ar\/sitio\/la-actitud-de-mica-viciconte-y-fabian-cubero-en-la-fiesta-de-15-de-allegra-que-genero-un-escandalo-no-es-la-madre\/"},"author":{"name":"","@id":""},"headline":"La actitud de Mica Viciconte y Fabi\u00e1n Cubero en la fiesta de 15 de Allegra que gener\u00f3 un esc\u00e1ndalo: \u201cNo es la madre\u2026\u201d","datePublished":"2026-04-26T16:59:38+00:00","mainEntityOfPage":{"@id":"https:\/\/cuartetoenlaweb.com.ar\/sitio\/la-actitud-de-mica-viciconte-y-fabian-cubero-en-la-fiesta-de-15-de-allegra-que-genero-un-escandalo-no-es-la-madre\/"},"wordCount":740,"publisher":{"@id":"http:\/\/cuartetoenlaweb.com.ar\/sitio\/#organization"},"image":{"@id":"https:\/\/cuartetoenlaweb.com.ar\/sitio\/la-actitud-de-mica-viciconte-y-fabian-cubero-en-la-fiesta-de-15-de-allegra-que-genero-un-escandalo-no-es-la-madre\/#primaryimage"},"thumbnailUrl":"https:\/\/cuartetoenlaweb.com.ar\/sitio\/wp-content\/uploads\/2026\/04\/Rodrigo-de-Paul-Tini-Stoessel-Flor-Regidor-359x226-1.jpg","articleSection":["ESPECT\u00c1CULO"],"inLanguage":"es"},{"@type":"WebPage","@id":"https:\/\/cuartetoenlaweb.com.ar\/sitio\/la-actitud-de-mica-viciconte-y-fabian-cubero-en-la-fiesta-de-15-de-allegra-que-genero-un-escandalo-no-es-la-madre\/","url":"https:\/\/cuartetoenlaweb.com.ar\/sitio\/la-actitud-de-mica-viciconte-y-fabian-cubero-en-la-fiesta-de-15-de-allegra-que-genero-un-escandalo-no-es-la-madre\/","name":"La actitud de Mica Viciconte y Fabi\u00e1n Cubero en la fiesta de 15 de Allegra que gener\u00f3 un esc\u00e1ndalo: \u201cNo es la madre\u2026\u201d - Cuarteto en la Web","isPartOf":{"@id":"http:\/\/cuartetoenlaweb.com.ar\/sitio\/#website"},"primaryImageOfPage":{"@id":"https:\/\/cuartetoenlaweb.com.ar\/sitio\/la-actitud-de-mica-viciconte-y-fabian-cubero-en-la-fiesta-de-15-de-allegra-que-genero-un-escandalo-no-es-la-madre\/#primaryimage"},"image":{"@id":"https:\/\/cuartetoenlaweb.com.ar\/sitio\/la-actitud-de-mica-viciconte-y-fabian-cubero-en-la-fiesta-de-15-de-allegra-que-genero-un-escandalo-no-es-la-madre\/#primaryimage"},"thumbnailUrl":"https:\/\/cuartetoenlaweb.com.ar\/sitio\/wp-content\/uploads\/2026\/04\/Rodrigo-de-Paul-Tini-Stoessel-Flor-Regidor-359x226-1.jpg","datePublished":"2026-04-26T16:59:38+00:00","breadcrumb":{"@id":"https:\/\/cuartetoenlaweb.com.ar\/sitio\/la-actitud-de-mica-viciconte-y-fabian-cubero-en-la-fiesta-de-15-de-allegra-que-genero-un-escandalo-no-es-la-madre\/#breadcrumb"},"inLanguage":"es","potentialAction":[{"@type":"ReadAction","target":["https:\/\/cuartetoenlaweb.com.ar\/sitio\/la-actitud-de-mica-viciconte-y-fabian-cubero-en-la-fiesta-de-15-de-allegra-que-genero-un-escandalo-no-es-la-madre\/"]}]},{"@type":"ImageObject","inLanguage":"es","@id":"https:\/\/cuartetoenlaweb.com.ar\/sitio\/la-actitud-de-mica-viciconte-y-fabian-cubero-en-la-fiesta-de-15-de-allegra-que-genero-un-escandalo-no-es-la-madre\/#primaryimage","url":"https:\/\/cuartetoenlaweb.com.ar\/sitio\/wp-content\/uploads\/2026\/04\/Rodrigo-de-Paul-Tini-Stoessel-Flor-Regidor-359x226-1.jpg","contentUrl":"https:\/\/cuartetoenlaweb.com.ar\/sitio\/wp-content\/uploads\/2026\/04\/Rodrigo-de-Paul-Tini-Stoessel-Flor-Regidor-359x226-1.jpg","width":359,"height":226},{"@type":"BreadcrumbList","@id":"https:\/\/cuartetoenlaweb.com.ar\/sitio\/la-actitud-de-mica-viciconte-y-fabian-cubero-en-la-fiesta-de-15-de-allegra-que-genero-un-escandalo-no-es-la-madre\/#breadcrumb","itemListElement":[{"@type":"ListItem","position":1,"name":"Portada","item":"http:\/\/cuartetoenlaweb.com.ar\/sitio\/"},{"@type":"ListItem","position":2,"name":"La actitud de Mica Viciconte y Fabi\u00e1n Cubero en la fiesta de 15 de Allegra que gener\u00f3 un esc\u00e1ndalo: \u201cNo es la madre\u2026\u201d"}]},{"@type":"WebSite","@id":"http:\/\/cuartetoenlaweb.com.ar\/sitio\/#website","url":"http:\/\/cuartetoenlaweb.com.ar\/sitio\/","name":"Cuarteto en la Web","description":"","publisher":{"@id":"http:\/\/cuartetoenlaweb.com.ar\/sitio\/#organization"},"potentialAction":[{"@type":"SearchAction","target":{"@type":"EntryPoint","urlTemplate":"http:\/\/cuartetoenlaweb.com.ar\/sitio\/?s={search_term_string}"},"query-input":{"@type":"PropertyValueSpecification","valueRequired":true,"valueName":"search_term_string"}}],"inLanguage":"es"},{"@type":"Organization","@id":"http:\/\/cuartetoenlaweb.com.ar\/sitio\/#organization","name":"Cuarteto en la Web","url":"http:\/\/cuartetoenlaweb.com.ar\/sitio\/","logo":{"@type":"ImageObject","inLanguage":"es","@id":"http:\/\/cuartetoenlaweb.com.ar\/sitio\/#\/schema\/logo\/image\/","url":"https:\/\/cuartetoenlaweb.com.ar\/sitio\/wp-content\/uploads\/2025\/07\/cropped-cropped-logitoweb21.png","contentUrl":"https:\/\/cuartetoenlaweb.com.ar\/sitio\/wp-content\/uploads\/2025\/07\/cropped-cropped-logitoweb21.png","width":199,"height":199,"caption":"Cuarteto en la Web"},"image":{"@id":"http:\/\/cuartetoenlaweb.com.ar\/sitio\/#\/schema\/logo\/image\/"}}]}},"_links":{"self":[{"href":"https:\/\/cuartetoenlaweb.com.ar\/sitio\/wp-json\/wp\/v2\/posts\/18966","targetHints":{"allow":["GET"]}}],"collection":[{"href":"https:\/\/cuartetoenlaweb.com.ar\/sitio\/wp-json\/wp\/v2\/posts"}],"about":[{"href":"https:\/\/cuartetoenlaweb.com.ar\/sitio\/wp-json\/wp\/v2\/types\/post"}],"replies":[{"embeddable":true,"href":"https:\/\/cuartetoenlaweb.com.ar\/sitio\/wp-json\/wp\/v2\/comments?post=18966"}],"version-history":[{"count":0,"href":"https:\/\/cuartetoenlaweb.com.ar\/sitio\/wp-json\/wp\/v2\/posts\/18966\/revisions"}],"wp:featuredmedia":[{"embeddable":true,"href":"https:\/\/cuartetoenlaweb.com.ar\/sitio\/wp-json\/wp\/v2\/media\/18967"}],"wp:attachment":[{"href":"https:\/\/cuartetoenlaweb.com.ar\/sitio\/wp-json\/wp\/v2\/media?parent=18966"}],"wp:term":[{"taxonomy":"category","embeddable":true,"href":"https:\/\/cuartetoenlaweb.com.ar\/sitio\/wp-json\/wp\/v2\/categories?post=18966"},{"taxonomy":"post_tag","embeddable":true,"href":"https:\/\/cuartetoenlaweb.com.ar\/sitio\/wp-json\/wp\/v2\/tags?post=18966"}],"curies":[{"name":"wp","href":"https:\/\/api.w.org\/{rel}","templated":true}]}}