
{"id":18952,"date":"2026-04-26T01:00:33","date_gmt":"2026-04-26T04:00:33","guid":{"rendered":"https:\/\/cuartetoenlaweb.com.ar\/sitio\/gustavo-carrizo-la-mineria-tiene-que-ser-resiliente-y-estar-preparada-para-los-cambios-del-mercado\/"},"modified":"2026-04-26T01:00:33","modified_gmt":"2026-04-26T04:00:33","slug":"gustavo-carrizo-la-mineria-tiene-que-ser-resiliente-y-estar-preparada-para-los-cambios-del-mercado","status":"publish","type":"post","link":"https:\/\/cuartetoenlaweb.com.ar\/sitio\/gustavo-carrizo-la-mineria-tiene-que-ser-resiliente-y-estar-preparada-para-los-cambios-del-mercado\/","title":{"rendered":"Gustavo Carrizo: &quot;La miner\u00eda tiene que ser resiliente y estar preparada para los cambios del mercado&quot;"},"content":{"rendered":"<p>Con una clara estrategia de desarrollo, Gustavo Carrizo resalta el avance de proyectos clave como el de Taca Taca, la reactivaci\u00f3n de la miner\u00eda y la construcci\u00f3n de infraestructura estrat\u00e9gica como la ruta 51.<\/p>\n<p><strong>\u00bfPuede explicarnos c\u00f3mo est\u00e1 la situaci\u00f3n actual y qu\u00e9 desaf\u00edos tienen en cuanto a la miner\u00eda?<\/strong><\/p>\n<p>Debemos analizar y subrayar el modelo de gesti\u00f3n minera salte\u00f1o. Cuando hablamos de gesti\u00f3n, tengamos en cuenta este concepto: el recurso geol\u00f3gico representa solo el 10% de un proyecto minero. El 90% restante lo representa la gesti\u00f3n, la ingenier\u00eda y el Estado. Eso nos muestra la importancia de la distribuci\u00f3n de estos elementos dentro de un proyecto minero.<\/p>\n<p><strong>\u00bfCu\u00e1l es el objetivo del modelo de gesti\u00f3n minera en Salta?<\/strong><\/p>\n<p>Nuestro modelo es uno de colaboraci\u00f3n compartida, donde el objetivo principal es generar desarrollo y arraigo. Esto no solo lo buscamos en la Secretar\u00eda, sino en toda la provincia.<\/p>\n<p><strong>\u00bfC\u00f3mo se construye este modelo de gesti\u00f3n?<\/strong><\/p>\n<p>Lo construimos con conocimiento, con articulaci\u00f3n, con reglas claras. Ese es el camino para lograr el \u00e9xito en la miner\u00eda.<\/p>\n<p><strong>\u00bfQu\u00e9 opina sobre la importancia de la confianza y la competitividad en la miner\u00eda?<\/strong><\/p>\n<p>El jueves en la jornada de \u00abHablemos de lo que viene\u00bb, se habl\u00f3 de que la confianza y la competitividad son claves para hacer efectiva la inversi\u00f3n. Y eso es lo que estamos haciendo: generamos confianza a trav\u00e9s de un mensaje claro, con previsibilidad y reglas claras.<\/p>\n<p><strong>\u00bfEn qu\u00e9 \u00e1reas han avanzado respecto a estos temas?<\/strong><\/p>\n<p>El viernes, al mediod\u00eda, nos reunimos aqu\u00ed en la Secretar\u00eda de Miner\u00eda con los tres rectores de las universidades de Salta: el rector del UPATECO, el rector de la Universidad Cat\u00f3lica y el rector de la UNSa. Estamos avanzando en una articulaci\u00f3n p\u00fablico-privada para la construcci\u00f3n de la sede de la UNSa en San Antonio de los Cobres, y tambi\u00e9n en potenciar el sistema de pasant\u00edas, que vamos a ampliar mucho m\u00e1s.<\/p>\n<p><strong>\u00bfQu\u00e9 otras acciones est\u00e1n impulsando para mejorar la competitividad en la miner\u00eda?<\/strong><\/p>\n<p>Adem\u00e1s, vamos a participar todos los actores en el IDEMIS, el Instituto de Desarrollo Minero de la Cat\u00f3lica, para generar la competitividad necesaria en el sector. Todo lo que se necesite para aportar a eso, lo debemos hacer.<\/p>\n<p><strong>\u00bfC\u00f3mo valor\u00e1s la eficiencia y celeridad en el trabajo de la Secretar\u00eda?<\/strong><\/p>\n<p>Desde que llegamos a la gesti\u00f3n (en diciembre pasado), ya firm\u00e9 43 impactos ambientales. Adem\u00e1s, hoy (por el viernes) sali\u00f3 el proyecto de oro y plata de Diablillos, que tiene aprobado el RIGI por 760 millones de d\u00f3lares. Se trata de un yacimiento que es compartido con la provincia de Catamarca. Esa es la forma de presentarnos al mundo: con celeridad. Debemos ser inteligentes y aprovechar la ventana de oportunidades que el mundo nos ofrece.<\/p>\n<p><strong>\u00bfC\u00f3mo afecta la transici\u00f3n energ\u00e9tica a la miner\u00eda en Salta?<\/strong><\/p>\n<p>La transici\u00f3n energ\u00e9tica valora la existencia de una oferta y una demanda claras, algo que est\u00e1 ocurriendo en el mundo hoy en d\u00eda. Esto est\u00e1 directamente relacionado con nuestra capacidad de ofrecer recursos en el contexto actual.<\/p>\n<p><strong>Y c\u00f3mo est\u00e1n avanzando con el proyecto de cobre Taca Taca, que es muy esperado por las fuentes de trabajo que crear\u00eda.<\/strong><\/p>\n<p>Taca Taca ya est\u00e1 en la etapa de presentaci\u00f3n del proyecto a la comunidad, un paso muy importante. Ya est\u00e1 casi en su fase final, con una prefactibilidad h\u00eddrica. A\u00fan falta realizar algunos cotejos ambientales, pero est\u00e1 en la \u00faltima etapa del proceso.<\/p>\n<p><strong>\u00bfQu\u00e9 acciones est\u00e1n tomando para apoyar a la comunidad de Tolar Grande?<\/strong><\/p>\n<p>Esta semana estuvimos en Tolar Grande, participando de una agenda ambiental. Le dije a la comunidad que esta Secretar\u00eda estar\u00e1 una vez por mes cumpliendo funciones all\u00ed. Tendremos una oficina que nos cede el Intendente, y cada mes estar\u00e9 all\u00ed para ver lo que necesitan y validar todo lo que hemos venido haciendo.<\/p>\n<p><strong>\u00bfC\u00f3mo ve la reactivaci\u00f3n de la miner\u00eda tras el parate que hubo?<\/strong><\/p>\n<p>La miner\u00eda tiene que ser resiliente. En el caso del litio, por ejemplo, pasamos de valores de 80 mil d\u00f3lares la tonelada a 6 mil, y ahora estamos arriba de los 20 mil. La reactivaci\u00f3n ya est\u00e1 en marcha, y esta semana comenz\u00f3 una campa\u00f1a de exploraci\u00f3n en el salar de R\u00edo Grande, lo que demuestra que la exploraci\u00f3n minera se est\u00e1 reactivando. El futuro est\u00e1 en la exploraci\u00f3n. Tenemos otro proyecto como Pozuelo Pastos Grandes, que requiri\u00f3 ya su admisi\u00f3n en el RIGI. Es un proyecto de 3 mil millones de d\u00f3lares.<\/p>\n<p><strong>\u00bfQu\u00e9 proyectos de exploraci\u00f3n minera est\u00e1n en marcha en Salta?<\/strong><\/p>\n<p>Tenemos 35 proyectos de litio en distintas fases, con 4 proyectos en plena producci\u00f3n. Adem\u00e1s, hay un proyecto de oro en producci\u00f3n, el conocido Lindero. En exploraci\u00f3n, tenemos 25 proyectos metal\u00edferos en distintas etapas.<\/p>\n<p><strong>\u00bfC\u00f3mo est\u00e1 avanzando la infraestructura en Salta para la miner\u00eda?<\/strong><\/p>\n<p>En infraestructura, estamos trabajando en la Ruta 51 desde Quijano hasta San Antonio de los Cobres, con la participaci\u00f3n del sector privado y Vialidad Nacional, en lo que tiene que ver con el mantenimiento. La etapa 1 (que se hace con fondos internacionales) de la licitaci\u00f3n para la ruta desde San Antonio de los Cobres hasta Mina Poma est\u00e1 en proceso, y la etapa 2, que es desde el kil\u00f3metro 18 hasta Chorrillos, ya est\u00e1 en ejecuci\u00f3n. Es una traza nueva que acepta vitrenes. Estamos avanzando ya en la etapa 3, que es desde Chorrillos hasta Campo Amarillo. Eso tambi\u00e9n est\u00e1 en proceso de adjudicaci\u00f3n.<\/p>\n<p><strong>\u00bfC\u00f3mo ven la importancia de la infraestructura en el desarrollo minero?<\/strong><\/p>\n<p>La infraestructura es clave para el desarrollo minero. Sabemos que el coraz\u00f3n del desarrollo minero est\u00e1 en la infraestructura. Estamos avanzando con la Ruta 51 y otras rutas claves que conectan con el Pac\u00edfico y facilitan el transporte de productos.<\/p><\/p>\n","protected":false},"excerpt":{"rendered":"<p>Con una clara estrategia de desarrollo, Gustavo Carrizo resalta el<\/p>\n","protected":false},"author":0,"featured_media":18953,"comment_status":"","ping_status":"","sticky":false,"template":"","format":"standard","meta":{"footnotes":""},"categories":[65],"tags":[],"class_list":["post-18952","post","type-post","status-publish","format-standard","has-post-thumbnail","hentry","category-pais"],"yoast_head":"<!-- This site is optimized with the Yoast SEO plugin v27.4 - https:\/\/yoast.com\/product\/yoast-seo-wordpress\/ -->\n<title>Gustavo Carrizo: &quot;La miner\u00eda tiene que ser resiliente y estar preparada para los cambios del mercado&quot; - Cuarteto en la Web<\/title>\n<meta name=\"robots\" content=\"index, follow, max-snippet:-1, max-image-preview:large, max-video-preview:-1\" \/>\n<link rel=\"canonical\" href=\"https:\/\/cuartetoenlaweb.com.ar\/sitio\/gustavo-carrizo-la-mineria-tiene-que-ser-resiliente-y-estar-preparada-para-los-cambios-del-mercado\/\" \/>\n<meta property=\"og:locale\" content=\"es_ES\" \/>\n<meta property=\"og:type\" content=\"article\" \/>\n<meta property=\"og:title\" content=\"Gustavo Carrizo: &quot;La miner\u00eda tiene que ser resiliente y estar preparada para los cambios del mercado&quot; - Cuarteto en la Web\" \/>\n<meta property=\"og:description\" content=\"Con una clara estrategia de desarrollo, Gustavo Carrizo resalta el\" \/>\n<meta property=\"og:url\" content=\"https:\/\/cuartetoenlaweb.com.ar\/sitio\/gustavo-carrizo-la-mineria-tiene-que-ser-resiliente-y-estar-preparada-para-los-cambios-del-mercado\/\" \/>\n<meta property=\"og:site_name\" content=\"Cuarteto en la Web\" \/>\n<meta property=\"article:published_time\" content=\"2026-04-26T04:00:33+00:00\" \/>\n<meta name=\"twitter:card\" content=\"summary_large_image\" \/>\n<meta name=\"twitter:label1\" content=\"Tiempo de lectura\" \/>\n\t<meta name=\"twitter:data1\" content=\"5 minutos\" \/>\n<script type=\"application\/ld+json\" class=\"yoast-schema-graph\">{\"@context\":\"https:\\\/\\\/schema.org\",\"@graph\":[{\"@type\":\"Article\",\"@id\":\"https:\\\/\\\/cuartetoenlaweb.com.ar\\\/sitio\\\/gustavo-carrizo-la-mineria-tiene-que-ser-resiliente-y-estar-preparada-para-los-cambios-del-mercado\\\/#article\",\"isPartOf\":{\"@id\":\"https:\\\/\\\/cuartetoenlaweb.com.ar\\\/sitio\\\/gustavo-carrizo-la-mineria-tiene-que-ser-resiliente-y-estar-preparada-para-los-cambios-del-mercado\\\/\"},\"author\":{\"name\":\"\",\"@id\":\"\"},\"headline\":\"Gustavo Carrizo: &quot;La miner\u00eda tiene que ser resiliente y estar preparada para los cambios del mercado&quot;\",\"datePublished\":\"2026-04-26T04:00:33+00:00\",\"mainEntityOfPage\":{\"@id\":\"https:\\\/\\\/cuartetoenlaweb.com.ar\\\/sitio\\\/gustavo-carrizo-la-mineria-tiene-que-ser-resiliente-y-estar-preparada-para-los-cambios-del-mercado\\\/\"},\"wordCount\":1039,\"publisher\":{\"@id\":\"http:\\\/\\\/cuartetoenlaweb.com.ar\\\/sitio\\\/#organization\"},\"image\":{\"@id\":\"https:\\\/\\\/cuartetoenlaweb.com.ar\\\/sitio\\\/gustavo-carrizo-la-mineria-tiene-que-ser-resiliente-y-estar-preparada-para-los-cambios-del-mercado\\\/#primaryimage\"},\"thumbnailUrl\":\"https:\\\/\\\/cuartetoenlaweb.com.ar\\\/sitio\\\/wp-content\\\/uploads\\\/2026\\\/04\\\/portadax-181.png\",\"articleSection\":[\"PAIS\"],\"inLanguage\":\"es\"},{\"@type\":\"WebPage\",\"@id\":\"https:\\\/\\\/cuartetoenlaweb.com.ar\\\/sitio\\\/gustavo-carrizo-la-mineria-tiene-que-ser-resiliente-y-estar-preparada-para-los-cambios-del-mercado\\\/\",\"url\":\"https:\\\/\\\/cuartetoenlaweb.com.ar\\\/sitio\\\/gustavo-carrizo-la-mineria-tiene-que-ser-resiliente-y-estar-preparada-para-los-cambios-del-mercado\\\/\",\"name\":\"Gustavo Carrizo: &quot;La miner\u00eda tiene que ser resiliente y estar preparada para los cambios del mercado&quot; - Cuarteto en la Web\",\"isPartOf\":{\"@id\":\"http:\\\/\\\/cuartetoenlaweb.com.ar\\\/sitio\\\/#website\"},\"primaryImageOfPage\":{\"@id\":\"https:\\\/\\\/cuartetoenlaweb.com.ar\\\/sitio\\\/gustavo-carrizo-la-mineria-tiene-que-ser-resiliente-y-estar-preparada-para-los-cambios-del-mercado\\\/#primaryimage\"},\"image\":{\"@id\":\"https:\\\/\\\/cuartetoenlaweb.com.ar\\\/sitio\\\/gustavo-carrizo-la-mineria-tiene-que-ser-resiliente-y-estar-preparada-para-los-cambios-del-mercado\\\/#primaryimage\"},\"thumbnailUrl\":\"https:\\\/\\\/cuartetoenlaweb.com.ar\\\/sitio\\\/wp-content\\\/uploads\\\/2026\\\/04\\\/portadax-181.png\",\"datePublished\":\"2026-04-26T04:00:33+00:00\",\"breadcrumb\":{\"@id\":\"https:\\\/\\\/cuartetoenlaweb.com.ar\\\/sitio\\\/gustavo-carrizo-la-mineria-tiene-que-ser-resiliente-y-estar-preparada-para-los-cambios-del-mercado\\\/#breadcrumb\"},\"inLanguage\":\"es\",\"potentialAction\":[{\"@type\":\"ReadAction\",\"target\":[\"https:\\\/\\\/cuartetoenlaweb.com.ar\\\/sitio\\\/gustavo-carrizo-la-mineria-tiene-que-ser-resiliente-y-estar-preparada-para-los-cambios-del-mercado\\\/\"]}]},{\"@type\":\"ImageObject\",\"inLanguage\":\"es\",\"@id\":\"https:\\\/\\\/cuartetoenlaweb.com.ar\\\/sitio\\\/gustavo-carrizo-la-mineria-tiene-que-ser-resiliente-y-estar-preparada-para-los-cambios-del-mercado\\\/#primaryimage\",\"url\":\"https:\\\/\\\/cuartetoenlaweb.com.ar\\\/sitio\\\/wp-content\\\/uploads\\\/2026\\\/04\\\/portadax-181.png\",\"contentUrl\":\"https:\\\/\\\/cuartetoenlaweb.com.ar\\\/sitio\\\/wp-content\\\/uploads\\\/2026\\\/04\\\/portadax-181.png\",\"width\":1366,\"height\":768},{\"@type\":\"BreadcrumbList\",\"@id\":\"https:\\\/\\\/cuartetoenlaweb.com.ar\\\/sitio\\\/gustavo-carrizo-la-mineria-tiene-que-ser-resiliente-y-estar-preparada-para-los-cambios-del-mercado\\\/#breadcrumb\",\"itemListElement\":[{\"@type\":\"ListItem\",\"position\":1,\"name\":\"Portada\",\"item\":\"http:\\\/\\\/cuartetoenlaweb.com.ar\\\/sitio\\\/\"},{\"@type\":\"ListItem\",\"position\":2,\"name\":\"Gustavo Carrizo: &quot;La miner\u00eda tiene que ser resiliente y estar preparada para los cambios del mercado&quot;\"}]},{\"@type\":\"WebSite\",\"@id\":\"http:\\\/\\\/cuartetoenlaweb.com.ar\\\/sitio\\\/#website\",\"url\":\"http:\\\/\\\/cuartetoenlaweb.com.ar\\\/sitio\\\/\",\"name\":\"Cuarteto en la Web\",\"description\":\"\",\"publisher\":{\"@id\":\"http:\\\/\\\/cuartetoenlaweb.com.ar\\\/sitio\\\/#organization\"},\"potentialAction\":[{\"@type\":\"SearchAction\",\"target\":{\"@type\":\"EntryPoint\",\"urlTemplate\":\"http:\\\/\\\/cuartetoenlaweb.com.ar\\\/sitio\\\/?s={search_term_string}\"},\"query-input\":{\"@type\":\"PropertyValueSpecification\",\"valueRequired\":true,\"valueName\":\"search_term_string\"}}],\"inLanguage\":\"es\"},{\"@type\":\"Organization\",\"@id\":\"http:\\\/\\\/cuartetoenlaweb.com.ar\\\/sitio\\\/#organization\",\"name\":\"Cuarteto en la Web\",\"url\":\"http:\\\/\\\/cuartetoenlaweb.com.ar\\\/sitio\\\/\",\"logo\":{\"@type\":\"ImageObject\",\"inLanguage\":\"es\",\"@id\":\"http:\\\/\\\/cuartetoenlaweb.com.ar\\\/sitio\\\/#\\\/schema\\\/logo\\\/image\\\/\",\"url\":\"https:\\\/\\\/cuartetoenlaweb.com.ar\\\/sitio\\\/wp-content\\\/uploads\\\/2025\\\/07\\\/cropped-cropped-logitoweb21.png\",\"contentUrl\":\"https:\\\/\\\/cuartetoenlaweb.com.ar\\\/sitio\\\/wp-content\\\/uploads\\\/2025\\\/07\\\/cropped-cropped-logitoweb21.png\",\"width\":199,\"height\":199,\"caption\":\"Cuarteto en la Web\"},\"image\":{\"@id\":\"http:\\\/\\\/cuartetoenlaweb.com.ar\\\/sitio\\\/#\\\/schema\\\/logo\\\/image\\\/\"}}]}<\/script>\n<!-- \/ Yoast SEO plugin. -->","yoast_head_json":{"title":"Gustavo Carrizo: &quot;La miner\u00eda tiene que ser resiliente y estar preparada para los cambios del mercado&quot; - Cuarteto en la Web","robots":{"index":"index","follow":"follow","max-snippet":"max-snippet:-1","max-image-preview":"max-image-preview:large","max-video-preview":"max-video-preview:-1"},"canonical":"https:\/\/cuartetoenlaweb.com.ar\/sitio\/gustavo-carrizo-la-mineria-tiene-que-ser-resiliente-y-estar-preparada-para-los-cambios-del-mercado\/","og_locale":"es_ES","og_type":"article","og_title":"Gustavo Carrizo: &quot;La miner\u00eda tiene que ser resiliente y estar preparada para los cambios del mercado&quot; - Cuarteto en la Web","og_description":"Con una clara estrategia de desarrollo, Gustavo Carrizo resalta el","og_url":"https:\/\/cuartetoenlaweb.com.ar\/sitio\/gustavo-carrizo-la-mineria-tiene-que-ser-resiliente-y-estar-preparada-para-los-cambios-del-mercado\/","og_site_name":"Cuarteto en la Web","article_published_time":"2026-04-26T04:00:33+00:00","twitter_card":"summary_large_image","twitter_misc":{"Tiempo de lectura":"5 minutos"},"schema":{"@context":"https:\/\/schema.org","@graph":[{"@type":"Article","@id":"https:\/\/cuartetoenlaweb.com.ar\/sitio\/gustavo-carrizo-la-mineria-tiene-que-ser-resiliente-y-estar-preparada-para-los-cambios-del-mercado\/#article","isPartOf":{"@id":"https:\/\/cuartetoenlaweb.com.ar\/sitio\/gustavo-carrizo-la-mineria-tiene-que-ser-resiliente-y-estar-preparada-para-los-cambios-del-mercado\/"},"author":{"name":"","@id":""},"headline":"Gustavo Carrizo: &quot;La miner\u00eda tiene que ser resiliente y estar preparada para los cambios del mercado&quot;","datePublished":"2026-04-26T04:00:33+00:00","mainEntityOfPage":{"@id":"https:\/\/cuartetoenlaweb.com.ar\/sitio\/gustavo-carrizo-la-mineria-tiene-que-ser-resiliente-y-estar-preparada-para-los-cambios-del-mercado\/"},"wordCount":1039,"publisher":{"@id":"http:\/\/cuartetoenlaweb.com.ar\/sitio\/#organization"},"image":{"@id":"https:\/\/cuartetoenlaweb.com.ar\/sitio\/gustavo-carrizo-la-mineria-tiene-que-ser-resiliente-y-estar-preparada-para-los-cambios-del-mercado\/#primaryimage"},"thumbnailUrl":"https:\/\/cuartetoenlaweb.com.ar\/sitio\/wp-content\/uploads\/2026\/04\/portadax-181.png","articleSection":["PAIS"],"inLanguage":"es"},{"@type":"WebPage","@id":"https:\/\/cuartetoenlaweb.com.ar\/sitio\/gustavo-carrizo-la-mineria-tiene-que-ser-resiliente-y-estar-preparada-para-los-cambios-del-mercado\/","url":"https:\/\/cuartetoenlaweb.com.ar\/sitio\/gustavo-carrizo-la-mineria-tiene-que-ser-resiliente-y-estar-preparada-para-los-cambios-del-mercado\/","name":"Gustavo Carrizo: &quot;La miner\u00eda tiene que ser resiliente y estar preparada para los cambios del mercado&quot; - Cuarteto en la Web","isPartOf":{"@id":"http:\/\/cuartetoenlaweb.com.ar\/sitio\/#website"},"primaryImageOfPage":{"@id":"https:\/\/cuartetoenlaweb.com.ar\/sitio\/gustavo-carrizo-la-mineria-tiene-que-ser-resiliente-y-estar-preparada-para-los-cambios-del-mercado\/#primaryimage"},"image":{"@id":"https:\/\/cuartetoenlaweb.com.ar\/sitio\/gustavo-carrizo-la-mineria-tiene-que-ser-resiliente-y-estar-preparada-para-los-cambios-del-mercado\/#primaryimage"},"thumbnailUrl":"https:\/\/cuartetoenlaweb.com.ar\/sitio\/wp-content\/uploads\/2026\/04\/portadax-181.png","datePublished":"2026-04-26T04:00:33+00:00","breadcrumb":{"@id":"https:\/\/cuartetoenlaweb.com.ar\/sitio\/gustavo-carrizo-la-mineria-tiene-que-ser-resiliente-y-estar-preparada-para-los-cambios-del-mercado\/#breadcrumb"},"inLanguage":"es","potentialAction":[{"@type":"ReadAction","target":["https:\/\/cuartetoenlaweb.com.ar\/sitio\/gustavo-carrizo-la-mineria-tiene-que-ser-resiliente-y-estar-preparada-para-los-cambios-del-mercado\/"]}]},{"@type":"ImageObject","inLanguage":"es","@id":"https:\/\/cuartetoenlaweb.com.ar\/sitio\/gustavo-carrizo-la-mineria-tiene-que-ser-resiliente-y-estar-preparada-para-los-cambios-del-mercado\/#primaryimage","url":"https:\/\/cuartetoenlaweb.com.ar\/sitio\/wp-content\/uploads\/2026\/04\/portadax-181.png","contentUrl":"https:\/\/cuartetoenlaweb.com.ar\/sitio\/wp-content\/uploads\/2026\/04\/portadax-181.png","width":1366,"height":768},{"@type":"BreadcrumbList","@id":"https:\/\/cuartetoenlaweb.com.ar\/sitio\/gustavo-carrizo-la-mineria-tiene-que-ser-resiliente-y-estar-preparada-para-los-cambios-del-mercado\/#breadcrumb","itemListElement":[{"@type":"ListItem","position":1,"name":"Portada","item":"http:\/\/cuartetoenlaweb.com.ar\/sitio\/"},{"@type":"ListItem","position":2,"name":"Gustavo Carrizo: &quot;La miner\u00eda tiene que ser resiliente y estar preparada para los cambios del mercado&quot;"}]},{"@type":"WebSite","@id":"http:\/\/cuartetoenlaweb.com.ar\/sitio\/#website","url":"http:\/\/cuartetoenlaweb.com.ar\/sitio\/","name":"Cuarteto en la Web","description":"","publisher":{"@id":"http:\/\/cuartetoenlaweb.com.ar\/sitio\/#organization"},"potentialAction":[{"@type":"SearchAction","target":{"@type":"EntryPoint","urlTemplate":"http:\/\/cuartetoenlaweb.com.ar\/sitio\/?s={search_term_string}"},"query-input":{"@type":"PropertyValueSpecification","valueRequired":true,"valueName":"search_term_string"}}],"inLanguage":"es"},{"@type":"Organization","@id":"http:\/\/cuartetoenlaweb.com.ar\/sitio\/#organization","name":"Cuarteto en la Web","url":"http:\/\/cuartetoenlaweb.com.ar\/sitio\/","logo":{"@type":"ImageObject","inLanguage":"es","@id":"http:\/\/cuartetoenlaweb.com.ar\/sitio\/#\/schema\/logo\/image\/","url":"https:\/\/cuartetoenlaweb.com.ar\/sitio\/wp-content\/uploads\/2025\/07\/cropped-cropped-logitoweb21.png","contentUrl":"https:\/\/cuartetoenlaweb.com.ar\/sitio\/wp-content\/uploads\/2025\/07\/cropped-cropped-logitoweb21.png","width":199,"height":199,"caption":"Cuarteto en la Web"},"image":{"@id":"http:\/\/cuartetoenlaweb.com.ar\/sitio\/#\/schema\/logo\/image\/"}}]}},"_links":{"self":[{"href":"https:\/\/cuartetoenlaweb.com.ar\/sitio\/wp-json\/wp\/v2\/posts\/18952","targetHints":{"allow":["GET"]}}],"collection":[{"href":"https:\/\/cuartetoenlaweb.com.ar\/sitio\/wp-json\/wp\/v2\/posts"}],"about":[{"href":"https:\/\/cuartetoenlaweb.com.ar\/sitio\/wp-json\/wp\/v2\/types\/post"}],"replies":[{"embeddable":true,"href":"https:\/\/cuartetoenlaweb.com.ar\/sitio\/wp-json\/wp\/v2\/comments?post=18952"}],"version-history":[{"count":0,"href":"https:\/\/cuartetoenlaweb.com.ar\/sitio\/wp-json\/wp\/v2\/posts\/18952\/revisions"}],"wp:featuredmedia":[{"embeddable":true,"href":"https:\/\/cuartetoenlaweb.com.ar\/sitio\/wp-json\/wp\/v2\/media\/18953"}],"wp:attachment":[{"href":"https:\/\/cuartetoenlaweb.com.ar\/sitio\/wp-json\/wp\/v2\/media?parent=18952"}],"wp:term":[{"taxonomy":"category","embeddable":true,"href":"https:\/\/cuartetoenlaweb.com.ar\/sitio\/wp-json\/wp\/v2\/categories?post=18952"},{"taxonomy":"post_tag","embeddable":true,"href":"https:\/\/cuartetoenlaweb.com.ar\/sitio\/wp-json\/wp\/v2\/tags?post=18952"}],"curies":[{"name":"wp","href":"https:\/\/api.w.org\/{rel}","templated":true}]}}