
{"id":18948,"date":"2026-04-26T01:00:27","date_gmt":"2026-04-26T04:00:27","guid":{"rendered":"https:\/\/cuartetoenlaweb.com.ar\/sitio\/ganfeng-lithium-latinoamerica-comunidad-y-sostenibilidad\/"},"modified":"2026-04-26T01:00:27","modified_gmt":"2026-04-26T04:00:27","slug":"ganfeng-lithium-latinoamerica-comunidad-y-sostenibilidad","status":"publish","type":"post","link":"https:\/\/cuartetoenlaweb.com.ar\/sitio\/ganfeng-lithium-latinoamerica-comunidad-y-sostenibilidad\/","title":{"rendered":"Ganfeng Lithium Latinoam\u00e9rica: comunidad y sostenibilidad"},"content":{"rendered":"<p>La compa\u00f1\u00eda de litio consolida su presencia en la provincia con una estrategia basada en el di\u00e1logo, una correcta gesti\u00f3n ambiental y la generaci\u00f3n de energ\u00eda renovable. Tres pilares que la definen en el ciclo \u00abHablemos de lo que viene\u00bb. El gigante Ganfeng Lithium, desde hace a\u00f1os viene invirtiendo y trabajando a partir de tres ejes concretos: el trabajo conjunto con las comunidades, la gesti\u00f3n sostenible de los recursos y la innovaci\u00f3n.<\/p>\n<h3><strong>Transparencia y desarrollo<\/strong><\/h3>\n<p>De origen chino, pero con ADN salte\u00f1o, Ganfeng Lithium Latinoam\u00e9rica opera con una mirada puesta en el largo plazo. En el interior de Salta, especialmente en las zonas cercanas a sus proyectos, la compa\u00f1\u00eda desarrolla programas de capacitaci\u00f3n laboral y promueve la contrataci\u00f3n de mano de obra regional que, actualmente, se encuentra arriba del 80% en su n\u00f3mina. Tambi\u00e9n impulsa compras a peque\u00f1os, medianos y grandes proveedores locales, generando un c\u00edrculo virtuoso que fortalece las econom\u00edas de las zonas de influencia directa. La empresa, trabaja en conjunto con las comunidades, organizaciones, empresas privadas y entidades estatales desarrollando propuestas que derivan en oportunidades reales.<\/p>\n<p><img decoding=\"async\" src=\"https:\/\/uscdn.eltribuno.com\/042026\/1777164229963.jpg\" \/><\/p>\n<p>Recientemente, llevaron adelante una mesa de trabajo junto a UPATECO y la Secretar\u00eda de Miner\u00eda con el objetivo de identificar y relevar las necesidades de formaci\u00f3n especializada que demanda la industria. Asimismo, Ganfeng Lithium Latinoam\u00e9rica desarroll\u00f3 un seminario de empleabilidad destinado a estudiantes y personas interesadas en insertarse laboralmente en la actividad minera, e inaugur\u00f3 un kiosco en el Proyecto Mariana que es operado y administrado por la comunidad de Tolar Grande.<\/p>\n<p>El acompa\u00f1amiento constante a las comunidades constituye uno de los ejes centrales de su identidad corporativa. En esa l\u00ednea, la empresa apoya actividades que ponen en valor el trabajo, la tradici\u00f3n y la cultura local, como la Feria Ganadera de Santa Rosa de los Pastos Grandes \u00abEl futuro me llama\u00bb y la Minga Ambiental de Tolar Grande.<\/p>\n<h3><strong>Gesti\u00f3n ambiental<\/strong><\/h3>\n<p>El segundo pilar que define a Ganfeng Lithium Latinoam\u00e9rica es su enfoque ambiental. La firma posee una planta industrial en el Parque Industrial de Gral Guemes con cero efluentes l\u00edquidos. Adem\u00e1s, implementa sistemas de monitoreo continuo de suelos, limnolog\u00eda y biodiversidad en los sitios donde opera. Cada etapa del proceso productivo est\u00e1 sujeta a est\u00e1ndares internacionales de desempe\u00f1o ambiental.<\/p>\n<h3><strong>Parque solar OFF-GRID<\/strong><\/h3>\n<p>El tercer eje, y quiz\u00e1s el m\u00e1s distintivo, es la construcci\u00f3n de un parque solar propio que funciona independientemente de la red el\u00e9ctrica. Este proyecto, ya en operatividad total, permite que parte significativa de la energ\u00eda utilizada por Ganfeng provenga del sol. Se trata de una decisi\u00f3n estrat\u00e9gica que reduce las emisiones de carbono y al mismo tiempo disminuye la presi\u00f3n sobre el sistema el\u00e9ctrico provincial.<\/p>\n<p><img decoding=\"async\" src=\"https:\/\/uscdn.eltribuno.com\/042026\/1777164228171.jpg\" \/><\/p>\n<p>El parque solar no es un a\u00f1adido m\u00e1s: es una pieza central de la identidad de la compa\u00f1\u00eda en el proyecto m\u00e1s lejano de la Ciudad de Salta, en el Salar de Llullaillaco, al l\u00edmite con Chile donde no existe red el\u00e9ctrica. Con \u00e9l, Ganfeng Lithium Latinoam\u00e9rica demuestra que es posible operar sosteniblemente y aportar a la transici\u00f3n energ\u00e9tica global utilizando energ\u00edas limpias desde el origen.<\/p><\/p>\n","protected":false},"excerpt":{"rendered":"<p>La compa\u00f1\u00eda de litio consolida su presencia en la provincia<\/p>\n","protected":false},"author":0,"featured_media":18949,"comment_status":"","ping_status":"","sticky":false,"template":"","format":"standard","meta":{"footnotes":""},"categories":[65],"tags":[],"class_list":["post-18948","post","type-post","status-publish","format-standard","has-post-thumbnail","hentry","category-pais"],"yoast_head":"<!-- This site is optimized with the Yoast SEO plugin v27.4 - https:\/\/yoast.com\/product\/yoast-seo-wordpress\/ -->\n<title>Ganfeng Lithium Latinoam\u00e9rica: comunidad y sostenibilidad - Cuarteto en la Web<\/title>\n<meta name=\"robots\" content=\"index, follow, max-snippet:-1, max-image-preview:large, max-video-preview:-1\" \/>\n<link rel=\"canonical\" href=\"https:\/\/cuartetoenlaweb.com.ar\/sitio\/ganfeng-lithium-latinoamerica-comunidad-y-sostenibilidad\/\" \/>\n<meta property=\"og:locale\" content=\"es_ES\" \/>\n<meta property=\"og:type\" content=\"article\" \/>\n<meta property=\"og:title\" content=\"Ganfeng Lithium Latinoam\u00e9rica: comunidad y sostenibilidad - Cuarteto en la Web\" \/>\n<meta property=\"og:description\" content=\"La compa\u00f1\u00eda de litio consolida su presencia en la provincia\" \/>\n<meta property=\"og:url\" content=\"https:\/\/cuartetoenlaweb.com.ar\/sitio\/ganfeng-lithium-latinoamerica-comunidad-y-sostenibilidad\/\" \/>\n<meta property=\"og:site_name\" content=\"Cuarteto en la Web\" \/>\n<meta property=\"article:published_time\" content=\"2026-04-26T04:00:27+00:00\" \/>\n<meta property=\"og:image\" content=\"https:\/\/uscdn.eltribuno.com\/042026\/1777164229963.jpg\" \/>\n<meta name=\"twitter:card\" content=\"summary_large_image\" \/>\n<meta name=\"twitter:label1\" content=\"Tiempo de lectura\" \/>\n\t<meta name=\"twitter:data1\" content=\"3 minutos\" \/>\n<script type=\"application\/ld+json\" class=\"yoast-schema-graph\">{\"@context\":\"https:\\\/\\\/schema.org\",\"@graph\":[{\"@type\":\"Article\",\"@id\":\"https:\\\/\\\/cuartetoenlaweb.com.ar\\\/sitio\\\/ganfeng-lithium-latinoamerica-comunidad-y-sostenibilidad\\\/#article\",\"isPartOf\":{\"@id\":\"https:\\\/\\\/cuartetoenlaweb.com.ar\\\/sitio\\\/ganfeng-lithium-latinoamerica-comunidad-y-sostenibilidad\\\/\"},\"author\":{\"name\":\"\",\"@id\":\"\"},\"headline\":\"Ganfeng Lithium Latinoam\u00e9rica: comunidad y sostenibilidad\",\"datePublished\":\"2026-04-26T04:00:27+00:00\",\"mainEntityOfPage\":{\"@id\":\"https:\\\/\\\/cuartetoenlaweb.com.ar\\\/sitio\\\/ganfeng-lithium-latinoamerica-comunidad-y-sostenibilidad\\\/\"},\"wordCount\":560,\"publisher\":{\"@id\":\"http:\\\/\\\/cuartetoenlaweb.com.ar\\\/sitio\\\/#organization\"},\"image\":{\"@id\":\"https:\\\/\\\/cuartetoenlaweb.com.ar\\\/sitio\\\/ganfeng-lithium-latinoamerica-comunidad-y-sostenibilidad\\\/#primaryimage\"},\"thumbnailUrl\":\"https:\\\/\\\/cuartetoenlaweb.com.ar\\\/sitio\\\/wp-content\\\/uploads\\\/2026\\\/04\\\/1777164229963.jpg\",\"articleSection\":[\"PAIS\"],\"inLanguage\":\"es\"},{\"@type\":\"WebPage\",\"@id\":\"https:\\\/\\\/cuartetoenlaweb.com.ar\\\/sitio\\\/ganfeng-lithium-latinoamerica-comunidad-y-sostenibilidad\\\/\",\"url\":\"https:\\\/\\\/cuartetoenlaweb.com.ar\\\/sitio\\\/ganfeng-lithium-latinoamerica-comunidad-y-sostenibilidad\\\/\",\"name\":\"Ganfeng Lithium Latinoam\u00e9rica: comunidad y sostenibilidad - Cuarteto en la Web\",\"isPartOf\":{\"@id\":\"http:\\\/\\\/cuartetoenlaweb.com.ar\\\/sitio\\\/#website\"},\"primaryImageOfPage\":{\"@id\":\"https:\\\/\\\/cuartetoenlaweb.com.ar\\\/sitio\\\/ganfeng-lithium-latinoamerica-comunidad-y-sostenibilidad\\\/#primaryimage\"},\"image\":{\"@id\":\"https:\\\/\\\/cuartetoenlaweb.com.ar\\\/sitio\\\/ganfeng-lithium-latinoamerica-comunidad-y-sostenibilidad\\\/#primaryimage\"},\"thumbnailUrl\":\"https:\\\/\\\/cuartetoenlaweb.com.ar\\\/sitio\\\/wp-content\\\/uploads\\\/2026\\\/04\\\/1777164229963.jpg\",\"datePublished\":\"2026-04-26T04:00:27+00:00\",\"breadcrumb\":{\"@id\":\"https:\\\/\\\/cuartetoenlaweb.com.ar\\\/sitio\\\/ganfeng-lithium-latinoamerica-comunidad-y-sostenibilidad\\\/#breadcrumb\"},\"inLanguage\":\"es\",\"potentialAction\":[{\"@type\":\"ReadAction\",\"target\":[\"https:\\\/\\\/cuartetoenlaweb.com.ar\\\/sitio\\\/ganfeng-lithium-latinoamerica-comunidad-y-sostenibilidad\\\/\"]}]},{\"@type\":\"ImageObject\",\"inLanguage\":\"es\",\"@id\":\"https:\\\/\\\/cuartetoenlaweb.com.ar\\\/sitio\\\/ganfeng-lithium-latinoamerica-comunidad-y-sostenibilidad\\\/#primaryimage\",\"url\":\"https:\\\/\\\/cuartetoenlaweb.com.ar\\\/sitio\\\/wp-content\\\/uploads\\\/2026\\\/04\\\/1777164229963.jpg\",\"contentUrl\":\"https:\\\/\\\/cuartetoenlaweb.com.ar\\\/sitio\\\/wp-content\\\/uploads\\\/2026\\\/04\\\/1777164229963.jpg\",\"width\":1500,\"height\":857},{\"@type\":\"BreadcrumbList\",\"@id\":\"https:\\\/\\\/cuartetoenlaweb.com.ar\\\/sitio\\\/ganfeng-lithium-latinoamerica-comunidad-y-sostenibilidad\\\/#breadcrumb\",\"itemListElement\":[{\"@type\":\"ListItem\",\"position\":1,\"name\":\"Portada\",\"item\":\"http:\\\/\\\/cuartetoenlaweb.com.ar\\\/sitio\\\/\"},{\"@type\":\"ListItem\",\"position\":2,\"name\":\"Ganfeng Lithium Latinoam\u00e9rica: comunidad y sostenibilidad\"}]},{\"@type\":\"WebSite\",\"@id\":\"http:\\\/\\\/cuartetoenlaweb.com.ar\\\/sitio\\\/#website\",\"url\":\"http:\\\/\\\/cuartetoenlaweb.com.ar\\\/sitio\\\/\",\"name\":\"Cuarteto en la Web\",\"description\":\"\",\"publisher\":{\"@id\":\"http:\\\/\\\/cuartetoenlaweb.com.ar\\\/sitio\\\/#organization\"},\"potentialAction\":[{\"@type\":\"SearchAction\",\"target\":{\"@type\":\"EntryPoint\",\"urlTemplate\":\"http:\\\/\\\/cuartetoenlaweb.com.ar\\\/sitio\\\/?s={search_term_string}\"},\"query-input\":{\"@type\":\"PropertyValueSpecification\",\"valueRequired\":true,\"valueName\":\"search_term_string\"}}],\"inLanguage\":\"es\"},{\"@type\":\"Organization\",\"@id\":\"http:\\\/\\\/cuartetoenlaweb.com.ar\\\/sitio\\\/#organization\",\"name\":\"Cuarteto en la Web\",\"url\":\"http:\\\/\\\/cuartetoenlaweb.com.ar\\\/sitio\\\/\",\"logo\":{\"@type\":\"ImageObject\",\"inLanguage\":\"es\",\"@id\":\"http:\\\/\\\/cuartetoenlaweb.com.ar\\\/sitio\\\/#\\\/schema\\\/logo\\\/image\\\/\",\"url\":\"https:\\\/\\\/cuartetoenlaweb.com.ar\\\/sitio\\\/wp-content\\\/uploads\\\/2025\\\/07\\\/cropped-cropped-logitoweb21.png\",\"contentUrl\":\"https:\\\/\\\/cuartetoenlaweb.com.ar\\\/sitio\\\/wp-content\\\/uploads\\\/2025\\\/07\\\/cropped-cropped-logitoweb21.png\",\"width\":199,\"height\":199,\"caption\":\"Cuarteto en la Web\"},\"image\":{\"@id\":\"http:\\\/\\\/cuartetoenlaweb.com.ar\\\/sitio\\\/#\\\/schema\\\/logo\\\/image\\\/\"}}]}<\/script>\n<!-- \/ Yoast SEO plugin. -->","yoast_head_json":{"title":"Ganfeng Lithium Latinoam\u00e9rica: comunidad y sostenibilidad - Cuarteto en la Web","robots":{"index":"index","follow":"follow","max-snippet":"max-snippet:-1","max-image-preview":"max-image-preview:large","max-video-preview":"max-video-preview:-1"},"canonical":"https:\/\/cuartetoenlaweb.com.ar\/sitio\/ganfeng-lithium-latinoamerica-comunidad-y-sostenibilidad\/","og_locale":"es_ES","og_type":"article","og_title":"Ganfeng Lithium Latinoam\u00e9rica: comunidad y sostenibilidad - Cuarteto en la Web","og_description":"La compa\u00f1\u00eda de litio consolida su presencia en la provincia","og_url":"https:\/\/cuartetoenlaweb.com.ar\/sitio\/ganfeng-lithium-latinoamerica-comunidad-y-sostenibilidad\/","og_site_name":"Cuarteto en la Web","article_published_time":"2026-04-26T04:00:27+00:00","og_image":[{"url":"https:\/\/uscdn.eltribuno.com\/042026\/1777164229963.jpg","type":"","width":"","height":""}],"twitter_card":"summary_large_image","twitter_misc":{"Tiempo de lectura":"3 minutos"},"schema":{"@context":"https:\/\/schema.org","@graph":[{"@type":"Article","@id":"https:\/\/cuartetoenlaweb.com.ar\/sitio\/ganfeng-lithium-latinoamerica-comunidad-y-sostenibilidad\/#article","isPartOf":{"@id":"https:\/\/cuartetoenlaweb.com.ar\/sitio\/ganfeng-lithium-latinoamerica-comunidad-y-sostenibilidad\/"},"author":{"name":"","@id":""},"headline":"Ganfeng Lithium Latinoam\u00e9rica: comunidad y sostenibilidad","datePublished":"2026-04-26T04:00:27+00:00","mainEntityOfPage":{"@id":"https:\/\/cuartetoenlaweb.com.ar\/sitio\/ganfeng-lithium-latinoamerica-comunidad-y-sostenibilidad\/"},"wordCount":560,"publisher":{"@id":"http:\/\/cuartetoenlaweb.com.ar\/sitio\/#organization"},"image":{"@id":"https:\/\/cuartetoenlaweb.com.ar\/sitio\/ganfeng-lithium-latinoamerica-comunidad-y-sostenibilidad\/#primaryimage"},"thumbnailUrl":"https:\/\/cuartetoenlaweb.com.ar\/sitio\/wp-content\/uploads\/2026\/04\/1777164229963.jpg","articleSection":["PAIS"],"inLanguage":"es"},{"@type":"WebPage","@id":"https:\/\/cuartetoenlaweb.com.ar\/sitio\/ganfeng-lithium-latinoamerica-comunidad-y-sostenibilidad\/","url":"https:\/\/cuartetoenlaweb.com.ar\/sitio\/ganfeng-lithium-latinoamerica-comunidad-y-sostenibilidad\/","name":"Ganfeng Lithium Latinoam\u00e9rica: comunidad y sostenibilidad - Cuarteto en la Web","isPartOf":{"@id":"http:\/\/cuartetoenlaweb.com.ar\/sitio\/#website"},"primaryImageOfPage":{"@id":"https:\/\/cuartetoenlaweb.com.ar\/sitio\/ganfeng-lithium-latinoamerica-comunidad-y-sostenibilidad\/#primaryimage"},"image":{"@id":"https:\/\/cuartetoenlaweb.com.ar\/sitio\/ganfeng-lithium-latinoamerica-comunidad-y-sostenibilidad\/#primaryimage"},"thumbnailUrl":"https:\/\/cuartetoenlaweb.com.ar\/sitio\/wp-content\/uploads\/2026\/04\/1777164229963.jpg","datePublished":"2026-04-26T04:00:27+00:00","breadcrumb":{"@id":"https:\/\/cuartetoenlaweb.com.ar\/sitio\/ganfeng-lithium-latinoamerica-comunidad-y-sostenibilidad\/#breadcrumb"},"inLanguage":"es","potentialAction":[{"@type":"ReadAction","target":["https:\/\/cuartetoenlaweb.com.ar\/sitio\/ganfeng-lithium-latinoamerica-comunidad-y-sostenibilidad\/"]}]},{"@type":"ImageObject","inLanguage":"es","@id":"https:\/\/cuartetoenlaweb.com.ar\/sitio\/ganfeng-lithium-latinoamerica-comunidad-y-sostenibilidad\/#primaryimage","url":"https:\/\/cuartetoenlaweb.com.ar\/sitio\/wp-content\/uploads\/2026\/04\/1777164229963.jpg","contentUrl":"https:\/\/cuartetoenlaweb.com.ar\/sitio\/wp-content\/uploads\/2026\/04\/1777164229963.jpg","width":1500,"height":857},{"@type":"BreadcrumbList","@id":"https:\/\/cuartetoenlaweb.com.ar\/sitio\/ganfeng-lithium-latinoamerica-comunidad-y-sostenibilidad\/#breadcrumb","itemListElement":[{"@type":"ListItem","position":1,"name":"Portada","item":"http:\/\/cuartetoenlaweb.com.ar\/sitio\/"},{"@type":"ListItem","position":2,"name":"Ganfeng Lithium Latinoam\u00e9rica: comunidad y sostenibilidad"}]},{"@type":"WebSite","@id":"http:\/\/cuartetoenlaweb.com.ar\/sitio\/#website","url":"http:\/\/cuartetoenlaweb.com.ar\/sitio\/","name":"Cuarteto en la Web","description":"","publisher":{"@id":"http:\/\/cuartetoenlaweb.com.ar\/sitio\/#organization"},"potentialAction":[{"@type":"SearchAction","target":{"@type":"EntryPoint","urlTemplate":"http:\/\/cuartetoenlaweb.com.ar\/sitio\/?s={search_term_string}"},"query-input":{"@type":"PropertyValueSpecification","valueRequired":true,"valueName":"search_term_string"}}],"inLanguage":"es"},{"@type":"Organization","@id":"http:\/\/cuartetoenlaweb.com.ar\/sitio\/#organization","name":"Cuarteto en la Web","url":"http:\/\/cuartetoenlaweb.com.ar\/sitio\/","logo":{"@type":"ImageObject","inLanguage":"es","@id":"http:\/\/cuartetoenlaweb.com.ar\/sitio\/#\/schema\/logo\/image\/","url":"https:\/\/cuartetoenlaweb.com.ar\/sitio\/wp-content\/uploads\/2025\/07\/cropped-cropped-logitoweb21.png","contentUrl":"https:\/\/cuartetoenlaweb.com.ar\/sitio\/wp-content\/uploads\/2025\/07\/cropped-cropped-logitoweb21.png","width":199,"height":199,"caption":"Cuarteto en la Web"},"image":{"@id":"http:\/\/cuartetoenlaweb.com.ar\/sitio\/#\/schema\/logo\/image\/"}}]}},"_links":{"self":[{"href":"https:\/\/cuartetoenlaweb.com.ar\/sitio\/wp-json\/wp\/v2\/posts\/18948","targetHints":{"allow":["GET"]}}],"collection":[{"href":"https:\/\/cuartetoenlaweb.com.ar\/sitio\/wp-json\/wp\/v2\/posts"}],"about":[{"href":"https:\/\/cuartetoenlaweb.com.ar\/sitio\/wp-json\/wp\/v2\/types\/post"}],"replies":[{"embeddable":true,"href":"https:\/\/cuartetoenlaweb.com.ar\/sitio\/wp-json\/wp\/v2\/comments?post=18948"}],"version-history":[{"count":0,"href":"https:\/\/cuartetoenlaweb.com.ar\/sitio\/wp-json\/wp\/v2\/posts\/18948\/revisions"}],"wp:featuredmedia":[{"embeddable":true,"href":"https:\/\/cuartetoenlaweb.com.ar\/sitio\/wp-json\/wp\/v2\/media\/18949"}],"wp:attachment":[{"href":"https:\/\/cuartetoenlaweb.com.ar\/sitio\/wp-json\/wp\/v2\/media?parent=18948"}],"wp:term":[{"taxonomy":"category","embeddable":true,"href":"https:\/\/cuartetoenlaweb.com.ar\/sitio\/wp-json\/wp\/v2\/categories?post=18948"},{"taxonomy":"post_tag","embeddable":true,"href":"https:\/\/cuartetoenlaweb.com.ar\/sitio\/wp-json\/wp\/v2\/tags?post=18948"}],"curies":[{"name":"wp","href":"https:\/\/api.w.org\/{rel}","templated":true}]}}