
{"id":18904,"date":"2026-04-25T15:59:43","date_gmt":"2026-04-25T18:59:43","guid":{"rendered":"https:\/\/cuartetoenlaweb.com.ar\/sitio\/en-medio-del-escandalo-de-adorni-el-gobierno-extiende-el-plazo-para-presentar-las-declaraciones-juradas\/"},"modified":"2026-04-25T15:59:43","modified_gmt":"2026-04-25T18:59:43","slug":"en-medio-del-escandalo-de-adorni-el-gobierno-extiende-el-plazo-para-presentar-las-declaraciones-juradas","status":"publish","type":"post","link":"https:\/\/cuartetoenlaweb.com.ar\/sitio\/en-medio-del-escandalo-de-adorni-el-gobierno-extiende-el-plazo-para-presentar-las-declaraciones-juradas\/","title":{"rendered":"En medio del esc\u00e1ndalo de Adorni, el Gobierno extiende el plazo para presentar las declaraciones juradas"},"content":{"rendered":"<p>Buenos Aires, 25 abril (NA)&#8211; La Oficina Anticorrupci\u00f3n (OA) extendi\u00f3 el plazo de presentaci\u00f3n de las declaraciones juradas (DDJJ) de los funcionarios p\u00fablicos, pasando del 31 de mayo al 31 de julio, en medio del esc\u00e1ndalo que envuelve al Jefe de Gabinete, Manuel Adorni, y su presunto enriquecimiento il\u00edcito y la compra de varios inmuebles no declarados.<\/p>\n<p>Seg\u00fan supo la Agencia Noticias Argentinas, la medida fue publicada en la Resoluci\u00f3n 3\/2026 del Bolet\u00edn Oficial. All\u00ed, la titular del organismo, Gabriela Carmen Zangaro, indic\u00f3 que la Agencia de Recaudaci\u00f3n y Control Aduanero (ARCA) \u201cestableci\u00f3 las fechas de vencimiento de las declaraciones fiscales previstas para el a\u00f1o calendario 2018 y subsiguientes, que en el caso de los impuestos a las Ganancias as\u00ed como sobre los Bienes Personales, se producir\u00e1 durante la primera quincena del mes de junio\u201d.<\/p>\n<p>En ese sentido, la resoluci\u00f3n detalla la necesidad de \u201cadecuar la fecha de vencimiento de presentaci\u00f3n de la Declaraci\u00f3n Jurada Patrimonial Integral DJPI) prevista en la Ley N\u00b0 25.188\u201d, a efectos de \u201cbrindar a los funcionarios declarantes un plazo factible para completar la aludida informaci\u00f3n antes de su vencimiento\u201d.<\/p>\n<p>Luego, la OA emiti\u00f3 unc omunicado oficial en donde explaya el trasfondo de la medida: \u201cLa adecuaci\u00f3n del plazo de vencimiento responde a lo dispuesto por la Resoluci\u00f3n General N\u00b0 4354-E\/2018 (ex AFIP, hoy ARCA), que establece que las declaraciones impositivas anuales vencen durante la primera quincena de junio de cada a\u00f1o. En funci\u00f3n de ello, se fij\u00f3 una fecha posterior que permita la correcta integraci\u00f3n de la informaci\u00f3n patrimonial\u201d.<\/p>\n<p>\u201cCabe recordar que la DJPI debe ser presentada en tres momentos: al inicio de la funci\u00f3n p\u00fablica (alta), de manera anual (actualizaci\u00f3n) y al cese en el cargo (baja)\u201d.<\/p>\n<p>Adorni est\u00e1 envuelto en supuestos casos de enriquecimiento il\u00edcito, sumado a diversas denuncias por compras de inmuebles no declarados. Sin embargo, el expediente que se abri\u00f3 por el viaje de su esposa, Bettina Angeletti, en la comitiva presidencial hacia la \u201cArgentina Week\u201d, fue archivada por decisi\u00f3n del juez federal Daniel Rafecas.<\/p>\n<p>La decisi\u00f3n, que se sustenta en la ausencia de delito, fue adoptada tras el dictamen favorable al archivo emitido por la fiscal Alejandra Mangano. Seg\u00fan determin\u00f3 el magistrado Rafecas, en l\u00ednea con el dictamen de la fiscal\u00eda, el viaje no implic\u00f3 un gasto adicional para el Estado ni configur\u00f3 una irregularidad.<\/p>\n<p>Entre los argumentos se destac\u00f3 que hab\u00eda lugares disponibles en la aeronave y que la presencia de la esposa del funcionario no alter\u00f3 los costos del traslado. #AgenciaNA<\/p>\n","protected":false},"excerpt":{"rendered":"<p>Buenos Aires, 25 abril (NA)&#8211; La Oficina Anticorrupci\u00f3n (OA) extendi\u00f3<\/p>\n","protected":false},"author":0,"featured_media":18905,"comment_status":"","ping_status":"","sticky":false,"template":"","format":"standard","meta":{"footnotes":""},"categories":[65],"tags":[],"class_list":["post-18904","post","type-post","status-publish","format-standard","has-post-thumbnail","hentry","category-pais"],"yoast_head":"<!-- This site is optimized with the Yoast SEO plugin v27.4 - https:\/\/yoast.com\/product\/yoast-seo-wordpress\/ -->\n<title>En medio del esc\u00e1ndalo de Adorni, el Gobierno extiende el plazo para presentar las declaraciones juradas - Cuarteto en la Web<\/title>\n<meta name=\"robots\" content=\"index, follow, max-snippet:-1, max-image-preview:large, max-video-preview:-1\" \/>\n<link rel=\"canonical\" href=\"https:\/\/cuartetoenlaweb.com.ar\/sitio\/en-medio-del-escandalo-de-adorni-el-gobierno-extiende-el-plazo-para-presentar-las-declaraciones-juradas\/\" \/>\n<meta property=\"og:locale\" content=\"es_ES\" \/>\n<meta property=\"og:type\" content=\"article\" \/>\n<meta property=\"og:title\" content=\"En medio del esc\u00e1ndalo de Adorni, el Gobierno extiende el plazo para presentar las declaraciones juradas - Cuarteto en la Web\" \/>\n<meta property=\"og:description\" content=\"Buenos Aires, 25 abril (NA)&#8211; La Oficina Anticorrupci\u00f3n (OA) extendi\u00f3\" \/>\n<meta property=\"og:url\" content=\"https:\/\/cuartetoenlaweb.com.ar\/sitio\/en-medio-del-escandalo-de-adorni-el-gobierno-extiende-el-plazo-para-presentar-las-declaraciones-juradas\/\" \/>\n<meta property=\"og:site_name\" content=\"Cuarteto en la Web\" \/>\n<meta property=\"article:published_time\" content=\"2026-04-25T18:59:43+00:00\" \/>\n<meta name=\"twitter:card\" content=\"summary_large_image\" \/>\n<meta name=\"twitter:label1\" content=\"Tiempo de lectura\" \/>\n\t<meta name=\"twitter:data1\" content=\"2 minutos\" \/>\n<script type=\"application\/ld+json\" class=\"yoast-schema-graph\">{\"@context\":\"https:\\\/\\\/schema.org\",\"@graph\":[{\"@type\":\"Article\",\"@id\":\"https:\\\/\\\/cuartetoenlaweb.com.ar\\\/sitio\\\/en-medio-del-escandalo-de-adorni-el-gobierno-extiende-el-plazo-para-presentar-las-declaraciones-juradas\\\/#article\",\"isPartOf\":{\"@id\":\"https:\\\/\\\/cuartetoenlaweb.com.ar\\\/sitio\\\/en-medio-del-escandalo-de-adorni-el-gobierno-extiende-el-plazo-para-presentar-las-declaraciones-juradas\\\/\"},\"author\":{\"name\":\"\",\"@id\":\"\"},\"headline\":\"En medio del esc\u00e1ndalo de Adorni, el Gobierno extiende el plazo para presentar las declaraciones juradas\",\"datePublished\":\"2026-04-25T18:59:43+00:00\",\"mainEntityOfPage\":{\"@id\":\"https:\\\/\\\/cuartetoenlaweb.com.ar\\\/sitio\\\/en-medio-del-escandalo-de-adorni-el-gobierno-extiende-el-plazo-para-presentar-las-declaraciones-juradas\\\/\"},\"wordCount\":455,\"publisher\":{\"@id\":\"http:\\\/\\\/cuartetoenlaweb.com.ar\\\/sitio\\\/#organization\"},\"image\":{\"@id\":\"https:\\\/\\\/cuartetoenlaweb.com.ar\\\/sitio\\\/en-medio-del-escandalo-de-adorni-el-gobierno-extiende-el-plazo-para-presentar-las-declaraciones-juradas\\\/#primaryimage\"},\"thumbnailUrl\":\"https:\\\/\\\/cuartetoenlaweb.com.ar\\\/sitio\\\/wp-content\\\/uploads\\\/2026\\\/04\\\/720-601.jpeg\",\"articleSection\":[\"PAIS\"],\"inLanguage\":\"es\"},{\"@type\":\"WebPage\",\"@id\":\"https:\\\/\\\/cuartetoenlaweb.com.ar\\\/sitio\\\/en-medio-del-escandalo-de-adorni-el-gobierno-extiende-el-plazo-para-presentar-las-declaraciones-juradas\\\/\",\"url\":\"https:\\\/\\\/cuartetoenlaweb.com.ar\\\/sitio\\\/en-medio-del-escandalo-de-adorni-el-gobierno-extiende-el-plazo-para-presentar-las-declaraciones-juradas\\\/\",\"name\":\"En medio del esc\u00e1ndalo de Adorni, el Gobierno extiende el plazo para presentar las declaraciones juradas - Cuarteto en la Web\",\"isPartOf\":{\"@id\":\"http:\\\/\\\/cuartetoenlaweb.com.ar\\\/sitio\\\/#website\"},\"primaryImageOfPage\":{\"@id\":\"https:\\\/\\\/cuartetoenlaweb.com.ar\\\/sitio\\\/en-medio-del-escandalo-de-adorni-el-gobierno-extiende-el-plazo-para-presentar-las-declaraciones-juradas\\\/#primaryimage\"},\"image\":{\"@id\":\"https:\\\/\\\/cuartetoenlaweb.com.ar\\\/sitio\\\/en-medio-del-escandalo-de-adorni-el-gobierno-extiende-el-plazo-para-presentar-las-declaraciones-juradas\\\/#primaryimage\"},\"thumbnailUrl\":\"https:\\\/\\\/cuartetoenlaweb.com.ar\\\/sitio\\\/wp-content\\\/uploads\\\/2026\\\/04\\\/720-601.jpeg\",\"datePublished\":\"2026-04-25T18:59:43+00:00\",\"breadcrumb\":{\"@id\":\"https:\\\/\\\/cuartetoenlaweb.com.ar\\\/sitio\\\/en-medio-del-escandalo-de-adorni-el-gobierno-extiende-el-plazo-para-presentar-las-declaraciones-juradas\\\/#breadcrumb\"},\"inLanguage\":\"es\",\"potentialAction\":[{\"@type\":\"ReadAction\",\"target\":[\"https:\\\/\\\/cuartetoenlaweb.com.ar\\\/sitio\\\/en-medio-del-escandalo-de-adorni-el-gobierno-extiende-el-plazo-para-presentar-las-declaraciones-juradas\\\/\"]}]},{\"@type\":\"ImageObject\",\"inLanguage\":\"es\",\"@id\":\"https:\\\/\\\/cuartetoenlaweb.com.ar\\\/sitio\\\/en-medio-del-escandalo-de-adorni-el-gobierno-extiende-el-plazo-para-presentar-las-declaraciones-juradas\\\/#primaryimage\",\"url\":\"https:\\\/\\\/cuartetoenlaweb.com.ar\\\/sitio\\\/wp-content\\\/uploads\\\/2026\\\/04\\\/720-601.jpeg\",\"contentUrl\":\"https:\\\/\\\/cuartetoenlaweb.com.ar\\\/sitio\\\/wp-content\\\/uploads\\\/2026\\\/04\\\/720-601.jpeg\",\"width\":936,\"height\":720},{\"@type\":\"BreadcrumbList\",\"@id\":\"https:\\\/\\\/cuartetoenlaweb.com.ar\\\/sitio\\\/en-medio-del-escandalo-de-adorni-el-gobierno-extiende-el-plazo-para-presentar-las-declaraciones-juradas\\\/#breadcrumb\",\"itemListElement\":[{\"@type\":\"ListItem\",\"position\":1,\"name\":\"Portada\",\"item\":\"http:\\\/\\\/cuartetoenlaweb.com.ar\\\/sitio\\\/\"},{\"@type\":\"ListItem\",\"position\":2,\"name\":\"En medio del esc\u00e1ndalo de Adorni, el Gobierno extiende el plazo para presentar las declaraciones juradas\"}]},{\"@type\":\"WebSite\",\"@id\":\"http:\\\/\\\/cuartetoenlaweb.com.ar\\\/sitio\\\/#website\",\"url\":\"http:\\\/\\\/cuartetoenlaweb.com.ar\\\/sitio\\\/\",\"name\":\"Cuarteto en la Web\",\"description\":\"\",\"publisher\":{\"@id\":\"http:\\\/\\\/cuartetoenlaweb.com.ar\\\/sitio\\\/#organization\"},\"potentialAction\":[{\"@type\":\"SearchAction\",\"target\":{\"@type\":\"EntryPoint\",\"urlTemplate\":\"http:\\\/\\\/cuartetoenlaweb.com.ar\\\/sitio\\\/?s={search_term_string}\"},\"query-input\":{\"@type\":\"PropertyValueSpecification\",\"valueRequired\":true,\"valueName\":\"search_term_string\"}}],\"inLanguage\":\"es\"},{\"@type\":\"Organization\",\"@id\":\"http:\\\/\\\/cuartetoenlaweb.com.ar\\\/sitio\\\/#organization\",\"name\":\"Cuarteto en la Web\",\"url\":\"http:\\\/\\\/cuartetoenlaweb.com.ar\\\/sitio\\\/\",\"logo\":{\"@type\":\"ImageObject\",\"inLanguage\":\"es\",\"@id\":\"http:\\\/\\\/cuartetoenlaweb.com.ar\\\/sitio\\\/#\\\/schema\\\/logo\\\/image\\\/\",\"url\":\"https:\\\/\\\/cuartetoenlaweb.com.ar\\\/sitio\\\/wp-content\\\/uploads\\\/2025\\\/07\\\/cropped-cropped-logitoweb21.png\",\"contentUrl\":\"https:\\\/\\\/cuartetoenlaweb.com.ar\\\/sitio\\\/wp-content\\\/uploads\\\/2025\\\/07\\\/cropped-cropped-logitoweb21.png\",\"width\":199,\"height\":199,\"caption\":\"Cuarteto en la Web\"},\"image\":{\"@id\":\"http:\\\/\\\/cuartetoenlaweb.com.ar\\\/sitio\\\/#\\\/schema\\\/logo\\\/image\\\/\"}}]}<\/script>\n<!-- \/ Yoast SEO plugin. -->","yoast_head_json":{"title":"En medio del esc\u00e1ndalo de Adorni, el Gobierno extiende el plazo para presentar las declaraciones juradas - Cuarteto en la Web","robots":{"index":"index","follow":"follow","max-snippet":"max-snippet:-1","max-image-preview":"max-image-preview:large","max-video-preview":"max-video-preview:-1"},"canonical":"https:\/\/cuartetoenlaweb.com.ar\/sitio\/en-medio-del-escandalo-de-adorni-el-gobierno-extiende-el-plazo-para-presentar-las-declaraciones-juradas\/","og_locale":"es_ES","og_type":"article","og_title":"En medio del esc\u00e1ndalo de Adorni, el Gobierno extiende el plazo para presentar las declaraciones juradas - Cuarteto en la Web","og_description":"Buenos Aires, 25 abril (NA)&#8211; La Oficina Anticorrupci\u00f3n (OA) extendi\u00f3","og_url":"https:\/\/cuartetoenlaweb.com.ar\/sitio\/en-medio-del-escandalo-de-adorni-el-gobierno-extiende-el-plazo-para-presentar-las-declaraciones-juradas\/","og_site_name":"Cuarteto en la Web","article_published_time":"2026-04-25T18:59:43+00:00","twitter_card":"summary_large_image","twitter_misc":{"Tiempo de lectura":"2 minutos"},"schema":{"@context":"https:\/\/schema.org","@graph":[{"@type":"Article","@id":"https:\/\/cuartetoenlaweb.com.ar\/sitio\/en-medio-del-escandalo-de-adorni-el-gobierno-extiende-el-plazo-para-presentar-las-declaraciones-juradas\/#article","isPartOf":{"@id":"https:\/\/cuartetoenlaweb.com.ar\/sitio\/en-medio-del-escandalo-de-adorni-el-gobierno-extiende-el-plazo-para-presentar-las-declaraciones-juradas\/"},"author":{"name":"","@id":""},"headline":"En medio del esc\u00e1ndalo de Adorni, el Gobierno extiende el plazo para presentar las declaraciones juradas","datePublished":"2026-04-25T18:59:43+00:00","mainEntityOfPage":{"@id":"https:\/\/cuartetoenlaweb.com.ar\/sitio\/en-medio-del-escandalo-de-adorni-el-gobierno-extiende-el-plazo-para-presentar-las-declaraciones-juradas\/"},"wordCount":455,"publisher":{"@id":"http:\/\/cuartetoenlaweb.com.ar\/sitio\/#organization"},"image":{"@id":"https:\/\/cuartetoenlaweb.com.ar\/sitio\/en-medio-del-escandalo-de-adorni-el-gobierno-extiende-el-plazo-para-presentar-las-declaraciones-juradas\/#primaryimage"},"thumbnailUrl":"https:\/\/cuartetoenlaweb.com.ar\/sitio\/wp-content\/uploads\/2026\/04\/720-601.jpeg","articleSection":["PAIS"],"inLanguage":"es"},{"@type":"WebPage","@id":"https:\/\/cuartetoenlaweb.com.ar\/sitio\/en-medio-del-escandalo-de-adorni-el-gobierno-extiende-el-plazo-para-presentar-las-declaraciones-juradas\/","url":"https:\/\/cuartetoenlaweb.com.ar\/sitio\/en-medio-del-escandalo-de-adorni-el-gobierno-extiende-el-plazo-para-presentar-las-declaraciones-juradas\/","name":"En medio del esc\u00e1ndalo de Adorni, el Gobierno extiende el plazo para presentar las declaraciones juradas - Cuarteto en la Web","isPartOf":{"@id":"http:\/\/cuartetoenlaweb.com.ar\/sitio\/#website"},"primaryImageOfPage":{"@id":"https:\/\/cuartetoenlaweb.com.ar\/sitio\/en-medio-del-escandalo-de-adorni-el-gobierno-extiende-el-plazo-para-presentar-las-declaraciones-juradas\/#primaryimage"},"image":{"@id":"https:\/\/cuartetoenlaweb.com.ar\/sitio\/en-medio-del-escandalo-de-adorni-el-gobierno-extiende-el-plazo-para-presentar-las-declaraciones-juradas\/#primaryimage"},"thumbnailUrl":"https:\/\/cuartetoenlaweb.com.ar\/sitio\/wp-content\/uploads\/2026\/04\/720-601.jpeg","datePublished":"2026-04-25T18:59:43+00:00","breadcrumb":{"@id":"https:\/\/cuartetoenlaweb.com.ar\/sitio\/en-medio-del-escandalo-de-adorni-el-gobierno-extiende-el-plazo-para-presentar-las-declaraciones-juradas\/#breadcrumb"},"inLanguage":"es","potentialAction":[{"@type":"ReadAction","target":["https:\/\/cuartetoenlaweb.com.ar\/sitio\/en-medio-del-escandalo-de-adorni-el-gobierno-extiende-el-plazo-para-presentar-las-declaraciones-juradas\/"]}]},{"@type":"ImageObject","inLanguage":"es","@id":"https:\/\/cuartetoenlaweb.com.ar\/sitio\/en-medio-del-escandalo-de-adorni-el-gobierno-extiende-el-plazo-para-presentar-las-declaraciones-juradas\/#primaryimage","url":"https:\/\/cuartetoenlaweb.com.ar\/sitio\/wp-content\/uploads\/2026\/04\/720-601.jpeg","contentUrl":"https:\/\/cuartetoenlaweb.com.ar\/sitio\/wp-content\/uploads\/2026\/04\/720-601.jpeg","width":936,"height":720},{"@type":"BreadcrumbList","@id":"https:\/\/cuartetoenlaweb.com.ar\/sitio\/en-medio-del-escandalo-de-adorni-el-gobierno-extiende-el-plazo-para-presentar-las-declaraciones-juradas\/#breadcrumb","itemListElement":[{"@type":"ListItem","position":1,"name":"Portada","item":"http:\/\/cuartetoenlaweb.com.ar\/sitio\/"},{"@type":"ListItem","position":2,"name":"En medio del esc\u00e1ndalo de Adorni, el Gobierno extiende el plazo para presentar las declaraciones juradas"}]},{"@type":"WebSite","@id":"http:\/\/cuartetoenlaweb.com.ar\/sitio\/#website","url":"http:\/\/cuartetoenlaweb.com.ar\/sitio\/","name":"Cuarteto en la Web","description":"","publisher":{"@id":"http:\/\/cuartetoenlaweb.com.ar\/sitio\/#organization"},"potentialAction":[{"@type":"SearchAction","target":{"@type":"EntryPoint","urlTemplate":"http:\/\/cuartetoenlaweb.com.ar\/sitio\/?s={search_term_string}"},"query-input":{"@type":"PropertyValueSpecification","valueRequired":true,"valueName":"search_term_string"}}],"inLanguage":"es"},{"@type":"Organization","@id":"http:\/\/cuartetoenlaweb.com.ar\/sitio\/#organization","name":"Cuarteto en la Web","url":"http:\/\/cuartetoenlaweb.com.ar\/sitio\/","logo":{"@type":"ImageObject","inLanguage":"es","@id":"http:\/\/cuartetoenlaweb.com.ar\/sitio\/#\/schema\/logo\/image\/","url":"https:\/\/cuartetoenlaweb.com.ar\/sitio\/wp-content\/uploads\/2025\/07\/cropped-cropped-logitoweb21.png","contentUrl":"https:\/\/cuartetoenlaweb.com.ar\/sitio\/wp-content\/uploads\/2025\/07\/cropped-cropped-logitoweb21.png","width":199,"height":199,"caption":"Cuarteto en la Web"},"image":{"@id":"http:\/\/cuartetoenlaweb.com.ar\/sitio\/#\/schema\/logo\/image\/"}}]}},"_links":{"self":[{"href":"https:\/\/cuartetoenlaweb.com.ar\/sitio\/wp-json\/wp\/v2\/posts\/18904","targetHints":{"allow":["GET"]}}],"collection":[{"href":"https:\/\/cuartetoenlaweb.com.ar\/sitio\/wp-json\/wp\/v2\/posts"}],"about":[{"href":"https:\/\/cuartetoenlaweb.com.ar\/sitio\/wp-json\/wp\/v2\/types\/post"}],"replies":[{"embeddable":true,"href":"https:\/\/cuartetoenlaweb.com.ar\/sitio\/wp-json\/wp\/v2\/comments?post=18904"}],"version-history":[{"count":0,"href":"https:\/\/cuartetoenlaweb.com.ar\/sitio\/wp-json\/wp\/v2\/posts\/18904\/revisions"}],"wp:featuredmedia":[{"embeddable":true,"href":"https:\/\/cuartetoenlaweb.com.ar\/sitio\/wp-json\/wp\/v2\/media\/18905"}],"wp:attachment":[{"href":"https:\/\/cuartetoenlaweb.com.ar\/sitio\/wp-json\/wp\/v2\/media?parent=18904"}],"wp:term":[{"taxonomy":"category","embeddable":true,"href":"https:\/\/cuartetoenlaweb.com.ar\/sitio\/wp-json\/wp\/v2\/categories?post=18904"},{"taxonomy":"post_tag","embeddable":true,"href":"https:\/\/cuartetoenlaweb.com.ar\/sitio\/wp-json\/wp\/v2\/tags?post=18904"}],"curies":[{"name":"wp","href":"https:\/\/api.w.org\/{rel}","templated":true}]}}