
{"id":18902,"date":"2026-04-25T15:59:40","date_gmt":"2026-04-25T18:59:40","guid":{"rendered":"https:\/\/cuartetoenlaweb.com.ar\/sitio\/trump-cancelo-el-viaje-de-representantes-de-eeuu-a-pakistan-para-conversaciones-con-iran\/"},"modified":"2026-04-25T15:59:40","modified_gmt":"2026-04-25T18:59:40","slug":"trump-cancelo-el-viaje-de-representantes-de-eeuu-a-pakistan-para-conversaciones-con-iran","status":"publish","type":"post","link":"https:\/\/cuartetoenlaweb.com.ar\/sitio\/trump-cancelo-el-viaje-de-representantes-de-eeuu-a-pakistan-para-conversaciones-con-iran\/","title":{"rendered":"Trump cancel\u00f3 el viaje de representantes de EEUU a Pakist\u00e1n para conversaciones con Ir\u00e1n"},"content":{"rendered":"<p>Buenos Aires, 25 abril (NA) \u2013 El presidente de Estados Unidos, Donald Trump, anunci\u00f3 este s\u00e1bado en las redes sociales que cancel\u00f3 el viaje de los representantes estadounidenses que se dirig\u00edan a Islamabad, Pakist\u00e1n, para reunirse con la parte iran\u00ed.<\/p>\n<p>\u201c\u00a1Se perdi\u00f3 demasiado tiempo viajando, demasiado trabajo! Adem\u00e1s de eso, hay una tremenda lucha interna y confusi\u00f3n dentro de su \u2018liderazgo\u2019. Nadie sabe qui\u00e9n est\u00e1 a cargo, incluy\u00e9ndolos a ellos\u201d, escribi\u00f3 Trump en una publicaci\u00f3n en la red social Truth Social.<\/p>\n<p>El mandatario afirm\u00f3 que \u201cnosotros tenemos todas las cartas, ellos ninguna\u201d, y a\u00f1adi\u00f3 que \u201csi quieren hablar, todo lo que tienen que hacer es llamar\u201d.<\/p>\n<p>M\u00e1s temprano, Trump mencion\u00f3 a Fox News que hab\u00eda cancelado el viaje planeado de su yerno Jared Kushner y del enviado especial Steve Witkoff a Pakist\u00e1n.<\/p>\n<p>#AgenciaNA<\/p>\n","protected":false},"excerpt":{"rendered":"<p>Buenos Aires, 25 abril (NA) \u2013 El presidente de Estados<\/p>\n","protected":false},"author":0,"featured_media":18903,"comment_status":"","ping_status":"","sticky":false,"template":"","format":"standard","meta":{"footnotes":""},"categories":[65],"tags":[],"class_list":["post-18902","post","type-post","status-publish","format-standard","has-post-thumbnail","hentry","category-pais"],"yoast_head":"<!-- This site is optimized with the Yoast SEO plugin v27.4 - https:\/\/yoast.com\/product\/yoast-seo-wordpress\/ -->\n<title>Trump cancel\u00f3 el viaje de representantes de EEUU a Pakist\u00e1n para conversaciones con Ir\u00e1n - Cuarteto en la Web<\/title>\n<meta name=\"robots\" content=\"index, follow, max-snippet:-1, max-image-preview:large, max-video-preview:-1\" \/>\n<link rel=\"canonical\" href=\"https:\/\/cuartetoenlaweb.com.ar\/sitio\/trump-cancelo-el-viaje-de-representantes-de-eeuu-a-pakistan-para-conversaciones-con-iran\/\" \/>\n<meta property=\"og:locale\" content=\"es_ES\" \/>\n<meta property=\"og:type\" content=\"article\" \/>\n<meta property=\"og:title\" content=\"Trump cancel\u00f3 el viaje de representantes de EEUU a Pakist\u00e1n para conversaciones con Ir\u00e1n - Cuarteto en la Web\" \/>\n<meta property=\"og:description\" content=\"Buenos Aires, 25 abril (NA) \u2013 El presidente de Estados\" \/>\n<meta property=\"og:url\" content=\"https:\/\/cuartetoenlaweb.com.ar\/sitio\/trump-cancelo-el-viaje-de-representantes-de-eeuu-a-pakistan-para-conversaciones-con-iran\/\" \/>\n<meta property=\"og:site_name\" content=\"Cuarteto en la Web\" \/>\n<meta property=\"article:published_time\" content=\"2026-04-25T18:59:40+00:00\" \/>\n<meta name=\"twitter:card\" content=\"summary_large_image\" \/>\n<meta name=\"twitter:label1\" content=\"Tiempo de lectura\" \/>\n\t<meta name=\"twitter:data1\" content=\"1 minuto\" \/>\n<script type=\"application\/ld+json\" class=\"yoast-schema-graph\">{\"@context\":\"https:\\\/\\\/schema.org\",\"@graph\":[{\"@type\":\"Article\",\"@id\":\"https:\\\/\\\/cuartetoenlaweb.com.ar\\\/sitio\\\/trump-cancelo-el-viaje-de-representantes-de-eeuu-a-pakistan-para-conversaciones-con-iran\\\/#article\",\"isPartOf\":{\"@id\":\"https:\\\/\\\/cuartetoenlaweb.com.ar\\\/sitio\\\/trump-cancelo-el-viaje-de-representantes-de-eeuu-a-pakistan-para-conversaciones-con-iran\\\/\"},\"author\":{\"name\":\"\",\"@id\":\"\"},\"headline\":\"Trump cancel\u00f3 el viaje de representantes de EEUU a Pakist\u00e1n para conversaciones con Ir\u00e1n\",\"datePublished\":\"2026-04-25T18:59:40+00:00\",\"mainEntityOfPage\":{\"@id\":\"https:\\\/\\\/cuartetoenlaweb.com.ar\\\/sitio\\\/trump-cancelo-el-viaje-de-representantes-de-eeuu-a-pakistan-para-conversaciones-con-iran\\\/\"},\"wordCount\":159,\"publisher\":{\"@id\":\"http:\\\/\\\/cuartetoenlaweb.com.ar\\\/sitio\\\/#organization\"},\"image\":{\"@id\":\"https:\\\/\\\/cuartetoenlaweb.com.ar\\\/sitio\\\/trump-cancelo-el-viaje-de-representantes-de-eeuu-a-pakistan-para-conversaciones-con-iran\\\/#primaryimage\"},\"thumbnailUrl\":\"https:\\\/\\\/cuartetoenlaweb.com.ar\\\/sitio\\\/wp-content\\\/uploads\\\/2026\\\/04\\\/720-600.jpeg\",\"articleSection\":[\"PAIS\"],\"inLanguage\":\"es\"},{\"@type\":\"WebPage\",\"@id\":\"https:\\\/\\\/cuartetoenlaweb.com.ar\\\/sitio\\\/trump-cancelo-el-viaje-de-representantes-de-eeuu-a-pakistan-para-conversaciones-con-iran\\\/\",\"url\":\"https:\\\/\\\/cuartetoenlaweb.com.ar\\\/sitio\\\/trump-cancelo-el-viaje-de-representantes-de-eeuu-a-pakistan-para-conversaciones-con-iran\\\/\",\"name\":\"Trump cancel\u00f3 el viaje de representantes de EEUU a Pakist\u00e1n para conversaciones con Ir\u00e1n - Cuarteto en la Web\",\"isPartOf\":{\"@id\":\"http:\\\/\\\/cuartetoenlaweb.com.ar\\\/sitio\\\/#website\"},\"primaryImageOfPage\":{\"@id\":\"https:\\\/\\\/cuartetoenlaweb.com.ar\\\/sitio\\\/trump-cancelo-el-viaje-de-representantes-de-eeuu-a-pakistan-para-conversaciones-con-iran\\\/#primaryimage\"},\"image\":{\"@id\":\"https:\\\/\\\/cuartetoenlaweb.com.ar\\\/sitio\\\/trump-cancelo-el-viaje-de-representantes-de-eeuu-a-pakistan-para-conversaciones-con-iran\\\/#primaryimage\"},\"thumbnailUrl\":\"https:\\\/\\\/cuartetoenlaweb.com.ar\\\/sitio\\\/wp-content\\\/uploads\\\/2026\\\/04\\\/720-600.jpeg\",\"datePublished\":\"2026-04-25T18:59:40+00:00\",\"breadcrumb\":{\"@id\":\"https:\\\/\\\/cuartetoenlaweb.com.ar\\\/sitio\\\/trump-cancelo-el-viaje-de-representantes-de-eeuu-a-pakistan-para-conversaciones-con-iran\\\/#breadcrumb\"},\"inLanguage\":\"es\",\"potentialAction\":[{\"@type\":\"ReadAction\",\"target\":[\"https:\\\/\\\/cuartetoenlaweb.com.ar\\\/sitio\\\/trump-cancelo-el-viaje-de-representantes-de-eeuu-a-pakistan-para-conversaciones-con-iran\\\/\"]}]},{\"@type\":\"ImageObject\",\"inLanguage\":\"es\",\"@id\":\"https:\\\/\\\/cuartetoenlaweb.com.ar\\\/sitio\\\/trump-cancelo-el-viaje-de-representantes-de-eeuu-a-pakistan-para-conversaciones-con-iran\\\/#primaryimage\",\"url\":\"https:\\\/\\\/cuartetoenlaweb.com.ar\\\/sitio\\\/wp-content\\\/uploads\\\/2026\\\/04\\\/720-600.jpeg\",\"contentUrl\":\"https:\\\/\\\/cuartetoenlaweb.com.ar\\\/sitio\\\/wp-content\\\/uploads\\\/2026\\\/04\\\/720-600.jpeg\",\"width\":1059,\"height\":720},{\"@type\":\"BreadcrumbList\",\"@id\":\"https:\\\/\\\/cuartetoenlaweb.com.ar\\\/sitio\\\/trump-cancelo-el-viaje-de-representantes-de-eeuu-a-pakistan-para-conversaciones-con-iran\\\/#breadcrumb\",\"itemListElement\":[{\"@type\":\"ListItem\",\"position\":1,\"name\":\"Portada\",\"item\":\"http:\\\/\\\/cuartetoenlaweb.com.ar\\\/sitio\\\/\"},{\"@type\":\"ListItem\",\"position\":2,\"name\":\"Trump cancel\u00f3 el viaje de representantes de EEUU a Pakist\u00e1n para conversaciones con Ir\u00e1n\"}]},{\"@type\":\"WebSite\",\"@id\":\"http:\\\/\\\/cuartetoenlaweb.com.ar\\\/sitio\\\/#website\",\"url\":\"http:\\\/\\\/cuartetoenlaweb.com.ar\\\/sitio\\\/\",\"name\":\"Cuarteto en la Web\",\"description\":\"\",\"publisher\":{\"@id\":\"http:\\\/\\\/cuartetoenlaweb.com.ar\\\/sitio\\\/#organization\"},\"potentialAction\":[{\"@type\":\"SearchAction\",\"target\":{\"@type\":\"EntryPoint\",\"urlTemplate\":\"http:\\\/\\\/cuartetoenlaweb.com.ar\\\/sitio\\\/?s={search_term_string}\"},\"query-input\":{\"@type\":\"PropertyValueSpecification\",\"valueRequired\":true,\"valueName\":\"search_term_string\"}}],\"inLanguage\":\"es\"},{\"@type\":\"Organization\",\"@id\":\"http:\\\/\\\/cuartetoenlaweb.com.ar\\\/sitio\\\/#organization\",\"name\":\"Cuarteto en la Web\",\"url\":\"http:\\\/\\\/cuartetoenlaweb.com.ar\\\/sitio\\\/\",\"logo\":{\"@type\":\"ImageObject\",\"inLanguage\":\"es\",\"@id\":\"http:\\\/\\\/cuartetoenlaweb.com.ar\\\/sitio\\\/#\\\/schema\\\/logo\\\/image\\\/\",\"url\":\"https:\\\/\\\/cuartetoenlaweb.com.ar\\\/sitio\\\/wp-content\\\/uploads\\\/2025\\\/07\\\/cropped-cropped-logitoweb21.png\",\"contentUrl\":\"https:\\\/\\\/cuartetoenlaweb.com.ar\\\/sitio\\\/wp-content\\\/uploads\\\/2025\\\/07\\\/cropped-cropped-logitoweb21.png\",\"width\":199,\"height\":199,\"caption\":\"Cuarteto en la Web\"},\"image\":{\"@id\":\"http:\\\/\\\/cuartetoenlaweb.com.ar\\\/sitio\\\/#\\\/schema\\\/logo\\\/image\\\/\"}}]}<\/script>\n<!-- \/ Yoast SEO plugin. -->","yoast_head_json":{"title":"Trump cancel\u00f3 el viaje de representantes de EEUU a Pakist\u00e1n para conversaciones con Ir\u00e1n - Cuarteto en la Web","robots":{"index":"index","follow":"follow","max-snippet":"max-snippet:-1","max-image-preview":"max-image-preview:large","max-video-preview":"max-video-preview:-1"},"canonical":"https:\/\/cuartetoenlaweb.com.ar\/sitio\/trump-cancelo-el-viaje-de-representantes-de-eeuu-a-pakistan-para-conversaciones-con-iran\/","og_locale":"es_ES","og_type":"article","og_title":"Trump cancel\u00f3 el viaje de representantes de EEUU a Pakist\u00e1n para conversaciones con Ir\u00e1n - Cuarteto en la Web","og_description":"Buenos Aires, 25 abril (NA) \u2013 El presidente de Estados","og_url":"https:\/\/cuartetoenlaweb.com.ar\/sitio\/trump-cancelo-el-viaje-de-representantes-de-eeuu-a-pakistan-para-conversaciones-con-iran\/","og_site_name":"Cuarteto en la Web","article_published_time":"2026-04-25T18:59:40+00:00","twitter_card":"summary_large_image","twitter_misc":{"Tiempo de lectura":"1 minuto"},"schema":{"@context":"https:\/\/schema.org","@graph":[{"@type":"Article","@id":"https:\/\/cuartetoenlaweb.com.ar\/sitio\/trump-cancelo-el-viaje-de-representantes-de-eeuu-a-pakistan-para-conversaciones-con-iran\/#article","isPartOf":{"@id":"https:\/\/cuartetoenlaweb.com.ar\/sitio\/trump-cancelo-el-viaje-de-representantes-de-eeuu-a-pakistan-para-conversaciones-con-iran\/"},"author":{"name":"","@id":""},"headline":"Trump cancel\u00f3 el viaje de representantes de EEUU a Pakist\u00e1n para conversaciones con Ir\u00e1n","datePublished":"2026-04-25T18:59:40+00:00","mainEntityOfPage":{"@id":"https:\/\/cuartetoenlaweb.com.ar\/sitio\/trump-cancelo-el-viaje-de-representantes-de-eeuu-a-pakistan-para-conversaciones-con-iran\/"},"wordCount":159,"publisher":{"@id":"http:\/\/cuartetoenlaweb.com.ar\/sitio\/#organization"},"image":{"@id":"https:\/\/cuartetoenlaweb.com.ar\/sitio\/trump-cancelo-el-viaje-de-representantes-de-eeuu-a-pakistan-para-conversaciones-con-iran\/#primaryimage"},"thumbnailUrl":"https:\/\/cuartetoenlaweb.com.ar\/sitio\/wp-content\/uploads\/2026\/04\/720-600.jpeg","articleSection":["PAIS"],"inLanguage":"es"},{"@type":"WebPage","@id":"https:\/\/cuartetoenlaweb.com.ar\/sitio\/trump-cancelo-el-viaje-de-representantes-de-eeuu-a-pakistan-para-conversaciones-con-iran\/","url":"https:\/\/cuartetoenlaweb.com.ar\/sitio\/trump-cancelo-el-viaje-de-representantes-de-eeuu-a-pakistan-para-conversaciones-con-iran\/","name":"Trump cancel\u00f3 el viaje de representantes de EEUU a Pakist\u00e1n para conversaciones con Ir\u00e1n - Cuarteto en la Web","isPartOf":{"@id":"http:\/\/cuartetoenlaweb.com.ar\/sitio\/#website"},"primaryImageOfPage":{"@id":"https:\/\/cuartetoenlaweb.com.ar\/sitio\/trump-cancelo-el-viaje-de-representantes-de-eeuu-a-pakistan-para-conversaciones-con-iran\/#primaryimage"},"image":{"@id":"https:\/\/cuartetoenlaweb.com.ar\/sitio\/trump-cancelo-el-viaje-de-representantes-de-eeuu-a-pakistan-para-conversaciones-con-iran\/#primaryimage"},"thumbnailUrl":"https:\/\/cuartetoenlaweb.com.ar\/sitio\/wp-content\/uploads\/2026\/04\/720-600.jpeg","datePublished":"2026-04-25T18:59:40+00:00","breadcrumb":{"@id":"https:\/\/cuartetoenlaweb.com.ar\/sitio\/trump-cancelo-el-viaje-de-representantes-de-eeuu-a-pakistan-para-conversaciones-con-iran\/#breadcrumb"},"inLanguage":"es","potentialAction":[{"@type":"ReadAction","target":["https:\/\/cuartetoenlaweb.com.ar\/sitio\/trump-cancelo-el-viaje-de-representantes-de-eeuu-a-pakistan-para-conversaciones-con-iran\/"]}]},{"@type":"ImageObject","inLanguage":"es","@id":"https:\/\/cuartetoenlaweb.com.ar\/sitio\/trump-cancelo-el-viaje-de-representantes-de-eeuu-a-pakistan-para-conversaciones-con-iran\/#primaryimage","url":"https:\/\/cuartetoenlaweb.com.ar\/sitio\/wp-content\/uploads\/2026\/04\/720-600.jpeg","contentUrl":"https:\/\/cuartetoenlaweb.com.ar\/sitio\/wp-content\/uploads\/2026\/04\/720-600.jpeg","width":1059,"height":720},{"@type":"BreadcrumbList","@id":"https:\/\/cuartetoenlaweb.com.ar\/sitio\/trump-cancelo-el-viaje-de-representantes-de-eeuu-a-pakistan-para-conversaciones-con-iran\/#breadcrumb","itemListElement":[{"@type":"ListItem","position":1,"name":"Portada","item":"http:\/\/cuartetoenlaweb.com.ar\/sitio\/"},{"@type":"ListItem","position":2,"name":"Trump cancel\u00f3 el viaje de representantes de EEUU a Pakist\u00e1n para conversaciones con Ir\u00e1n"}]},{"@type":"WebSite","@id":"http:\/\/cuartetoenlaweb.com.ar\/sitio\/#website","url":"http:\/\/cuartetoenlaweb.com.ar\/sitio\/","name":"Cuarteto en la Web","description":"","publisher":{"@id":"http:\/\/cuartetoenlaweb.com.ar\/sitio\/#organization"},"potentialAction":[{"@type":"SearchAction","target":{"@type":"EntryPoint","urlTemplate":"http:\/\/cuartetoenlaweb.com.ar\/sitio\/?s={search_term_string}"},"query-input":{"@type":"PropertyValueSpecification","valueRequired":true,"valueName":"search_term_string"}}],"inLanguage":"es"},{"@type":"Organization","@id":"http:\/\/cuartetoenlaweb.com.ar\/sitio\/#organization","name":"Cuarteto en la Web","url":"http:\/\/cuartetoenlaweb.com.ar\/sitio\/","logo":{"@type":"ImageObject","inLanguage":"es","@id":"http:\/\/cuartetoenlaweb.com.ar\/sitio\/#\/schema\/logo\/image\/","url":"https:\/\/cuartetoenlaweb.com.ar\/sitio\/wp-content\/uploads\/2025\/07\/cropped-cropped-logitoweb21.png","contentUrl":"https:\/\/cuartetoenlaweb.com.ar\/sitio\/wp-content\/uploads\/2025\/07\/cropped-cropped-logitoweb21.png","width":199,"height":199,"caption":"Cuarteto en la Web"},"image":{"@id":"http:\/\/cuartetoenlaweb.com.ar\/sitio\/#\/schema\/logo\/image\/"}}]}},"_links":{"self":[{"href":"https:\/\/cuartetoenlaweb.com.ar\/sitio\/wp-json\/wp\/v2\/posts\/18902","targetHints":{"allow":["GET"]}}],"collection":[{"href":"https:\/\/cuartetoenlaweb.com.ar\/sitio\/wp-json\/wp\/v2\/posts"}],"about":[{"href":"https:\/\/cuartetoenlaweb.com.ar\/sitio\/wp-json\/wp\/v2\/types\/post"}],"replies":[{"embeddable":true,"href":"https:\/\/cuartetoenlaweb.com.ar\/sitio\/wp-json\/wp\/v2\/comments?post=18902"}],"version-history":[{"count":0,"href":"https:\/\/cuartetoenlaweb.com.ar\/sitio\/wp-json\/wp\/v2\/posts\/18902\/revisions"}],"wp:featuredmedia":[{"embeddable":true,"href":"https:\/\/cuartetoenlaweb.com.ar\/sitio\/wp-json\/wp\/v2\/media\/18903"}],"wp:attachment":[{"href":"https:\/\/cuartetoenlaweb.com.ar\/sitio\/wp-json\/wp\/v2\/media?parent=18902"}],"wp:term":[{"taxonomy":"category","embeddable":true,"href":"https:\/\/cuartetoenlaweb.com.ar\/sitio\/wp-json\/wp\/v2\/categories?post=18902"},{"taxonomy":"post_tag","embeddable":true,"href":"https:\/\/cuartetoenlaweb.com.ar\/sitio\/wp-json\/wp\/v2\/tags?post=18902"}],"curies":[{"name":"wp","href":"https:\/\/api.w.org\/{rel}","templated":true}]}}