
{"id":18824,"date":"2026-04-24T23:00:32","date_gmt":"2026-04-25T02:00:32","guid":{"rendered":"https:\/\/cuartetoenlaweb.com.ar\/sitio\/repensar-los-museos-desde-el-territorio-ucasal-como-sede-de-un-encuentro-nacional\/"},"modified":"2026-04-24T23:00:32","modified_gmt":"2026-04-25T02:00:32","slug":"repensar-los-museos-desde-el-territorio-ucasal-como-sede-de-un-encuentro-nacional","status":"publish","type":"post","link":"https:\/\/cuartetoenlaweb.com.ar\/sitio\/repensar-los-museos-desde-el-territorio-ucasal-como-sede-de-un-encuentro-nacional\/","title":{"rendered":"Repensar los museos desde el territorio: UCASAL como sede de un encuentro nacional"},"content":{"rendered":"<p>Durante dos d\u00edas, Salta se convirti\u00f3 en un punto de encuentro para quienes piensan, gestionan y proyectan el futuro de los museos en Argentina. En ese escenario, la Universidad Cat\u00f3lica de Salta (UCASAL) fue sede del 62\u00b0 Encuentro de Directores de Museos de la Rep\u00fablica Argentina, un espacio clave para debatir el rol de estas instituciones en di\u00e1logo con la educaci\u00f3n, el patrimonio y el turismo cultural.<\/p>\n<p>El evento, denominado \u201cPuentes del Patrimonio: museos, educaci\u00f3n y turismo con sentido\u201d, sirvi\u00f3 para conectar memorias, territorios y comunidades. En esta oportunidad, las jornadas fueron organizadas por el Museo Pajcha Ucasal, de la Universidad Cat\u00f3lica de Salta; por el Museo Hist\u00f3rico, de la Universidad Nacional de Salta; y por ADiMRA, la Asociaci\u00f3n de Directores de Museos de la Rep\u00fablica Argentina.<\/p>\n<p>El encuentro coincidi\u00f3 con el 49\u00b0 Abril Cultural Salte\u00f1o,  uno de los eventos m\u00e1s significativos de la agenda de la provincia, que cada a\u00f1o re\u00fane propuestas art\u00edsticas, acad\u00e9micas y culturales de gran relevancia. La propuesta se desarroll\u00f3 en el Campus Casta\u00f1ares. Hasta all\u00ed llegaron directores, equipos de museos, investigadores, docentes, estudiantes y p\u00fablico interesado en la tem\u00e1tica.<\/p>\n<p>\u201cEste es un encuentro de colegas s\u00faper enriquecedor. Buscamos tratar temas actuales y relacionarlos con colecciones hist\u00f3ricas. Los j\u00f3venes no son muy afines a la historia, les interesan m\u00e1s los temas del presente y la din\u00e1mica actual\u201d, sintetiz\u00f3 la Dra. Andrea Pegoraro, directora del Museo Etnogr\u00e1fico, de la UBA.<\/p>\n<\/p>\n<p>En este sentido, los museos universitarios, no solo fortalecen la ense\u00f1anza y la investigaci\u00f3n a partir de sus colecciones, sino que tambi\u00e9n cumplen un rol clave en la divulgaci\u00f3n hacia la sociedad.<\/p>\n<\/p>\n<p>Por su parte, la Lic. Gabriela Mirande Lamedica, directora del Museo Mitre, en Buenos Aires, se\u00f1al\u00f3 los principales desaf\u00edos del sector: \u201cMuchos tienen que ver con la sostenibilidad de las colecciones y de las instituciones; mientras que las contradicciones vienen dadas por el abuso que puede producirse con, por ejemplo, instituciones castigadas por falta de presupuesto\u201d.<\/p>\n<\/p>\n<p>\u201cEs un proceso c\u00edclico. El museo tiene un rol fundamental. Nosotros, como museos, tenemos que ayudar a compartir historias para empezar a hacer un tejido hist\u00f3rico nuevo, que es tambi\u00e9n una nueva argentina\u201d, asegur\u00f3 la licenciada Mirande Lamedica.<\/p>\n<p>A lo largo de las dos jornadas, se generaron espacios de intercambio, debate y construcci\u00f3n colectiva en torno a los desaf\u00edos actuales de los museos, su v\u00ednculo con la educaci\u00f3n, el turismo cultural y su potencial como agentes de desarrollo social. En este marco, se compartieron experiencias, buenas pr\u00e1cticas y nuevas perspectivas que buscan fortalecer el rol de estas instituciones en di\u00e1logo con sus comunidades.<\/p>\n<p>Como parte de la propuesta, el encuentro tambi\u00e9n incluy\u00f3 un d\u00eda dedicado al turismo: el 18 de abril, los participantes disfrutaron de un recorrido por Cafayate, uno de los destinos m\u00e1s emblem\u00e1ticos de Salta.<\/p>\n<p>La agenda abord\u00f3 instancias acad\u00e9micas, conferencias y actividades que promovieron la actualizaci\u00f3n profesional y el trabajo en red, consolidando un espacio federal de encuentro entre instituciones de todo el pa\u00eds. Asimismo, UCASAL puso en valor su compromiso con la cultura y la formaci\u00f3n integral, destacando el aporte del Museo Pajcha como parte de su propuesta institucional.<\/p>\n<p>Con este encuentro, UCASAL reafirma su posicionamiento como un espacio de referencia para el pensamiento, la cultura y el di\u00e1logo interdisciplinario, promoviendo iniciativas que articulan conocimiento, patrimonio y comunidad.<\/p>\n<p><b>Conoc\u00e9 m\u00e1s:<\/b><\/p>\n<p><b><a href=\"https:\/\/prensa.ucasal.edu.ar\/encuentro-museos-2026-trib\">https:\/\/prensa.ucasal.edu.ar\/encuentro-museos-2026-trib<\/a><\/b><\/p>\n<p> <\/p>\n","protected":false},"excerpt":{"rendered":"<p>Durante dos d\u00edas, Salta se convirti\u00f3 en un punto de<\/p>\n","protected":false},"author":0,"featured_media":18825,"comment_status":"","ping_status":"","sticky":false,"template":"","format":"standard","meta":{"footnotes":""},"categories":[65],"tags":[],"class_list":["post-18824","post","type-post","status-publish","format-standard","has-post-thumbnail","hentry","category-pais"],"yoast_head":"<!-- This site is optimized with the Yoast SEO plugin v27.4 - https:\/\/yoast.com\/product\/yoast-seo-wordpress\/ -->\n<title>Repensar los museos desde el territorio: UCASAL como sede de un encuentro nacional - Cuarteto en la Web<\/title>\n<meta name=\"robots\" content=\"index, follow, max-snippet:-1, max-image-preview:large, max-video-preview:-1\" \/>\n<link rel=\"canonical\" href=\"https:\/\/cuartetoenlaweb.com.ar\/sitio\/repensar-los-museos-desde-el-territorio-ucasal-como-sede-de-un-encuentro-nacional\/\" \/>\n<meta property=\"og:locale\" content=\"es_ES\" \/>\n<meta property=\"og:type\" content=\"article\" \/>\n<meta property=\"og:title\" content=\"Repensar los museos desde el territorio: UCASAL como sede de un encuentro nacional - Cuarteto en la Web\" \/>\n<meta property=\"og:description\" content=\"Durante dos d\u00edas, Salta se convirti\u00f3 en un punto de\" \/>\n<meta property=\"og:url\" content=\"https:\/\/cuartetoenlaweb.com.ar\/sitio\/repensar-los-museos-desde-el-territorio-ucasal-como-sede-de-un-encuentro-nacional\/\" \/>\n<meta property=\"og:site_name\" content=\"Cuarteto en la Web\" \/>\n<meta property=\"article:published_time\" content=\"2026-04-25T02:00:32+00:00\" \/>\n<meta name=\"twitter:card\" content=\"summary_large_image\" \/>\n<meta name=\"twitter:label1\" content=\"Tiempo de lectura\" \/>\n\t<meta name=\"twitter:data1\" content=\"3 minutos\" \/>\n<script type=\"application\/ld+json\" class=\"yoast-schema-graph\">{\"@context\":\"https:\\\/\\\/schema.org\",\"@graph\":[{\"@type\":\"Article\",\"@id\":\"https:\\\/\\\/cuartetoenlaweb.com.ar\\\/sitio\\\/repensar-los-museos-desde-el-territorio-ucasal-como-sede-de-un-encuentro-nacional\\\/#article\",\"isPartOf\":{\"@id\":\"https:\\\/\\\/cuartetoenlaweb.com.ar\\\/sitio\\\/repensar-los-museos-desde-el-territorio-ucasal-como-sede-de-un-encuentro-nacional\\\/\"},\"author\":{\"name\":\"\",\"@id\":\"\"},\"headline\":\"Repensar los museos desde el territorio: UCASAL como sede de un encuentro nacional\",\"datePublished\":\"2026-04-25T02:00:32+00:00\",\"mainEntityOfPage\":{\"@id\":\"https:\\\/\\\/cuartetoenlaweb.com.ar\\\/sitio\\\/repensar-los-museos-desde-el-territorio-ucasal-como-sede-de-un-encuentro-nacional\\\/\"},\"wordCount\":612,\"publisher\":{\"@id\":\"http:\\\/\\\/cuartetoenlaweb.com.ar\\\/sitio\\\/#organization\"},\"image\":{\"@id\":\"https:\\\/\\\/cuartetoenlaweb.com.ar\\\/sitio\\\/repensar-los-museos-desde-el-territorio-ucasal-como-sede-de-un-encuentro-nacional\\\/#primaryimage\"},\"thumbnailUrl\":\"https:\\\/\\\/cuartetoenlaweb.com.ar\\\/sitio\\\/wp-content\\\/uploads\\\/2026\\\/04\\\/portadax-171.png\",\"articleSection\":[\"PAIS\"],\"inLanguage\":\"es\"},{\"@type\":\"WebPage\",\"@id\":\"https:\\\/\\\/cuartetoenlaweb.com.ar\\\/sitio\\\/repensar-los-museos-desde-el-territorio-ucasal-como-sede-de-un-encuentro-nacional\\\/\",\"url\":\"https:\\\/\\\/cuartetoenlaweb.com.ar\\\/sitio\\\/repensar-los-museos-desde-el-territorio-ucasal-como-sede-de-un-encuentro-nacional\\\/\",\"name\":\"Repensar los museos desde el territorio: UCASAL como sede de un encuentro nacional - Cuarteto en la Web\",\"isPartOf\":{\"@id\":\"http:\\\/\\\/cuartetoenlaweb.com.ar\\\/sitio\\\/#website\"},\"primaryImageOfPage\":{\"@id\":\"https:\\\/\\\/cuartetoenlaweb.com.ar\\\/sitio\\\/repensar-los-museos-desde-el-territorio-ucasal-como-sede-de-un-encuentro-nacional\\\/#primaryimage\"},\"image\":{\"@id\":\"https:\\\/\\\/cuartetoenlaweb.com.ar\\\/sitio\\\/repensar-los-museos-desde-el-territorio-ucasal-como-sede-de-un-encuentro-nacional\\\/#primaryimage\"},\"thumbnailUrl\":\"https:\\\/\\\/cuartetoenlaweb.com.ar\\\/sitio\\\/wp-content\\\/uploads\\\/2026\\\/04\\\/portadax-171.png\",\"datePublished\":\"2026-04-25T02:00:32+00:00\",\"breadcrumb\":{\"@id\":\"https:\\\/\\\/cuartetoenlaweb.com.ar\\\/sitio\\\/repensar-los-museos-desde-el-territorio-ucasal-como-sede-de-un-encuentro-nacional\\\/#breadcrumb\"},\"inLanguage\":\"es\",\"potentialAction\":[{\"@type\":\"ReadAction\",\"target\":[\"https:\\\/\\\/cuartetoenlaweb.com.ar\\\/sitio\\\/repensar-los-museos-desde-el-territorio-ucasal-como-sede-de-un-encuentro-nacional\\\/\"]}]},{\"@type\":\"ImageObject\",\"inLanguage\":\"es\",\"@id\":\"https:\\\/\\\/cuartetoenlaweb.com.ar\\\/sitio\\\/repensar-los-museos-desde-el-territorio-ucasal-como-sede-de-un-encuentro-nacional\\\/#primaryimage\",\"url\":\"https:\\\/\\\/cuartetoenlaweb.com.ar\\\/sitio\\\/wp-content\\\/uploads\\\/2026\\\/04\\\/portadax-171.png\",\"contentUrl\":\"https:\\\/\\\/cuartetoenlaweb.com.ar\\\/sitio\\\/wp-content\\\/uploads\\\/2026\\\/04\\\/portadax-171.png\",\"width\":1366,\"height\":768},{\"@type\":\"BreadcrumbList\",\"@id\":\"https:\\\/\\\/cuartetoenlaweb.com.ar\\\/sitio\\\/repensar-los-museos-desde-el-territorio-ucasal-como-sede-de-un-encuentro-nacional\\\/#breadcrumb\",\"itemListElement\":[{\"@type\":\"ListItem\",\"position\":1,\"name\":\"Portada\",\"item\":\"http:\\\/\\\/cuartetoenlaweb.com.ar\\\/sitio\\\/\"},{\"@type\":\"ListItem\",\"position\":2,\"name\":\"Repensar los museos desde el territorio: UCASAL como sede de un encuentro nacional\"}]},{\"@type\":\"WebSite\",\"@id\":\"http:\\\/\\\/cuartetoenlaweb.com.ar\\\/sitio\\\/#website\",\"url\":\"http:\\\/\\\/cuartetoenlaweb.com.ar\\\/sitio\\\/\",\"name\":\"Cuarteto en la Web\",\"description\":\"\",\"publisher\":{\"@id\":\"http:\\\/\\\/cuartetoenlaweb.com.ar\\\/sitio\\\/#organization\"},\"potentialAction\":[{\"@type\":\"SearchAction\",\"target\":{\"@type\":\"EntryPoint\",\"urlTemplate\":\"http:\\\/\\\/cuartetoenlaweb.com.ar\\\/sitio\\\/?s={search_term_string}\"},\"query-input\":{\"@type\":\"PropertyValueSpecification\",\"valueRequired\":true,\"valueName\":\"search_term_string\"}}],\"inLanguage\":\"es\"},{\"@type\":\"Organization\",\"@id\":\"http:\\\/\\\/cuartetoenlaweb.com.ar\\\/sitio\\\/#organization\",\"name\":\"Cuarteto en la Web\",\"url\":\"http:\\\/\\\/cuartetoenlaweb.com.ar\\\/sitio\\\/\",\"logo\":{\"@type\":\"ImageObject\",\"inLanguage\":\"es\",\"@id\":\"http:\\\/\\\/cuartetoenlaweb.com.ar\\\/sitio\\\/#\\\/schema\\\/logo\\\/image\\\/\",\"url\":\"https:\\\/\\\/cuartetoenlaweb.com.ar\\\/sitio\\\/wp-content\\\/uploads\\\/2025\\\/07\\\/cropped-cropped-logitoweb21.png\",\"contentUrl\":\"https:\\\/\\\/cuartetoenlaweb.com.ar\\\/sitio\\\/wp-content\\\/uploads\\\/2025\\\/07\\\/cropped-cropped-logitoweb21.png\",\"width\":199,\"height\":199,\"caption\":\"Cuarteto en la Web\"},\"image\":{\"@id\":\"http:\\\/\\\/cuartetoenlaweb.com.ar\\\/sitio\\\/#\\\/schema\\\/logo\\\/image\\\/\"}}]}<\/script>\n<!-- \/ Yoast SEO plugin. -->","yoast_head_json":{"title":"Repensar los museos desde el territorio: UCASAL como sede de un encuentro nacional - Cuarteto en la Web","robots":{"index":"index","follow":"follow","max-snippet":"max-snippet:-1","max-image-preview":"max-image-preview:large","max-video-preview":"max-video-preview:-1"},"canonical":"https:\/\/cuartetoenlaweb.com.ar\/sitio\/repensar-los-museos-desde-el-territorio-ucasal-como-sede-de-un-encuentro-nacional\/","og_locale":"es_ES","og_type":"article","og_title":"Repensar los museos desde el territorio: UCASAL como sede de un encuentro nacional - Cuarteto en la Web","og_description":"Durante dos d\u00edas, Salta se convirti\u00f3 en un punto de","og_url":"https:\/\/cuartetoenlaweb.com.ar\/sitio\/repensar-los-museos-desde-el-territorio-ucasal-como-sede-de-un-encuentro-nacional\/","og_site_name":"Cuarteto en la Web","article_published_time":"2026-04-25T02:00:32+00:00","twitter_card":"summary_large_image","twitter_misc":{"Tiempo de lectura":"3 minutos"},"schema":{"@context":"https:\/\/schema.org","@graph":[{"@type":"Article","@id":"https:\/\/cuartetoenlaweb.com.ar\/sitio\/repensar-los-museos-desde-el-territorio-ucasal-como-sede-de-un-encuentro-nacional\/#article","isPartOf":{"@id":"https:\/\/cuartetoenlaweb.com.ar\/sitio\/repensar-los-museos-desde-el-territorio-ucasal-como-sede-de-un-encuentro-nacional\/"},"author":{"name":"","@id":""},"headline":"Repensar los museos desde el territorio: UCASAL como sede de un encuentro nacional","datePublished":"2026-04-25T02:00:32+00:00","mainEntityOfPage":{"@id":"https:\/\/cuartetoenlaweb.com.ar\/sitio\/repensar-los-museos-desde-el-territorio-ucasal-como-sede-de-un-encuentro-nacional\/"},"wordCount":612,"publisher":{"@id":"http:\/\/cuartetoenlaweb.com.ar\/sitio\/#organization"},"image":{"@id":"https:\/\/cuartetoenlaweb.com.ar\/sitio\/repensar-los-museos-desde-el-territorio-ucasal-como-sede-de-un-encuentro-nacional\/#primaryimage"},"thumbnailUrl":"https:\/\/cuartetoenlaweb.com.ar\/sitio\/wp-content\/uploads\/2026\/04\/portadax-171.png","articleSection":["PAIS"],"inLanguage":"es"},{"@type":"WebPage","@id":"https:\/\/cuartetoenlaweb.com.ar\/sitio\/repensar-los-museos-desde-el-territorio-ucasal-como-sede-de-un-encuentro-nacional\/","url":"https:\/\/cuartetoenlaweb.com.ar\/sitio\/repensar-los-museos-desde-el-territorio-ucasal-como-sede-de-un-encuentro-nacional\/","name":"Repensar los museos desde el territorio: UCASAL como sede de un encuentro nacional - Cuarteto en la Web","isPartOf":{"@id":"http:\/\/cuartetoenlaweb.com.ar\/sitio\/#website"},"primaryImageOfPage":{"@id":"https:\/\/cuartetoenlaweb.com.ar\/sitio\/repensar-los-museos-desde-el-territorio-ucasal-como-sede-de-un-encuentro-nacional\/#primaryimage"},"image":{"@id":"https:\/\/cuartetoenlaweb.com.ar\/sitio\/repensar-los-museos-desde-el-territorio-ucasal-como-sede-de-un-encuentro-nacional\/#primaryimage"},"thumbnailUrl":"https:\/\/cuartetoenlaweb.com.ar\/sitio\/wp-content\/uploads\/2026\/04\/portadax-171.png","datePublished":"2026-04-25T02:00:32+00:00","breadcrumb":{"@id":"https:\/\/cuartetoenlaweb.com.ar\/sitio\/repensar-los-museos-desde-el-territorio-ucasal-como-sede-de-un-encuentro-nacional\/#breadcrumb"},"inLanguage":"es","potentialAction":[{"@type":"ReadAction","target":["https:\/\/cuartetoenlaweb.com.ar\/sitio\/repensar-los-museos-desde-el-territorio-ucasal-como-sede-de-un-encuentro-nacional\/"]}]},{"@type":"ImageObject","inLanguage":"es","@id":"https:\/\/cuartetoenlaweb.com.ar\/sitio\/repensar-los-museos-desde-el-territorio-ucasal-como-sede-de-un-encuentro-nacional\/#primaryimage","url":"https:\/\/cuartetoenlaweb.com.ar\/sitio\/wp-content\/uploads\/2026\/04\/portadax-171.png","contentUrl":"https:\/\/cuartetoenlaweb.com.ar\/sitio\/wp-content\/uploads\/2026\/04\/portadax-171.png","width":1366,"height":768},{"@type":"BreadcrumbList","@id":"https:\/\/cuartetoenlaweb.com.ar\/sitio\/repensar-los-museos-desde-el-territorio-ucasal-como-sede-de-un-encuentro-nacional\/#breadcrumb","itemListElement":[{"@type":"ListItem","position":1,"name":"Portada","item":"http:\/\/cuartetoenlaweb.com.ar\/sitio\/"},{"@type":"ListItem","position":2,"name":"Repensar los museos desde el territorio: UCASAL como sede de un encuentro nacional"}]},{"@type":"WebSite","@id":"http:\/\/cuartetoenlaweb.com.ar\/sitio\/#website","url":"http:\/\/cuartetoenlaweb.com.ar\/sitio\/","name":"Cuarteto en la Web","description":"","publisher":{"@id":"http:\/\/cuartetoenlaweb.com.ar\/sitio\/#organization"},"potentialAction":[{"@type":"SearchAction","target":{"@type":"EntryPoint","urlTemplate":"http:\/\/cuartetoenlaweb.com.ar\/sitio\/?s={search_term_string}"},"query-input":{"@type":"PropertyValueSpecification","valueRequired":true,"valueName":"search_term_string"}}],"inLanguage":"es"},{"@type":"Organization","@id":"http:\/\/cuartetoenlaweb.com.ar\/sitio\/#organization","name":"Cuarteto en la Web","url":"http:\/\/cuartetoenlaweb.com.ar\/sitio\/","logo":{"@type":"ImageObject","inLanguage":"es","@id":"http:\/\/cuartetoenlaweb.com.ar\/sitio\/#\/schema\/logo\/image\/","url":"https:\/\/cuartetoenlaweb.com.ar\/sitio\/wp-content\/uploads\/2025\/07\/cropped-cropped-logitoweb21.png","contentUrl":"https:\/\/cuartetoenlaweb.com.ar\/sitio\/wp-content\/uploads\/2025\/07\/cropped-cropped-logitoweb21.png","width":199,"height":199,"caption":"Cuarteto en la Web"},"image":{"@id":"http:\/\/cuartetoenlaweb.com.ar\/sitio\/#\/schema\/logo\/image\/"}}]}},"_links":{"self":[{"href":"https:\/\/cuartetoenlaweb.com.ar\/sitio\/wp-json\/wp\/v2\/posts\/18824","targetHints":{"allow":["GET"]}}],"collection":[{"href":"https:\/\/cuartetoenlaweb.com.ar\/sitio\/wp-json\/wp\/v2\/posts"}],"about":[{"href":"https:\/\/cuartetoenlaweb.com.ar\/sitio\/wp-json\/wp\/v2\/types\/post"}],"replies":[{"embeddable":true,"href":"https:\/\/cuartetoenlaweb.com.ar\/sitio\/wp-json\/wp\/v2\/comments?post=18824"}],"version-history":[{"count":0,"href":"https:\/\/cuartetoenlaweb.com.ar\/sitio\/wp-json\/wp\/v2\/posts\/18824\/revisions"}],"wp:featuredmedia":[{"embeddable":true,"href":"https:\/\/cuartetoenlaweb.com.ar\/sitio\/wp-json\/wp\/v2\/media\/18825"}],"wp:attachment":[{"href":"https:\/\/cuartetoenlaweb.com.ar\/sitio\/wp-json\/wp\/v2\/media?parent=18824"}],"wp:term":[{"taxonomy":"category","embeddable":true,"href":"https:\/\/cuartetoenlaweb.com.ar\/sitio\/wp-json\/wp\/v2\/categories?post=18824"},{"taxonomy":"post_tag","embeddable":true,"href":"https:\/\/cuartetoenlaweb.com.ar\/sitio\/wp-json\/wp\/v2\/tags?post=18824"}],"curies":[{"name":"wp","href":"https:\/\/api.w.org\/{rel}","templated":true}]}}