
{"id":18792,"date":"2026-04-24T14:00:12","date_gmt":"2026-04-24T17:00:12","guid":{"rendered":"https:\/\/cuartetoenlaweb.com.ar\/sitio\/dos-detenidos-por-comercializar-cocaina-y-marihuana-en-rio-cuarto\/"},"modified":"2026-04-24T14:00:12","modified_gmt":"2026-04-24T17:00:12","slug":"dos-detenidos-por-comercializar-cocaina-y-marihuana-en-rio-cuarto","status":"publish","type":"post","link":"https:\/\/cuartetoenlaweb.com.ar\/sitio\/dos-detenidos-por-comercializar-cocaina-y-marihuana-en-rio-cuarto\/","title":{"rendered":"DOS DETENIDOS POR COMERCIALIZAR COCA\u00cdNA Y MARIHUANA EN R\u00cdO CUARTO"},"content":{"rendered":"<p>Luego de cuatro meses de investigaciones y denuncias an\u00f3nimas al 0800-888-8080 realizadas por vecinos, oficiales de la Fuerza Policial Antinarcotr\u00e1fico allanaron un domicilio, detuvieron a dos narcomenudistas y cerraron un punto de ventas que operaba en una vivienda de la ciudad de R\u00edo Cuarto.<\/p>\n<p>El operativo tuvo lugar en un domicilio ubicado en calle Serrano al 500, donde se detuvo a dos hombres de 29 y 31 a\u00f1os por comercializar estupefacientes. En el lugar, se logr\u00f3 el secuestro de varias dosis de coca\u00edna y marihuana, una planta de cannabis sativa, dinero y elementos de inter\u00e9s para la causa.<\/p>\n<p>Cabe destacar que, seg\u00fan lo investigado, los aprehendidos utilizaban la vivienda allanada como punto de expendio de sustancias il\u00edcitas, modalidad corroborada durante las tareas de investigaciones.<\/p>\n<p>Por disposici\u00f3n de la Fiscal\u00eda de Lucha contra el Narcotr\u00e1fico de R\u00edo Cuarto, se orden\u00f3 el traslado de los detenidos a sede judicial por infracci\u00f3n a la Ley Nacional de Estupefacientes 23.737. Asimismo, se dispuso el secuestro de los elementos incautados y el cierre del punto de venta.<\/p>\n<p><img loading=\"lazy\" decoding=\"async\" class=\"alignnone wp-image-56878\" src=\"https:\/\/www.mpfcordoba.gob.ar\/wp-content\/uploads\/2026\/04\/WhatsApp-Image-2026-04-24-at-9.02.21-AM.jpeg\" alt=\"\" width=\"550\" height=\"838\" \/><\/p>\n<p><img loading=\"lazy\" decoding=\"async\" class=\"alignnone wp-image-56879\" src=\"https:\/\/www.mpfcordoba.gob.ar\/wp-content\/uploads\/2026\/04\/WhatsApp-Image-2026-04-24-at-9.02.22-AM-1.jpeg\" alt=\"\" width=\"550\" height=\"826\" \/><\/p>\n<p><img loading=\"lazy\" decoding=\"async\" class=\"alignnone wp-image-56880\" src=\"https:\/\/www.mpfcordoba.gob.ar\/wp-content\/uploads\/2026\/04\/WhatsApp-Image-2026-04-24-at-9.02.22-AM.jpeg\" alt=\"\" width=\"550\" height=\"1139\" \/><\/p>\n","protected":false},"excerpt":{"rendered":"<p>Luego de cuatro meses de investigaciones y denuncias an\u00f3nimas al<\/p>\n","protected":false},"author":0,"featured_media":18793,"comment_status":"","ping_status":"","sticky":false,"template":"","format":"standard","meta":{"footnotes":""},"categories":[65],"tags":[],"class_list":["post-18792","post","type-post","status-publish","format-standard","has-post-thumbnail","hentry","category-pais"],"yoast_head":"<!-- This site is optimized with the Yoast SEO plugin v27.4 - https:\/\/yoast.com\/product\/yoast-seo-wordpress\/ -->\n<title>DOS DETENIDOS POR COMERCIALIZAR COCA\u00cdNA Y MARIHUANA EN R\u00cdO CUARTO - Cuarteto en la Web<\/title>\n<meta name=\"robots\" content=\"index, follow, max-snippet:-1, max-image-preview:large, max-video-preview:-1\" \/>\n<link rel=\"canonical\" href=\"https:\/\/cuartetoenlaweb.com.ar\/sitio\/dos-detenidos-por-comercializar-cocaina-y-marihuana-en-rio-cuarto\/\" \/>\n<meta property=\"og:locale\" content=\"es_ES\" \/>\n<meta property=\"og:type\" content=\"article\" \/>\n<meta property=\"og:title\" content=\"DOS DETENIDOS POR COMERCIALIZAR COCA\u00cdNA Y MARIHUANA EN R\u00cdO CUARTO - Cuarteto en la Web\" \/>\n<meta property=\"og:description\" content=\"Luego de cuatro meses de investigaciones y denuncias an\u00f3nimas al\" \/>\n<meta property=\"og:url\" content=\"https:\/\/cuartetoenlaweb.com.ar\/sitio\/dos-detenidos-por-comercializar-cocaina-y-marihuana-en-rio-cuarto\/\" \/>\n<meta property=\"og:site_name\" content=\"Cuarteto en la Web\" \/>\n<meta property=\"article:published_time\" content=\"2026-04-24T17:00:12+00:00\" \/>\n<meta name=\"twitter:card\" content=\"summary_large_image\" \/>\n<meta name=\"twitter:label1\" content=\"Tiempo de lectura\" \/>\n\t<meta name=\"twitter:data1\" content=\"1 minuto\" \/>\n<script type=\"application\/ld+json\" class=\"yoast-schema-graph\">{\"@context\":\"https:\\\/\\\/schema.org\",\"@graph\":[{\"@type\":\"Article\",\"@id\":\"https:\\\/\\\/cuartetoenlaweb.com.ar\\\/sitio\\\/dos-detenidos-por-comercializar-cocaina-y-marihuana-en-rio-cuarto\\\/#article\",\"isPartOf\":{\"@id\":\"https:\\\/\\\/cuartetoenlaweb.com.ar\\\/sitio\\\/dos-detenidos-por-comercializar-cocaina-y-marihuana-en-rio-cuarto\\\/\"},\"author\":{\"name\":\"\",\"@id\":\"\"},\"headline\":\"DOS DETENIDOS POR COMERCIALIZAR COCA\u00cdNA Y MARIHUANA EN R\u00cdO CUARTO\",\"datePublished\":\"2026-04-24T17:00:12+00:00\",\"mainEntityOfPage\":{\"@id\":\"https:\\\/\\\/cuartetoenlaweb.com.ar\\\/sitio\\\/dos-detenidos-por-comercializar-cocaina-y-marihuana-en-rio-cuarto\\\/\"},\"wordCount\":194,\"publisher\":{\"@id\":\"http:\\\/\\\/cuartetoenlaweb.com.ar\\\/sitio\\\/#organization\"},\"image\":{\"@id\":\"https:\\\/\\\/cuartetoenlaweb.com.ar\\\/sitio\\\/dos-detenidos-por-comercializar-cocaina-y-marihuana-en-rio-cuarto\\\/#primaryimage\"},\"thumbnailUrl\":\"https:\\\/\\\/cuartetoenlaweb.com.ar\\\/sitio\\\/wp-content\\\/uploads\\\/2026\\\/04\\\/WhatsApp-Image-2026-04-24-at-9.02.21-AM.jpeg\",\"articleSection\":[\"PAIS\"],\"inLanguage\":\"es\"},{\"@type\":\"WebPage\",\"@id\":\"https:\\\/\\\/cuartetoenlaweb.com.ar\\\/sitio\\\/dos-detenidos-por-comercializar-cocaina-y-marihuana-en-rio-cuarto\\\/\",\"url\":\"https:\\\/\\\/cuartetoenlaweb.com.ar\\\/sitio\\\/dos-detenidos-por-comercializar-cocaina-y-marihuana-en-rio-cuarto\\\/\",\"name\":\"DOS DETENIDOS POR COMERCIALIZAR COCA\u00cdNA Y MARIHUANA EN R\u00cdO CUARTO - Cuarteto en la Web\",\"isPartOf\":{\"@id\":\"http:\\\/\\\/cuartetoenlaweb.com.ar\\\/sitio\\\/#website\"},\"primaryImageOfPage\":{\"@id\":\"https:\\\/\\\/cuartetoenlaweb.com.ar\\\/sitio\\\/dos-detenidos-por-comercializar-cocaina-y-marihuana-en-rio-cuarto\\\/#primaryimage\"},\"image\":{\"@id\":\"https:\\\/\\\/cuartetoenlaweb.com.ar\\\/sitio\\\/dos-detenidos-por-comercializar-cocaina-y-marihuana-en-rio-cuarto\\\/#primaryimage\"},\"thumbnailUrl\":\"https:\\\/\\\/cuartetoenlaweb.com.ar\\\/sitio\\\/wp-content\\\/uploads\\\/2026\\\/04\\\/WhatsApp-Image-2026-04-24-at-9.02.21-AM.jpeg\",\"datePublished\":\"2026-04-24T17:00:12+00:00\",\"breadcrumb\":{\"@id\":\"https:\\\/\\\/cuartetoenlaweb.com.ar\\\/sitio\\\/dos-detenidos-por-comercializar-cocaina-y-marihuana-en-rio-cuarto\\\/#breadcrumb\"},\"inLanguage\":\"es\",\"potentialAction\":[{\"@type\":\"ReadAction\",\"target\":[\"https:\\\/\\\/cuartetoenlaweb.com.ar\\\/sitio\\\/dos-detenidos-por-comercializar-cocaina-y-marihuana-en-rio-cuarto\\\/\"]}]},{\"@type\":\"ImageObject\",\"inLanguage\":\"es\",\"@id\":\"https:\\\/\\\/cuartetoenlaweb.com.ar\\\/sitio\\\/dos-detenidos-por-comercializar-cocaina-y-marihuana-en-rio-cuarto\\\/#primaryimage\",\"url\":\"https:\\\/\\\/cuartetoenlaweb.com.ar\\\/sitio\\\/wp-content\\\/uploads\\\/2026\\\/04\\\/WhatsApp-Image-2026-04-24-at-9.02.21-AM.jpeg\",\"contentUrl\":\"https:\\\/\\\/cuartetoenlaweb.com.ar\\\/sitio\\\/wp-content\\\/uploads\\\/2026\\\/04\\\/WhatsApp-Image-2026-04-24-at-9.02.21-AM.jpeg\",\"width\":706,\"height\":1076},{\"@type\":\"BreadcrumbList\",\"@id\":\"https:\\\/\\\/cuartetoenlaweb.com.ar\\\/sitio\\\/dos-detenidos-por-comercializar-cocaina-y-marihuana-en-rio-cuarto\\\/#breadcrumb\",\"itemListElement\":[{\"@type\":\"ListItem\",\"position\":1,\"name\":\"Portada\",\"item\":\"http:\\\/\\\/cuartetoenlaweb.com.ar\\\/sitio\\\/\"},{\"@type\":\"ListItem\",\"position\":2,\"name\":\"DOS DETENIDOS POR COMERCIALIZAR COCA\u00cdNA Y MARIHUANA EN R\u00cdO CUARTO\"}]},{\"@type\":\"WebSite\",\"@id\":\"http:\\\/\\\/cuartetoenlaweb.com.ar\\\/sitio\\\/#website\",\"url\":\"http:\\\/\\\/cuartetoenlaweb.com.ar\\\/sitio\\\/\",\"name\":\"Cuarteto en la Web\",\"description\":\"\",\"publisher\":{\"@id\":\"http:\\\/\\\/cuartetoenlaweb.com.ar\\\/sitio\\\/#organization\"},\"potentialAction\":[{\"@type\":\"SearchAction\",\"target\":{\"@type\":\"EntryPoint\",\"urlTemplate\":\"http:\\\/\\\/cuartetoenlaweb.com.ar\\\/sitio\\\/?s={search_term_string}\"},\"query-input\":{\"@type\":\"PropertyValueSpecification\",\"valueRequired\":true,\"valueName\":\"search_term_string\"}}],\"inLanguage\":\"es\"},{\"@type\":\"Organization\",\"@id\":\"http:\\\/\\\/cuartetoenlaweb.com.ar\\\/sitio\\\/#organization\",\"name\":\"Cuarteto en la Web\",\"url\":\"http:\\\/\\\/cuartetoenlaweb.com.ar\\\/sitio\\\/\",\"logo\":{\"@type\":\"ImageObject\",\"inLanguage\":\"es\",\"@id\":\"http:\\\/\\\/cuartetoenlaweb.com.ar\\\/sitio\\\/#\\\/schema\\\/logo\\\/image\\\/\",\"url\":\"https:\\\/\\\/cuartetoenlaweb.com.ar\\\/sitio\\\/wp-content\\\/uploads\\\/2025\\\/07\\\/cropped-cropped-logitoweb21.png\",\"contentUrl\":\"https:\\\/\\\/cuartetoenlaweb.com.ar\\\/sitio\\\/wp-content\\\/uploads\\\/2025\\\/07\\\/cropped-cropped-logitoweb21.png\",\"width\":199,\"height\":199,\"caption\":\"Cuarteto en la Web\"},\"image\":{\"@id\":\"http:\\\/\\\/cuartetoenlaweb.com.ar\\\/sitio\\\/#\\\/schema\\\/logo\\\/image\\\/\"}}]}<\/script>\n<!-- \/ Yoast SEO plugin. -->","yoast_head_json":{"title":"DOS DETENIDOS POR COMERCIALIZAR COCA\u00cdNA Y MARIHUANA EN R\u00cdO CUARTO - Cuarteto en la Web","robots":{"index":"index","follow":"follow","max-snippet":"max-snippet:-1","max-image-preview":"max-image-preview:large","max-video-preview":"max-video-preview:-1"},"canonical":"https:\/\/cuartetoenlaweb.com.ar\/sitio\/dos-detenidos-por-comercializar-cocaina-y-marihuana-en-rio-cuarto\/","og_locale":"es_ES","og_type":"article","og_title":"DOS DETENIDOS POR COMERCIALIZAR COCA\u00cdNA Y MARIHUANA EN R\u00cdO CUARTO - Cuarteto en la Web","og_description":"Luego de cuatro meses de investigaciones y denuncias an\u00f3nimas al","og_url":"https:\/\/cuartetoenlaweb.com.ar\/sitio\/dos-detenidos-por-comercializar-cocaina-y-marihuana-en-rio-cuarto\/","og_site_name":"Cuarteto en la Web","article_published_time":"2026-04-24T17:00:12+00:00","twitter_card":"summary_large_image","twitter_misc":{"Tiempo de lectura":"1 minuto"},"schema":{"@context":"https:\/\/schema.org","@graph":[{"@type":"Article","@id":"https:\/\/cuartetoenlaweb.com.ar\/sitio\/dos-detenidos-por-comercializar-cocaina-y-marihuana-en-rio-cuarto\/#article","isPartOf":{"@id":"https:\/\/cuartetoenlaweb.com.ar\/sitio\/dos-detenidos-por-comercializar-cocaina-y-marihuana-en-rio-cuarto\/"},"author":{"name":"","@id":""},"headline":"DOS DETENIDOS POR COMERCIALIZAR COCA\u00cdNA Y MARIHUANA EN R\u00cdO CUARTO","datePublished":"2026-04-24T17:00:12+00:00","mainEntityOfPage":{"@id":"https:\/\/cuartetoenlaweb.com.ar\/sitio\/dos-detenidos-por-comercializar-cocaina-y-marihuana-en-rio-cuarto\/"},"wordCount":194,"publisher":{"@id":"http:\/\/cuartetoenlaweb.com.ar\/sitio\/#organization"},"image":{"@id":"https:\/\/cuartetoenlaweb.com.ar\/sitio\/dos-detenidos-por-comercializar-cocaina-y-marihuana-en-rio-cuarto\/#primaryimage"},"thumbnailUrl":"https:\/\/cuartetoenlaweb.com.ar\/sitio\/wp-content\/uploads\/2026\/04\/WhatsApp-Image-2026-04-24-at-9.02.21-AM.jpeg","articleSection":["PAIS"],"inLanguage":"es"},{"@type":"WebPage","@id":"https:\/\/cuartetoenlaweb.com.ar\/sitio\/dos-detenidos-por-comercializar-cocaina-y-marihuana-en-rio-cuarto\/","url":"https:\/\/cuartetoenlaweb.com.ar\/sitio\/dos-detenidos-por-comercializar-cocaina-y-marihuana-en-rio-cuarto\/","name":"DOS DETENIDOS POR COMERCIALIZAR COCA\u00cdNA Y MARIHUANA EN R\u00cdO CUARTO - Cuarteto en la Web","isPartOf":{"@id":"http:\/\/cuartetoenlaweb.com.ar\/sitio\/#website"},"primaryImageOfPage":{"@id":"https:\/\/cuartetoenlaweb.com.ar\/sitio\/dos-detenidos-por-comercializar-cocaina-y-marihuana-en-rio-cuarto\/#primaryimage"},"image":{"@id":"https:\/\/cuartetoenlaweb.com.ar\/sitio\/dos-detenidos-por-comercializar-cocaina-y-marihuana-en-rio-cuarto\/#primaryimage"},"thumbnailUrl":"https:\/\/cuartetoenlaweb.com.ar\/sitio\/wp-content\/uploads\/2026\/04\/WhatsApp-Image-2026-04-24-at-9.02.21-AM.jpeg","datePublished":"2026-04-24T17:00:12+00:00","breadcrumb":{"@id":"https:\/\/cuartetoenlaweb.com.ar\/sitio\/dos-detenidos-por-comercializar-cocaina-y-marihuana-en-rio-cuarto\/#breadcrumb"},"inLanguage":"es","potentialAction":[{"@type":"ReadAction","target":["https:\/\/cuartetoenlaweb.com.ar\/sitio\/dos-detenidos-por-comercializar-cocaina-y-marihuana-en-rio-cuarto\/"]}]},{"@type":"ImageObject","inLanguage":"es","@id":"https:\/\/cuartetoenlaweb.com.ar\/sitio\/dos-detenidos-por-comercializar-cocaina-y-marihuana-en-rio-cuarto\/#primaryimage","url":"https:\/\/cuartetoenlaweb.com.ar\/sitio\/wp-content\/uploads\/2026\/04\/WhatsApp-Image-2026-04-24-at-9.02.21-AM.jpeg","contentUrl":"https:\/\/cuartetoenlaweb.com.ar\/sitio\/wp-content\/uploads\/2026\/04\/WhatsApp-Image-2026-04-24-at-9.02.21-AM.jpeg","width":706,"height":1076},{"@type":"BreadcrumbList","@id":"https:\/\/cuartetoenlaweb.com.ar\/sitio\/dos-detenidos-por-comercializar-cocaina-y-marihuana-en-rio-cuarto\/#breadcrumb","itemListElement":[{"@type":"ListItem","position":1,"name":"Portada","item":"http:\/\/cuartetoenlaweb.com.ar\/sitio\/"},{"@type":"ListItem","position":2,"name":"DOS DETENIDOS POR COMERCIALIZAR COCA\u00cdNA Y MARIHUANA EN R\u00cdO CUARTO"}]},{"@type":"WebSite","@id":"http:\/\/cuartetoenlaweb.com.ar\/sitio\/#website","url":"http:\/\/cuartetoenlaweb.com.ar\/sitio\/","name":"Cuarteto en la Web","description":"","publisher":{"@id":"http:\/\/cuartetoenlaweb.com.ar\/sitio\/#organization"},"potentialAction":[{"@type":"SearchAction","target":{"@type":"EntryPoint","urlTemplate":"http:\/\/cuartetoenlaweb.com.ar\/sitio\/?s={search_term_string}"},"query-input":{"@type":"PropertyValueSpecification","valueRequired":true,"valueName":"search_term_string"}}],"inLanguage":"es"},{"@type":"Organization","@id":"http:\/\/cuartetoenlaweb.com.ar\/sitio\/#organization","name":"Cuarteto en la Web","url":"http:\/\/cuartetoenlaweb.com.ar\/sitio\/","logo":{"@type":"ImageObject","inLanguage":"es","@id":"http:\/\/cuartetoenlaweb.com.ar\/sitio\/#\/schema\/logo\/image\/","url":"https:\/\/cuartetoenlaweb.com.ar\/sitio\/wp-content\/uploads\/2025\/07\/cropped-cropped-logitoweb21.png","contentUrl":"https:\/\/cuartetoenlaweb.com.ar\/sitio\/wp-content\/uploads\/2025\/07\/cropped-cropped-logitoweb21.png","width":199,"height":199,"caption":"Cuarteto en la Web"},"image":{"@id":"http:\/\/cuartetoenlaweb.com.ar\/sitio\/#\/schema\/logo\/image\/"}}]}},"_links":{"self":[{"href":"https:\/\/cuartetoenlaweb.com.ar\/sitio\/wp-json\/wp\/v2\/posts\/18792","targetHints":{"allow":["GET"]}}],"collection":[{"href":"https:\/\/cuartetoenlaweb.com.ar\/sitio\/wp-json\/wp\/v2\/posts"}],"about":[{"href":"https:\/\/cuartetoenlaweb.com.ar\/sitio\/wp-json\/wp\/v2\/types\/post"}],"replies":[{"embeddable":true,"href":"https:\/\/cuartetoenlaweb.com.ar\/sitio\/wp-json\/wp\/v2\/comments?post=18792"}],"version-history":[{"count":0,"href":"https:\/\/cuartetoenlaweb.com.ar\/sitio\/wp-json\/wp\/v2\/posts\/18792\/revisions"}],"wp:featuredmedia":[{"embeddable":true,"href":"https:\/\/cuartetoenlaweb.com.ar\/sitio\/wp-json\/wp\/v2\/media\/18793"}],"wp:attachment":[{"href":"https:\/\/cuartetoenlaweb.com.ar\/sitio\/wp-json\/wp\/v2\/media?parent=18792"}],"wp:term":[{"taxonomy":"category","embeddable":true,"href":"https:\/\/cuartetoenlaweb.com.ar\/sitio\/wp-json\/wp\/v2\/categories?post=18792"},{"taxonomy":"post_tag","embeddable":true,"href":"https:\/\/cuartetoenlaweb.com.ar\/sitio\/wp-json\/wp\/v2\/tags?post=18792"}],"curies":[{"name":"wp","href":"https:\/\/api.w.org\/{rel}","templated":true}]}}