
{"id":18790,"date":"2026-04-24T14:00:07","date_gmt":"2026-04-24T17:00:07","guid":{"rendered":"https:\/\/cuartetoenlaweb.com.ar\/sitio\/la-formula-1-confirmo-el-regreso-de-uno-de-los-grandes-premios-mas-pedidos-por-los-fanaticos\/"},"modified":"2026-04-24T14:00:07","modified_gmt":"2026-04-24T17:00:07","slug":"la-formula-1-confirmo-el-regreso-de-uno-de-los-grandes-premios-mas-pedidos-por-los-fanaticos","status":"publish","type":"post","link":"https:\/\/cuartetoenlaweb.com.ar\/sitio\/la-formula-1-confirmo-el-regreso-de-uno-de-los-grandes-premios-mas-pedidos-por-los-fanaticos\/","title":{"rendered":"La F\u00f3rmula 1 confirm\u00f3 el regreso de uno de los Grandes Premios m\u00e1s pedidos por los fan\u00e1ticos"},"content":{"rendered":"<p>Buenos Aires, 24 abril (NA) \u2013 La F\u00f3rmula 1 confirm\u00f3 el regreso del Gran Premio de Turqu\u00eda, uno de los m\u00e1s pedidos por el p\u00fablico, a partir de la temporada 2027.<\/p>\n<p>Seg\u00fan supo la Agencia Noticias Argentinas, el acuerdo ser\u00e1 durante cinco temporadas, aunque hay posibilidades de que m\u00e1s adelante se extienda por algunos a\u00f1os m\u00e1s.<\/p>\n<p>La primera vez que se realiz\u00f3 el GP de Turqu\u00eda fue en la temporada 2005 y termin\u00f3 con triunfo para el finland\u00e9s Kimi Raikkonen, que en aquella \u00e9poca corr\u00eda para McLaren, mientras que las siguientes tres ediciones fueron para el brasilero Felipe Massa, de Ferrari.<\/p>\n<p>El GP de Turqu\u00eda se disput\u00f3 en tres ocasiones m\u00e1s, con victorias para los brit\u00e1nicos Jenson Button (Brawn GP) en 2009 y Lewis Hamilton (McLaren) en 2010, mientras que el alem\u00e1n Sebastian Vettel (Red Bull) se impuso en 2011.<\/p>\n<p>Luego de varios a\u00f1os de ausencia, este Gran Premio volvi\u00f3 como parche en el calendario otros dos a\u00f1os, en 2020 y 2021, despu\u00e9s de las cancelaciones en otras carreras por la pandemia de Covid-19.<\/p>\n<p>En dichas temporadas, los respectivos triunfo fueron para Hamilton y el finland\u00e9s Valtteri Bottas, ambos de Mercedes.<\/p>\n<p>La sede hist\u00f3rica del Gran Premio de Turqu\u00eda fue el Circuito de Estambul, que cuenta con 14 curvas y una extensi\u00f3n de 5,340 kil\u00f3metros.<\/p>\n<p>De cara a la pr\u00f3xima temporada se dar\u00e1n los ingresos al calendario de Portugal y Turqu\u00eda, mientras que se dar\u00e1 de baja el GP de Pa\u00edses Bajos, adem\u00e1s de la rotaci\u00f3n que habr\u00e1 en B\u00e9lgica y Barcelona para no exceder el l\u00edmite de 24 fechas en la temporada.<\/p>\n<p>#AgenciaNA<\/p>\n","protected":false},"excerpt":{"rendered":"<p>Buenos Aires, 24 abril (NA) \u2013 La F\u00f3rmula 1 confirm\u00f3<\/p>\n","protected":false},"author":0,"featured_media":18791,"comment_status":"","ping_status":"","sticky":false,"template":"","format":"standard","meta":{"footnotes":""},"categories":[65],"tags":[],"class_list":["post-18790","post","type-post","status-publish","format-standard","has-post-thumbnail","hentry","category-pais"],"yoast_head":"<!-- This site is optimized with the Yoast SEO plugin v27.4 - https:\/\/yoast.com\/product\/yoast-seo-wordpress\/ -->\n<title>La F\u00f3rmula 1 confirm\u00f3 el regreso de uno de los Grandes Premios m\u00e1s pedidos por los fan\u00e1ticos - Cuarteto en la Web<\/title>\n<meta name=\"robots\" content=\"index, follow, max-snippet:-1, max-image-preview:large, max-video-preview:-1\" \/>\n<link rel=\"canonical\" href=\"https:\/\/cuartetoenlaweb.com.ar\/sitio\/la-formula-1-confirmo-el-regreso-de-uno-de-los-grandes-premios-mas-pedidos-por-los-fanaticos\/\" \/>\n<meta property=\"og:locale\" content=\"es_ES\" \/>\n<meta property=\"og:type\" content=\"article\" \/>\n<meta property=\"og:title\" content=\"La F\u00f3rmula 1 confirm\u00f3 el regreso de uno de los Grandes Premios m\u00e1s pedidos por los fan\u00e1ticos - Cuarteto en la Web\" \/>\n<meta property=\"og:description\" content=\"Buenos Aires, 24 abril (NA) \u2013 La F\u00f3rmula 1 confirm\u00f3\" \/>\n<meta property=\"og:url\" content=\"https:\/\/cuartetoenlaweb.com.ar\/sitio\/la-formula-1-confirmo-el-regreso-de-uno-de-los-grandes-premios-mas-pedidos-por-los-fanaticos\/\" \/>\n<meta property=\"og:site_name\" content=\"Cuarteto en la Web\" \/>\n<meta property=\"article:published_time\" content=\"2026-04-24T17:00:07+00:00\" \/>\n<meta name=\"twitter:card\" content=\"summary_large_image\" \/>\n<meta name=\"twitter:label1\" content=\"Tiempo de lectura\" \/>\n\t<meta name=\"twitter:data1\" content=\"1 minuto\" \/>\n<script type=\"application\/ld+json\" class=\"yoast-schema-graph\">{\"@context\":\"https:\\\/\\\/schema.org\",\"@graph\":[{\"@type\":\"Article\",\"@id\":\"https:\\\/\\\/cuartetoenlaweb.com.ar\\\/sitio\\\/la-formula-1-confirmo-el-regreso-de-uno-de-los-grandes-premios-mas-pedidos-por-los-fanaticos\\\/#article\",\"isPartOf\":{\"@id\":\"https:\\\/\\\/cuartetoenlaweb.com.ar\\\/sitio\\\/la-formula-1-confirmo-el-regreso-de-uno-de-los-grandes-premios-mas-pedidos-por-los-fanaticos\\\/\"},\"author\":{\"name\":\"\",\"@id\":\"\"},\"headline\":\"La F\u00f3rmula 1 confirm\u00f3 el regreso de uno de los Grandes Premios m\u00e1s pedidos por los fan\u00e1ticos\",\"datePublished\":\"2026-04-24T17:00:07+00:00\",\"mainEntityOfPage\":{\"@id\":\"https:\\\/\\\/cuartetoenlaweb.com.ar\\\/sitio\\\/la-formula-1-confirmo-el-regreso-de-uno-de-los-grandes-premios-mas-pedidos-por-los-fanaticos\\\/\"},\"wordCount\":301,\"publisher\":{\"@id\":\"http:\\\/\\\/cuartetoenlaweb.com.ar\\\/sitio\\\/#organization\"},\"image\":{\"@id\":\"https:\\\/\\\/cuartetoenlaweb.com.ar\\\/sitio\\\/la-formula-1-confirmo-el-regreso-de-uno-de-los-grandes-premios-mas-pedidos-por-los-fanaticos\\\/#primaryimage\"},\"thumbnailUrl\":\"https:\\\/\\\/cuartetoenlaweb.com.ar\\\/sitio\\\/wp-content\\\/uploads\\\/2026\\\/04\\\/720-569.jpeg\",\"articleSection\":[\"PAIS\"],\"inLanguage\":\"es\"},{\"@type\":\"WebPage\",\"@id\":\"https:\\\/\\\/cuartetoenlaweb.com.ar\\\/sitio\\\/la-formula-1-confirmo-el-regreso-de-uno-de-los-grandes-premios-mas-pedidos-por-los-fanaticos\\\/\",\"url\":\"https:\\\/\\\/cuartetoenlaweb.com.ar\\\/sitio\\\/la-formula-1-confirmo-el-regreso-de-uno-de-los-grandes-premios-mas-pedidos-por-los-fanaticos\\\/\",\"name\":\"La F\u00f3rmula 1 confirm\u00f3 el regreso de uno de los Grandes Premios m\u00e1s pedidos por los fan\u00e1ticos - Cuarteto en la Web\",\"isPartOf\":{\"@id\":\"http:\\\/\\\/cuartetoenlaweb.com.ar\\\/sitio\\\/#website\"},\"primaryImageOfPage\":{\"@id\":\"https:\\\/\\\/cuartetoenlaweb.com.ar\\\/sitio\\\/la-formula-1-confirmo-el-regreso-de-uno-de-los-grandes-premios-mas-pedidos-por-los-fanaticos\\\/#primaryimage\"},\"image\":{\"@id\":\"https:\\\/\\\/cuartetoenlaweb.com.ar\\\/sitio\\\/la-formula-1-confirmo-el-regreso-de-uno-de-los-grandes-premios-mas-pedidos-por-los-fanaticos\\\/#primaryimage\"},\"thumbnailUrl\":\"https:\\\/\\\/cuartetoenlaweb.com.ar\\\/sitio\\\/wp-content\\\/uploads\\\/2026\\\/04\\\/720-569.jpeg\",\"datePublished\":\"2026-04-24T17:00:07+00:00\",\"breadcrumb\":{\"@id\":\"https:\\\/\\\/cuartetoenlaweb.com.ar\\\/sitio\\\/la-formula-1-confirmo-el-regreso-de-uno-de-los-grandes-premios-mas-pedidos-por-los-fanaticos\\\/#breadcrumb\"},\"inLanguage\":\"es\",\"potentialAction\":[{\"@type\":\"ReadAction\",\"target\":[\"https:\\\/\\\/cuartetoenlaweb.com.ar\\\/sitio\\\/la-formula-1-confirmo-el-regreso-de-uno-de-los-grandes-premios-mas-pedidos-por-los-fanaticos\\\/\"]}]},{\"@type\":\"ImageObject\",\"inLanguage\":\"es\",\"@id\":\"https:\\\/\\\/cuartetoenlaweb.com.ar\\\/sitio\\\/la-formula-1-confirmo-el-regreso-de-uno-de-los-grandes-premios-mas-pedidos-por-los-fanaticos\\\/#primaryimage\",\"url\":\"https:\\\/\\\/cuartetoenlaweb.com.ar\\\/sitio\\\/wp-content\\\/uploads\\\/2026\\\/04\\\/720-569.jpeg\",\"contentUrl\":\"https:\\\/\\\/cuartetoenlaweb.com.ar\\\/sitio\\\/wp-content\\\/uploads\\\/2026\\\/04\\\/720-569.jpeg\",\"width\":1080,\"height\":720},{\"@type\":\"BreadcrumbList\",\"@id\":\"https:\\\/\\\/cuartetoenlaweb.com.ar\\\/sitio\\\/la-formula-1-confirmo-el-regreso-de-uno-de-los-grandes-premios-mas-pedidos-por-los-fanaticos\\\/#breadcrumb\",\"itemListElement\":[{\"@type\":\"ListItem\",\"position\":1,\"name\":\"Portada\",\"item\":\"http:\\\/\\\/cuartetoenlaweb.com.ar\\\/sitio\\\/\"},{\"@type\":\"ListItem\",\"position\":2,\"name\":\"La F\u00f3rmula 1 confirm\u00f3 el regreso de uno de los Grandes Premios m\u00e1s pedidos por los fan\u00e1ticos\"}]},{\"@type\":\"WebSite\",\"@id\":\"http:\\\/\\\/cuartetoenlaweb.com.ar\\\/sitio\\\/#website\",\"url\":\"http:\\\/\\\/cuartetoenlaweb.com.ar\\\/sitio\\\/\",\"name\":\"Cuarteto en la Web\",\"description\":\"\",\"publisher\":{\"@id\":\"http:\\\/\\\/cuartetoenlaweb.com.ar\\\/sitio\\\/#organization\"},\"potentialAction\":[{\"@type\":\"SearchAction\",\"target\":{\"@type\":\"EntryPoint\",\"urlTemplate\":\"http:\\\/\\\/cuartetoenlaweb.com.ar\\\/sitio\\\/?s={search_term_string}\"},\"query-input\":{\"@type\":\"PropertyValueSpecification\",\"valueRequired\":true,\"valueName\":\"search_term_string\"}}],\"inLanguage\":\"es\"},{\"@type\":\"Organization\",\"@id\":\"http:\\\/\\\/cuartetoenlaweb.com.ar\\\/sitio\\\/#organization\",\"name\":\"Cuarteto en la Web\",\"url\":\"http:\\\/\\\/cuartetoenlaweb.com.ar\\\/sitio\\\/\",\"logo\":{\"@type\":\"ImageObject\",\"inLanguage\":\"es\",\"@id\":\"http:\\\/\\\/cuartetoenlaweb.com.ar\\\/sitio\\\/#\\\/schema\\\/logo\\\/image\\\/\",\"url\":\"https:\\\/\\\/cuartetoenlaweb.com.ar\\\/sitio\\\/wp-content\\\/uploads\\\/2025\\\/07\\\/cropped-cropped-logitoweb21.png\",\"contentUrl\":\"https:\\\/\\\/cuartetoenlaweb.com.ar\\\/sitio\\\/wp-content\\\/uploads\\\/2025\\\/07\\\/cropped-cropped-logitoweb21.png\",\"width\":199,\"height\":199,\"caption\":\"Cuarteto en la Web\"},\"image\":{\"@id\":\"http:\\\/\\\/cuartetoenlaweb.com.ar\\\/sitio\\\/#\\\/schema\\\/logo\\\/image\\\/\"}}]}<\/script>\n<!-- \/ Yoast SEO plugin. -->","yoast_head_json":{"title":"La F\u00f3rmula 1 confirm\u00f3 el regreso de uno de los Grandes Premios m\u00e1s pedidos por los fan\u00e1ticos - Cuarteto en la Web","robots":{"index":"index","follow":"follow","max-snippet":"max-snippet:-1","max-image-preview":"max-image-preview:large","max-video-preview":"max-video-preview:-1"},"canonical":"https:\/\/cuartetoenlaweb.com.ar\/sitio\/la-formula-1-confirmo-el-regreso-de-uno-de-los-grandes-premios-mas-pedidos-por-los-fanaticos\/","og_locale":"es_ES","og_type":"article","og_title":"La F\u00f3rmula 1 confirm\u00f3 el regreso de uno de los Grandes Premios m\u00e1s pedidos por los fan\u00e1ticos - Cuarteto en la Web","og_description":"Buenos Aires, 24 abril (NA) \u2013 La F\u00f3rmula 1 confirm\u00f3","og_url":"https:\/\/cuartetoenlaweb.com.ar\/sitio\/la-formula-1-confirmo-el-regreso-de-uno-de-los-grandes-premios-mas-pedidos-por-los-fanaticos\/","og_site_name":"Cuarteto en la Web","article_published_time":"2026-04-24T17:00:07+00:00","twitter_card":"summary_large_image","twitter_misc":{"Tiempo de lectura":"1 minuto"},"schema":{"@context":"https:\/\/schema.org","@graph":[{"@type":"Article","@id":"https:\/\/cuartetoenlaweb.com.ar\/sitio\/la-formula-1-confirmo-el-regreso-de-uno-de-los-grandes-premios-mas-pedidos-por-los-fanaticos\/#article","isPartOf":{"@id":"https:\/\/cuartetoenlaweb.com.ar\/sitio\/la-formula-1-confirmo-el-regreso-de-uno-de-los-grandes-premios-mas-pedidos-por-los-fanaticos\/"},"author":{"name":"","@id":""},"headline":"La F\u00f3rmula 1 confirm\u00f3 el regreso de uno de los Grandes Premios m\u00e1s pedidos por los fan\u00e1ticos","datePublished":"2026-04-24T17:00:07+00:00","mainEntityOfPage":{"@id":"https:\/\/cuartetoenlaweb.com.ar\/sitio\/la-formula-1-confirmo-el-regreso-de-uno-de-los-grandes-premios-mas-pedidos-por-los-fanaticos\/"},"wordCount":301,"publisher":{"@id":"http:\/\/cuartetoenlaweb.com.ar\/sitio\/#organization"},"image":{"@id":"https:\/\/cuartetoenlaweb.com.ar\/sitio\/la-formula-1-confirmo-el-regreso-de-uno-de-los-grandes-premios-mas-pedidos-por-los-fanaticos\/#primaryimage"},"thumbnailUrl":"https:\/\/cuartetoenlaweb.com.ar\/sitio\/wp-content\/uploads\/2026\/04\/720-569.jpeg","articleSection":["PAIS"],"inLanguage":"es"},{"@type":"WebPage","@id":"https:\/\/cuartetoenlaweb.com.ar\/sitio\/la-formula-1-confirmo-el-regreso-de-uno-de-los-grandes-premios-mas-pedidos-por-los-fanaticos\/","url":"https:\/\/cuartetoenlaweb.com.ar\/sitio\/la-formula-1-confirmo-el-regreso-de-uno-de-los-grandes-premios-mas-pedidos-por-los-fanaticos\/","name":"La F\u00f3rmula 1 confirm\u00f3 el regreso de uno de los Grandes Premios m\u00e1s pedidos por los fan\u00e1ticos - Cuarteto en la Web","isPartOf":{"@id":"http:\/\/cuartetoenlaweb.com.ar\/sitio\/#website"},"primaryImageOfPage":{"@id":"https:\/\/cuartetoenlaweb.com.ar\/sitio\/la-formula-1-confirmo-el-regreso-de-uno-de-los-grandes-premios-mas-pedidos-por-los-fanaticos\/#primaryimage"},"image":{"@id":"https:\/\/cuartetoenlaweb.com.ar\/sitio\/la-formula-1-confirmo-el-regreso-de-uno-de-los-grandes-premios-mas-pedidos-por-los-fanaticos\/#primaryimage"},"thumbnailUrl":"https:\/\/cuartetoenlaweb.com.ar\/sitio\/wp-content\/uploads\/2026\/04\/720-569.jpeg","datePublished":"2026-04-24T17:00:07+00:00","breadcrumb":{"@id":"https:\/\/cuartetoenlaweb.com.ar\/sitio\/la-formula-1-confirmo-el-regreso-de-uno-de-los-grandes-premios-mas-pedidos-por-los-fanaticos\/#breadcrumb"},"inLanguage":"es","potentialAction":[{"@type":"ReadAction","target":["https:\/\/cuartetoenlaweb.com.ar\/sitio\/la-formula-1-confirmo-el-regreso-de-uno-de-los-grandes-premios-mas-pedidos-por-los-fanaticos\/"]}]},{"@type":"ImageObject","inLanguage":"es","@id":"https:\/\/cuartetoenlaweb.com.ar\/sitio\/la-formula-1-confirmo-el-regreso-de-uno-de-los-grandes-premios-mas-pedidos-por-los-fanaticos\/#primaryimage","url":"https:\/\/cuartetoenlaweb.com.ar\/sitio\/wp-content\/uploads\/2026\/04\/720-569.jpeg","contentUrl":"https:\/\/cuartetoenlaweb.com.ar\/sitio\/wp-content\/uploads\/2026\/04\/720-569.jpeg","width":1080,"height":720},{"@type":"BreadcrumbList","@id":"https:\/\/cuartetoenlaweb.com.ar\/sitio\/la-formula-1-confirmo-el-regreso-de-uno-de-los-grandes-premios-mas-pedidos-por-los-fanaticos\/#breadcrumb","itemListElement":[{"@type":"ListItem","position":1,"name":"Portada","item":"http:\/\/cuartetoenlaweb.com.ar\/sitio\/"},{"@type":"ListItem","position":2,"name":"La F\u00f3rmula 1 confirm\u00f3 el regreso de uno de los Grandes Premios m\u00e1s pedidos por los fan\u00e1ticos"}]},{"@type":"WebSite","@id":"http:\/\/cuartetoenlaweb.com.ar\/sitio\/#website","url":"http:\/\/cuartetoenlaweb.com.ar\/sitio\/","name":"Cuarteto en la Web","description":"","publisher":{"@id":"http:\/\/cuartetoenlaweb.com.ar\/sitio\/#organization"},"potentialAction":[{"@type":"SearchAction","target":{"@type":"EntryPoint","urlTemplate":"http:\/\/cuartetoenlaweb.com.ar\/sitio\/?s={search_term_string}"},"query-input":{"@type":"PropertyValueSpecification","valueRequired":true,"valueName":"search_term_string"}}],"inLanguage":"es"},{"@type":"Organization","@id":"http:\/\/cuartetoenlaweb.com.ar\/sitio\/#organization","name":"Cuarteto en la Web","url":"http:\/\/cuartetoenlaweb.com.ar\/sitio\/","logo":{"@type":"ImageObject","inLanguage":"es","@id":"http:\/\/cuartetoenlaweb.com.ar\/sitio\/#\/schema\/logo\/image\/","url":"https:\/\/cuartetoenlaweb.com.ar\/sitio\/wp-content\/uploads\/2025\/07\/cropped-cropped-logitoweb21.png","contentUrl":"https:\/\/cuartetoenlaweb.com.ar\/sitio\/wp-content\/uploads\/2025\/07\/cropped-cropped-logitoweb21.png","width":199,"height":199,"caption":"Cuarteto en la Web"},"image":{"@id":"http:\/\/cuartetoenlaweb.com.ar\/sitio\/#\/schema\/logo\/image\/"}}]}},"_links":{"self":[{"href":"https:\/\/cuartetoenlaweb.com.ar\/sitio\/wp-json\/wp\/v2\/posts\/18790","targetHints":{"allow":["GET"]}}],"collection":[{"href":"https:\/\/cuartetoenlaweb.com.ar\/sitio\/wp-json\/wp\/v2\/posts"}],"about":[{"href":"https:\/\/cuartetoenlaweb.com.ar\/sitio\/wp-json\/wp\/v2\/types\/post"}],"replies":[{"embeddable":true,"href":"https:\/\/cuartetoenlaweb.com.ar\/sitio\/wp-json\/wp\/v2\/comments?post=18790"}],"version-history":[{"count":0,"href":"https:\/\/cuartetoenlaweb.com.ar\/sitio\/wp-json\/wp\/v2\/posts\/18790\/revisions"}],"wp:featuredmedia":[{"embeddable":true,"href":"https:\/\/cuartetoenlaweb.com.ar\/sitio\/wp-json\/wp\/v2\/media\/18791"}],"wp:attachment":[{"href":"https:\/\/cuartetoenlaweb.com.ar\/sitio\/wp-json\/wp\/v2\/media?parent=18790"}],"wp:term":[{"taxonomy":"category","embeddable":true,"href":"https:\/\/cuartetoenlaweb.com.ar\/sitio\/wp-json\/wp\/v2\/categories?post=18790"},{"taxonomy":"post_tag","embeddable":true,"href":"https:\/\/cuartetoenlaweb.com.ar\/sitio\/wp-json\/wp\/v2\/tags?post=18790"}],"curies":[{"name":"wp","href":"https:\/\/api.w.org\/{rel}","templated":true}]}}