
{"id":13319,"date":"2026-03-03T08:00:07","date_gmt":"2026-03-03T11:00:07","guid":{"rendered":"https:\/\/cuartetoenlaweb.com.ar\/sitio\/guerra-guarani-una-ex-gran-hermano-desenmascaro-a-la-participante-paraguaya-carmina-innecesario\/"},"modified":"2026-03-03T08:00:07","modified_gmt":"2026-03-03T11:00:07","slug":"guerra-guarani-una-ex-gran-hermano-desenmascaro-a-la-participante-paraguaya-carmina-innecesario","status":"publish","type":"post","link":"https:\/\/cuartetoenlaweb.com.ar\/sitio\/guerra-guarani-una-ex-gran-hermano-desenmascaro-a-la-participante-paraguaya-carmina-innecesario\/","title":{"rendered":"\u00a1Guerra guaran\u00ed! Una ex Gran Hermano desenmascar\u00f3 a la participante paraguaya Carmi\u00f1a: \u201cInnecesario\u201d"},"content":{"rendered":"<p>A pocos d\u00edas de que el reality de <em>Telefe<\/em> volviera al aire con una nueva edici\u00f3n y ya con los participantes dentro de la casa jugando, una ex concursante del formato reapareci\u00f3 en las redes sociales con un video en el que apunt\u00f3 con todo contra su compatriota.<\/p>\n<p>Dirigi\u00e9ndose a la gente y con la intenci\u00f3n de desenmascarar a <strong>Carmi\u00f1a Mazi<\/strong>, fue <strong>Angeles Pereira<\/strong>, quien pas\u00f3 por el programa en la edici\u00f3n 2015, que sali\u00f3 al cruce con pruebas que desmienten lo dicho por la flamante hermanita en el tape de presentaci\u00f3n que hizo antes de ingresar.<\/p>\n<p><em>\u201cSoy la primera paraguaya que entra a\u00a0la casa de Gran Hermano. Soy periodista y conductora\u201d<\/em>, explicaba la jugadora del especial <a href=\"https:\/\/www.paparazzi.com.ar\/teve\/gran-hermano-uno-a-uno-estos-son-los-participantes-de-la-nueva-generacion-dorada\/\" id=\"https:\/\/www.paparazzi.com.ar\/teve\/gran-hermano-uno-a-uno-estos-son-los-participantes-de-la-nueva-generacion-dorada\/\">Edici\u00f3n Dorada<\/a>. Y fue de eso que se agarr\u00f3 la ex compa\u00f1era de <strong>Francisco Delgado, Mariano Ber\u00f3n, Marian Farjat,<\/strong> entre otros ex del formato de esa temporada que se vio por la pantalla de Am\u00e9rica.<\/p>\n<div class=\"mt-box \">\n<h4 class=\"mt-heading\">Mir\u00e1 Tambi\u00e9n<\/h4>\n<p><a href=\"https:\/\/www.paparazzi.com.ar\/teve\/mario-pergolini-confeso-que-problemas-tuvo-por-su-vida-super-desordenada-te-lleva-a-la-angustia-y-al-panico\/\"><\/p>\n<div class=\"mt-content\">\n<div class=\"mt-image-container\"><img decoding=\"async\" src=\"https:\/\/www.paparazzi.com.ar\/wp-content\/uploads\/2026\/02\/pergolini-359x226.jpeg\" alt=\"Mario Pergolini confes\u00f3 qu\u00e9 problemas tuvo por su vida s\u00faper desordenada: &quot;Te lleva a la angustia y al p\u00e1nico&quot;\" class=\"mt-image\" loading=\"lazy\" \/><\/div>\n<h5 class=\"mt-title\">Mario Pergolini confes\u00f3 qu\u00e9 problemas tuvo por su vida s\u00faper desordenada: \u00abTe lleva a la angustia y al p\u00e1nico\u00bb<\/h5>\n<\/div>\n<p><\/a><\/div>\n<p><em>\u201c\u00bfQu\u00e9\u00bf \u00bfQu\u00e9? \u00bfQu\u00e9? Se que esta chica entr\u00f3 ahora a Gran Hermano no se inform\u00f3 antes de entrar. Porque si se hubiese informado ella sabr\u00eda que la primera paraguaya que entr\u00f3 fui yo hace 11 a\u00f1os atr\u00e1s. Me parece innecesario que diga que es la primera. No me enoja que la gente no me recuerde, que no me siga o no sepa nada de mi\u201d<\/em>, comenz\u00f3 indignada Pereira.<\/p>\n<h2 class=\"wp-block-heading\">DESENMASCARARON A CARMI\u00d1A<\/h2>\n<p>A lo que mirando a la lente del celular y dirigi\u00e9ndose a <a href=\"https:\/\/www.paparazzi.com.ar\/teve\/ni-un-dia-paso-quienes-son-los-cuatro-participantes-mas-odiados-de-gran-hermano-segun-las-encuestas\/\" id=\"https:\/\/www.paparazzi.com.ar\/teve\/ni-un-dia-paso-quienes-son-los-cuatro-participantes-mas-odiados-de-gran-hermano-segun-las-encuestas\/\">Carmi\u00f1a<\/a> sentenci\u00f3: <em>\u201cPero no te autoproclames primera paraguaya en entrar a la casa porque no lo sos. \u00a1M enetend\u00e8s! Me enoja\u201d.<\/em> Pero no fue la \u00fanica vez que Angie se refiri\u00f3 a la flamante concursante en instagram.<\/p>\n<p>Siendo que su comentario y descargo gener\u00f3 diferentes reacciones en las redes, ella decidi\u00f3 responderle a muchos de los internautas que la criticaron por su descargo. \u201c<em>Yo no me quiero colgar de Carme. Me est\u00e1n juzgando por mi acento. No dije nada malo sino algo que es verdad. Que no es la primera paraguaya en entrar\u201d.<\/em><\/p>\n<div class=\"mt-box \">\n<h4 class=\"mt-heading\">Mir\u00e1 Tambi\u00e9n<\/h4>\n<p><a href=\"https:\/\/www.paparazzi.com.ar\/videos\/exclusivo-luciana-elbusto-se-puso-en-la-piel-de-yanina-latorre-y-provoco-como-nunca-es-la-messi-del-chimento-y-tiene-un-lomo-increible\/\"><\/p>\n<div class=\"mt-content\">\n<div class=\"mt-image-container\"><img decoding=\"async\" src=\"https:\/\/www.paparazzi.com.ar\/wp-content\/uploads\/2026\/02\/REVISTA-PAPARAZZI-YO-QUIERO-SER-LUCIANA-ELBUSTO-YANINA-LATORRE-PORTADA-WEB-1-359x226.jpg\" alt=\"\u00a1Exclusivo! Luciana Elbusto se puso en la piel de Yanina Latorre y provoc\u00f3 como nunca: &quot;Es la Messi del chimento y tiene un lomo incre\u00edble&quot;\" class=\"mt-image\" loading=\"lazy\" \/><\/div>\n<h5 class=\"mt-title\">\u00a1Exclusivo! Luciana Elbusto se puso en la piel de Yanina Latorre y provoc\u00f3 como nunca: \u00abEs la Messi del chimento y tiene un lomo incre\u00edble\u00bb<\/h5>\n<\/div>\n<p><\/a><\/div>\n<p><em>\u201cMe salen a tirar hate. No saben si la apoyo o no. voy a seguir haciendo videos y vivos porque antes de esto lo hac\u00eda. As\u00ed que dejen de decir boludeces. Que piensen que es la primera all\u00e1 pero yo fui la primera. Me tiran hate por decir la verdad y porque ella es famosa y tiene seguidores. Vengan de a uno. Mi verdad lo viv\u00ed\u201d, <\/em>agreg\u00f3 la hermanita de la edici\u00f3n 2015.<\/p>\n<figure class=\"wp-block-image size-full\"><img decoding=\"async\" width=\"790\" height=\"607\" src=\"https:\/\/www.paparazzi.com.ar\/wp-content\/uploads\/2026\/03\/angie-gh-2011.jpeg.webp\" loading=\"lazy\" alt=\"\" class=\"wp-image-466680\" \/><\/figure>\n<div class=\"mt-box \">\n<h4 class=\"mt-heading\">Mir\u00e1 Tambi\u00e9n<\/h4>\n<p><a href=\"https:\/\/www.paparazzi.com.ar\/romances\/pura-felicidad-nacio-la-hija-de-oriana-sabatini-y-paulo-dybala\/\"><\/p>\n<div class=\"mt-content\">\n<div class=\"mt-image-container\"><img decoding=\"async\" src=\"https:\/\/www.paparazzi.com.ar\/wp-content\/uploads\/2025\/10\/ORIANA-SABATINI-EMBARAZADA-1-359x226.jpg\" alt=\"\u00a1Pura felicidad! Naci\u00f3 la hija de Oriana Sabatini y Paulo Dybala\" class=\"mt-image\" loading=\"lazy\" \/><\/div>\n<h5 class=\"mt-title\">\u00a1Pura felicidad! Naci\u00f3 la hija de Oriana Sabatini y Paulo Dybala<\/h5>\n<\/div>\n<p><\/a><\/div>\n<div class=\"mt-box \">\n<h4 class=\"mt-heading\">Mir\u00e1 Tambi\u00e9n<\/h4>\n<p><a href=\"https:\/\/www.paparazzi.com.ar\/teve\/la-tora-conto-por-que-se-opero-las-lolas-y-confeso-la-propuesta-fuerte-que-le-hicieron-me-daban-6-mil-dolares\/\"><\/p>\n<div class=\"mt-content\">\n<div class=\"mt-image-container\"><img decoding=\"async\" src=\"https:\/\/www.paparazzi.com.ar\/wp-content\/uploads\/2026\/02\/tora-359x226.jpeg\" alt=\"La Tora cont\u00f3 por qu\u00e9 se oper\u00f3 las lolas y confes\u00f3 la propuesta fuerte que le hicieron: \u201cMe daban 6 mil d\u00f3lares\u201d\" class=\"mt-image\" loading=\"lazy\" \/><\/div>\n<h5 class=\"mt-title\">La Tora cont\u00f3 por qu\u00e9 se oper\u00f3 las lolas y confes\u00f3 la propuesta fuerte que le hicieron: \u201cMe daban 6 mil d\u00f3lares\u201d<\/h5>\n<\/div>\n<p><\/a><\/div>\n<p>The post <a href=\"https:\/\/www.paparazzi.com.ar\/teve\/guerra-guarani-una-ex-gran-hermano-desenmascaro-a-la-participante-paraguaya-carmina-innecesario\/\">\u00a1Guerra guaran\u00ed! Una ex Gran Hermano desenmascar\u00f3 a la participante paraguaya Carmi\u00f1a: \u201cInnecesario\u201d<\/a> appeared first on <a href=\"https:\/\/www.paparazzi.com.ar\">Revista Paparazzi<\/a>.<\/p>\n","protected":false},"excerpt":{"rendered":"<p>A pocos d\u00edas de que el reality de Telefe volviera<\/p>\n","protected":false},"author":0,"featured_media":13320,"comment_status":"","ping_status":"","sticky":false,"template":"","format":"standard","meta":{"footnotes":""},"categories":[12],"tags":[],"class_list":["post-13319","post","type-post","status-publish","format-standard","has-post-thumbnail","hentry","category-espectaculo"],"yoast_head":"<!-- This site is optimized with the Yoast SEO plugin v27.5 - https:\/\/yoast.com\/product\/yoast-seo-wordpress\/ -->\n<title>\u00a1Guerra guaran\u00ed! Una ex Gran Hermano desenmascar\u00f3 a la participante paraguaya Carmi\u00f1a: \u201cInnecesario\u201d - Cuarteto en la Web<\/title>\n<meta name=\"robots\" content=\"index, follow, max-snippet:-1, max-image-preview:large, max-video-preview:-1\" \/>\n<link rel=\"canonical\" href=\"https:\/\/cuartetoenlaweb.com.ar\/sitio\/guerra-guarani-una-ex-gran-hermano-desenmascaro-a-la-participante-paraguaya-carmina-innecesario\/\" \/>\n<meta property=\"og:locale\" content=\"es_ES\" \/>\n<meta property=\"og:type\" content=\"article\" \/>\n<meta property=\"og:title\" content=\"\u00a1Guerra guaran\u00ed! Una ex Gran Hermano desenmascar\u00f3 a la participante paraguaya Carmi\u00f1a: \u201cInnecesario\u201d - Cuarteto en la Web\" \/>\n<meta property=\"og:description\" content=\"A pocos d\u00edas de que el reality de Telefe volviera\" \/>\n<meta property=\"og:url\" content=\"https:\/\/cuartetoenlaweb.com.ar\/sitio\/guerra-guarani-una-ex-gran-hermano-desenmascaro-a-la-participante-paraguaya-carmina-innecesario\/\" \/>\n<meta property=\"og:site_name\" content=\"Cuarteto en la Web\" \/>\n<meta property=\"article:published_time\" content=\"2026-03-03T11:00:07+00:00\" \/>\n<meta property=\"og:image\" content=\"https:\/\/cuartetoenlaweb.com.ar\/sitio\/wp-content\/uploads\/2026\/03\/pergolini-359x226-1.jpeg\" \/>\n\t<meta property=\"og:image:width\" content=\"359\" \/>\n\t<meta property=\"og:image:height\" content=\"226\" \/>\n\t<meta property=\"og:image:type\" content=\"image\/jpeg\" \/>\n<meta name=\"twitter:card\" content=\"summary_large_image\" \/>\n<meta name=\"twitter:label1\" content=\"Tiempo de lectura\" \/>\n\t<meta name=\"twitter:data1\" content=\"3 minutos\" \/>\n<script type=\"application\/ld+json\" class=\"yoast-schema-graph\">{\"@context\":\"https:\\\/\\\/schema.org\",\"@graph\":[{\"@type\":\"Article\",\"@id\":\"https:\\\/\\\/cuartetoenlaweb.com.ar\\\/sitio\\\/guerra-guarani-una-ex-gran-hermano-desenmascaro-a-la-participante-paraguaya-carmina-innecesario\\\/#article\",\"isPartOf\":{\"@id\":\"https:\\\/\\\/cuartetoenlaweb.com.ar\\\/sitio\\\/guerra-guarani-una-ex-gran-hermano-desenmascaro-a-la-participante-paraguaya-carmina-innecesario\\\/\"},\"author\":{\"name\":\"\",\"@id\":\"\"},\"headline\":\"\u00a1Guerra guaran\u00ed! Una ex Gran Hermano desenmascar\u00f3 a la participante paraguaya Carmi\u00f1a: \u201cInnecesario\u201d\",\"datePublished\":\"2026-03-03T11:00:07+00:00\",\"mainEntityOfPage\":{\"@id\":\"https:\\\/\\\/cuartetoenlaweb.com.ar\\\/sitio\\\/guerra-guarani-una-ex-gran-hermano-desenmascaro-a-la-participante-paraguaya-carmina-innecesario\\\/\"},\"wordCount\":547,\"publisher\":{\"@id\":\"https:\\\/\\\/cuartetoenlaweb.com.ar\\\/sitio\\\/#organization\"},\"image\":{\"@id\":\"https:\\\/\\\/cuartetoenlaweb.com.ar\\\/sitio\\\/guerra-guarani-una-ex-gran-hermano-desenmascaro-a-la-participante-paraguaya-carmina-innecesario\\\/#primaryimage\"},\"thumbnailUrl\":\"https:\\\/\\\/cuartetoenlaweb.com.ar\\\/sitio\\\/wp-content\\\/uploads\\\/2026\\\/03\\\/pergolini-359x226-1.jpeg\",\"articleSection\":[\"ESPECT\u00c1CULO\"],\"inLanguage\":\"es\"},{\"@type\":\"WebPage\",\"@id\":\"https:\\\/\\\/cuartetoenlaweb.com.ar\\\/sitio\\\/guerra-guarani-una-ex-gran-hermano-desenmascaro-a-la-participante-paraguaya-carmina-innecesario\\\/\",\"url\":\"https:\\\/\\\/cuartetoenlaweb.com.ar\\\/sitio\\\/guerra-guarani-una-ex-gran-hermano-desenmascaro-a-la-participante-paraguaya-carmina-innecesario\\\/\",\"name\":\"\u00a1Guerra guaran\u00ed! Una ex Gran Hermano desenmascar\u00f3 a la participante paraguaya Carmi\u00f1a: \u201cInnecesario\u201d - Cuarteto en la Web\",\"isPartOf\":{\"@id\":\"https:\\\/\\\/cuartetoenlaweb.com.ar\\\/sitio\\\/#website\"},\"primaryImageOfPage\":{\"@id\":\"https:\\\/\\\/cuartetoenlaweb.com.ar\\\/sitio\\\/guerra-guarani-una-ex-gran-hermano-desenmascaro-a-la-participante-paraguaya-carmina-innecesario\\\/#primaryimage\"},\"image\":{\"@id\":\"https:\\\/\\\/cuartetoenlaweb.com.ar\\\/sitio\\\/guerra-guarani-una-ex-gran-hermano-desenmascaro-a-la-participante-paraguaya-carmina-innecesario\\\/#primaryimage\"},\"thumbnailUrl\":\"https:\\\/\\\/cuartetoenlaweb.com.ar\\\/sitio\\\/wp-content\\\/uploads\\\/2026\\\/03\\\/pergolini-359x226-1.jpeg\",\"datePublished\":\"2026-03-03T11:00:07+00:00\",\"breadcrumb\":{\"@id\":\"https:\\\/\\\/cuartetoenlaweb.com.ar\\\/sitio\\\/guerra-guarani-una-ex-gran-hermano-desenmascaro-a-la-participante-paraguaya-carmina-innecesario\\\/#breadcrumb\"},\"inLanguage\":\"es\",\"potentialAction\":[{\"@type\":\"ReadAction\",\"target\":[\"https:\\\/\\\/cuartetoenlaweb.com.ar\\\/sitio\\\/guerra-guarani-una-ex-gran-hermano-desenmascaro-a-la-participante-paraguaya-carmina-innecesario\\\/\"]}]},{\"@type\":\"ImageObject\",\"inLanguage\":\"es\",\"@id\":\"https:\\\/\\\/cuartetoenlaweb.com.ar\\\/sitio\\\/guerra-guarani-una-ex-gran-hermano-desenmascaro-a-la-participante-paraguaya-carmina-innecesario\\\/#primaryimage\",\"url\":\"https:\\\/\\\/cuartetoenlaweb.com.ar\\\/sitio\\\/wp-content\\\/uploads\\\/2026\\\/03\\\/pergolini-359x226-1.jpeg\",\"contentUrl\":\"https:\\\/\\\/cuartetoenlaweb.com.ar\\\/sitio\\\/wp-content\\\/uploads\\\/2026\\\/03\\\/pergolini-359x226-1.jpeg\",\"width\":359,\"height\":226},{\"@type\":\"BreadcrumbList\",\"@id\":\"https:\\\/\\\/cuartetoenlaweb.com.ar\\\/sitio\\\/guerra-guarani-una-ex-gran-hermano-desenmascaro-a-la-participante-paraguaya-carmina-innecesario\\\/#breadcrumb\",\"itemListElement\":[{\"@type\":\"ListItem\",\"position\":1,\"name\":\"Portada\",\"item\":\"https:\\\/\\\/cuartetoenlaweb.com.ar\\\/sitio\\\/\"},{\"@type\":\"ListItem\",\"position\":2,\"name\":\"\u00a1Guerra guaran\u00ed! Una ex Gran Hermano desenmascar\u00f3 a la participante paraguaya Carmi\u00f1a: \u201cInnecesario\u201d\"}]},{\"@type\":\"WebSite\",\"@id\":\"https:\\\/\\\/cuartetoenlaweb.com.ar\\\/sitio\\\/#website\",\"url\":\"https:\\\/\\\/cuartetoenlaweb.com.ar\\\/sitio\\\/\",\"name\":\"Cuarteto en la Web\",\"description\":\"\",\"publisher\":{\"@id\":\"https:\\\/\\\/cuartetoenlaweb.com.ar\\\/sitio\\\/#organization\"},\"potentialAction\":[{\"@type\":\"SearchAction\",\"target\":{\"@type\":\"EntryPoint\",\"urlTemplate\":\"https:\\\/\\\/cuartetoenlaweb.com.ar\\\/sitio\\\/?s={search_term_string}\"},\"query-input\":{\"@type\":\"PropertyValueSpecification\",\"valueRequired\":true,\"valueName\":\"search_term_string\"}}],\"inLanguage\":\"es\"},{\"@type\":\"Organization\",\"@id\":\"https:\\\/\\\/cuartetoenlaweb.com.ar\\\/sitio\\\/#organization\",\"name\":\"Cuarteto en la Web\",\"url\":\"https:\\\/\\\/cuartetoenlaweb.com.ar\\\/sitio\\\/\",\"logo\":{\"@type\":\"ImageObject\",\"inLanguage\":\"es\",\"@id\":\"https:\\\/\\\/cuartetoenlaweb.com.ar\\\/sitio\\\/#\\\/schema\\\/logo\\\/image\\\/\",\"url\":\"https:\\\/\\\/cuartetoenlaweb.com.ar\\\/sitio\\\/wp-content\\\/uploads\\\/2025\\\/07\\\/cropped-cropped-logitoweb21.png\",\"contentUrl\":\"https:\\\/\\\/cuartetoenlaweb.com.ar\\\/sitio\\\/wp-content\\\/uploads\\\/2025\\\/07\\\/cropped-cropped-logitoweb21.png\",\"width\":199,\"height\":199,\"caption\":\"Cuarteto en la Web\"},\"image\":{\"@id\":\"https:\\\/\\\/cuartetoenlaweb.com.ar\\\/sitio\\\/#\\\/schema\\\/logo\\\/image\\\/\"}}]}<\/script>\n<!-- \/ Yoast SEO plugin. -->","yoast_head_json":{"title":"\u00a1Guerra guaran\u00ed! Una ex Gran Hermano desenmascar\u00f3 a la participante paraguaya Carmi\u00f1a: \u201cInnecesario\u201d - Cuarteto en la Web","robots":{"index":"index","follow":"follow","max-snippet":"max-snippet:-1","max-image-preview":"max-image-preview:large","max-video-preview":"max-video-preview:-1"},"canonical":"https:\/\/cuartetoenlaweb.com.ar\/sitio\/guerra-guarani-una-ex-gran-hermano-desenmascaro-a-la-participante-paraguaya-carmina-innecesario\/","og_locale":"es_ES","og_type":"article","og_title":"\u00a1Guerra guaran\u00ed! Una ex Gran Hermano desenmascar\u00f3 a la participante paraguaya Carmi\u00f1a: \u201cInnecesario\u201d - Cuarteto en la Web","og_description":"A pocos d\u00edas de que el reality de Telefe volviera","og_url":"https:\/\/cuartetoenlaweb.com.ar\/sitio\/guerra-guarani-una-ex-gran-hermano-desenmascaro-a-la-participante-paraguaya-carmina-innecesario\/","og_site_name":"Cuarteto en la Web","article_published_time":"2026-03-03T11:00:07+00:00","og_image":[{"width":359,"height":226,"url":"https:\/\/cuartetoenlaweb.com.ar\/sitio\/wp-content\/uploads\/2026\/03\/pergolini-359x226-1.jpeg","type":"image\/jpeg"}],"twitter_card":"summary_large_image","twitter_misc":{"Tiempo de lectura":"3 minutos"},"schema":{"@context":"https:\/\/schema.org","@graph":[{"@type":"Article","@id":"https:\/\/cuartetoenlaweb.com.ar\/sitio\/guerra-guarani-una-ex-gran-hermano-desenmascaro-a-la-participante-paraguaya-carmina-innecesario\/#article","isPartOf":{"@id":"https:\/\/cuartetoenlaweb.com.ar\/sitio\/guerra-guarani-una-ex-gran-hermano-desenmascaro-a-la-participante-paraguaya-carmina-innecesario\/"},"author":{"name":"","@id":""},"headline":"\u00a1Guerra guaran\u00ed! Una ex Gran Hermano desenmascar\u00f3 a la participante paraguaya Carmi\u00f1a: \u201cInnecesario\u201d","datePublished":"2026-03-03T11:00:07+00:00","mainEntityOfPage":{"@id":"https:\/\/cuartetoenlaweb.com.ar\/sitio\/guerra-guarani-una-ex-gran-hermano-desenmascaro-a-la-participante-paraguaya-carmina-innecesario\/"},"wordCount":547,"publisher":{"@id":"https:\/\/cuartetoenlaweb.com.ar\/sitio\/#organization"},"image":{"@id":"https:\/\/cuartetoenlaweb.com.ar\/sitio\/guerra-guarani-una-ex-gran-hermano-desenmascaro-a-la-participante-paraguaya-carmina-innecesario\/#primaryimage"},"thumbnailUrl":"https:\/\/cuartetoenlaweb.com.ar\/sitio\/wp-content\/uploads\/2026\/03\/pergolini-359x226-1.jpeg","articleSection":["ESPECT\u00c1CULO"],"inLanguage":"es"},{"@type":"WebPage","@id":"https:\/\/cuartetoenlaweb.com.ar\/sitio\/guerra-guarani-una-ex-gran-hermano-desenmascaro-a-la-participante-paraguaya-carmina-innecesario\/","url":"https:\/\/cuartetoenlaweb.com.ar\/sitio\/guerra-guarani-una-ex-gran-hermano-desenmascaro-a-la-participante-paraguaya-carmina-innecesario\/","name":"\u00a1Guerra guaran\u00ed! Una ex Gran Hermano desenmascar\u00f3 a la participante paraguaya Carmi\u00f1a: \u201cInnecesario\u201d - Cuarteto en la Web","isPartOf":{"@id":"https:\/\/cuartetoenlaweb.com.ar\/sitio\/#website"},"primaryImageOfPage":{"@id":"https:\/\/cuartetoenlaweb.com.ar\/sitio\/guerra-guarani-una-ex-gran-hermano-desenmascaro-a-la-participante-paraguaya-carmina-innecesario\/#primaryimage"},"image":{"@id":"https:\/\/cuartetoenlaweb.com.ar\/sitio\/guerra-guarani-una-ex-gran-hermano-desenmascaro-a-la-participante-paraguaya-carmina-innecesario\/#primaryimage"},"thumbnailUrl":"https:\/\/cuartetoenlaweb.com.ar\/sitio\/wp-content\/uploads\/2026\/03\/pergolini-359x226-1.jpeg","datePublished":"2026-03-03T11:00:07+00:00","breadcrumb":{"@id":"https:\/\/cuartetoenlaweb.com.ar\/sitio\/guerra-guarani-una-ex-gran-hermano-desenmascaro-a-la-participante-paraguaya-carmina-innecesario\/#breadcrumb"},"inLanguage":"es","potentialAction":[{"@type":"ReadAction","target":["https:\/\/cuartetoenlaweb.com.ar\/sitio\/guerra-guarani-una-ex-gran-hermano-desenmascaro-a-la-participante-paraguaya-carmina-innecesario\/"]}]},{"@type":"ImageObject","inLanguage":"es","@id":"https:\/\/cuartetoenlaweb.com.ar\/sitio\/guerra-guarani-una-ex-gran-hermano-desenmascaro-a-la-participante-paraguaya-carmina-innecesario\/#primaryimage","url":"https:\/\/cuartetoenlaweb.com.ar\/sitio\/wp-content\/uploads\/2026\/03\/pergolini-359x226-1.jpeg","contentUrl":"https:\/\/cuartetoenlaweb.com.ar\/sitio\/wp-content\/uploads\/2026\/03\/pergolini-359x226-1.jpeg","width":359,"height":226},{"@type":"BreadcrumbList","@id":"https:\/\/cuartetoenlaweb.com.ar\/sitio\/guerra-guarani-una-ex-gran-hermano-desenmascaro-a-la-participante-paraguaya-carmina-innecesario\/#breadcrumb","itemListElement":[{"@type":"ListItem","position":1,"name":"Portada","item":"https:\/\/cuartetoenlaweb.com.ar\/sitio\/"},{"@type":"ListItem","position":2,"name":"\u00a1Guerra guaran\u00ed! Una ex Gran Hermano desenmascar\u00f3 a la participante paraguaya Carmi\u00f1a: \u201cInnecesario\u201d"}]},{"@type":"WebSite","@id":"https:\/\/cuartetoenlaweb.com.ar\/sitio\/#website","url":"https:\/\/cuartetoenlaweb.com.ar\/sitio\/","name":"Cuarteto en la Web","description":"","publisher":{"@id":"https:\/\/cuartetoenlaweb.com.ar\/sitio\/#organization"},"potentialAction":[{"@type":"SearchAction","target":{"@type":"EntryPoint","urlTemplate":"https:\/\/cuartetoenlaweb.com.ar\/sitio\/?s={search_term_string}"},"query-input":{"@type":"PropertyValueSpecification","valueRequired":true,"valueName":"search_term_string"}}],"inLanguage":"es"},{"@type":"Organization","@id":"https:\/\/cuartetoenlaweb.com.ar\/sitio\/#organization","name":"Cuarteto en la Web","url":"https:\/\/cuartetoenlaweb.com.ar\/sitio\/","logo":{"@type":"ImageObject","inLanguage":"es","@id":"https:\/\/cuartetoenlaweb.com.ar\/sitio\/#\/schema\/logo\/image\/","url":"https:\/\/cuartetoenlaweb.com.ar\/sitio\/wp-content\/uploads\/2025\/07\/cropped-cropped-logitoweb21.png","contentUrl":"https:\/\/cuartetoenlaweb.com.ar\/sitio\/wp-content\/uploads\/2025\/07\/cropped-cropped-logitoweb21.png","width":199,"height":199,"caption":"Cuarteto en la Web"},"image":{"@id":"https:\/\/cuartetoenlaweb.com.ar\/sitio\/#\/schema\/logo\/image\/"}}]}},"_links":{"self":[{"href":"https:\/\/cuartetoenlaweb.com.ar\/sitio\/wp-json\/wp\/v2\/posts\/13319","targetHints":{"allow":["GET"]}}],"collection":[{"href":"https:\/\/cuartetoenlaweb.com.ar\/sitio\/wp-json\/wp\/v2\/posts"}],"about":[{"href":"https:\/\/cuartetoenlaweb.com.ar\/sitio\/wp-json\/wp\/v2\/types\/post"}],"replies":[{"embeddable":true,"href":"https:\/\/cuartetoenlaweb.com.ar\/sitio\/wp-json\/wp\/v2\/comments?post=13319"}],"version-history":[{"count":0,"href":"https:\/\/cuartetoenlaweb.com.ar\/sitio\/wp-json\/wp\/v2\/posts\/13319\/revisions"}],"wp:featuredmedia":[{"embeddable":true,"href":"https:\/\/cuartetoenlaweb.com.ar\/sitio\/wp-json\/wp\/v2\/media\/13320"}],"wp:attachment":[{"href":"https:\/\/cuartetoenlaweb.com.ar\/sitio\/wp-json\/wp\/v2\/media?parent=13319"}],"wp:term":[{"taxonomy":"category","embeddable":true,"href":"https:\/\/cuartetoenlaweb.com.ar\/sitio\/wp-json\/wp\/v2\/categories?post=13319"},{"taxonomy":"post_tag","embeddable":true,"href":"https:\/\/cuartetoenlaweb.com.ar\/sitio\/wp-json\/wp\/v2\/tags?post=13319"}],"curies":[{"name":"wp","href":"https:\/\/api.w.org\/{rel}","templated":true}]}}